{"id":9331,"date":"2021-06-09T05:46:18","date_gmt":"2021-06-09T09:46:18","guid":{"rendered":"https:\/\/www.eldiario.net\/portal\/?p=9331"},"modified":"2021-06-09T05:46:18","modified_gmt":"2021-06-09T09:46:18","slug":"sectores-con-ingresos-al-dia-rechazan-posibles-nuevas-medidas-en-la-paz","status":"publish","type":"post","link":"https:\/\/www.eldiario.net\/portal\/2021\/06\/09\/sectores-con-ingresos-al-dia-rechazan-posibles-nuevas-medidas-en-la-paz\/","title":{"rendered":"Sectores con ingresos al d\u00eda rechazan posibles nuevas medidas en La Paz"},"content":{"rendered":"<p>Los sectores comerciales y empresariales temen crisis en el movimiento econ\u00f3mico por una posible cuarentena r\u00edgida en La Paz, puesto que la medida afecta a personas que obtienen sus ingresos al d\u00eda y no as\u00ed al sector p\u00fablico que tiene un salario asegurado en medio de las medidas restrictivas, incluso los fines de semana existen negocios que sobreviven con la venta de esos d\u00edas; sin embargo, el alcalde Iv\u00e1n Arias insiste en lanzar cuarentena para frenar los efectos del covid-19.<br \/>\n\u201cGran parte de la responsabilidad es individual, el que no quiere morir se cuida y cuida a su familia, pero sin perjudicar a nadie\u201d, manifestaron los afectados por las nuevas posibles medidas.<br \/>\nEl alcalde Iv\u00e1n Arias alert\u00f3 de una eventual situaci\u00f3n \u201cinmanejable\u201d en la primera semana de julio, cuando en el departamento se prev\u00e9 que se reportar\u00e1n 1.588 pacientes diarios, si antes no se toman acciones restrictivas a la circulaci\u00f3n de personas y de veh\u00edculos en las noches, de lunes a viernes, y cuarentena los fines de semana.<br \/>\nEl lunes, la alcaldesa Eva Copa manifest\u00f3 que en la ciudad de El Alto es \u201cimposible\u201d plantear una cuarentena r\u00edgida para contener la pandemia, debido a la actividad comercial que existe en la regi\u00f3n.<br \/>\n\u201cNosotros no podemos hacer eso en El Alto, es imposible plantear una cuarentena r\u00edgida, pues los fines de semana es donde mayor actividad se tiene en El Alto por el tema del comercio informal, pero s\u00ed estamos trabajando con organizaciones sociales para determinar sanciones m\u00e1s dr\u00e1sticas\u201d, indic\u00f3 Copa, reflej\u00f3 Erbol.<br \/>\nArias, visiblemente preocupado porque en el municipio contin\u00faa la \u201cinconciencia\u201d por algunos sectores de la ciudadan\u00eda, \u201cSi llegamos a este nivel (1.588 casos por d\u00eda) eso s\u00ed ser\u00eda inmanejable, no alcanzar\u00eda el ox\u00edgeno, no alcanzar\u00edan las medicinas y las escenas que hemos visto en Cochabamba, que hemos visto en Santa Cruz, dolorosamente, podr\u00edamos vivir tambi\u00e9n aqu\u00ed en La Paz\u201d, afirm\u00f3.<br \/>\nPresent\u00f3 cuadros estad\u00edsticos elaborados por el Comit\u00e9 Cient\u00edfico de la Alcald\u00eda de La Paz y advirti\u00f3 que \u201cde no tomar medidas restrictivas, las proyecciones \u2014Dios m\u00edo, ojal\u00e1 que eso no ocurra\u2014 dicen que en los primeros d\u00edas de julio los casos llegar\u00edan a 1.588 por d\u00eda. En la primera ola que fue en julio de 2020, y fue m\u00e1s dura, nos toc\u00f3 1.098 casos\u201d.<br \/>\n\u201cLas medidas (actuales) ya son insuficientes, las medidas nos pueden rebasar todo el proceso, hay una perspectiva de que dentro de (un poco m\u00e1s de) dos semanas podr\u00edamos llegar a mil quinientos casos, si es que no tomamos medidas restrictivas y algunas medidas m\u00e1s duras\u201d, lanz\u00f3 la voz de alerta.<br \/>\nArias asegur\u00f3 que \u201csi los casos siguen subiendo y no hay consenso en el Centro de Operaciones de Emergencia Departamental (COED), la Alcald\u00eda de La Paz asumir\u00e1 medidas m\u00e1s dr\u00e1sticas solo para el municipio de La Paz\u201d.<br \/>\nAnunci\u00f3 que el jueves tendr\u00e1 reuni\u00f3n con el Comit\u00e9 Cient\u00edfico de la Alcald\u00eda de La Paz, en la que se evaluar\u00e1 la situaci\u00f3n del incremento de los casos y de acuerdo con ese informe se tomar\u00e1n decisiones en el \u00e1mbito municipal, y si no son alarmantes, se esperar\u00e1 la reuni\u00f3n del COED.<\/p>\n","protected":false},"excerpt":{"rendered":"<p>Los sectores comerciales y empresariales temen crisis en el movimiento econ\u00f3mico por una posible cuarentena r\u00edgida en La Paz, puesto que la medida afecta a personas que obtienen sus ingresos al d\u00eda y no as\u00ed al sector p\u00fablico que tiene un salario asegurado en medio de las medidas restrictivas, incluso los fines de semana existen [&hellip;]<\/p>\n","protected":false},"author":1,"featured_media":9332,"comment_status":"closed","ping_status":"closed","sticky":false,"template":"","format":"standard","meta":{"_acf_changed":false,"footnotes":""},"categories":[12],"tags":[],"class_list":["post-9331","post","type-post","status-publish","format-standard","has-post-thumbnail","category-nacional"],"acf":{"antetitulo":""},"yoast_head":"<!-- This site is optimized with the Yoast SEO plugin v28.3 - https:\/\/yoast.com\/product\/yoast-seo-wordpress\/ -->\n<title>Sectores con ingresos al d\u00eda rechazan posibles nuevas medidas en La Paz - El Diario - Bolivia<\/title>\n<meta name=\"robots\" content=\"index, follow, max-snippet:-1, max-image-preview:large, max-video-preview:-1\" \/>\n<link rel=\"canonical\" href=\"https:\/\/www.eldiario.net\/portal\/2021\/06\/09\/sectores-con-ingresos-al-dia-rechazan-posibles-nuevas-medidas-en-la-paz\/\" \/>\n<meta property=\"og:locale\" content=\"es_ES\" \/>\n<meta property=\"og:type\" content=\"article\" \/>\n<meta property=\"og:title\" content=\"Sectores con ingresos al d\u00eda rechazan posibles nuevas medidas en La Paz - El Diario - Bolivia\" \/>\n<meta property=\"og:description\" content=\"Los sectores comerciales y empresariales temen crisis en el movimiento econ\u00f3mico por una posible cuarentena r\u00edgida en La Paz, puesto que la medida afecta a personas que obtienen sus ingresos al d\u00eda y no as\u00ed al sector p\u00fablico que tiene un salario asegurado en medio de las medidas restrictivas, incluso los fines de semana existen [&hellip;]\" \/>\n<meta property=\"og:url\" content=\"https:\/\/www.eldiario.net\/portal\/2021\/06\/09\/sectores-con-ingresos-al-dia-rechazan-posibles-nuevas-medidas-en-la-paz\/\" \/>\n<meta property=\"og:site_name\" content=\"El Diario - Bolivia\" \/>\n<meta property=\"article:publisher\" content=\"https:\/\/www.facebook.com\/eldiario.bolivia\/\" \/>\n<meta property=\"article:published_time\" content=\"2021-06-09T09:46:18+00:00\" \/>\n<meta property=\"og:image\" content=\"https:\/\/www.eldiario.net\/portal\/wp-content\/uploads\/2021\/06\/1LP-4.jpg\" \/>\n\t<meta property=\"og:image:width\" content=\"1872\" \/>\n\t<meta property=\"og:image:height\" content=\"1188\" \/>\n\t<meta property=\"og:image:type\" content=\"image\/jpeg\" \/>\n<meta name=\"author\" content=\"Jeanette\" \/>\n<meta name=\"twitter:card\" content=\"summary_large_image\" \/>\n<meta name=\"twitter:creator\" content=\"@eldiario_net\" \/>\n<meta name=\"twitter:site\" content=\"@eldiario_net\" \/>\n<meta name=\"twitter:label1\" content=\"Escrito por\" \/>\n\t<meta name=\"twitter:data1\" content=\"Jeanette\" \/>\n\t<meta name=\"twitter:label2\" content=\"Tiempo de lectura\" \/>\n\t<meta name=\"twitter:data2\" content=\"3 minutos\" \/>\n<script type=\"application\/ld+json\" class=\"yoast-schema-graph\">{\"@context\":\"https:\\\/\\\/schema.org\",\"@graph\":[{\"@type\":\"Article\",\"@id\":\"https:\\\/\\\/www.eldiario.net\\\/portal\\\/2021\\\/06\\\/09\\\/sectores-con-ingresos-al-dia-rechazan-posibles-nuevas-medidas-en-la-paz\\\/#article\",\"isPartOf\":{\"@id\":\"https:\\\/\\\/www.eldiario.net\\\/portal\\\/2021\\\/06\\\/09\\\/sectores-con-ingresos-al-dia-rechazan-posibles-nuevas-medidas-en-la-paz\\\/\"},\"author\":{\"name\":\"Jeanette\",\"@id\":\"https:\\\/\\\/www.eldiario.net\\\/portal\\\/#\\\/schema\\\/person\\\/f46445640444750d7d753ccd04ae01b7\"},\"headline\":\"Sectores con ingresos al d\u00eda rechazan posibles nuevas medidas en La Paz\",\"datePublished\":\"2021-06-09T09:46:18+00:00\",\"mainEntityOfPage\":{\"@id\":\"https:\\\/\\\/www.eldiario.net\\\/portal\\\/2021\\\/06\\\/09\\\/sectores-con-ingresos-al-dia-rechazan-posibles-nuevas-medidas-en-la-paz\\\/\"},\"wordCount\":568,\"publisher\":{\"@id\":\"https:\\\/\\\/www.eldiario.net\\\/portal\\\/#organization\"},\"image\":{\"@id\":\"https:\\\/\\\/www.eldiario.net\\\/portal\\\/2021\\\/06\\\/09\\\/sectores-con-ingresos-al-dia-rechazan-posibles-nuevas-medidas-en-la-paz\\\/#primaryimage\"},\"thumbnailUrl\":\"https:\\\/\\\/www.eldiario.net\\\/portal\\\/wp-content\\\/uploads\\\/2021\\\/06\\\/1LP-4.jpg\",\"articleSection\":[\"Nacional\"],\"inLanguage\":\"es\"},{\"@type\":\"WebPage\",\"@id\":\"https:\\\/\\\/www.eldiario.net\\\/portal\\\/2021\\\/06\\\/09\\\/sectores-con-ingresos-al-dia-rechazan-posibles-nuevas-medidas-en-la-paz\\\/\",\"url\":\"https:\\\/\\\/www.eldiario.net\\\/portal\\\/2021\\\/06\\\/09\\\/sectores-con-ingresos-al-dia-rechazan-posibles-nuevas-medidas-en-la-paz\\\/\",\"name\":\"Sectores con ingresos al d\u00eda rechazan posibles nuevas medidas en La Paz - El Diario - Bolivia\",\"isPartOf\":{\"@id\":\"https:\\\/\\\/www.eldiario.net\\\/portal\\\/#website\"},\"primaryImageOfPage\":{\"@id\":\"https:\\\/\\\/www.eldiario.net\\\/portal\\\/2021\\\/06\\\/09\\\/sectores-con-ingresos-al-dia-rechazan-posibles-nuevas-medidas-en-la-paz\\\/#primaryimage\"},\"image\":{\"@id\":\"https:\\\/\\\/www.eldiario.net\\\/portal\\\/2021\\\/06\\\/09\\\/sectores-con-ingresos-al-dia-rechazan-posibles-nuevas-medidas-en-la-paz\\\/#primaryimage\"},\"thumbnailUrl\":\"https:\\\/\\\/www.eldiario.net\\\/portal\\\/wp-content\\\/uploads\\\/2021\\\/06\\\/1LP-4.jpg\",\"datePublished\":\"2021-06-09T09:46:18+00:00\",\"breadcrumb\":{\"@id\":\"https:\\\/\\\/www.eldiario.net\\\/portal\\\/2021\\\/06\\\/09\\\/sectores-con-ingresos-al-dia-rechazan-posibles-nuevas-medidas-en-la-paz\\\/#breadcrumb\"},\"inLanguage\":\"es\",\"potentialAction\":[{\"@type\":\"ReadAction\",\"target\":[\"https:\\\/\\\/www.eldiario.net\\\/portal\\\/2021\\\/06\\\/09\\\/sectores-con-ingresos-al-dia-rechazan-posibles-nuevas-medidas-en-la-paz\\\/\"]}]},{\"@type\":\"ImageObject\",\"inLanguage\":\"es\",\"@id\":\"https:\\\/\\\/www.eldiario.net\\\/portal\\\/2021\\\/06\\\/09\\\/sectores-con-ingresos-al-dia-rechazan-posibles-nuevas-medidas-en-la-paz\\\/#primaryimage\",\"url\":\"https:\\\/\\\/www.eldiario.net\\\/portal\\\/wp-content\\\/uploads\\\/2021\\\/06\\\/1LP-4.jpg\",\"contentUrl\":\"https:\\\/\\\/www.eldiario.net\\\/portal\\\/wp-content\\\/uploads\\\/2021\\\/06\\\/1LP-4.jpg\",\"width\":1872,\"height\":1188},{\"@type\":\"BreadcrumbList\",\"@id\":\"https:\\\/\\\/www.eldiario.net\\\/portal\\\/2021\\\/06\\\/09\\\/sectores-con-ingresos-al-dia-rechazan-posibles-nuevas-medidas-en-la-paz\\\/#breadcrumb\",\"itemListElement\":[{\"@type\":\"ListItem\",\"position\":1,\"name\":\"Portada\",\"item\":\"https:\\\/\\\/www.eldiario.net\\\/portal\\\/\"},{\"@type\":\"ListItem\",\"position\":2,\"name\":\"Sectores con ingresos al d\u00eda rechazan posibles nuevas medidas en La Paz\"}]},{\"@type\":\"WebSite\",\"@id\":\"https:\\\/\\\/www.eldiario.net\\\/portal\\\/#website\",\"url\":\"https:\\\/\\\/www.eldiario.net\\\/portal\\\/\",\"name\":\"El Diario - Decano de la prensa nacional\",\"description\":\"El Diario - Decano de la prensa nacional\",\"publisher\":{\"@id\":\"https:\\\/\\\/www.eldiario.net\\\/portal\\\/#organization\"},\"potentialAction\":[{\"@type\":\"SearchAction\",\"target\":{\"@type\":\"EntryPoint\",\"urlTemplate\":\"https:\\\/\\\/www.eldiario.net\\\/portal\\\/?s={search_term_string}\"},\"query-input\":{\"@type\":\"PropertyValueSpecification\",\"valueRequired\":true,\"valueName\":\"search_term_string\"}}],\"inLanguage\":\"es\"},{\"@type\":\"Organization\",\"@id\":\"https:\\\/\\\/www.eldiario.net\\\/portal\\\/#organization\",\"name\":\"El Diario - Decano de la prensa nacional\",\"url\":\"https:\\\/\\\/www.eldiario.net\\\/portal\\\/\",\"logo\":{\"@type\":\"ImageObject\",\"inLanguage\":\"es\",\"@id\":\"https:\\\/\\\/www.eldiario.net\\\/portal\\\/#\\\/schema\\\/logo\\\/image\\\/\",\"url\":\"https:\\\/\\\/www.eldiario.net\\\/portal\\\/wp-content\\\/uploads\\\/2023\\\/07\\\/logo_ED.jpg\",\"contentUrl\":\"https:\\\/\\\/www.eldiario.net\\\/portal\\\/wp-content\\\/uploads\\\/2023\\\/07\\\/logo_ED.jpg\",\"width\":272,\"height\":52,\"caption\":\"El Diario - Decano de la prensa nacional\"},\"image\":{\"@id\":\"https:\\\/\\\/www.eldiario.net\\\/portal\\\/#\\\/schema\\\/logo\\\/image\\\/\"},\"sameAs\":[\"https:\\\/\\\/www.facebook.com\\\/eldiario.bolivia\\\/\",\"https:\\\/\\\/x.com\\\/eldiario_net\"]},{\"@type\":\"Person\",\"@id\":\"https:\\\/\\\/www.eldiario.net\\\/portal\\\/#\\\/schema\\\/person\\\/f46445640444750d7d753ccd04ae01b7\",\"name\":\"Jeanette\",\"image\":{\"@type\":\"ImageObject\",\"inLanguage\":\"es\",\"@id\":\"https:\\\/\\\/secure.gravatar.com\\\/avatar\\\/3ea2118a5f7dad2b7138b1187a6b7ee55f160b9968b66013c3a3ef39dd7e5798?s=96&d=mm&r=g\",\"url\":\"https:\\\/\\\/secure.gravatar.com\\\/avatar\\\/3ea2118a5f7dad2b7138b1187a6b7ee55f160b9968b66013c3a3ef39dd7e5798?s=96&d=mm&r=g\",\"contentUrl\":\"https:\\\/\\\/secure.gravatar.com\\\/avatar\\\/3ea2118a5f7dad2b7138b1187a6b7ee55f160b9968b66013c3a3ef39dd7e5798?s=96&d=mm&r=g\",\"caption\":\"Jeanette\"},\"sameAs\":[\"https:\\\/\\\/www.eldiario.net\\\/portal\"],\"url\":\"https:\\\/\\\/www.eldiario.net\\\/portal\\\/author\\\/jeanette\\\/\"}]}<\/script>\n<!-- \/ Yoast SEO plugin. -->","yoast_head_json":{"title":"Sectores con ingresos al d\u00eda rechazan posibles nuevas medidas en La Paz - El Diario - Bolivia","robots":{"index":"index","follow":"follow","max-snippet":"max-snippet:-1","max-image-preview":"max-image-preview:large","max-video-preview":"max-video-preview:-1"},"canonical":"https:\/\/www.eldiario.net\/portal\/2021\/06\/09\/sectores-con-ingresos-al-dia-rechazan-posibles-nuevas-medidas-en-la-paz\/","og_locale":"es_ES","og_type":"article","og_title":"Sectores con ingresos al d\u00eda rechazan posibles nuevas medidas en La Paz - El Diario - Bolivia","og_description":"Los sectores comerciales y empresariales temen crisis en el movimiento econ\u00f3mico por una posible cuarentena r\u00edgida en La Paz, puesto que la medida afecta a personas que obtienen sus ingresos al d\u00eda y no as\u00ed al sector p\u00fablico que tiene un salario asegurado en medio de las medidas restrictivas, incluso los fines de semana existen [&hellip;]","og_url":"https:\/\/www.eldiario.net\/portal\/2021\/06\/09\/sectores-con-ingresos-al-dia-rechazan-posibles-nuevas-medidas-en-la-paz\/","og_site_name":"El Diario - Bolivia","article_publisher":"https:\/\/www.facebook.com\/eldiario.bolivia\/","article_published_time":"2021-06-09T09:46:18+00:00","og_image":[{"width":1872,"height":1188,"url":"https:\/\/www.eldiario.net\/portal\/wp-content\/uploads\/2021\/06\/1LP-4.jpg","type":"image\/jpeg"}],"author":"Jeanette","twitter_card":"summary_large_image","twitter_creator":"@eldiario_net","twitter_site":"@eldiario_net","twitter_misc":{"Escrito por":"Jeanette","Tiempo de lectura":"3 minutos"},"schema":{"@context":"https:\/\/schema.org","@graph":[{"@type":"Article","@id":"https:\/\/www.eldiario.net\/portal\/2021\/06\/09\/sectores-con-ingresos-al-dia-rechazan-posibles-nuevas-medidas-en-la-paz\/#article","isPartOf":{"@id":"https:\/\/www.eldiario.net\/portal\/2021\/06\/09\/sectores-con-ingresos-al-dia-rechazan-posibles-nuevas-medidas-en-la-paz\/"},"author":{"name":"Jeanette","@id":"https:\/\/www.eldiario.net\/portal\/#\/schema\/person\/f46445640444750d7d753ccd04ae01b7"},"headline":"Sectores con ingresos al d\u00eda rechazan posibles nuevas medidas en La Paz","datePublished":"2021-06-09T09:46:18+00:00","mainEntityOfPage":{"@id":"https:\/\/www.eldiario.net\/portal\/2021\/06\/09\/sectores-con-ingresos-al-dia-rechazan-posibles-nuevas-medidas-en-la-paz\/"},"wordCount":568,"publisher":{"@id":"https:\/\/www.eldiario.net\/portal\/#organization"},"image":{"@id":"https:\/\/www.eldiario.net\/portal\/2021\/06\/09\/sectores-con-ingresos-al-dia-rechazan-posibles-nuevas-medidas-en-la-paz\/#primaryimage"},"thumbnailUrl":"https:\/\/www.eldiario.net\/portal\/wp-content\/uploads\/2021\/06\/1LP-4.jpg","articleSection":["Nacional"],"inLanguage":"es"},{"@type":"WebPage","@id":"https:\/\/www.eldiario.net\/portal\/2021\/06\/09\/sectores-con-ingresos-al-dia-rechazan-posibles-nuevas-medidas-en-la-paz\/","url":"https:\/\/www.eldiario.net\/portal\/2021\/06\/09\/sectores-con-ingresos-al-dia-rechazan-posibles-nuevas-medidas-en-la-paz\/","name":"Sectores con ingresos al d\u00eda rechazan posibles nuevas medidas en La Paz - El Diario - Bolivia","isPartOf":{"@id":"https:\/\/www.eldiario.net\/portal\/#website"},"primaryImageOfPage":{"@id":"https:\/\/www.eldiario.net\/portal\/2021\/06\/09\/sectores-con-ingresos-al-dia-rechazan-posibles-nuevas-medidas-en-la-paz\/#primaryimage"},"image":{"@id":"https:\/\/www.eldiario.net\/portal\/2021\/06\/09\/sectores-con-ingresos-al-dia-rechazan-posibles-nuevas-medidas-en-la-paz\/#primaryimage"},"thumbnailUrl":"https:\/\/www.eldiario.net\/portal\/wp-content\/uploads\/2021\/06\/1LP-4.jpg","datePublished":"2021-06-09T09:46:18+00:00","breadcrumb":{"@id":"https:\/\/www.eldiario.net\/portal\/2021\/06\/09\/sectores-con-ingresos-al-dia-rechazan-posibles-nuevas-medidas-en-la-paz\/#breadcrumb"},"inLanguage":"es","potentialAction":[{"@type":"ReadAction","target":["https:\/\/www.eldiario.net\/portal\/2021\/06\/09\/sectores-con-ingresos-al-dia-rechazan-posibles-nuevas-medidas-en-la-paz\/"]}]},{"@type":"ImageObject","inLanguage":"es","@id":"https:\/\/www.eldiario.net\/portal\/2021\/06\/09\/sectores-con-ingresos-al-dia-rechazan-posibles-nuevas-medidas-en-la-paz\/#primaryimage","url":"https:\/\/www.eldiario.net\/portal\/wp-content\/uploads\/2021\/06\/1LP-4.jpg","contentUrl":"https:\/\/www.eldiario.net\/portal\/wp-content\/uploads\/2021\/06\/1LP-4.jpg","width":1872,"height":1188},{"@type":"BreadcrumbList","@id":"https:\/\/www.eldiario.net\/portal\/2021\/06\/09\/sectores-con-ingresos-al-dia-rechazan-posibles-nuevas-medidas-en-la-paz\/#breadcrumb","itemListElement":[{"@type":"ListItem","position":1,"name":"Portada","item":"https:\/\/www.eldiario.net\/portal\/"},{"@type":"ListItem","position":2,"name":"Sectores con ingresos al d\u00eda rechazan posibles nuevas medidas en La Paz"}]},{"@type":"WebSite","@id":"https:\/\/www.eldiario.net\/portal\/#website","url":"https:\/\/www.eldiario.net\/portal\/","name":"El Diario - Decano de la prensa nacional","description":"El Diario - Decano de la prensa nacional","publisher":{"@id":"https:\/\/www.eldiario.net\/portal\/#organization"},"potentialAction":[{"@type":"SearchAction","target":{"@type":"EntryPoint","urlTemplate":"https:\/\/www.eldiario.net\/portal\/?s={search_term_string}"},"query-input":{"@type":"PropertyValueSpecification","valueRequired":true,"valueName":"search_term_string"}}],"inLanguage":"es"},{"@type":"Organization","@id":"https:\/\/www.eldiario.net\/portal\/#organization","name":"El Diario - Decano de la prensa nacional","url":"https:\/\/www.eldiario.net\/portal\/","logo":{"@type":"ImageObject","inLanguage":"es","@id":"https:\/\/www.eldiario.net\/portal\/#\/schema\/logo\/image\/","url":"https:\/\/www.eldiario.net\/portal\/wp-content\/uploads\/2023\/07\/logo_ED.jpg","contentUrl":"https:\/\/www.eldiario.net\/portal\/wp-content\/uploads\/2023\/07\/logo_ED.jpg","width":272,"height":52,"caption":"El Diario - Decano de la prensa nacional"},"image":{"@id":"https:\/\/www.eldiario.net\/portal\/#\/schema\/logo\/image\/"},"sameAs":["https:\/\/www.facebook.com\/eldiario.bolivia\/","https:\/\/x.com\/eldiario_net"]},{"@type":"Person","@id":"https:\/\/www.eldiario.net\/portal\/#\/schema\/person\/f46445640444750d7d753ccd04ae01b7","name":"Jeanette","image":{"@type":"ImageObject","inLanguage":"es","@id":"https:\/\/secure.gravatar.com\/avatar\/3ea2118a5f7dad2b7138b1187a6b7ee55f160b9968b66013c3a3ef39dd7e5798?s=96&d=mm&r=g","url":"https:\/\/secure.gravatar.com\/avatar\/3ea2118a5f7dad2b7138b1187a6b7ee55f160b9968b66013c3a3ef39dd7e5798?s=96&d=mm&r=g","contentUrl":"https:\/\/secure.gravatar.com\/avatar\/3ea2118a5f7dad2b7138b1187a6b7ee55f160b9968b66013c3a3ef39dd7e5798?s=96&d=mm&r=g","caption":"Jeanette"},"sameAs":["https:\/\/www.eldiario.net\/portal"],"url":"https:\/\/www.eldiario.net\/portal\/author\/jeanette\/"}]}},"_links":{"self":[{"href":"https:\/\/www.eldiario.net\/portal\/wp-json\/wp\/v2\/posts\/9331","targetHints":{"allow":["GET"]}}],"collection":[{"href":"https:\/\/www.eldiario.net\/portal\/wp-json\/wp\/v2\/posts"}],"about":[{"href":"https:\/\/www.eldiario.net\/portal\/wp-json\/wp\/v2\/types\/post"}],"author":[{"embeddable":true,"href":"https:\/\/www.eldiario.net\/portal\/wp-json\/wp\/v2\/users\/1"}],"replies":[{"embeddable":true,"href":"https:\/\/www.eldiario.net\/portal\/wp-json\/wp\/v2\/comments?post=9331"}],"version-history":[{"count":0,"href":"https:\/\/www.eldiario.net\/portal\/wp-json\/wp\/v2\/posts\/9331\/revisions"}],"wp:featuredmedia":[{"embeddable":true,"href":"https:\/\/www.eldiario.net\/portal\/wp-json\/wp\/v2\/media\/9332"}],"wp:attachment":[{"href":"https:\/\/www.eldiario.net\/portal\/wp-json\/wp\/v2\/media?parent=9331"}],"wp:term":[{"taxonomy":"category","embeddable":true,"href":"https:\/\/www.eldiario.net\/portal\/wp-json\/wp\/v2\/categories?post=9331"},{"taxonomy":"post_tag","embeddable":true,"href":"https:\/\/www.eldiario.net\/portal\/wp-json\/wp\/v2\/tags?post=9331"}],"curies":[{"name":"wp","href":"https:\/\/api.w.org\/{rel}","templated":true}]}}