{"id":92969,"date":"2022-06-26T00:09:19","date_gmt":"2022-06-26T04:09:19","guid":{"rendered":"https:\/\/www.eldiario.net\/portal\/?p=92969"},"modified":"2022-06-26T00:09:19","modified_gmt":"2022-06-26T04:09:19","slug":"el-telefono-negro","status":"publish","type":"post","link":"https:\/\/www.eldiario.net\/portal\/2022\/06\/26\/el-telefono-negro\/","title":{"rendered":"EL TELEFONO NEGRO"},"content":{"rendered":"<p>El tel\u00e9fono negro es una pel\u00edcula de terror sobrenatural dirigida por Scott Derrickson y producida por Jason Blum. Con un guion de Derrickson y C. Robert Cargill, se trata de una adaptaci\u00f3n del cuento hom\u00f3nimo de Joe Hill. Est\u00e1 protagonizada por Mason Thames en el papel de un ni\u00f1o secuestrado que puede comunicarse con las anteriores v\u00edctimas de su secuestrador, interpretado por Ethan Hawke.<br \/>\nEn enero de 2020, Derrickson anunci\u00f3 su salida de la direcci\u00f3n de Doctor Strange en el mutiverso de la locura debido a diferencias creativas con Marvel Studios. Como resultado, decidi\u00f3 asociarse con Cargill para realizar El tel\u00e9fono negro. El largometraje se anunci\u00f3 en octubre de 2020 y el rodaje comenz\u00f3 en febrero de 2021.<br \/>\nLa historia<br \/>\nEn una ciudad de Colorado, en los a\u00f1os 70, un enmascarado secuestra a Finney Shaw, un chico t\u00edmido e inteligente de 13 a\u00f1os, y le encierra en un s\u00f3tano insonorizado donde de nada sirven sus gritos. Cuando un tel\u00e9fono roto y sin conexi\u00f3n empieza a sonar, Finney descubre que a trav\u00e9s de \u00e9l puede o\u00edr las voces de las anteriores v\u00edctimas, las cuales est\u00e1n decididas a impedir que Finney acabe igual que ellas.<br \/>\nEl reparto<br \/>\n\u2022\tEthan Hawke como Albert \/ \u00abEl Captor\u00bb: Un secuestrador de ni\u00f1os y asesino en serie.<br \/>\n\u2022\tMason Thames como Finney Shaw: El hermano de Gwen y el hijo del Sr. Shaw.<br \/>\n\u2022\tMadeleine McGraw como Gwen Shaw: La hermana de Finney y la hija del Sr. Shaw.<br \/>\n\u2022\tJeremy Davies como el Sr. Shaw: El padre alcoh\u00f3lico de Finney y Gwen.<br \/>\n\u2022\tJames Ransone como Max<br \/>\n\u2022\tE. Roger Mitchell como el detective Jimmy Barnes<br \/>\nLa producci\u00f3n<br \/>\nScott Derrickson se encontraba trabajando con Marvel Studios en la secuela de Doctor Strange in the Multiverse of Madness cuando decidi\u00f3 realizar El tel\u00e9fono negro con su frecuente colaborador C. Robert Cargill. Dados los compromisos de Derrickson con Marvel, Cargill comenz\u00f3 a buscar a otros cineastas para dirigir el proyecto. Como resultado, Derrickson le pidi\u00f3 a Cargill que pospusiera El tel\u00e9fono negro hasta que estuviera disponible para dirigir; Cargill acept\u00f3 y prometi\u00f3 esperar. Poco despu\u00e9s, Derrickson se enfrent\u00f3 con Marvel por diferencias creativas y se march\u00f3 en enero de 2020, con lo que pas\u00f3 a trabajar en El tel\u00e9fono negro.<br \/>\nEn octubre de 2020, se inform\u00f3 de que Derrickson dirigir\u00eda una adaptaci\u00f3n del cuento \u00abEl tel\u00e9fono negro\u00bb de Joe Hill para Blumhouse Productions, a partir de un guion coescrito por Derrickson y Cargill, con Mason Thames y Madeleine McGraw como protagonistas. En enero de 2021, Jeremy Davies y Ethan Hawke fueron elegidos para papeles no revelados. El rodaje de The Black Phone comenz\u00f3 el 9 de febrero de 2021 en las instalaciones de EUE\/Screen Gems en Wilmington, Carolina del Norte, y en los alrededores de los condados de New Hanover, Brunswick y Columbus, bajo el t\u00edtulo provisional de \u00bbStatic\u00bb. Al mes siguiente, James Ransone se uni\u00f3 al reparto, y el rodaje concluy\u00f3 el 27 de marzo. <\/p>\n","protected":false},"excerpt":{"rendered":"<p>El tel\u00e9fono negro es una pel\u00edcula de terror sobrenatural dirigida por Scott Derrickson y producida por Jason Blum. Con un guion de Derrickson y C. Robert Cargill, se trata de una adaptaci\u00f3n del cuento hom\u00f3nimo de Joe Hill. Est\u00e1 protagonizada por Mason Thames en el papel de un ni\u00f1o secuestrado que puede comunicarse con las [&hellip;]<\/p>\n","protected":false},"author":1,"featured_media":92970,"comment_status":"closed","ping_status":"closed","sticky":false,"template":"","format":"standard","meta":{"_acf_changed":false,"footnotes":""},"categories":[45],"tags":[],"class_list":["post-92969","post","type-post","status-publish","format-standard","has-post-thumbnail","category-cine-mundo"],"acf":{"antetitulo":""},"yoast_head":"<!-- This site is optimized with the Yoast SEO plugin v28.3 - https:\/\/yoast.com\/product\/yoast-seo-wordpress\/ -->\n<title>EL TELEFONO NEGRO - El Diario - Bolivia<\/title>\n<meta name=\"robots\" content=\"index, follow, max-snippet:-1, max-image-preview:large, max-video-preview:-1\" \/>\n<link rel=\"canonical\" href=\"https:\/\/www.eldiario.net\/portal\/2022\/06\/26\/el-telefono-negro\/\" \/>\n<meta property=\"og:locale\" content=\"es_ES\" \/>\n<meta property=\"og:type\" content=\"article\" \/>\n<meta property=\"og:title\" content=\"EL TELEFONO NEGRO - El Diario - Bolivia\" \/>\n<meta property=\"og:description\" content=\"El tel\u00e9fono negro es una pel\u00edcula de terror sobrenatural dirigida por Scott Derrickson y producida por Jason Blum. Con un guion de Derrickson y C. Robert Cargill, se trata de una adaptaci\u00f3n del cuento hom\u00f3nimo de Joe Hill. Est\u00e1 protagonizada por Mason Thames en el papel de un ni\u00f1o secuestrado que puede comunicarse con las [&hellip;]\" \/>\n<meta property=\"og:url\" content=\"https:\/\/www.eldiario.net\/portal\/2022\/06\/26\/el-telefono-negro\/\" \/>\n<meta property=\"og:site_name\" content=\"El Diario - Bolivia\" \/>\n<meta property=\"article:publisher\" content=\"https:\/\/www.facebook.com\/eldiario.bolivia\/\" \/>\n<meta property=\"article:published_time\" content=\"2022-06-26T04:09:19+00:00\" \/>\n<meta name=\"author\" content=\"Jeanette\" \/>\n<meta name=\"twitter:card\" content=\"summary_large_image\" \/>\n<meta name=\"twitter:creator\" content=\"@eldiario_net\" \/>\n<meta name=\"twitter:site\" content=\"@eldiario_net\" \/>\n<meta name=\"twitter:label1\" content=\"Escrito por\" \/>\n\t<meta name=\"twitter:data1\" content=\"Jeanette\" \/>\n\t<meta name=\"twitter:label2\" content=\"Tiempo de lectura\" \/>\n\t<meta name=\"twitter:data2\" content=\"3 minutos\" \/>\n<script type=\"application\/ld+json\" class=\"yoast-schema-graph\">{\"@context\":\"https:\\\/\\\/schema.org\",\"@graph\":[{\"@type\":\"Article\",\"@id\":\"https:\\\/\\\/www.eldiario.net\\\/portal\\\/2022\\\/06\\\/26\\\/el-telefono-negro\\\/#article\",\"isPartOf\":{\"@id\":\"https:\\\/\\\/www.eldiario.net\\\/portal\\\/2022\\\/06\\\/26\\\/el-telefono-negro\\\/\"},\"author\":{\"name\":\"Jeanette\",\"@id\":\"https:\\\/\\\/www.eldiario.net\\\/portal\\\/#\\\/schema\\\/person\\\/f46445640444750d7d753ccd04ae01b7\"},\"headline\":\"EL TELEFONO NEGRO\",\"datePublished\":\"2022-06-26T04:09:19+00:00\",\"mainEntityOfPage\":{\"@id\":\"https:\\\/\\\/www.eldiario.net\\\/portal\\\/2022\\\/06\\\/26\\\/el-telefono-negro\\\/\"},\"wordCount\":504,\"publisher\":{\"@id\":\"https:\\\/\\\/www.eldiario.net\\\/portal\\\/#organization\"},\"image\":{\"@id\":\"https:\\\/\\\/www.eldiario.net\\\/portal\\\/2022\\\/06\\\/26\\\/el-telefono-negro\\\/#primaryimage\"},\"thumbnailUrl\":\"\",\"articleSection\":[\"Cine Mundo\"],\"inLanguage\":\"es\"},{\"@type\":\"WebPage\",\"@id\":\"https:\\\/\\\/www.eldiario.net\\\/portal\\\/2022\\\/06\\\/26\\\/el-telefono-negro\\\/\",\"url\":\"https:\\\/\\\/www.eldiario.net\\\/portal\\\/2022\\\/06\\\/26\\\/el-telefono-negro\\\/\",\"name\":\"EL TELEFONO NEGRO - El Diario - Bolivia\",\"isPartOf\":{\"@id\":\"https:\\\/\\\/www.eldiario.net\\\/portal\\\/#website\"},\"primaryImageOfPage\":{\"@id\":\"https:\\\/\\\/www.eldiario.net\\\/portal\\\/2022\\\/06\\\/26\\\/el-telefono-negro\\\/#primaryimage\"},\"image\":{\"@id\":\"https:\\\/\\\/www.eldiario.net\\\/portal\\\/2022\\\/06\\\/26\\\/el-telefono-negro\\\/#primaryimage\"},\"thumbnailUrl\":\"\",\"datePublished\":\"2022-06-26T04:09:19+00:00\",\"breadcrumb\":{\"@id\":\"https:\\\/\\\/www.eldiario.net\\\/portal\\\/2022\\\/06\\\/26\\\/el-telefono-negro\\\/#breadcrumb\"},\"inLanguage\":\"es\",\"potentialAction\":[{\"@type\":\"ReadAction\",\"target\":[\"https:\\\/\\\/www.eldiario.net\\\/portal\\\/2022\\\/06\\\/26\\\/el-telefono-negro\\\/\"]}]},{\"@type\":\"ImageObject\",\"inLanguage\":\"es\",\"@id\":\"https:\\\/\\\/www.eldiario.net\\\/portal\\\/2022\\\/06\\\/26\\\/el-telefono-negro\\\/#primaryimage\",\"url\":\"\",\"contentUrl\":\"\"},{\"@type\":\"BreadcrumbList\",\"@id\":\"https:\\\/\\\/www.eldiario.net\\\/portal\\\/2022\\\/06\\\/26\\\/el-telefono-negro\\\/#breadcrumb\",\"itemListElement\":[{\"@type\":\"ListItem\",\"position\":1,\"name\":\"Portada\",\"item\":\"https:\\\/\\\/www.eldiario.net\\\/portal\\\/\"},{\"@type\":\"ListItem\",\"position\":2,\"name\":\"EL TELEFONO NEGRO\"}]},{\"@type\":\"WebSite\",\"@id\":\"https:\\\/\\\/www.eldiario.net\\\/portal\\\/#website\",\"url\":\"https:\\\/\\\/www.eldiario.net\\\/portal\\\/\",\"name\":\"El Diario - Decano de la prensa nacional\",\"description\":\"El Diario - Decano de la prensa nacional\",\"publisher\":{\"@id\":\"https:\\\/\\\/www.eldiario.net\\\/portal\\\/#organization\"},\"potentialAction\":[{\"@type\":\"SearchAction\",\"target\":{\"@type\":\"EntryPoint\",\"urlTemplate\":\"https:\\\/\\\/www.eldiario.net\\\/portal\\\/?s={search_term_string}\"},\"query-input\":{\"@type\":\"PropertyValueSpecification\",\"valueRequired\":true,\"valueName\":\"search_term_string\"}}],\"inLanguage\":\"es\"},{\"@type\":\"Organization\",\"@id\":\"https:\\\/\\\/www.eldiario.net\\\/portal\\\/#organization\",\"name\":\"El Diario - Decano de la prensa nacional\",\"url\":\"https:\\\/\\\/www.eldiario.net\\\/portal\\\/\",\"logo\":{\"@type\":\"ImageObject\",\"inLanguage\":\"es\",\"@id\":\"https:\\\/\\\/www.eldiario.net\\\/portal\\\/#\\\/schema\\\/logo\\\/image\\\/\",\"url\":\"https:\\\/\\\/www.eldiario.net\\\/portal\\\/wp-content\\\/uploads\\\/2023\\\/07\\\/logo_ED.jpg\",\"contentUrl\":\"https:\\\/\\\/www.eldiario.net\\\/portal\\\/wp-content\\\/uploads\\\/2023\\\/07\\\/logo_ED.jpg\",\"width\":272,\"height\":52,\"caption\":\"El Diario - Decano de la prensa nacional\"},\"image\":{\"@id\":\"https:\\\/\\\/www.eldiario.net\\\/portal\\\/#\\\/schema\\\/logo\\\/image\\\/\"},\"sameAs\":[\"https:\\\/\\\/www.facebook.com\\\/eldiario.bolivia\\\/\",\"https:\\\/\\\/x.com\\\/eldiario_net\"]},{\"@type\":\"Person\",\"@id\":\"https:\\\/\\\/www.eldiario.net\\\/portal\\\/#\\\/schema\\\/person\\\/f46445640444750d7d753ccd04ae01b7\",\"name\":\"Jeanette\",\"image\":{\"@type\":\"ImageObject\",\"inLanguage\":\"es\",\"@id\":\"https:\\\/\\\/secure.gravatar.com\\\/avatar\\\/3ea2118a5f7dad2b7138b1187a6b7ee55f160b9968b66013c3a3ef39dd7e5798?s=96&d=mm&r=g\",\"url\":\"https:\\\/\\\/secure.gravatar.com\\\/avatar\\\/3ea2118a5f7dad2b7138b1187a6b7ee55f160b9968b66013c3a3ef39dd7e5798?s=96&d=mm&r=g\",\"contentUrl\":\"https:\\\/\\\/secure.gravatar.com\\\/avatar\\\/3ea2118a5f7dad2b7138b1187a6b7ee55f160b9968b66013c3a3ef39dd7e5798?s=96&d=mm&r=g\",\"caption\":\"Jeanette\"},\"sameAs\":[\"https:\\\/\\\/www.eldiario.net\\\/portal\"],\"url\":\"https:\\\/\\\/www.eldiario.net\\\/portal\\\/author\\\/jeanette\\\/\"}]}<\/script>\n<!-- \/ Yoast SEO plugin. -->","yoast_head_json":{"title":"EL TELEFONO NEGRO - El Diario - Bolivia","robots":{"index":"index","follow":"follow","max-snippet":"max-snippet:-1","max-image-preview":"max-image-preview:large","max-video-preview":"max-video-preview:-1"},"canonical":"https:\/\/www.eldiario.net\/portal\/2022\/06\/26\/el-telefono-negro\/","og_locale":"es_ES","og_type":"article","og_title":"EL TELEFONO NEGRO - El Diario - Bolivia","og_description":"El tel\u00e9fono negro es una pel\u00edcula de terror sobrenatural dirigida por Scott Derrickson y producida por Jason Blum. Con un guion de Derrickson y C. Robert Cargill, se trata de una adaptaci\u00f3n del cuento hom\u00f3nimo de Joe Hill. Est\u00e1 protagonizada por Mason Thames en el papel de un ni\u00f1o secuestrado que puede comunicarse con las [&hellip;]","og_url":"https:\/\/www.eldiario.net\/portal\/2022\/06\/26\/el-telefono-negro\/","og_site_name":"El Diario - Bolivia","article_publisher":"https:\/\/www.facebook.com\/eldiario.bolivia\/","article_published_time":"2022-06-26T04:09:19+00:00","author":"Jeanette","twitter_card":"summary_large_image","twitter_creator":"@eldiario_net","twitter_site":"@eldiario_net","twitter_misc":{"Escrito por":"Jeanette","Tiempo de lectura":"3 minutos"},"schema":{"@context":"https:\/\/schema.org","@graph":[{"@type":"Article","@id":"https:\/\/www.eldiario.net\/portal\/2022\/06\/26\/el-telefono-negro\/#article","isPartOf":{"@id":"https:\/\/www.eldiario.net\/portal\/2022\/06\/26\/el-telefono-negro\/"},"author":{"name":"Jeanette","@id":"https:\/\/www.eldiario.net\/portal\/#\/schema\/person\/f46445640444750d7d753ccd04ae01b7"},"headline":"EL TELEFONO NEGRO","datePublished":"2022-06-26T04:09:19+00:00","mainEntityOfPage":{"@id":"https:\/\/www.eldiario.net\/portal\/2022\/06\/26\/el-telefono-negro\/"},"wordCount":504,"publisher":{"@id":"https:\/\/www.eldiario.net\/portal\/#organization"},"image":{"@id":"https:\/\/www.eldiario.net\/portal\/2022\/06\/26\/el-telefono-negro\/#primaryimage"},"thumbnailUrl":"","articleSection":["Cine Mundo"],"inLanguage":"es"},{"@type":"WebPage","@id":"https:\/\/www.eldiario.net\/portal\/2022\/06\/26\/el-telefono-negro\/","url":"https:\/\/www.eldiario.net\/portal\/2022\/06\/26\/el-telefono-negro\/","name":"EL TELEFONO NEGRO - El Diario - Bolivia","isPartOf":{"@id":"https:\/\/www.eldiario.net\/portal\/#website"},"primaryImageOfPage":{"@id":"https:\/\/www.eldiario.net\/portal\/2022\/06\/26\/el-telefono-negro\/#primaryimage"},"image":{"@id":"https:\/\/www.eldiario.net\/portal\/2022\/06\/26\/el-telefono-negro\/#primaryimage"},"thumbnailUrl":"","datePublished":"2022-06-26T04:09:19+00:00","breadcrumb":{"@id":"https:\/\/www.eldiario.net\/portal\/2022\/06\/26\/el-telefono-negro\/#breadcrumb"},"inLanguage":"es","potentialAction":[{"@type":"ReadAction","target":["https:\/\/www.eldiario.net\/portal\/2022\/06\/26\/el-telefono-negro\/"]}]},{"@type":"ImageObject","inLanguage":"es","@id":"https:\/\/www.eldiario.net\/portal\/2022\/06\/26\/el-telefono-negro\/#primaryimage","url":"","contentUrl":""},{"@type":"BreadcrumbList","@id":"https:\/\/www.eldiario.net\/portal\/2022\/06\/26\/el-telefono-negro\/#breadcrumb","itemListElement":[{"@type":"ListItem","position":1,"name":"Portada","item":"https:\/\/www.eldiario.net\/portal\/"},{"@type":"ListItem","position":2,"name":"EL TELEFONO NEGRO"}]},{"@type":"WebSite","@id":"https:\/\/www.eldiario.net\/portal\/#website","url":"https:\/\/www.eldiario.net\/portal\/","name":"El Diario - Decano de la prensa nacional","description":"El Diario - Decano de la prensa nacional","publisher":{"@id":"https:\/\/www.eldiario.net\/portal\/#organization"},"potentialAction":[{"@type":"SearchAction","target":{"@type":"EntryPoint","urlTemplate":"https:\/\/www.eldiario.net\/portal\/?s={search_term_string}"},"query-input":{"@type":"PropertyValueSpecification","valueRequired":true,"valueName":"search_term_string"}}],"inLanguage":"es"},{"@type":"Organization","@id":"https:\/\/www.eldiario.net\/portal\/#organization","name":"El Diario - Decano de la prensa nacional","url":"https:\/\/www.eldiario.net\/portal\/","logo":{"@type":"ImageObject","inLanguage":"es","@id":"https:\/\/www.eldiario.net\/portal\/#\/schema\/logo\/image\/","url":"https:\/\/www.eldiario.net\/portal\/wp-content\/uploads\/2023\/07\/logo_ED.jpg","contentUrl":"https:\/\/www.eldiario.net\/portal\/wp-content\/uploads\/2023\/07\/logo_ED.jpg","width":272,"height":52,"caption":"El Diario - Decano de la prensa nacional"},"image":{"@id":"https:\/\/www.eldiario.net\/portal\/#\/schema\/logo\/image\/"},"sameAs":["https:\/\/www.facebook.com\/eldiario.bolivia\/","https:\/\/x.com\/eldiario_net"]},{"@type":"Person","@id":"https:\/\/www.eldiario.net\/portal\/#\/schema\/person\/f46445640444750d7d753ccd04ae01b7","name":"Jeanette","image":{"@type":"ImageObject","inLanguage":"es","@id":"https:\/\/secure.gravatar.com\/avatar\/3ea2118a5f7dad2b7138b1187a6b7ee55f160b9968b66013c3a3ef39dd7e5798?s=96&d=mm&r=g","url":"https:\/\/secure.gravatar.com\/avatar\/3ea2118a5f7dad2b7138b1187a6b7ee55f160b9968b66013c3a3ef39dd7e5798?s=96&d=mm&r=g","contentUrl":"https:\/\/secure.gravatar.com\/avatar\/3ea2118a5f7dad2b7138b1187a6b7ee55f160b9968b66013c3a3ef39dd7e5798?s=96&d=mm&r=g","caption":"Jeanette"},"sameAs":["https:\/\/www.eldiario.net\/portal"],"url":"https:\/\/www.eldiario.net\/portal\/author\/jeanette\/"}]}},"_links":{"self":[{"href":"https:\/\/www.eldiario.net\/portal\/wp-json\/wp\/v2\/posts\/92969","targetHints":{"allow":["GET"]}}],"collection":[{"href":"https:\/\/www.eldiario.net\/portal\/wp-json\/wp\/v2\/posts"}],"about":[{"href":"https:\/\/www.eldiario.net\/portal\/wp-json\/wp\/v2\/types\/post"}],"author":[{"embeddable":true,"href":"https:\/\/www.eldiario.net\/portal\/wp-json\/wp\/v2\/users\/1"}],"replies":[{"embeddable":true,"href":"https:\/\/www.eldiario.net\/portal\/wp-json\/wp\/v2\/comments?post=92969"}],"version-history":[{"count":0,"href":"https:\/\/www.eldiario.net\/portal\/wp-json\/wp\/v2\/posts\/92969\/revisions"}],"wp:attachment":[{"href":"https:\/\/www.eldiario.net\/portal\/wp-json\/wp\/v2\/media?parent=92969"}],"wp:term":[{"taxonomy":"category","embeddable":true,"href":"https:\/\/www.eldiario.net\/portal\/wp-json\/wp\/v2\/categories?post=92969"},{"taxonomy":"post_tag","embeddable":true,"href":"https:\/\/www.eldiario.net\/portal\/wp-json\/wp\/v2\/tags?post=92969"}],"curies":[{"name":"wp","href":"https:\/\/api.w.org\/{rel}","templated":true}]}}