{"id":9202,"date":"2021-06-09T00:08:47","date_gmt":"2021-06-09T04:08:47","guid":{"rendered":"https:\/\/www.eldiario.net\/portal\/?p=9202"},"modified":"2021-06-09T00:08:47","modified_gmt":"2021-06-09T04:08:47","slug":"acuerdan-subir-aranceles-y-crear-fuerza-especial-anticontrabando","status":"publish","type":"post","link":"https:\/\/www.eldiario.net\/portal\/2021\/06\/09\/acuerdan-subir-aranceles-y-crear-fuerza-especial-anticontrabando\/","title":{"rendered":"Acuerdan subir aranceles y crear fuerza especial anticontrabando"},"content":{"rendered":"<p>Despu\u00e9s de doce horas de negociaciones que fueron lideradas por los ministros de Econom\u00eda, Obras P\u00fablicas y Desarrollo Rural y Tierras con productores agropecuarios, se lleg\u00f3 a un acuerdo de diez puntos que permiti\u00f3 que se levante el bloqueo carretero en tramos carreteros del oriente cruce\u00f1o, y entre los m\u00e1s relevantes est\u00e1n la creaci\u00f3n de un Comando Especial de Lucha contra el Contrabando Agropecuario y el aumento de aranceles.<br \/>\nEn el marco de los acuerdos arribados con la Federaci\u00f3n Sindical \u00danica de Campesinos (FSUTC) de los Valles Cruce\u00f1os del departamento de Santa Cruz, instruy\u00f3 a sus afiliados que levanten los cinco puntos de bloqueo instalados en la regi\u00f3n oriental del pa\u00eds.<br \/>\n\u201cEn los acuerdos hemos generado consensos sobre un Comando Especial de Lucha contra el Contrabando Agropecuario, es un dispositivo que vamos a implementar\u201d, declar\u00f3 Montenegro.<br \/>\nLa creaci\u00f3n del Comando estar\u00e1 bajo la dependencia del Viceministerio de Lucha Contra el Contrabando, seg\u00fan se establece en el punto n\u00famero dos de acuerdo.<br \/>\nDe la negociaci\u00f3n con los dirigentes agropecuarios, participaron tambi\u00e9n el ministro de Obras P\u00fablicas, Servicios y Vivienda, Edgar Monta\u00f1o; y el ministro de Desarrollo Rural y Tierras, Remmy Gonzales; asimismo se cont\u00f3 con la participaci\u00f3n de los viceministros de Pol\u00edtica Tributaria y Lucha contra el Contrabando, Johnny Morales y Daniel Pedro Vargas Carrasco, respectivamente; y representantes del Banco Uni\u00f3n y de la Empresa de Apoyo a la Producci\u00f3n de Alimentos (Emapa).<br \/>\nEn el acuerdo se destaca, por ejemplo, duplicar los aranceles para las importaciones de papa, cebolla, tomate, manzana y frutilla, adem\u00e1s de reducir los cupos de importaci\u00f3n; la construcci\u00f3n del Mercado Valles Cruce\u00f1os en el municipio La Guardia; y la realizaci\u00f3n de un estudio para la construcci\u00f3n de plantas procesadoras y de industrializaci\u00f3n de productos de los valles cruce\u00f1os.<br \/>\nA trav\u00e9s del Servicio Nacional de Sanidad Agropecuaria e Inocuidad Alimentaria (SENASAG), mediante Decreto Supremo, en un plazo de cuatro semanas, aprobado y promulgado a partir de la fecha y control estricto sobre contrabando, se dar\u00e1 curso al incremento de aranceles.<br \/>\n\u201cDesde el punto de vista legal, vamos a aumentar los aranceles a los productos que ingresan como ustedes mencionan y vamos a emitir una resoluci\u00f3n biministerial para reducir las cuotas de importaci\u00f3n; no podemos suspender, no podemos cerrar, pero vamos a minimizar la importaci\u00f3n, cosa de que no afecte en vol\u00famenes grandes y al precio de ustedes\u201d, manifest\u00f3 el ministro de Desarrollo Rural y Tierras, Remmy Gonzales.<\/p>\n","protected":false},"excerpt":{"rendered":"<p>Despu\u00e9s de doce horas de negociaciones que fueron lideradas por los ministros de Econom\u00eda, Obras P\u00fablicas y Desarrollo Rural y Tierras con productores agropecuarios, se lleg\u00f3 a un acuerdo de diez puntos que permiti\u00f3 que se levante el bloqueo carretero en tramos carreteros del oriente cruce\u00f1o, y entre los m\u00e1s relevantes est\u00e1n la creaci\u00f3n de [&hellip;]<\/p>\n","protected":false},"author":1,"featured_media":9203,"comment_status":"closed","ping_status":"closed","sticky":false,"template":"","format":"standard","meta":{"_acf_changed":false,"footnotes":""},"categories":[7],"tags":[],"class_list":["post-9202","post","type-post","status-publish","format-standard","has-post-thumbnail","category-economia"],"acf":{"antetitulo":""},"yoast_head":"<!-- This site is optimized with the Yoast SEO plugin v28.3 - https:\/\/yoast.com\/product\/yoast-seo-wordpress\/ -->\n<title>Acuerdan subir aranceles y crear fuerza especial anticontrabando - El Diario - Bolivia<\/title>\n<meta name=\"robots\" content=\"index, follow, max-snippet:-1, max-image-preview:large, max-video-preview:-1\" \/>\n<link rel=\"canonical\" href=\"https:\/\/www.eldiario.net\/portal\/2021\/06\/09\/acuerdan-subir-aranceles-y-crear-fuerza-especial-anticontrabando\/\" \/>\n<meta property=\"og:locale\" content=\"es_ES\" \/>\n<meta property=\"og:type\" content=\"article\" \/>\n<meta property=\"og:title\" content=\"Acuerdan subir aranceles y crear fuerza especial anticontrabando - El Diario - Bolivia\" \/>\n<meta property=\"og:description\" content=\"Despu\u00e9s de doce horas de negociaciones que fueron lideradas por los ministros de Econom\u00eda, Obras P\u00fablicas y Desarrollo Rural y Tierras con productores agropecuarios, se lleg\u00f3 a un acuerdo de diez puntos que permiti\u00f3 que se levante el bloqueo carretero en tramos carreteros del oriente cruce\u00f1o, y entre los m\u00e1s relevantes est\u00e1n la creaci\u00f3n de [&hellip;]\" \/>\n<meta property=\"og:url\" content=\"https:\/\/www.eldiario.net\/portal\/2021\/06\/09\/acuerdan-subir-aranceles-y-crear-fuerza-especial-anticontrabando\/\" \/>\n<meta property=\"og:site_name\" content=\"El Diario - Bolivia\" \/>\n<meta property=\"article:publisher\" content=\"https:\/\/www.facebook.com\/eldiario.bolivia\/\" \/>\n<meta property=\"article:published_time\" content=\"2021-06-09T04:08:47+00:00\" \/>\n<meta name=\"author\" content=\"Jeanette\" \/>\n<meta name=\"twitter:card\" content=\"summary_large_image\" \/>\n<meta name=\"twitter:creator\" content=\"@eldiario_net\" \/>\n<meta name=\"twitter:site\" content=\"@eldiario_net\" \/>\n<meta name=\"twitter:label1\" content=\"Escrito por\" \/>\n\t<meta name=\"twitter:data1\" content=\"Jeanette\" \/>\n\t<meta name=\"twitter:label2\" content=\"Tiempo de lectura\" \/>\n\t<meta name=\"twitter:data2\" content=\"2 minutos\" \/>\n<script type=\"application\/ld+json\" class=\"yoast-schema-graph\">{\"@context\":\"https:\\\/\\\/schema.org\",\"@graph\":[{\"@type\":\"Article\",\"@id\":\"https:\\\/\\\/www.eldiario.net\\\/portal\\\/2021\\\/06\\\/09\\\/acuerdan-subir-aranceles-y-crear-fuerza-especial-anticontrabando\\\/#article\",\"isPartOf\":{\"@id\":\"https:\\\/\\\/www.eldiario.net\\\/portal\\\/2021\\\/06\\\/09\\\/acuerdan-subir-aranceles-y-crear-fuerza-especial-anticontrabando\\\/\"},\"author\":{\"name\":\"Jeanette\",\"@id\":\"https:\\\/\\\/www.eldiario.net\\\/portal\\\/#\\\/schema\\\/person\\\/f46445640444750d7d753ccd04ae01b7\"},\"headline\":\"Acuerdan subir aranceles y crear fuerza especial anticontrabando\",\"datePublished\":\"2021-06-09T04:08:47+00:00\",\"mainEntityOfPage\":{\"@id\":\"https:\\\/\\\/www.eldiario.net\\\/portal\\\/2021\\\/06\\\/09\\\/acuerdan-subir-aranceles-y-crear-fuerza-especial-anticontrabando\\\/\"},\"wordCount\":442,\"publisher\":{\"@id\":\"https:\\\/\\\/www.eldiario.net\\\/portal\\\/#organization\"},\"image\":{\"@id\":\"https:\\\/\\\/www.eldiario.net\\\/portal\\\/2021\\\/06\\\/09\\\/acuerdan-subir-aranceles-y-crear-fuerza-especial-anticontrabando\\\/#primaryimage\"},\"thumbnailUrl\":\"\",\"articleSection\":[\"Econom\u00eda\"],\"inLanguage\":\"es\"},{\"@type\":\"WebPage\",\"@id\":\"https:\\\/\\\/www.eldiario.net\\\/portal\\\/2021\\\/06\\\/09\\\/acuerdan-subir-aranceles-y-crear-fuerza-especial-anticontrabando\\\/\",\"url\":\"https:\\\/\\\/www.eldiario.net\\\/portal\\\/2021\\\/06\\\/09\\\/acuerdan-subir-aranceles-y-crear-fuerza-especial-anticontrabando\\\/\",\"name\":\"Acuerdan subir aranceles y crear fuerza especial anticontrabando - El Diario - Bolivia\",\"isPartOf\":{\"@id\":\"https:\\\/\\\/www.eldiario.net\\\/portal\\\/#website\"},\"primaryImageOfPage\":{\"@id\":\"https:\\\/\\\/www.eldiario.net\\\/portal\\\/2021\\\/06\\\/09\\\/acuerdan-subir-aranceles-y-crear-fuerza-especial-anticontrabando\\\/#primaryimage\"},\"image\":{\"@id\":\"https:\\\/\\\/www.eldiario.net\\\/portal\\\/2021\\\/06\\\/09\\\/acuerdan-subir-aranceles-y-crear-fuerza-especial-anticontrabando\\\/#primaryimage\"},\"thumbnailUrl\":\"\",\"datePublished\":\"2021-06-09T04:08:47+00:00\",\"breadcrumb\":{\"@id\":\"https:\\\/\\\/www.eldiario.net\\\/portal\\\/2021\\\/06\\\/09\\\/acuerdan-subir-aranceles-y-crear-fuerza-especial-anticontrabando\\\/#breadcrumb\"},\"inLanguage\":\"es\",\"potentialAction\":[{\"@type\":\"ReadAction\",\"target\":[\"https:\\\/\\\/www.eldiario.net\\\/portal\\\/2021\\\/06\\\/09\\\/acuerdan-subir-aranceles-y-crear-fuerza-especial-anticontrabando\\\/\"]}]},{\"@type\":\"ImageObject\",\"inLanguage\":\"es\",\"@id\":\"https:\\\/\\\/www.eldiario.net\\\/portal\\\/2021\\\/06\\\/09\\\/acuerdan-subir-aranceles-y-crear-fuerza-especial-anticontrabando\\\/#primaryimage\",\"url\":\"\",\"contentUrl\":\"\"},{\"@type\":\"BreadcrumbList\",\"@id\":\"https:\\\/\\\/www.eldiario.net\\\/portal\\\/2021\\\/06\\\/09\\\/acuerdan-subir-aranceles-y-crear-fuerza-especial-anticontrabando\\\/#breadcrumb\",\"itemListElement\":[{\"@type\":\"ListItem\",\"position\":1,\"name\":\"Portada\",\"item\":\"https:\\\/\\\/www.eldiario.net\\\/portal\\\/\"},{\"@type\":\"ListItem\",\"position\":2,\"name\":\"Acuerdan subir aranceles y crear fuerza especial anticontrabando\"}]},{\"@type\":\"WebSite\",\"@id\":\"https:\\\/\\\/www.eldiario.net\\\/portal\\\/#website\",\"url\":\"https:\\\/\\\/www.eldiario.net\\\/portal\\\/\",\"name\":\"El Diario - Decano de la prensa nacional\",\"description\":\"El Diario - Decano de la prensa nacional\",\"publisher\":{\"@id\":\"https:\\\/\\\/www.eldiario.net\\\/portal\\\/#organization\"},\"potentialAction\":[{\"@type\":\"SearchAction\",\"target\":{\"@type\":\"EntryPoint\",\"urlTemplate\":\"https:\\\/\\\/www.eldiario.net\\\/portal\\\/?s={search_term_string}\"},\"query-input\":{\"@type\":\"PropertyValueSpecification\",\"valueRequired\":true,\"valueName\":\"search_term_string\"}}],\"inLanguage\":\"es\"},{\"@type\":\"Organization\",\"@id\":\"https:\\\/\\\/www.eldiario.net\\\/portal\\\/#organization\",\"name\":\"El Diario - Decano de la prensa nacional\",\"url\":\"https:\\\/\\\/www.eldiario.net\\\/portal\\\/\",\"logo\":{\"@type\":\"ImageObject\",\"inLanguage\":\"es\",\"@id\":\"https:\\\/\\\/www.eldiario.net\\\/portal\\\/#\\\/schema\\\/logo\\\/image\\\/\",\"url\":\"https:\\\/\\\/www.eldiario.net\\\/portal\\\/wp-content\\\/uploads\\\/2023\\\/07\\\/logo_ED.jpg\",\"contentUrl\":\"https:\\\/\\\/www.eldiario.net\\\/portal\\\/wp-content\\\/uploads\\\/2023\\\/07\\\/logo_ED.jpg\",\"width\":272,\"height\":52,\"caption\":\"El Diario - Decano de la prensa nacional\"},\"image\":{\"@id\":\"https:\\\/\\\/www.eldiario.net\\\/portal\\\/#\\\/schema\\\/logo\\\/image\\\/\"},\"sameAs\":[\"https:\\\/\\\/www.facebook.com\\\/eldiario.bolivia\\\/\",\"https:\\\/\\\/x.com\\\/eldiario_net\"]},{\"@type\":\"Person\",\"@id\":\"https:\\\/\\\/www.eldiario.net\\\/portal\\\/#\\\/schema\\\/person\\\/f46445640444750d7d753ccd04ae01b7\",\"name\":\"Jeanette\",\"image\":{\"@type\":\"ImageObject\",\"inLanguage\":\"es\",\"@id\":\"https:\\\/\\\/secure.gravatar.com\\\/avatar\\\/3ea2118a5f7dad2b7138b1187a6b7ee55f160b9968b66013c3a3ef39dd7e5798?s=96&d=mm&r=g\",\"url\":\"https:\\\/\\\/secure.gravatar.com\\\/avatar\\\/3ea2118a5f7dad2b7138b1187a6b7ee55f160b9968b66013c3a3ef39dd7e5798?s=96&d=mm&r=g\",\"contentUrl\":\"https:\\\/\\\/secure.gravatar.com\\\/avatar\\\/3ea2118a5f7dad2b7138b1187a6b7ee55f160b9968b66013c3a3ef39dd7e5798?s=96&d=mm&r=g\",\"caption\":\"Jeanette\"},\"sameAs\":[\"https:\\\/\\\/www.eldiario.net\\\/portal\"],\"url\":\"https:\\\/\\\/www.eldiario.net\\\/portal\\\/author\\\/jeanette\\\/\"}]}<\/script>\n<!-- \/ Yoast SEO plugin. -->","yoast_head_json":{"title":"Acuerdan subir aranceles y crear fuerza especial anticontrabando - El Diario - Bolivia","robots":{"index":"index","follow":"follow","max-snippet":"max-snippet:-1","max-image-preview":"max-image-preview:large","max-video-preview":"max-video-preview:-1"},"canonical":"https:\/\/www.eldiario.net\/portal\/2021\/06\/09\/acuerdan-subir-aranceles-y-crear-fuerza-especial-anticontrabando\/","og_locale":"es_ES","og_type":"article","og_title":"Acuerdan subir aranceles y crear fuerza especial anticontrabando - El Diario - Bolivia","og_description":"Despu\u00e9s de doce horas de negociaciones que fueron lideradas por los ministros de Econom\u00eda, Obras P\u00fablicas y Desarrollo Rural y Tierras con productores agropecuarios, se lleg\u00f3 a un acuerdo de diez puntos que permiti\u00f3 que se levante el bloqueo carretero en tramos carreteros del oriente cruce\u00f1o, y entre los m\u00e1s relevantes est\u00e1n la creaci\u00f3n de [&hellip;]","og_url":"https:\/\/www.eldiario.net\/portal\/2021\/06\/09\/acuerdan-subir-aranceles-y-crear-fuerza-especial-anticontrabando\/","og_site_name":"El Diario - Bolivia","article_publisher":"https:\/\/www.facebook.com\/eldiario.bolivia\/","article_published_time":"2021-06-09T04:08:47+00:00","author":"Jeanette","twitter_card":"summary_large_image","twitter_creator":"@eldiario_net","twitter_site":"@eldiario_net","twitter_misc":{"Escrito por":"Jeanette","Tiempo de lectura":"2 minutos"},"schema":{"@context":"https:\/\/schema.org","@graph":[{"@type":"Article","@id":"https:\/\/www.eldiario.net\/portal\/2021\/06\/09\/acuerdan-subir-aranceles-y-crear-fuerza-especial-anticontrabando\/#article","isPartOf":{"@id":"https:\/\/www.eldiario.net\/portal\/2021\/06\/09\/acuerdan-subir-aranceles-y-crear-fuerza-especial-anticontrabando\/"},"author":{"name":"Jeanette","@id":"https:\/\/www.eldiario.net\/portal\/#\/schema\/person\/f46445640444750d7d753ccd04ae01b7"},"headline":"Acuerdan subir aranceles y crear fuerza especial anticontrabando","datePublished":"2021-06-09T04:08:47+00:00","mainEntityOfPage":{"@id":"https:\/\/www.eldiario.net\/portal\/2021\/06\/09\/acuerdan-subir-aranceles-y-crear-fuerza-especial-anticontrabando\/"},"wordCount":442,"publisher":{"@id":"https:\/\/www.eldiario.net\/portal\/#organization"},"image":{"@id":"https:\/\/www.eldiario.net\/portal\/2021\/06\/09\/acuerdan-subir-aranceles-y-crear-fuerza-especial-anticontrabando\/#primaryimage"},"thumbnailUrl":"","articleSection":["Econom\u00eda"],"inLanguage":"es"},{"@type":"WebPage","@id":"https:\/\/www.eldiario.net\/portal\/2021\/06\/09\/acuerdan-subir-aranceles-y-crear-fuerza-especial-anticontrabando\/","url":"https:\/\/www.eldiario.net\/portal\/2021\/06\/09\/acuerdan-subir-aranceles-y-crear-fuerza-especial-anticontrabando\/","name":"Acuerdan subir aranceles y crear fuerza especial anticontrabando - El Diario - Bolivia","isPartOf":{"@id":"https:\/\/www.eldiario.net\/portal\/#website"},"primaryImageOfPage":{"@id":"https:\/\/www.eldiario.net\/portal\/2021\/06\/09\/acuerdan-subir-aranceles-y-crear-fuerza-especial-anticontrabando\/#primaryimage"},"image":{"@id":"https:\/\/www.eldiario.net\/portal\/2021\/06\/09\/acuerdan-subir-aranceles-y-crear-fuerza-especial-anticontrabando\/#primaryimage"},"thumbnailUrl":"","datePublished":"2021-06-09T04:08:47+00:00","breadcrumb":{"@id":"https:\/\/www.eldiario.net\/portal\/2021\/06\/09\/acuerdan-subir-aranceles-y-crear-fuerza-especial-anticontrabando\/#breadcrumb"},"inLanguage":"es","potentialAction":[{"@type":"ReadAction","target":["https:\/\/www.eldiario.net\/portal\/2021\/06\/09\/acuerdan-subir-aranceles-y-crear-fuerza-especial-anticontrabando\/"]}]},{"@type":"ImageObject","inLanguage":"es","@id":"https:\/\/www.eldiario.net\/portal\/2021\/06\/09\/acuerdan-subir-aranceles-y-crear-fuerza-especial-anticontrabando\/#primaryimage","url":"","contentUrl":""},{"@type":"BreadcrumbList","@id":"https:\/\/www.eldiario.net\/portal\/2021\/06\/09\/acuerdan-subir-aranceles-y-crear-fuerza-especial-anticontrabando\/#breadcrumb","itemListElement":[{"@type":"ListItem","position":1,"name":"Portada","item":"https:\/\/www.eldiario.net\/portal\/"},{"@type":"ListItem","position":2,"name":"Acuerdan subir aranceles y crear fuerza especial anticontrabando"}]},{"@type":"WebSite","@id":"https:\/\/www.eldiario.net\/portal\/#website","url":"https:\/\/www.eldiario.net\/portal\/","name":"El Diario - Decano de la prensa nacional","description":"El Diario - Decano de la prensa nacional","publisher":{"@id":"https:\/\/www.eldiario.net\/portal\/#organization"},"potentialAction":[{"@type":"SearchAction","target":{"@type":"EntryPoint","urlTemplate":"https:\/\/www.eldiario.net\/portal\/?s={search_term_string}"},"query-input":{"@type":"PropertyValueSpecification","valueRequired":true,"valueName":"search_term_string"}}],"inLanguage":"es"},{"@type":"Organization","@id":"https:\/\/www.eldiario.net\/portal\/#organization","name":"El Diario - Decano de la prensa nacional","url":"https:\/\/www.eldiario.net\/portal\/","logo":{"@type":"ImageObject","inLanguage":"es","@id":"https:\/\/www.eldiario.net\/portal\/#\/schema\/logo\/image\/","url":"https:\/\/www.eldiario.net\/portal\/wp-content\/uploads\/2023\/07\/logo_ED.jpg","contentUrl":"https:\/\/www.eldiario.net\/portal\/wp-content\/uploads\/2023\/07\/logo_ED.jpg","width":272,"height":52,"caption":"El Diario - Decano de la prensa nacional"},"image":{"@id":"https:\/\/www.eldiario.net\/portal\/#\/schema\/logo\/image\/"},"sameAs":["https:\/\/www.facebook.com\/eldiario.bolivia\/","https:\/\/x.com\/eldiario_net"]},{"@type":"Person","@id":"https:\/\/www.eldiario.net\/portal\/#\/schema\/person\/f46445640444750d7d753ccd04ae01b7","name":"Jeanette","image":{"@type":"ImageObject","inLanguage":"es","@id":"https:\/\/secure.gravatar.com\/avatar\/3ea2118a5f7dad2b7138b1187a6b7ee55f160b9968b66013c3a3ef39dd7e5798?s=96&d=mm&r=g","url":"https:\/\/secure.gravatar.com\/avatar\/3ea2118a5f7dad2b7138b1187a6b7ee55f160b9968b66013c3a3ef39dd7e5798?s=96&d=mm&r=g","contentUrl":"https:\/\/secure.gravatar.com\/avatar\/3ea2118a5f7dad2b7138b1187a6b7ee55f160b9968b66013c3a3ef39dd7e5798?s=96&d=mm&r=g","caption":"Jeanette"},"sameAs":["https:\/\/www.eldiario.net\/portal"],"url":"https:\/\/www.eldiario.net\/portal\/author\/jeanette\/"}]}},"_links":{"self":[{"href":"https:\/\/www.eldiario.net\/portal\/wp-json\/wp\/v2\/posts\/9202","targetHints":{"allow":["GET"]}}],"collection":[{"href":"https:\/\/www.eldiario.net\/portal\/wp-json\/wp\/v2\/posts"}],"about":[{"href":"https:\/\/www.eldiario.net\/portal\/wp-json\/wp\/v2\/types\/post"}],"author":[{"embeddable":true,"href":"https:\/\/www.eldiario.net\/portal\/wp-json\/wp\/v2\/users\/1"}],"replies":[{"embeddable":true,"href":"https:\/\/www.eldiario.net\/portal\/wp-json\/wp\/v2\/comments?post=9202"}],"version-history":[{"count":0,"href":"https:\/\/www.eldiario.net\/portal\/wp-json\/wp\/v2\/posts\/9202\/revisions"}],"wp:attachment":[{"href":"https:\/\/www.eldiario.net\/portal\/wp-json\/wp\/v2\/media?parent=9202"}],"wp:term":[{"taxonomy":"category","embeddable":true,"href":"https:\/\/www.eldiario.net\/portal\/wp-json\/wp\/v2\/categories?post=9202"},{"taxonomy":"post_tag","embeddable":true,"href":"https:\/\/www.eldiario.net\/portal\/wp-json\/wp\/v2\/tags?post=9202"}],"curies":[{"name":"wp","href":"https:\/\/api.w.org\/{rel}","templated":true}]}}