{"id":9199,"date":"2021-06-09T00:08:47","date_gmt":"2021-06-09T04:08:47","guid":{"rendered":"https:\/\/www.eldiario.net\/portal\/?p=9199"},"modified":"2021-06-09T00:08:47","modified_gmt":"2021-06-09T04:08:47","slug":"operativo-freno-explotacion-ilegal-de-oro-en-municipio-de-tupiza","status":"publish","type":"post","link":"https:\/\/www.eldiario.net\/portal\/2021\/06\/09\/operativo-freno-explotacion-ilegal-de-oro-en-municipio-de-tupiza\/","title":{"rendered":"Operativo fren\u00f3 explotaci\u00f3n ilegal  de oro en municipio de Tupiza"},"content":{"rendered":"<p>Producto de cuatro operativos en el departamento de Potos\u00ed, las autoridades de miner\u00eda, junto a fuerzas del orden, lograron aprehender a varias personas que estaban realizando de manera ilegal explotaci\u00f3n de oro en la regi\u00f3n potosina de Tupiza.<br \/>\nEl viceministro de Pol\u00edtica Minera, Regulaci\u00f3n y Fiscalizaci\u00f3n, Wiston Medrano, junto a la directora ejecutiva nacional de la Autoridad Jurisdiccional Administrativa Minera (AJAM), Brenda Lafuente, informaron en conferencia de prensa sobre el operativo contra la Miner\u00eda Ilegal realizado en el municipio de Tupiza, departamento de Potos\u00ed.<br \/>\nA ra\u00edz de una denuncia presentada ante la AJAM, en fecha 6 de mayo de la presente gesti\u00f3n por supuesta explotaci\u00f3n ilegal de recursos minerales (oro) en el \u00e1rea minera revertida, denominada \u201cEsperancita\u201d, ubicada en proximidades del municipio de Tupiza, provincia Sud Chichas del departamento de Potos\u00ed, se instruy\u00f3 el respectivo procesamiento de la denuncia en el marco del reglamento interno de acciones contra la Miner\u00eda Ilegal.<br \/>\nTras una inspecci\u00f3n insitu en fecha 21 de mayo de la presente gesti\u00f3n, realizada por el personal de la Direcci\u00f3n Regional Tupiza-Tarija de la AJAM, se ha logrado corroborar la existencia de actividad minera ilegal en el \u00e1rea, de donde se extra\u00eda oro en explotaci\u00f3n a cielo abierto con maquinaria pesada.<br \/>\nEl operativo se realiz\u00f3 este 8 de junio de la presente gesti\u00f3n, y se logr\u00f3 aprehender en la oportunidad a diez personas en flagrancia; quienes fueron remitidos a las autoridades locales, con el fin que se proceda de acuerdo a norma.<br \/>\nPor otra parte, tambi\u00e9n se procedi\u00f3 a secuestrar una vagoneta, una alfombra de lavado para extracci\u00f3n de oro y dem\u00e1s maquinaria que era utilizada, desarticul\u00e1ndose por completo la explotaci\u00f3n minera que ilegalmente se desarrollaba en el lugar.<\/p>\n","protected":false},"excerpt":{"rendered":"<p>Producto de cuatro operativos en el departamento de Potos\u00ed, las autoridades de miner\u00eda, junto a fuerzas del orden, lograron aprehender a varias personas que estaban realizando de manera ilegal explotaci\u00f3n de oro en la regi\u00f3n potosina de Tupiza. El viceministro de Pol\u00edtica Minera, Regulaci\u00f3n y Fiscalizaci\u00f3n, Wiston Medrano, junto a la directora ejecutiva nacional de [&hellip;]<\/p>\n","protected":false},"author":1,"featured_media":9200,"comment_status":"closed","ping_status":"closed","sticky":false,"template":"","format":"standard","meta":{"_acf_changed":false,"footnotes":""},"categories":[7],"tags":[],"class_list":["post-9199","post","type-post","status-publish","format-standard","has-post-thumbnail","category-economia"],"acf":{"antetitulo":""},"yoast_head":"<!-- This site is optimized with the Yoast SEO plugin v28.3 - https:\/\/yoast.com\/product\/yoast-seo-wordpress\/ -->\n<title>Operativo fren\u00f3 explotaci\u00f3n ilegal de oro en municipio de Tupiza - El Diario - Bolivia<\/title>\n<meta name=\"robots\" content=\"index, follow, max-snippet:-1, max-image-preview:large, max-video-preview:-1\" \/>\n<link rel=\"canonical\" href=\"https:\/\/www.eldiario.net\/portal\/2021\/06\/09\/operativo-freno-explotacion-ilegal-de-oro-en-municipio-de-tupiza\/\" \/>\n<meta property=\"og:locale\" content=\"es_ES\" \/>\n<meta property=\"og:type\" content=\"article\" \/>\n<meta property=\"og:title\" content=\"Operativo fren\u00f3 explotaci\u00f3n ilegal de oro en municipio de Tupiza - El Diario - Bolivia\" \/>\n<meta property=\"og:description\" content=\"Producto de cuatro operativos en el departamento de Potos\u00ed, las autoridades de miner\u00eda, junto a fuerzas del orden, lograron aprehender a varias personas que estaban realizando de manera ilegal explotaci\u00f3n de oro en la regi\u00f3n potosina de Tupiza. El viceministro de Pol\u00edtica Minera, Regulaci\u00f3n y Fiscalizaci\u00f3n, Wiston Medrano, junto a la directora ejecutiva nacional de [&hellip;]\" \/>\n<meta property=\"og:url\" content=\"https:\/\/www.eldiario.net\/portal\/2021\/06\/09\/operativo-freno-explotacion-ilegal-de-oro-en-municipio-de-tupiza\/\" \/>\n<meta property=\"og:site_name\" content=\"El Diario - Bolivia\" \/>\n<meta property=\"article:publisher\" content=\"https:\/\/www.facebook.com\/eldiario.bolivia\/\" \/>\n<meta property=\"article:published_time\" content=\"2021-06-09T04:08:47+00:00\" \/>\n<meta name=\"author\" content=\"Jeanette\" \/>\n<meta name=\"twitter:card\" content=\"summary_large_image\" \/>\n<meta name=\"twitter:creator\" content=\"@eldiario_net\" \/>\n<meta name=\"twitter:site\" content=\"@eldiario_net\" \/>\n<meta name=\"twitter:label1\" content=\"Escrito por\" \/>\n\t<meta name=\"twitter:data1\" content=\"Jeanette\" \/>\n\t<meta name=\"twitter:label2\" content=\"Tiempo de lectura\" \/>\n\t<meta name=\"twitter:data2\" content=\"2 minutos\" \/>\n<script type=\"application\/ld+json\" class=\"yoast-schema-graph\">{\"@context\":\"https:\\\/\\\/schema.org\",\"@graph\":[{\"@type\":\"Article\",\"@id\":\"https:\\\/\\\/www.eldiario.net\\\/portal\\\/2021\\\/06\\\/09\\\/operativo-freno-explotacion-ilegal-de-oro-en-municipio-de-tupiza\\\/#article\",\"isPartOf\":{\"@id\":\"https:\\\/\\\/www.eldiario.net\\\/portal\\\/2021\\\/06\\\/09\\\/operativo-freno-explotacion-ilegal-de-oro-en-municipio-de-tupiza\\\/\"},\"author\":{\"name\":\"Jeanette\",\"@id\":\"https:\\\/\\\/www.eldiario.net\\\/portal\\\/#\\\/schema\\\/person\\\/f46445640444750d7d753ccd04ae01b7\"},\"headline\":\"Operativo fren\u00f3 explotaci\u00f3n ilegal de oro en municipio de Tupiza\",\"datePublished\":\"2021-06-09T04:08:47+00:00\",\"mainEntityOfPage\":{\"@id\":\"https:\\\/\\\/www.eldiario.net\\\/portal\\\/2021\\\/06\\\/09\\\/operativo-freno-explotacion-ilegal-de-oro-en-municipio-de-tupiza\\\/\"},\"wordCount\":310,\"publisher\":{\"@id\":\"https:\\\/\\\/www.eldiario.net\\\/portal\\\/#organization\"},\"image\":{\"@id\":\"https:\\\/\\\/www.eldiario.net\\\/portal\\\/2021\\\/06\\\/09\\\/operativo-freno-explotacion-ilegal-de-oro-en-municipio-de-tupiza\\\/#primaryimage\"},\"thumbnailUrl\":\"\",\"articleSection\":[\"Econom\u00eda\"],\"inLanguage\":\"es\"},{\"@type\":\"WebPage\",\"@id\":\"https:\\\/\\\/www.eldiario.net\\\/portal\\\/2021\\\/06\\\/09\\\/operativo-freno-explotacion-ilegal-de-oro-en-municipio-de-tupiza\\\/\",\"url\":\"https:\\\/\\\/www.eldiario.net\\\/portal\\\/2021\\\/06\\\/09\\\/operativo-freno-explotacion-ilegal-de-oro-en-municipio-de-tupiza\\\/\",\"name\":\"Operativo fren\u00f3 explotaci\u00f3n ilegal de oro en municipio de Tupiza - El Diario - Bolivia\",\"isPartOf\":{\"@id\":\"https:\\\/\\\/www.eldiario.net\\\/portal\\\/#website\"},\"primaryImageOfPage\":{\"@id\":\"https:\\\/\\\/www.eldiario.net\\\/portal\\\/2021\\\/06\\\/09\\\/operativo-freno-explotacion-ilegal-de-oro-en-municipio-de-tupiza\\\/#primaryimage\"},\"image\":{\"@id\":\"https:\\\/\\\/www.eldiario.net\\\/portal\\\/2021\\\/06\\\/09\\\/operativo-freno-explotacion-ilegal-de-oro-en-municipio-de-tupiza\\\/#primaryimage\"},\"thumbnailUrl\":\"\",\"datePublished\":\"2021-06-09T04:08:47+00:00\",\"breadcrumb\":{\"@id\":\"https:\\\/\\\/www.eldiario.net\\\/portal\\\/2021\\\/06\\\/09\\\/operativo-freno-explotacion-ilegal-de-oro-en-municipio-de-tupiza\\\/#breadcrumb\"},\"inLanguage\":\"es\",\"potentialAction\":[{\"@type\":\"ReadAction\",\"target\":[\"https:\\\/\\\/www.eldiario.net\\\/portal\\\/2021\\\/06\\\/09\\\/operativo-freno-explotacion-ilegal-de-oro-en-municipio-de-tupiza\\\/\"]}]},{\"@type\":\"ImageObject\",\"inLanguage\":\"es\",\"@id\":\"https:\\\/\\\/www.eldiario.net\\\/portal\\\/2021\\\/06\\\/09\\\/operativo-freno-explotacion-ilegal-de-oro-en-municipio-de-tupiza\\\/#primaryimage\",\"url\":\"\",\"contentUrl\":\"\"},{\"@type\":\"BreadcrumbList\",\"@id\":\"https:\\\/\\\/www.eldiario.net\\\/portal\\\/2021\\\/06\\\/09\\\/operativo-freno-explotacion-ilegal-de-oro-en-municipio-de-tupiza\\\/#breadcrumb\",\"itemListElement\":[{\"@type\":\"ListItem\",\"position\":1,\"name\":\"Portada\",\"item\":\"https:\\\/\\\/www.eldiario.net\\\/portal\\\/\"},{\"@type\":\"ListItem\",\"position\":2,\"name\":\"Operativo fren\u00f3 explotaci\u00f3n ilegal de oro en municipio de Tupiza\"}]},{\"@type\":\"WebSite\",\"@id\":\"https:\\\/\\\/www.eldiario.net\\\/portal\\\/#website\",\"url\":\"https:\\\/\\\/www.eldiario.net\\\/portal\\\/\",\"name\":\"El Diario - Decano de la prensa nacional\",\"description\":\"El Diario - Decano de la prensa nacional\",\"publisher\":{\"@id\":\"https:\\\/\\\/www.eldiario.net\\\/portal\\\/#organization\"},\"potentialAction\":[{\"@type\":\"SearchAction\",\"target\":{\"@type\":\"EntryPoint\",\"urlTemplate\":\"https:\\\/\\\/www.eldiario.net\\\/portal\\\/?s={search_term_string}\"},\"query-input\":{\"@type\":\"PropertyValueSpecification\",\"valueRequired\":true,\"valueName\":\"search_term_string\"}}],\"inLanguage\":\"es\"},{\"@type\":\"Organization\",\"@id\":\"https:\\\/\\\/www.eldiario.net\\\/portal\\\/#organization\",\"name\":\"El Diario - Decano de la prensa nacional\",\"url\":\"https:\\\/\\\/www.eldiario.net\\\/portal\\\/\",\"logo\":{\"@type\":\"ImageObject\",\"inLanguage\":\"es\",\"@id\":\"https:\\\/\\\/www.eldiario.net\\\/portal\\\/#\\\/schema\\\/logo\\\/image\\\/\",\"url\":\"https:\\\/\\\/www.eldiario.net\\\/portal\\\/wp-content\\\/uploads\\\/2023\\\/07\\\/logo_ED.jpg\",\"contentUrl\":\"https:\\\/\\\/www.eldiario.net\\\/portal\\\/wp-content\\\/uploads\\\/2023\\\/07\\\/logo_ED.jpg\",\"width\":272,\"height\":52,\"caption\":\"El Diario - Decano de la prensa nacional\"},\"image\":{\"@id\":\"https:\\\/\\\/www.eldiario.net\\\/portal\\\/#\\\/schema\\\/logo\\\/image\\\/\"},\"sameAs\":[\"https:\\\/\\\/www.facebook.com\\\/eldiario.bolivia\\\/\",\"https:\\\/\\\/x.com\\\/eldiario_net\"]},{\"@type\":\"Person\",\"@id\":\"https:\\\/\\\/www.eldiario.net\\\/portal\\\/#\\\/schema\\\/person\\\/f46445640444750d7d753ccd04ae01b7\",\"name\":\"Jeanette\",\"image\":{\"@type\":\"ImageObject\",\"inLanguage\":\"es\",\"@id\":\"https:\\\/\\\/secure.gravatar.com\\\/avatar\\\/3ea2118a5f7dad2b7138b1187a6b7ee55f160b9968b66013c3a3ef39dd7e5798?s=96&d=mm&r=g\",\"url\":\"https:\\\/\\\/secure.gravatar.com\\\/avatar\\\/3ea2118a5f7dad2b7138b1187a6b7ee55f160b9968b66013c3a3ef39dd7e5798?s=96&d=mm&r=g\",\"contentUrl\":\"https:\\\/\\\/secure.gravatar.com\\\/avatar\\\/3ea2118a5f7dad2b7138b1187a6b7ee55f160b9968b66013c3a3ef39dd7e5798?s=96&d=mm&r=g\",\"caption\":\"Jeanette\"},\"sameAs\":[\"https:\\\/\\\/www.eldiario.net\\\/portal\"],\"url\":\"https:\\\/\\\/www.eldiario.net\\\/portal\\\/author\\\/jeanette\\\/\"}]}<\/script>\n<!-- \/ Yoast SEO plugin. -->","yoast_head_json":{"title":"Operativo fren\u00f3 explotaci\u00f3n ilegal de oro en municipio de Tupiza - El Diario - Bolivia","robots":{"index":"index","follow":"follow","max-snippet":"max-snippet:-1","max-image-preview":"max-image-preview:large","max-video-preview":"max-video-preview:-1"},"canonical":"https:\/\/www.eldiario.net\/portal\/2021\/06\/09\/operativo-freno-explotacion-ilegal-de-oro-en-municipio-de-tupiza\/","og_locale":"es_ES","og_type":"article","og_title":"Operativo fren\u00f3 explotaci\u00f3n ilegal de oro en municipio de Tupiza - El Diario - Bolivia","og_description":"Producto de cuatro operativos en el departamento de Potos\u00ed, las autoridades de miner\u00eda, junto a fuerzas del orden, lograron aprehender a varias personas que estaban realizando de manera ilegal explotaci\u00f3n de oro en la regi\u00f3n potosina de Tupiza. El viceministro de Pol\u00edtica Minera, Regulaci\u00f3n y Fiscalizaci\u00f3n, Wiston Medrano, junto a la directora ejecutiva nacional de [&hellip;]","og_url":"https:\/\/www.eldiario.net\/portal\/2021\/06\/09\/operativo-freno-explotacion-ilegal-de-oro-en-municipio-de-tupiza\/","og_site_name":"El Diario - Bolivia","article_publisher":"https:\/\/www.facebook.com\/eldiario.bolivia\/","article_published_time":"2021-06-09T04:08:47+00:00","author":"Jeanette","twitter_card":"summary_large_image","twitter_creator":"@eldiario_net","twitter_site":"@eldiario_net","twitter_misc":{"Escrito por":"Jeanette","Tiempo de lectura":"2 minutos"},"schema":{"@context":"https:\/\/schema.org","@graph":[{"@type":"Article","@id":"https:\/\/www.eldiario.net\/portal\/2021\/06\/09\/operativo-freno-explotacion-ilegal-de-oro-en-municipio-de-tupiza\/#article","isPartOf":{"@id":"https:\/\/www.eldiario.net\/portal\/2021\/06\/09\/operativo-freno-explotacion-ilegal-de-oro-en-municipio-de-tupiza\/"},"author":{"name":"Jeanette","@id":"https:\/\/www.eldiario.net\/portal\/#\/schema\/person\/f46445640444750d7d753ccd04ae01b7"},"headline":"Operativo fren\u00f3 explotaci\u00f3n ilegal de oro en municipio de Tupiza","datePublished":"2021-06-09T04:08:47+00:00","mainEntityOfPage":{"@id":"https:\/\/www.eldiario.net\/portal\/2021\/06\/09\/operativo-freno-explotacion-ilegal-de-oro-en-municipio-de-tupiza\/"},"wordCount":310,"publisher":{"@id":"https:\/\/www.eldiario.net\/portal\/#organization"},"image":{"@id":"https:\/\/www.eldiario.net\/portal\/2021\/06\/09\/operativo-freno-explotacion-ilegal-de-oro-en-municipio-de-tupiza\/#primaryimage"},"thumbnailUrl":"","articleSection":["Econom\u00eda"],"inLanguage":"es"},{"@type":"WebPage","@id":"https:\/\/www.eldiario.net\/portal\/2021\/06\/09\/operativo-freno-explotacion-ilegal-de-oro-en-municipio-de-tupiza\/","url":"https:\/\/www.eldiario.net\/portal\/2021\/06\/09\/operativo-freno-explotacion-ilegal-de-oro-en-municipio-de-tupiza\/","name":"Operativo fren\u00f3 explotaci\u00f3n ilegal de oro en municipio de Tupiza - El Diario - Bolivia","isPartOf":{"@id":"https:\/\/www.eldiario.net\/portal\/#website"},"primaryImageOfPage":{"@id":"https:\/\/www.eldiario.net\/portal\/2021\/06\/09\/operativo-freno-explotacion-ilegal-de-oro-en-municipio-de-tupiza\/#primaryimage"},"image":{"@id":"https:\/\/www.eldiario.net\/portal\/2021\/06\/09\/operativo-freno-explotacion-ilegal-de-oro-en-municipio-de-tupiza\/#primaryimage"},"thumbnailUrl":"","datePublished":"2021-06-09T04:08:47+00:00","breadcrumb":{"@id":"https:\/\/www.eldiario.net\/portal\/2021\/06\/09\/operativo-freno-explotacion-ilegal-de-oro-en-municipio-de-tupiza\/#breadcrumb"},"inLanguage":"es","potentialAction":[{"@type":"ReadAction","target":["https:\/\/www.eldiario.net\/portal\/2021\/06\/09\/operativo-freno-explotacion-ilegal-de-oro-en-municipio-de-tupiza\/"]}]},{"@type":"ImageObject","inLanguage":"es","@id":"https:\/\/www.eldiario.net\/portal\/2021\/06\/09\/operativo-freno-explotacion-ilegal-de-oro-en-municipio-de-tupiza\/#primaryimage","url":"","contentUrl":""},{"@type":"BreadcrumbList","@id":"https:\/\/www.eldiario.net\/portal\/2021\/06\/09\/operativo-freno-explotacion-ilegal-de-oro-en-municipio-de-tupiza\/#breadcrumb","itemListElement":[{"@type":"ListItem","position":1,"name":"Portada","item":"https:\/\/www.eldiario.net\/portal\/"},{"@type":"ListItem","position":2,"name":"Operativo fren\u00f3 explotaci\u00f3n ilegal de oro en municipio de Tupiza"}]},{"@type":"WebSite","@id":"https:\/\/www.eldiario.net\/portal\/#website","url":"https:\/\/www.eldiario.net\/portal\/","name":"El Diario - Decano de la prensa nacional","description":"El Diario - Decano de la prensa nacional","publisher":{"@id":"https:\/\/www.eldiario.net\/portal\/#organization"},"potentialAction":[{"@type":"SearchAction","target":{"@type":"EntryPoint","urlTemplate":"https:\/\/www.eldiario.net\/portal\/?s={search_term_string}"},"query-input":{"@type":"PropertyValueSpecification","valueRequired":true,"valueName":"search_term_string"}}],"inLanguage":"es"},{"@type":"Organization","@id":"https:\/\/www.eldiario.net\/portal\/#organization","name":"El Diario - Decano de la prensa nacional","url":"https:\/\/www.eldiario.net\/portal\/","logo":{"@type":"ImageObject","inLanguage":"es","@id":"https:\/\/www.eldiario.net\/portal\/#\/schema\/logo\/image\/","url":"https:\/\/www.eldiario.net\/portal\/wp-content\/uploads\/2023\/07\/logo_ED.jpg","contentUrl":"https:\/\/www.eldiario.net\/portal\/wp-content\/uploads\/2023\/07\/logo_ED.jpg","width":272,"height":52,"caption":"El Diario - Decano de la prensa nacional"},"image":{"@id":"https:\/\/www.eldiario.net\/portal\/#\/schema\/logo\/image\/"},"sameAs":["https:\/\/www.facebook.com\/eldiario.bolivia\/","https:\/\/x.com\/eldiario_net"]},{"@type":"Person","@id":"https:\/\/www.eldiario.net\/portal\/#\/schema\/person\/f46445640444750d7d753ccd04ae01b7","name":"Jeanette","image":{"@type":"ImageObject","inLanguage":"es","@id":"https:\/\/secure.gravatar.com\/avatar\/3ea2118a5f7dad2b7138b1187a6b7ee55f160b9968b66013c3a3ef39dd7e5798?s=96&d=mm&r=g","url":"https:\/\/secure.gravatar.com\/avatar\/3ea2118a5f7dad2b7138b1187a6b7ee55f160b9968b66013c3a3ef39dd7e5798?s=96&d=mm&r=g","contentUrl":"https:\/\/secure.gravatar.com\/avatar\/3ea2118a5f7dad2b7138b1187a6b7ee55f160b9968b66013c3a3ef39dd7e5798?s=96&d=mm&r=g","caption":"Jeanette"},"sameAs":["https:\/\/www.eldiario.net\/portal"],"url":"https:\/\/www.eldiario.net\/portal\/author\/jeanette\/"}]}},"_links":{"self":[{"href":"https:\/\/www.eldiario.net\/portal\/wp-json\/wp\/v2\/posts\/9199","targetHints":{"allow":["GET"]}}],"collection":[{"href":"https:\/\/www.eldiario.net\/portal\/wp-json\/wp\/v2\/posts"}],"about":[{"href":"https:\/\/www.eldiario.net\/portal\/wp-json\/wp\/v2\/types\/post"}],"author":[{"embeddable":true,"href":"https:\/\/www.eldiario.net\/portal\/wp-json\/wp\/v2\/users\/1"}],"replies":[{"embeddable":true,"href":"https:\/\/www.eldiario.net\/portal\/wp-json\/wp\/v2\/comments?post=9199"}],"version-history":[{"count":0,"href":"https:\/\/www.eldiario.net\/portal\/wp-json\/wp\/v2\/posts\/9199\/revisions"}],"wp:attachment":[{"href":"https:\/\/www.eldiario.net\/portal\/wp-json\/wp\/v2\/media?parent=9199"}],"wp:term":[{"taxonomy":"category","embeddable":true,"href":"https:\/\/www.eldiario.net\/portal\/wp-json\/wp\/v2\/categories?post=9199"},{"taxonomy":"post_tag","embeddable":true,"href":"https:\/\/www.eldiario.net\/portal\/wp-json\/wp\/v2\/tags?post=9199"}],"curies":[{"name":"wp","href":"https:\/\/api.w.org\/{rel}","templated":true}]}}