{"id":91565,"date":"2022-06-19T05:55:05","date_gmt":"2022-06-19T09:55:05","guid":{"rendered":"https:\/\/www.eldiario.net\/portal\/?p=91565"},"modified":"2022-06-19T05:55:05","modified_gmt":"2022-06-19T09:55:05","slug":"ecuador-decreta-el-estado-de-excepcion-en-tres-provincias","status":"publish","type":"post","link":"https:\/\/www.eldiario.net\/portal\/2022\/06\/19\/ecuador-decreta-el-estado-de-excepcion-en-tres-provincias\/","title":{"rendered":"Ecuador decreta el estado de  excepci\u00f3n en tres provincias"},"content":{"rendered":"<p>Quito.- El presidente de Ecuador, Guillermo Lasso, decret\u00f3 ayer el estado de excepci\u00f3n en tres provincias del pa\u00eds como respuesta al paro nacional convocado por la Confederaci\u00f3n de Nacionalidades Ind\u00edgenas del Ecuador (Conaie), que ha salido a la calle por quinto d\u00eda consecutivo.<br \/>\nDurante 30 d\u00edas, las provincias de Pichincha, Imbabura, Cotopaxi estar\u00e1n bajo el estado de excepci\u00f3n, que permite el despliegue de las Fuerzas Armadas para misiones de seguridad ciudadana y contra la delincuencia, aunque el presidente ecuatoriano no ha dado detalles sobre el despliegue de militares o de la imposici\u00f3n de un toque de queda nocturno, como s\u00ed ha hecho en otros reg\u00edmenes de excepci\u00f3n.<br \/>\n\u201cAnoche convoqu\u00e9 al di\u00e1logo y la respuesta fue m\u00e1s violencia (&#8230;). Esto me obliga a declarar el estado de excepci\u00f3n en Pichincha, Imbabura, Cotopaxi a partir de la medianoche de hoy\u201d, explic\u00f3 el mandatario ecuatoriano en un comunicado emitido por la principal televisi\u00f3n del pa\u00eds.<br \/>\nLasso insinu\u00f3 que el convocante de las protestas, Conaie, no tiene intenci\u00f3n de buscar soluciones, y les ha acusado de provocar un alza de los precios por el cierre de carreteras, y de poner en riesgo a los enfermos por prohibir el paso de ambulancias.<br \/>\nSin embargo, manifest\u00f3 que \u00abhay gente buena que est\u00e1 marchando para reclamar causas justas\u00bb y que su Ejecutivo \u00abtodav\u00eda\u00bb no ha podido atender. Por este motivo, y \u00abpara aliviar la dif\u00edcil situaci\u00f3n de las familias ecuatorianas\u00bb, ha anunciado un paquete de medidas \u00abcon la finalidad de garantizar la paz de todo el pa\u00eds y atender las principales demandas y preocupaciones de la poblaci\u00f3n\u00bb, tal y como ha explicado la Presidencia del pa\u00eds en un comunicado.<br \/>\n\u00abHe decidido aumentar el bono de desarrollo humano a 55 d\u00f3lares (52,40 euros), declarar en emergencia el Sistema de Salud P\u00fablica, duplicar el presupuesto en Educaci\u00f3n Intercultural, subsidiar hasta al 50 por ciento el precio de la urea (fertilizantes) para peque\u00f1os y medianos productores\u00bb, detall\u00f3 el mandatario ecuatoriano.<br \/>\nAsimismo, anunci\u00f3 que Banecuador &#8211;un banco propiedad del Estado&#8211; perdonar\u00e1 todos los cr\u00e9ditos vencidos hasta 3.000 d\u00f3lares (2.850 euros), y que otorgar\u00e1 cr\u00e9dito agr\u00edcola para financiar a los agricultores.<br \/>\n\u00abNo habr\u00e1 alza del gas, la gasolina extra (&#8230;). No habr\u00e1 ninguna privatizaci\u00f3n de servicios p\u00fablicos y sectores estrat\u00e9gicos. Invito al di\u00e1logo a la sociedad civil, a los m\u00e9dicos, a los artesanos, a los agricultores, a los transportistas, a las universidades y a todas las organizaciones sociales\u00bb, agreg\u00f3 Lasso, que ha instado a que cesen las protestas.<br \/>\nEste anuncio llega en la jornada en la que se cumplen cinco d\u00edas del paro general convocado por Conaie. La organizaci\u00f3n ind\u00edgena y sus aliados protestan por el elevado precio de los productos de primera necesidad y los combustibles, la precariedad de los hospitales p\u00fablicos, o que no se atienden a los agricultores.<br \/>\nAsimismo, critican a \u00abla pol\u00edtica neoliberal del presidente Guillermo Lasso\u00bb por la presunta privatizaci\u00f3n de empresas p\u00fablicas, o las reformas legales en curso para promover el trabajo por horas.<br \/>\nTras el anuncio del estado de emergencia, Conaie hizo un llamado a los manifestantes a \u00abno permitir el vandalismo\u00bb y a llevar la protesta con \u00abdignidad\u00bb y ha la vez ha ratificado la vigencia de la convocatoria del paro.<br \/>\n\u00abHacemos el llamado a nuestras estructuras de base, fraternas y poblaci\u00f3n a no permitir el vandalismo, la violencia e identificar infiltrados que quieren generar caos. La protesta debe llevarse con una agenda clara, dignidad y conciencia colectiva\u00bb, detall\u00f3 la organizaci\u00f3n en un comunicado.<br \/>\n\u00abNo demos pretexto al gobierno para que imponga la violencia\u00bb, apunt\u00f3 el l\u00edder de la CONAIE, Le\u00f3nidas Iza. Sin embargo, Iza ha criticado las \u00abmedidas irrisorias\u00bb anunciadas por Lasso.<br \/>\nEstas medidas \u00abalgo ayudar\u00e1n a las familias\u00bb, seg\u00fan Iza, que ha se\u00f1alado sin embargo que muchos de los anuncios no vienen acompa\u00f1ados de un documento concreto. (Europa Press)<\/p>\n","protected":false},"excerpt":{"rendered":"<p>Quito.- El presidente de Ecuador, Guillermo Lasso, decret\u00f3 ayer el estado de excepci\u00f3n en tres provincias del pa\u00eds como respuesta al paro nacional convocado por la Confederaci\u00f3n de Nacionalidades Ind\u00edgenas del Ecuador (Conaie), que ha salido a la calle por quinto d\u00eda consecutivo. Durante 30 d\u00edas, las provincias de Pichincha, Imbabura, Cotopaxi estar\u00e1n bajo el [&hellip;]<\/p>\n","protected":false},"author":1,"featured_media":91566,"comment_status":"closed","ping_status":"closed","sticky":false,"template":"","format":"standard","meta":{"_acf_changed":false,"footnotes":""},"categories":[3],"tags":[],"class_list":["post-91565","post","type-post","status-publish","format-standard","has-post-thumbnail","category-internacional"],"acf":{"antetitulo":""},"yoast_head":"<!-- This site is optimized with the Yoast SEO plugin v28.3 - https:\/\/yoast.com\/product\/yoast-seo-wordpress\/ -->\n<title>Ecuador decreta el estado de excepci\u00f3n en tres provincias - El Diario - Bolivia<\/title>\n<meta name=\"robots\" content=\"index, follow, max-snippet:-1, max-image-preview:large, max-video-preview:-1\" \/>\n<link rel=\"canonical\" href=\"https:\/\/www.eldiario.net\/portal\/2022\/06\/19\/ecuador-decreta-el-estado-de-excepcion-en-tres-provincias\/\" \/>\n<meta property=\"og:locale\" content=\"es_ES\" \/>\n<meta property=\"og:type\" content=\"article\" \/>\n<meta property=\"og:title\" content=\"Ecuador decreta el estado de excepci\u00f3n en tres provincias - El Diario - Bolivia\" \/>\n<meta property=\"og:description\" content=\"Quito.- El presidente de Ecuador, Guillermo Lasso, decret\u00f3 ayer el estado de excepci\u00f3n en tres provincias del pa\u00eds como respuesta al paro nacional convocado por la Confederaci\u00f3n de Nacionalidades Ind\u00edgenas del Ecuador (Conaie), que ha salido a la calle por quinto d\u00eda consecutivo. Durante 30 d\u00edas, las provincias de Pichincha, Imbabura, Cotopaxi estar\u00e1n bajo el [&hellip;]\" \/>\n<meta property=\"og:url\" content=\"https:\/\/www.eldiario.net\/portal\/2022\/06\/19\/ecuador-decreta-el-estado-de-excepcion-en-tres-provincias\/\" \/>\n<meta property=\"og:site_name\" content=\"El Diario - Bolivia\" \/>\n<meta property=\"article:publisher\" content=\"https:\/\/www.facebook.com\/eldiario.bolivia\/\" \/>\n<meta property=\"article:published_time\" content=\"2022-06-19T09:55:05+00:00\" \/>\n<meta name=\"author\" content=\"Jeanette\" \/>\n<meta name=\"twitter:card\" content=\"summary_large_image\" \/>\n<meta name=\"twitter:creator\" content=\"@eldiario_net\" \/>\n<meta name=\"twitter:site\" content=\"@eldiario_net\" \/>\n<meta name=\"twitter:label1\" content=\"Escrito por\" \/>\n\t<meta name=\"twitter:data1\" content=\"Jeanette\" \/>\n\t<meta name=\"twitter:label2\" content=\"Tiempo de lectura\" \/>\n\t<meta name=\"twitter:data2\" content=\"3 minutos\" \/>\n<script type=\"application\/ld+json\" class=\"yoast-schema-graph\">{\"@context\":\"https:\\\/\\\/schema.org\",\"@graph\":[{\"@type\":\"Article\",\"@id\":\"https:\\\/\\\/www.eldiario.net\\\/portal\\\/2022\\\/06\\\/19\\\/ecuador-decreta-el-estado-de-excepcion-en-tres-provincias\\\/#article\",\"isPartOf\":{\"@id\":\"https:\\\/\\\/www.eldiario.net\\\/portal\\\/2022\\\/06\\\/19\\\/ecuador-decreta-el-estado-de-excepcion-en-tres-provincias\\\/\"},\"author\":{\"name\":\"Jeanette\",\"@id\":\"https:\\\/\\\/www.eldiario.net\\\/portal\\\/#\\\/schema\\\/person\\\/f46445640444750d7d753ccd04ae01b7\"},\"headline\":\"Ecuador decreta el estado de excepci\u00f3n en tres provincias\",\"datePublished\":\"2022-06-19T09:55:05+00:00\",\"mainEntityOfPage\":{\"@id\":\"https:\\\/\\\/www.eldiario.net\\\/portal\\\/2022\\\/06\\\/19\\\/ecuador-decreta-el-estado-de-excepcion-en-tres-provincias\\\/\"},\"wordCount\":681,\"publisher\":{\"@id\":\"https:\\\/\\\/www.eldiario.net\\\/portal\\\/#organization\"},\"image\":{\"@id\":\"https:\\\/\\\/www.eldiario.net\\\/portal\\\/2022\\\/06\\\/19\\\/ecuador-decreta-el-estado-de-excepcion-en-tres-provincias\\\/#primaryimage\"},\"thumbnailUrl\":\"\",\"articleSection\":[\"Internacional\"],\"inLanguage\":\"es\"},{\"@type\":\"WebPage\",\"@id\":\"https:\\\/\\\/www.eldiario.net\\\/portal\\\/2022\\\/06\\\/19\\\/ecuador-decreta-el-estado-de-excepcion-en-tres-provincias\\\/\",\"url\":\"https:\\\/\\\/www.eldiario.net\\\/portal\\\/2022\\\/06\\\/19\\\/ecuador-decreta-el-estado-de-excepcion-en-tres-provincias\\\/\",\"name\":\"Ecuador decreta el estado de excepci\u00f3n en tres provincias - El Diario - Bolivia\",\"isPartOf\":{\"@id\":\"https:\\\/\\\/www.eldiario.net\\\/portal\\\/#website\"},\"primaryImageOfPage\":{\"@id\":\"https:\\\/\\\/www.eldiario.net\\\/portal\\\/2022\\\/06\\\/19\\\/ecuador-decreta-el-estado-de-excepcion-en-tres-provincias\\\/#primaryimage\"},\"image\":{\"@id\":\"https:\\\/\\\/www.eldiario.net\\\/portal\\\/2022\\\/06\\\/19\\\/ecuador-decreta-el-estado-de-excepcion-en-tres-provincias\\\/#primaryimage\"},\"thumbnailUrl\":\"\",\"datePublished\":\"2022-06-19T09:55:05+00:00\",\"breadcrumb\":{\"@id\":\"https:\\\/\\\/www.eldiario.net\\\/portal\\\/2022\\\/06\\\/19\\\/ecuador-decreta-el-estado-de-excepcion-en-tres-provincias\\\/#breadcrumb\"},\"inLanguage\":\"es\",\"potentialAction\":[{\"@type\":\"ReadAction\",\"target\":[\"https:\\\/\\\/www.eldiario.net\\\/portal\\\/2022\\\/06\\\/19\\\/ecuador-decreta-el-estado-de-excepcion-en-tres-provincias\\\/\"]}]},{\"@type\":\"ImageObject\",\"inLanguage\":\"es\",\"@id\":\"https:\\\/\\\/www.eldiario.net\\\/portal\\\/2022\\\/06\\\/19\\\/ecuador-decreta-el-estado-de-excepcion-en-tres-provincias\\\/#primaryimage\",\"url\":\"\",\"contentUrl\":\"\"},{\"@type\":\"BreadcrumbList\",\"@id\":\"https:\\\/\\\/www.eldiario.net\\\/portal\\\/2022\\\/06\\\/19\\\/ecuador-decreta-el-estado-de-excepcion-en-tres-provincias\\\/#breadcrumb\",\"itemListElement\":[{\"@type\":\"ListItem\",\"position\":1,\"name\":\"Portada\",\"item\":\"https:\\\/\\\/www.eldiario.net\\\/portal\\\/\"},{\"@type\":\"ListItem\",\"position\":2,\"name\":\"Ecuador decreta el estado de excepci\u00f3n en tres provincias\"}]},{\"@type\":\"WebSite\",\"@id\":\"https:\\\/\\\/www.eldiario.net\\\/portal\\\/#website\",\"url\":\"https:\\\/\\\/www.eldiario.net\\\/portal\\\/\",\"name\":\"El Diario - Decano de la prensa nacional\",\"description\":\"El Diario - Decano de la prensa nacional\",\"publisher\":{\"@id\":\"https:\\\/\\\/www.eldiario.net\\\/portal\\\/#organization\"},\"potentialAction\":[{\"@type\":\"SearchAction\",\"target\":{\"@type\":\"EntryPoint\",\"urlTemplate\":\"https:\\\/\\\/www.eldiario.net\\\/portal\\\/?s={search_term_string}\"},\"query-input\":{\"@type\":\"PropertyValueSpecification\",\"valueRequired\":true,\"valueName\":\"search_term_string\"}}],\"inLanguage\":\"es\"},{\"@type\":\"Organization\",\"@id\":\"https:\\\/\\\/www.eldiario.net\\\/portal\\\/#organization\",\"name\":\"El Diario - Decano de la prensa nacional\",\"url\":\"https:\\\/\\\/www.eldiario.net\\\/portal\\\/\",\"logo\":{\"@type\":\"ImageObject\",\"inLanguage\":\"es\",\"@id\":\"https:\\\/\\\/www.eldiario.net\\\/portal\\\/#\\\/schema\\\/logo\\\/image\\\/\",\"url\":\"https:\\\/\\\/www.eldiario.net\\\/portal\\\/wp-content\\\/uploads\\\/2023\\\/07\\\/logo_ED.jpg\",\"contentUrl\":\"https:\\\/\\\/www.eldiario.net\\\/portal\\\/wp-content\\\/uploads\\\/2023\\\/07\\\/logo_ED.jpg\",\"width\":272,\"height\":52,\"caption\":\"El Diario - Decano de la prensa nacional\"},\"image\":{\"@id\":\"https:\\\/\\\/www.eldiario.net\\\/portal\\\/#\\\/schema\\\/logo\\\/image\\\/\"},\"sameAs\":[\"https:\\\/\\\/www.facebook.com\\\/eldiario.bolivia\\\/\",\"https:\\\/\\\/x.com\\\/eldiario_net\"]},{\"@type\":\"Person\",\"@id\":\"https:\\\/\\\/www.eldiario.net\\\/portal\\\/#\\\/schema\\\/person\\\/f46445640444750d7d753ccd04ae01b7\",\"name\":\"Jeanette\",\"image\":{\"@type\":\"ImageObject\",\"inLanguage\":\"es\",\"@id\":\"https:\\\/\\\/secure.gravatar.com\\\/avatar\\\/3ea2118a5f7dad2b7138b1187a6b7ee55f160b9968b66013c3a3ef39dd7e5798?s=96&d=mm&r=g\",\"url\":\"https:\\\/\\\/secure.gravatar.com\\\/avatar\\\/3ea2118a5f7dad2b7138b1187a6b7ee55f160b9968b66013c3a3ef39dd7e5798?s=96&d=mm&r=g\",\"contentUrl\":\"https:\\\/\\\/secure.gravatar.com\\\/avatar\\\/3ea2118a5f7dad2b7138b1187a6b7ee55f160b9968b66013c3a3ef39dd7e5798?s=96&d=mm&r=g\",\"caption\":\"Jeanette\"},\"sameAs\":[\"https:\\\/\\\/www.eldiario.net\\\/portal\"],\"url\":\"https:\\\/\\\/www.eldiario.net\\\/portal\\\/author\\\/jeanette\\\/\"}]}<\/script>\n<!-- \/ Yoast SEO plugin. -->","yoast_head_json":{"title":"Ecuador decreta el estado de excepci\u00f3n en tres provincias - El Diario - Bolivia","robots":{"index":"index","follow":"follow","max-snippet":"max-snippet:-1","max-image-preview":"max-image-preview:large","max-video-preview":"max-video-preview:-1"},"canonical":"https:\/\/www.eldiario.net\/portal\/2022\/06\/19\/ecuador-decreta-el-estado-de-excepcion-en-tres-provincias\/","og_locale":"es_ES","og_type":"article","og_title":"Ecuador decreta el estado de excepci\u00f3n en tres provincias - El Diario - Bolivia","og_description":"Quito.- El presidente de Ecuador, Guillermo Lasso, decret\u00f3 ayer el estado de excepci\u00f3n en tres provincias del pa\u00eds como respuesta al paro nacional convocado por la Confederaci\u00f3n de Nacionalidades Ind\u00edgenas del Ecuador (Conaie), que ha salido a la calle por quinto d\u00eda consecutivo. Durante 30 d\u00edas, las provincias de Pichincha, Imbabura, Cotopaxi estar\u00e1n bajo el [&hellip;]","og_url":"https:\/\/www.eldiario.net\/portal\/2022\/06\/19\/ecuador-decreta-el-estado-de-excepcion-en-tres-provincias\/","og_site_name":"El Diario - Bolivia","article_publisher":"https:\/\/www.facebook.com\/eldiario.bolivia\/","article_published_time":"2022-06-19T09:55:05+00:00","author":"Jeanette","twitter_card":"summary_large_image","twitter_creator":"@eldiario_net","twitter_site":"@eldiario_net","twitter_misc":{"Escrito por":"Jeanette","Tiempo de lectura":"3 minutos"},"schema":{"@context":"https:\/\/schema.org","@graph":[{"@type":"Article","@id":"https:\/\/www.eldiario.net\/portal\/2022\/06\/19\/ecuador-decreta-el-estado-de-excepcion-en-tres-provincias\/#article","isPartOf":{"@id":"https:\/\/www.eldiario.net\/portal\/2022\/06\/19\/ecuador-decreta-el-estado-de-excepcion-en-tres-provincias\/"},"author":{"name":"Jeanette","@id":"https:\/\/www.eldiario.net\/portal\/#\/schema\/person\/f46445640444750d7d753ccd04ae01b7"},"headline":"Ecuador decreta el estado de excepci\u00f3n en tres provincias","datePublished":"2022-06-19T09:55:05+00:00","mainEntityOfPage":{"@id":"https:\/\/www.eldiario.net\/portal\/2022\/06\/19\/ecuador-decreta-el-estado-de-excepcion-en-tres-provincias\/"},"wordCount":681,"publisher":{"@id":"https:\/\/www.eldiario.net\/portal\/#organization"},"image":{"@id":"https:\/\/www.eldiario.net\/portal\/2022\/06\/19\/ecuador-decreta-el-estado-de-excepcion-en-tres-provincias\/#primaryimage"},"thumbnailUrl":"","articleSection":["Internacional"],"inLanguage":"es"},{"@type":"WebPage","@id":"https:\/\/www.eldiario.net\/portal\/2022\/06\/19\/ecuador-decreta-el-estado-de-excepcion-en-tres-provincias\/","url":"https:\/\/www.eldiario.net\/portal\/2022\/06\/19\/ecuador-decreta-el-estado-de-excepcion-en-tres-provincias\/","name":"Ecuador decreta el estado de excepci\u00f3n en tres provincias - El Diario - Bolivia","isPartOf":{"@id":"https:\/\/www.eldiario.net\/portal\/#website"},"primaryImageOfPage":{"@id":"https:\/\/www.eldiario.net\/portal\/2022\/06\/19\/ecuador-decreta-el-estado-de-excepcion-en-tres-provincias\/#primaryimage"},"image":{"@id":"https:\/\/www.eldiario.net\/portal\/2022\/06\/19\/ecuador-decreta-el-estado-de-excepcion-en-tres-provincias\/#primaryimage"},"thumbnailUrl":"","datePublished":"2022-06-19T09:55:05+00:00","breadcrumb":{"@id":"https:\/\/www.eldiario.net\/portal\/2022\/06\/19\/ecuador-decreta-el-estado-de-excepcion-en-tres-provincias\/#breadcrumb"},"inLanguage":"es","potentialAction":[{"@type":"ReadAction","target":["https:\/\/www.eldiario.net\/portal\/2022\/06\/19\/ecuador-decreta-el-estado-de-excepcion-en-tres-provincias\/"]}]},{"@type":"ImageObject","inLanguage":"es","@id":"https:\/\/www.eldiario.net\/portal\/2022\/06\/19\/ecuador-decreta-el-estado-de-excepcion-en-tres-provincias\/#primaryimage","url":"","contentUrl":""},{"@type":"BreadcrumbList","@id":"https:\/\/www.eldiario.net\/portal\/2022\/06\/19\/ecuador-decreta-el-estado-de-excepcion-en-tres-provincias\/#breadcrumb","itemListElement":[{"@type":"ListItem","position":1,"name":"Portada","item":"https:\/\/www.eldiario.net\/portal\/"},{"@type":"ListItem","position":2,"name":"Ecuador decreta el estado de excepci\u00f3n en tres provincias"}]},{"@type":"WebSite","@id":"https:\/\/www.eldiario.net\/portal\/#website","url":"https:\/\/www.eldiario.net\/portal\/","name":"El Diario - Decano de la prensa nacional","description":"El Diario - Decano de la prensa nacional","publisher":{"@id":"https:\/\/www.eldiario.net\/portal\/#organization"},"potentialAction":[{"@type":"SearchAction","target":{"@type":"EntryPoint","urlTemplate":"https:\/\/www.eldiario.net\/portal\/?s={search_term_string}"},"query-input":{"@type":"PropertyValueSpecification","valueRequired":true,"valueName":"search_term_string"}}],"inLanguage":"es"},{"@type":"Organization","@id":"https:\/\/www.eldiario.net\/portal\/#organization","name":"El Diario - Decano de la prensa nacional","url":"https:\/\/www.eldiario.net\/portal\/","logo":{"@type":"ImageObject","inLanguage":"es","@id":"https:\/\/www.eldiario.net\/portal\/#\/schema\/logo\/image\/","url":"https:\/\/www.eldiario.net\/portal\/wp-content\/uploads\/2023\/07\/logo_ED.jpg","contentUrl":"https:\/\/www.eldiario.net\/portal\/wp-content\/uploads\/2023\/07\/logo_ED.jpg","width":272,"height":52,"caption":"El Diario - Decano de la prensa nacional"},"image":{"@id":"https:\/\/www.eldiario.net\/portal\/#\/schema\/logo\/image\/"},"sameAs":["https:\/\/www.facebook.com\/eldiario.bolivia\/","https:\/\/x.com\/eldiario_net"]},{"@type":"Person","@id":"https:\/\/www.eldiario.net\/portal\/#\/schema\/person\/f46445640444750d7d753ccd04ae01b7","name":"Jeanette","image":{"@type":"ImageObject","inLanguage":"es","@id":"https:\/\/secure.gravatar.com\/avatar\/3ea2118a5f7dad2b7138b1187a6b7ee55f160b9968b66013c3a3ef39dd7e5798?s=96&d=mm&r=g","url":"https:\/\/secure.gravatar.com\/avatar\/3ea2118a5f7dad2b7138b1187a6b7ee55f160b9968b66013c3a3ef39dd7e5798?s=96&d=mm&r=g","contentUrl":"https:\/\/secure.gravatar.com\/avatar\/3ea2118a5f7dad2b7138b1187a6b7ee55f160b9968b66013c3a3ef39dd7e5798?s=96&d=mm&r=g","caption":"Jeanette"},"sameAs":["https:\/\/www.eldiario.net\/portal"],"url":"https:\/\/www.eldiario.net\/portal\/author\/jeanette\/"}]}},"_links":{"self":[{"href":"https:\/\/www.eldiario.net\/portal\/wp-json\/wp\/v2\/posts\/91565","targetHints":{"allow":["GET"]}}],"collection":[{"href":"https:\/\/www.eldiario.net\/portal\/wp-json\/wp\/v2\/posts"}],"about":[{"href":"https:\/\/www.eldiario.net\/portal\/wp-json\/wp\/v2\/types\/post"}],"author":[{"embeddable":true,"href":"https:\/\/www.eldiario.net\/portal\/wp-json\/wp\/v2\/users\/1"}],"replies":[{"embeddable":true,"href":"https:\/\/www.eldiario.net\/portal\/wp-json\/wp\/v2\/comments?post=91565"}],"version-history":[{"count":0,"href":"https:\/\/www.eldiario.net\/portal\/wp-json\/wp\/v2\/posts\/91565\/revisions"}],"wp:attachment":[{"href":"https:\/\/www.eldiario.net\/portal\/wp-json\/wp\/v2\/media?parent=91565"}],"wp:term":[{"taxonomy":"category","embeddable":true,"href":"https:\/\/www.eldiario.net\/portal\/wp-json\/wp\/v2\/categories?post=91565"},{"taxonomy":"post_tag","embeddable":true,"href":"https:\/\/www.eldiario.net\/portal\/wp-json\/wp\/v2\/tags?post=91565"}],"curies":[{"name":"wp","href":"https:\/\/api.w.org\/{rel}","templated":true}]}}