{"id":91562,"date":"2022-06-19T05:53:48","date_gmt":"2022-06-19T09:53:48","guid":{"rendered":"https:\/\/www.eldiario.net\/portal\/?p=91562"},"modified":"2022-06-19T05:53:48","modified_gmt":"2022-06-19T09:53:48","slug":"periodista-britanico-e-indigenista-fueron-asesinados-con-arma-de-caza","status":"publish","type":"post","link":"https:\/\/www.eldiario.net\/portal\/2022\/06\/19\/periodista-britanico-e-indigenista-fueron-asesinados-con-arma-de-caza\/","title":{"rendered":"Periodista brit\u00e1nico e indigenista  fueron asesinados con arma de caza"},"content":{"rendered":"<p>Brasilia.- Los ex\u00e1menes periciales revelaron que el periodista brit\u00e1nico y el indigenista desaparecidos en la Amazon\u00eda brasile\u00f1a fueron asesinados con un arma de caza.<br \/>\nConcretamente los peritos del Instituto Nacional de Criminal\u00edstica de Brasilia han indicado que el indigenista Bruno Pereira recibi\u00f3 tres disparos: uno en la cabeza y dos en el t\u00f3rax, y el periodista brit\u00e1nico Dom Phillips recibi\u00f3 un solo disparo en el pecho, informa la prensa brasile\u00f1a.<br \/>\nLos cuerpos de ambos fueron hallados el pasado lunes en la regi\u00f3n del valle del Javari, en la regi\u00f3n amaz\u00f3nica, aunque hasta este viernes no se ha confirmado la identidad del brit\u00e1nico.<br \/>\nLa muerte de Pereira fue provocada por un \u201ctraumatismo tor\u00e1cicoabdominal y craneano\u201d y los disparos fueron efectuados \u201ccon munici\u00f3n t\u00edpica de caza\u201d. Phillips sufri\u00f3 \u201ctraumatismo tor\u00e1cicoabdominal por disparo de arma de fuego con munici\u00f3n t\u00edpica de caza, con m\u00faltiples balines que causaron lesiones en la regi\u00f3n abdominal y tor\u00e1cica\u201d.<br \/>\nLos ex\u00e1menes odontol\u00f3gicos proporcionados por la familia de Pereira han permitido confirmar la identidad del indigenista, mientras que en el caso del periodista se recurri\u00f3 a la antropolog\u00eda forense.<br \/>\nHasta el momento han sido detenidas tres personas por su presunta implicaci\u00f3n en estos asesinatos, incluido un hombre que se ha entregado este mismo s\u00e1bado. Contin\u00faan las investigaciones para determinar el m\u00f3vil del ataque. (Europa Press)<\/p>\n<p><strong>Arrestan al tercer sospechoso<\/strong><\/p>\n<p>Brasilia.- La polic\u00eda federal brasile\u00f1a inform\u00f3 ayer que arrest\u00f3 a un tercer sospechoso en el asesinato del periodista brit\u00e1nico Dom Phillips y del experto ind\u00edgena Bruno Pereira en la selva amaz\u00f3nica hace casi dos semanas.<br \/>\nJeferson da Silva Lima estaba pr\u00f3fugo, pero se entreg\u00f3 a la comisar\u00eda de Atalaia do Norte en el remoto valle de Javar\u00ed, en la frontera con Per\u00fa y Colombia.<br \/>\n\u201cEl detenido ser\u00e1 interrogado y remitido a una audiencia de custodia\u201d, dijo la polic\u00eda federal en un comunicado.<br \/>\nUn examen forense realizado a restos humanos encontrados en la regi\u00f3n confirm\u00f3 el s\u00e1bado que pertenec\u00edan a Pereira. Los restos de Phillips hab\u00edan sido identificados el pasado viernes. (Reuters)<\/p>\n","protected":false},"excerpt":{"rendered":"<p>Brasilia.- Los ex\u00e1menes periciales revelaron que el periodista brit\u00e1nico y el indigenista desaparecidos en la Amazon\u00eda brasile\u00f1a fueron asesinados con un arma de caza. Concretamente los peritos del Instituto Nacional de Criminal\u00edstica de Brasilia han indicado que el indigenista Bruno Pereira recibi\u00f3 tres disparos: uno en la cabeza y dos en el t\u00f3rax, y el [&hellip;]<\/p>\n","protected":false},"author":1,"featured_media":91563,"comment_status":"closed","ping_status":"closed","sticky":false,"template":"","format":"standard","meta":{"_acf_changed":false,"footnotes":""},"categories":[3],"tags":[],"class_list":["post-91562","post","type-post","status-publish","format-standard","has-post-thumbnail","category-internacional"],"acf":{"antetitulo":""},"yoast_head":"<!-- This site is optimized with the Yoast SEO plugin v28.3 - https:\/\/yoast.com\/product\/yoast-seo-wordpress\/ -->\n<title>Periodista brit\u00e1nico e indigenista fueron asesinados con arma de caza - El Diario - Bolivia<\/title>\n<meta name=\"robots\" content=\"index, follow, max-snippet:-1, max-image-preview:large, max-video-preview:-1\" \/>\n<link rel=\"canonical\" href=\"https:\/\/www.eldiario.net\/portal\/2022\/06\/19\/periodista-britanico-e-indigenista-fueron-asesinados-con-arma-de-caza\/\" \/>\n<meta property=\"og:locale\" content=\"es_ES\" \/>\n<meta property=\"og:type\" content=\"article\" \/>\n<meta property=\"og:title\" content=\"Periodista brit\u00e1nico e indigenista fueron asesinados con arma de caza - El Diario - Bolivia\" \/>\n<meta property=\"og:description\" content=\"Brasilia.- Los ex\u00e1menes periciales revelaron que el periodista brit\u00e1nico y el indigenista desaparecidos en la Amazon\u00eda brasile\u00f1a fueron asesinados con un arma de caza. Concretamente los peritos del Instituto Nacional de Criminal\u00edstica de Brasilia han indicado que el indigenista Bruno Pereira recibi\u00f3 tres disparos: uno en la cabeza y dos en el t\u00f3rax, y el [&hellip;]\" \/>\n<meta property=\"og:url\" content=\"https:\/\/www.eldiario.net\/portal\/2022\/06\/19\/periodista-britanico-e-indigenista-fueron-asesinados-con-arma-de-caza\/\" \/>\n<meta property=\"og:site_name\" content=\"El Diario - Bolivia\" \/>\n<meta property=\"article:publisher\" content=\"https:\/\/www.facebook.com\/eldiario.bolivia\/\" \/>\n<meta property=\"article:published_time\" content=\"2022-06-19T09:53:48+00:00\" \/>\n<meta property=\"og:image\" content=\"https:\/\/www.eldiario.net\/portal\/wp-content\/uploads\/2022\/06\/Brasil-1.jpg\" \/>\n\t<meta property=\"og:image:width\" content=\"1920\" \/>\n\t<meta property=\"og:image:height\" content=\"1080\" \/>\n\t<meta property=\"og:image:type\" content=\"image\/jpeg\" \/>\n<meta name=\"author\" content=\"Jeanette\" \/>\n<meta name=\"twitter:card\" content=\"summary_large_image\" \/>\n<meta name=\"twitter:creator\" content=\"@eldiario_net\" \/>\n<meta name=\"twitter:site\" content=\"@eldiario_net\" \/>\n<meta name=\"twitter:label1\" content=\"Escrito por\" \/>\n\t<meta name=\"twitter:data1\" content=\"Jeanette\" \/>\n\t<meta name=\"twitter:label2\" content=\"Tiempo de lectura\" \/>\n\t<meta name=\"twitter:data2\" content=\"2 minutos\" \/>\n<script type=\"application\/ld+json\" class=\"yoast-schema-graph\">{\"@context\":\"https:\\\/\\\/schema.org\",\"@graph\":[{\"@type\":\"Article\",\"@id\":\"https:\\\/\\\/www.eldiario.net\\\/portal\\\/2022\\\/06\\\/19\\\/periodista-britanico-e-indigenista-fueron-asesinados-con-arma-de-caza\\\/#article\",\"isPartOf\":{\"@id\":\"https:\\\/\\\/www.eldiario.net\\\/portal\\\/2022\\\/06\\\/19\\\/periodista-britanico-e-indigenista-fueron-asesinados-con-arma-de-caza\\\/\"},\"author\":{\"name\":\"Jeanette\",\"@id\":\"https:\\\/\\\/www.eldiario.net\\\/portal\\\/#\\\/schema\\\/person\\\/f46445640444750d7d753ccd04ae01b7\"},\"headline\":\"Periodista brit\u00e1nico e indigenista fueron asesinados con arma de caza\",\"datePublished\":\"2022-06-19T09:53:48+00:00\",\"mainEntityOfPage\":{\"@id\":\"https:\\\/\\\/www.eldiario.net\\\/portal\\\/2022\\\/06\\\/19\\\/periodista-britanico-e-indigenista-fueron-asesinados-con-arma-de-caza\\\/\"},\"wordCount\":384,\"publisher\":{\"@id\":\"https:\\\/\\\/www.eldiario.net\\\/portal\\\/#organization\"},\"image\":{\"@id\":\"https:\\\/\\\/www.eldiario.net\\\/portal\\\/2022\\\/06\\\/19\\\/periodista-britanico-e-indigenista-fueron-asesinados-con-arma-de-caza\\\/#primaryimage\"},\"thumbnailUrl\":\"https:\\\/\\\/www.eldiario.net\\\/portal\\\/wp-content\\\/uploads\\\/2022\\\/06\\\/Brasil-1.jpg\",\"articleSection\":[\"Internacional\"],\"inLanguage\":\"es\"},{\"@type\":\"WebPage\",\"@id\":\"https:\\\/\\\/www.eldiario.net\\\/portal\\\/2022\\\/06\\\/19\\\/periodista-britanico-e-indigenista-fueron-asesinados-con-arma-de-caza\\\/\",\"url\":\"https:\\\/\\\/www.eldiario.net\\\/portal\\\/2022\\\/06\\\/19\\\/periodista-britanico-e-indigenista-fueron-asesinados-con-arma-de-caza\\\/\",\"name\":\"Periodista brit\u00e1nico e indigenista fueron asesinados con arma de caza - El Diario - Bolivia\",\"isPartOf\":{\"@id\":\"https:\\\/\\\/www.eldiario.net\\\/portal\\\/#website\"},\"primaryImageOfPage\":{\"@id\":\"https:\\\/\\\/www.eldiario.net\\\/portal\\\/2022\\\/06\\\/19\\\/periodista-britanico-e-indigenista-fueron-asesinados-con-arma-de-caza\\\/#primaryimage\"},\"image\":{\"@id\":\"https:\\\/\\\/www.eldiario.net\\\/portal\\\/2022\\\/06\\\/19\\\/periodista-britanico-e-indigenista-fueron-asesinados-con-arma-de-caza\\\/#primaryimage\"},\"thumbnailUrl\":\"https:\\\/\\\/www.eldiario.net\\\/portal\\\/wp-content\\\/uploads\\\/2022\\\/06\\\/Brasil-1.jpg\",\"datePublished\":\"2022-06-19T09:53:48+00:00\",\"breadcrumb\":{\"@id\":\"https:\\\/\\\/www.eldiario.net\\\/portal\\\/2022\\\/06\\\/19\\\/periodista-britanico-e-indigenista-fueron-asesinados-con-arma-de-caza\\\/#breadcrumb\"},\"inLanguage\":\"es\",\"potentialAction\":[{\"@type\":\"ReadAction\",\"target\":[\"https:\\\/\\\/www.eldiario.net\\\/portal\\\/2022\\\/06\\\/19\\\/periodista-britanico-e-indigenista-fueron-asesinados-con-arma-de-caza\\\/\"]}]},{\"@type\":\"ImageObject\",\"inLanguage\":\"es\",\"@id\":\"https:\\\/\\\/www.eldiario.net\\\/portal\\\/2022\\\/06\\\/19\\\/periodista-britanico-e-indigenista-fueron-asesinados-con-arma-de-caza\\\/#primaryimage\",\"url\":\"https:\\\/\\\/www.eldiario.net\\\/portal\\\/wp-content\\\/uploads\\\/2022\\\/06\\\/Brasil-1.jpg\",\"contentUrl\":\"https:\\\/\\\/www.eldiario.net\\\/portal\\\/wp-content\\\/uploads\\\/2022\\\/06\\\/Brasil-1.jpg\",\"width\":1920,\"height\":1080,\"caption\":\"EL PERIODISTA BRIT\u00c1NICO, DOM PHILLIPS Y EL INDIGENISTA BRUNO PEREIRA. INFOBAE\"},{\"@type\":\"BreadcrumbList\",\"@id\":\"https:\\\/\\\/www.eldiario.net\\\/portal\\\/2022\\\/06\\\/19\\\/periodista-britanico-e-indigenista-fueron-asesinados-con-arma-de-caza\\\/#breadcrumb\",\"itemListElement\":[{\"@type\":\"ListItem\",\"position\":1,\"name\":\"Portada\",\"item\":\"https:\\\/\\\/www.eldiario.net\\\/portal\\\/\"},{\"@type\":\"ListItem\",\"position\":2,\"name\":\"Periodista brit\u00e1nico e indigenista fueron asesinados con arma de caza\"}]},{\"@type\":\"WebSite\",\"@id\":\"https:\\\/\\\/www.eldiario.net\\\/portal\\\/#website\",\"url\":\"https:\\\/\\\/www.eldiario.net\\\/portal\\\/\",\"name\":\"El Diario - Decano de la prensa nacional\",\"description\":\"El Diario - Decano de la prensa nacional\",\"publisher\":{\"@id\":\"https:\\\/\\\/www.eldiario.net\\\/portal\\\/#organization\"},\"potentialAction\":[{\"@type\":\"SearchAction\",\"target\":{\"@type\":\"EntryPoint\",\"urlTemplate\":\"https:\\\/\\\/www.eldiario.net\\\/portal\\\/?s={search_term_string}\"},\"query-input\":{\"@type\":\"PropertyValueSpecification\",\"valueRequired\":true,\"valueName\":\"search_term_string\"}}],\"inLanguage\":\"es\"},{\"@type\":\"Organization\",\"@id\":\"https:\\\/\\\/www.eldiario.net\\\/portal\\\/#organization\",\"name\":\"El Diario - Decano de la prensa nacional\",\"url\":\"https:\\\/\\\/www.eldiario.net\\\/portal\\\/\",\"logo\":{\"@type\":\"ImageObject\",\"inLanguage\":\"es\",\"@id\":\"https:\\\/\\\/www.eldiario.net\\\/portal\\\/#\\\/schema\\\/logo\\\/image\\\/\",\"url\":\"https:\\\/\\\/www.eldiario.net\\\/portal\\\/wp-content\\\/uploads\\\/2023\\\/07\\\/logo_ED.jpg\",\"contentUrl\":\"https:\\\/\\\/www.eldiario.net\\\/portal\\\/wp-content\\\/uploads\\\/2023\\\/07\\\/logo_ED.jpg\",\"width\":272,\"height\":52,\"caption\":\"El Diario - Decano de la prensa nacional\"},\"image\":{\"@id\":\"https:\\\/\\\/www.eldiario.net\\\/portal\\\/#\\\/schema\\\/logo\\\/image\\\/\"},\"sameAs\":[\"https:\\\/\\\/www.facebook.com\\\/eldiario.bolivia\\\/\",\"https:\\\/\\\/x.com\\\/eldiario_net\"]},{\"@type\":\"Person\",\"@id\":\"https:\\\/\\\/www.eldiario.net\\\/portal\\\/#\\\/schema\\\/person\\\/f46445640444750d7d753ccd04ae01b7\",\"name\":\"Jeanette\",\"image\":{\"@type\":\"ImageObject\",\"inLanguage\":\"es\",\"@id\":\"https:\\\/\\\/secure.gravatar.com\\\/avatar\\\/3ea2118a5f7dad2b7138b1187a6b7ee55f160b9968b66013c3a3ef39dd7e5798?s=96&d=mm&r=g\",\"url\":\"https:\\\/\\\/secure.gravatar.com\\\/avatar\\\/3ea2118a5f7dad2b7138b1187a6b7ee55f160b9968b66013c3a3ef39dd7e5798?s=96&d=mm&r=g\",\"contentUrl\":\"https:\\\/\\\/secure.gravatar.com\\\/avatar\\\/3ea2118a5f7dad2b7138b1187a6b7ee55f160b9968b66013c3a3ef39dd7e5798?s=96&d=mm&r=g\",\"caption\":\"Jeanette\"},\"sameAs\":[\"https:\\\/\\\/www.eldiario.net\\\/portal\"],\"url\":\"https:\\\/\\\/www.eldiario.net\\\/portal\\\/author\\\/jeanette\\\/\"}]}<\/script>\n<!-- \/ Yoast SEO plugin. -->","yoast_head_json":{"title":"Periodista brit\u00e1nico e indigenista fueron asesinados con arma de caza - El Diario - Bolivia","robots":{"index":"index","follow":"follow","max-snippet":"max-snippet:-1","max-image-preview":"max-image-preview:large","max-video-preview":"max-video-preview:-1"},"canonical":"https:\/\/www.eldiario.net\/portal\/2022\/06\/19\/periodista-britanico-e-indigenista-fueron-asesinados-con-arma-de-caza\/","og_locale":"es_ES","og_type":"article","og_title":"Periodista brit\u00e1nico e indigenista fueron asesinados con arma de caza - El Diario - Bolivia","og_description":"Brasilia.- Los ex\u00e1menes periciales revelaron que el periodista brit\u00e1nico y el indigenista desaparecidos en la Amazon\u00eda brasile\u00f1a fueron asesinados con un arma de caza. Concretamente los peritos del Instituto Nacional de Criminal\u00edstica de Brasilia han indicado que el indigenista Bruno Pereira recibi\u00f3 tres disparos: uno en la cabeza y dos en el t\u00f3rax, y el [&hellip;]","og_url":"https:\/\/www.eldiario.net\/portal\/2022\/06\/19\/periodista-britanico-e-indigenista-fueron-asesinados-con-arma-de-caza\/","og_site_name":"El Diario - Bolivia","article_publisher":"https:\/\/www.facebook.com\/eldiario.bolivia\/","article_published_time":"2022-06-19T09:53:48+00:00","og_image":[{"width":1920,"height":1080,"url":"https:\/\/www.eldiario.net\/portal\/wp-content\/uploads\/2022\/06\/Brasil-1.jpg","type":"image\/jpeg"}],"author":"Jeanette","twitter_card":"summary_large_image","twitter_creator":"@eldiario_net","twitter_site":"@eldiario_net","twitter_misc":{"Escrito por":"Jeanette","Tiempo de lectura":"2 minutos"},"schema":{"@context":"https:\/\/schema.org","@graph":[{"@type":"Article","@id":"https:\/\/www.eldiario.net\/portal\/2022\/06\/19\/periodista-britanico-e-indigenista-fueron-asesinados-con-arma-de-caza\/#article","isPartOf":{"@id":"https:\/\/www.eldiario.net\/portal\/2022\/06\/19\/periodista-britanico-e-indigenista-fueron-asesinados-con-arma-de-caza\/"},"author":{"name":"Jeanette","@id":"https:\/\/www.eldiario.net\/portal\/#\/schema\/person\/f46445640444750d7d753ccd04ae01b7"},"headline":"Periodista brit\u00e1nico e indigenista fueron asesinados con arma de caza","datePublished":"2022-06-19T09:53:48+00:00","mainEntityOfPage":{"@id":"https:\/\/www.eldiario.net\/portal\/2022\/06\/19\/periodista-britanico-e-indigenista-fueron-asesinados-con-arma-de-caza\/"},"wordCount":384,"publisher":{"@id":"https:\/\/www.eldiario.net\/portal\/#organization"},"image":{"@id":"https:\/\/www.eldiario.net\/portal\/2022\/06\/19\/periodista-britanico-e-indigenista-fueron-asesinados-con-arma-de-caza\/#primaryimage"},"thumbnailUrl":"https:\/\/www.eldiario.net\/portal\/wp-content\/uploads\/2022\/06\/Brasil-1.jpg","articleSection":["Internacional"],"inLanguage":"es"},{"@type":"WebPage","@id":"https:\/\/www.eldiario.net\/portal\/2022\/06\/19\/periodista-britanico-e-indigenista-fueron-asesinados-con-arma-de-caza\/","url":"https:\/\/www.eldiario.net\/portal\/2022\/06\/19\/periodista-britanico-e-indigenista-fueron-asesinados-con-arma-de-caza\/","name":"Periodista brit\u00e1nico e indigenista fueron asesinados con arma de caza - El Diario - Bolivia","isPartOf":{"@id":"https:\/\/www.eldiario.net\/portal\/#website"},"primaryImageOfPage":{"@id":"https:\/\/www.eldiario.net\/portal\/2022\/06\/19\/periodista-britanico-e-indigenista-fueron-asesinados-con-arma-de-caza\/#primaryimage"},"image":{"@id":"https:\/\/www.eldiario.net\/portal\/2022\/06\/19\/periodista-britanico-e-indigenista-fueron-asesinados-con-arma-de-caza\/#primaryimage"},"thumbnailUrl":"https:\/\/www.eldiario.net\/portal\/wp-content\/uploads\/2022\/06\/Brasil-1.jpg","datePublished":"2022-06-19T09:53:48+00:00","breadcrumb":{"@id":"https:\/\/www.eldiario.net\/portal\/2022\/06\/19\/periodista-britanico-e-indigenista-fueron-asesinados-con-arma-de-caza\/#breadcrumb"},"inLanguage":"es","potentialAction":[{"@type":"ReadAction","target":["https:\/\/www.eldiario.net\/portal\/2022\/06\/19\/periodista-britanico-e-indigenista-fueron-asesinados-con-arma-de-caza\/"]}]},{"@type":"ImageObject","inLanguage":"es","@id":"https:\/\/www.eldiario.net\/portal\/2022\/06\/19\/periodista-britanico-e-indigenista-fueron-asesinados-con-arma-de-caza\/#primaryimage","url":"https:\/\/www.eldiario.net\/portal\/wp-content\/uploads\/2022\/06\/Brasil-1.jpg","contentUrl":"https:\/\/www.eldiario.net\/portal\/wp-content\/uploads\/2022\/06\/Brasil-1.jpg","width":1920,"height":1080,"caption":"EL PERIODISTA BRIT\u00c1NICO, DOM PHILLIPS Y EL INDIGENISTA BRUNO PEREIRA. INFOBAE"},{"@type":"BreadcrumbList","@id":"https:\/\/www.eldiario.net\/portal\/2022\/06\/19\/periodista-britanico-e-indigenista-fueron-asesinados-con-arma-de-caza\/#breadcrumb","itemListElement":[{"@type":"ListItem","position":1,"name":"Portada","item":"https:\/\/www.eldiario.net\/portal\/"},{"@type":"ListItem","position":2,"name":"Periodista brit\u00e1nico e indigenista fueron asesinados con arma de caza"}]},{"@type":"WebSite","@id":"https:\/\/www.eldiario.net\/portal\/#website","url":"https:\/\/www.eldiario.net\/portal\/","name":"El Diario - Decano de la prensa nacional","description":"El Diario - Decano de la prensa nacional","publisher":{"@id":"https:\/\/www.eldiario.net\/portal\/#organization"},"potentialAction":[{"@type":"SearchAction","target":{"@type":"EntryPoint","urlTemplate":"https:\/\/www.eldiario.net\/portal\/?s={search_term_string}"},"query-input":{"@type":"PropertyValueSpecification","valueRequired":true,"valueName":"search_term_string"}}],"inLanguage":"es"},{"@type":"Organization","@id":"https:\/\/www.eldiario.net\/portal\/#organization","name":"El Diario - Decano de la prensa nacional","url":"https:\/\/www.eldiario.net\/portal\/","logo":{"@type":"ImageObject","inLanguage":"es","@id":"https:\/\/www.eldiario.net\/portal\/#\/schema\/logo\/image\/","url":"https:\/\/www.eldiario.net\/portal\/wp-content\/uploads\/2023\/07\/logo_ED.jpg","contentUrl":"https:\/\/www.eldiario.net\/portal\/wp-content\/uploads\/2023\/07\/logo_ED.jpg","width":272,"height":52,"caption":"El Diario - Decano de la prensa nacional"},"image":{"@id":"https:\/\/www.eldiario.net\/portal\/#\/schema\/logo\/image\/"},"sameAs":["https:\/\/www.facebook.com\/eldiario.bolivia\/","https:\/\/x.com\/eldiario_net"]},{"@type":"Person","@id":"https:\/\/www.eldiario.net\/portal\/#\/schema\/person\/f46445640444750d7d753ccd04ae01b7","name":"Jeanette","image":{"@type":"ImageObject","inLanguage":"es","@id":"https:\/\/secure.gravatar.com\/avatar\/3ea2118a5f7dad2b7138b1187a6b7ee55f160b9968b66013c3a3ef39dd7e5798?s=96&d=mm&r=g","url":"https:\/\/secure.gravatar.com\/avatar\/3ea2118a5f7dad2b7138b1187a6b7ee55f160b9968b66013c3a3ef39dd7e5798?s=96&d=mm&r=g","contentUrl":"https:\/\/secure.gravatar.com\/avatar\/3ea2118a5f7dad2b7138b1187a6b7ee55f160b9968b66013c3a3ef39dd7e5798?s=96&d=mm&r=g","caption":"Jeanette"},"sameAs":["https:\/\/www.eldiario.net\/portal"],"url":"https:\/\/www.eldiario.net\/portal\/author\/jeanette\/"}]}},"_links":{"self":[{"href":"https:\/\/www.eldiario.net\/portal\/wp-json\/wp\/v2\/posts\/91562","targetHints":{"allow":["GET"]}}],"collection":[{"href":"https:\/\/www.eldiario.net\/portal\/wp-json\/wp\/v2\/posts"}],"about":[{"href":"https:\/\/www.eldiario.net\/portal\/wp-json\/wp\/v2\/types\/post"}],"author":[{"embeddable":true,"href":"https:\/\/www.eldiario.net\/portal\/wp-json\/wp\/v2\/users\/1"}],"replies":[{"embeddable":true,"href":"https:\/\/www.eldiario.net\/portal\/wp-json\/wp\/v2\/comments?post=91562"}],"version-history":[{"count":0,"href":"https:\/\/www.eldiario.net\/portal\/wp-json\/wp\/v2\/posts\/91562\/revisions"}],"wp:featuredmedia":[{"embeddable":true,"href":"https:\/\/www.eldiario.net\/portal\/wp-json\/wp\/v2\/media\/91563"}],"wp:attachment":[{"href":"https:\/\/www.eldiario.net\/portal\/wp-json\/wp\/v2\/media?parent=91562"}],"wp:term":[{"taxonomy":"category","embeddable":true,"href":"https:\/\/www.eldiario.net\/portal\/wp-json\/wp\/v2\/categories?post=91562"},{"taxonomy":"post_tag","embeddable":true,"href":"https:\/\/www.eldiario.net\/portal\/wp-json\/wp\/v2\/tags?post=91562"}],"curies":[{"name":"wp","href":"https:\/\/api.w.org\/{rel}","templated":true}]}}