{"id":91554,"date":"2022-06-19T05:50:25","date_gmt":"2022-06-19T09:50:25","guid":{"rendered":"https:\/\/www.eldiario.net\/portal\/?p=91554"},"modified":"2022-06-19T05:50:25","modified_gmt":"2022-06-19T09:50:25","slug":"presidente-asegura-que-oposicion-quiso-mostrar-algo-que-no-es","status":"publish","type":"post","link":"https:\/\/www.eldiario.net\/portal\/2022\/06\/19\/presidente-asegura-que-oposicion-quiso-mostrar-algo-que-no-es\/","title":{"rendered":"Presidente asegura que  oposici\u00f3n \u201cQuiso  mostrar algo que no es\u201d"},"content":{"rendered":"<p>Buenos Aires.- El presidente Alberto Fern\u00e1ndez asegur\u00f3 ayer que la oposici\u00f3n \u201ctrat\u00f3 de aprovechar\u201d el tema del avi\u00f3n con matr\u00edcula venezolana retenido en el aeropuerto de Ezeiza y estim\u00f3 que \u201cquisieron mostrar algo que no es\u201d.<br \/>\nEn declaraciones radiales, el jefe de Estado apunt\u00f3: \u201cQuisieron mostrar algo que no es, alguna cosa o movimiento oscuro del Gobierno pero actuamos r\u00e1pidamente\u201d y recalc\u00f3 que \u201cno hubo ninguna irregularidad\u201d ni tampoco \u201cpesa ning\u00fan tipo de restricci\u00f3n\u201d sobre la tripulaci\u00f3n venezolana.<br \/>\nFern\u00e1ndez reconoci\u00f3 que las sanciones de Estados Unidos pueden afectar a YPF, si la petrolera abastec\u00eda de combustible al Boeing 747-3B3(M) de la firma Emtrasur Cargo.<br \/>\nAl analizar la pol\u00e9mica generada en torno a la aeronave retenida en el Aeropuerto Internacional de Ezeiza, adujo que la oposici\u00f3n \u201ctrat\u00f3 de aprovecharlo, con hechos tan dolorosos como el atentado a la AMIA\u201d, y que \u201ces parte de la locura que se vive en parte de la pol\u00edtica argentina\u201d.<\/p>\n<p>Gasoducto<br \/>\nN\u00e9stor Kirchner<br \/>\nTambi\u00e9n se refiri\u00f3 al gasoducto N\u00e9stor Kirchner. Afirm\u00f3 que \u201clos argentinos necesitamos que el gasoducto est\u00e9 r\u00e1pidamente terminado\u201d, ya que permitir\u00e1 que \u201cel pa\u00eds no tenga que importar gas de otras partes del mundo\u201d.<br \/>\nAl respecto, destac\u00f3 que \u201cla Justicia reaccion\u00f3 bien\u201d, luego de que el juez federal Daniel Rafecas archivara esta semana la causa abierta tras denuncias presentadas por supuestas irregularidades en la licitaci\u00f3n.<br \/>\n\u201cAhora el proceso de licitaci\u00f3n de ese gasoducto puede seguir adelante con toda la transparencia que tuvo hasta aqu\u00ed\u201d, a\u00f1adi\u00f3 el mandatario.<br \/>\nEn cuanto al nuevo esquema tarifario, Fern\u00e1ndez dijo que \u201cla discusi\u00f3n es hasta cu\u00e1nto tiempo m\u00e1s la Argentina va a subsidiar a los ricos\u201d y afirm\u00f3 que la segmentaci\u00f3n de tarifas de los servicios p\u00fablicos \u201cse va a hacer\u201d y que \u201clos ricos paguen lo que tienen que pagar\u201d. (P\u00e1gina 12)<\/p>\n","protected":false},"excerpt":{"rendered":"<p>Buenos Aires.- El presidente Alberto Fern\u00e1ndez asegur\u00f3 ayer que la oposici\u00f3n \u201ctrat\u00f3 de aprovechar\u201d el tema del avi\u00f3n con matr\u00edcula venezolana retenido en el aeropuerto de Ezeiza y estim\u00f3 que \u201cquisieron mostrar algo que no es\u201d. En declaraciones radiales, el jefe de Estado apunt\u00f3: \u201cQuisieron mostrar algo que no es, alguna cosa o movimiento oscuro [&hellip;]<\/p>\n","protected":false},"author":1,"featured_media":0,"comment_status":"closed","ping_status":"closed","sticky":false,"template":"","format":"standard","meta":{"_acf_changed":false,"footnotes":""},"categories":[3],"tags":[],"class_list":["post-91554","post","type-post","status-publish","format-standard","category-internacional"],"acf":{"antetitulo":""},"yoast_head":"<!-- This site is optimized with the Yoast SEO plugin v28.3 - https:\/\/yoast.com\/product\/yoast-seo-wordpress\/ -->\n<title>Presidente asegura que oposici\u00f3n \u201cQuiso mostrar algo que no es\u201d - El Diario - Bolivia<\/title>\n<meta name=\"robots\" content=\"index, follow, max-snippet:-1, max-image-preview:large, max-video-preview:-1\" \/>\n<link rel=\"canonical\" href=\"https:\/\/www.eldiario.net\/portal\/2022\/06\/19\/presidente-asegura-que-oposicion-quiso-mostrar-algo-que-no-es\/\" \/>\n<meta property=\"og:locale\" content=\"es_ES\" \/>\n<meta property=\"og:type\" content=\"article\" \/>\n<meta property=\"og:title\" content=\"Presidente asegura que oposici\u00f3n \u201cQuiso mostrar algo que no es\u201d - El Diario - Bolivia\" \/>\n<meta property=\"og:description\" content=\"Buenos Aires.- El presidente Alberto Fern\u00e1ndez asegur\u00f3 ayer que la oposici\u00f3n \u201ctrat\u00f3 de aprovechar\u201d el tema del avi\u00f3n con matr\u00edcula venezolana retenido en el aeropuerto de Ezeiza y estim\u00f3 que \u201cquisieron mostrar algo que no es\u201d. En declaraciones radiales, el jefe de Estado apunt\u00f3: \u201cQuisieron mostrar algo que no es, alguna cosa o movimiento oscuro [&hellip;]\" \/>\n<meta property=\"og:url\" content=\"https:\/\/www.eldiario.net\/portal\/2022\/06\/19\/presidente-asegura-que-oposicion-quiso-mostrar-algo-que-no-es\/\" \/>\n<meta property=\"og:site_name\" content=\"El Diario - Bolivia\" \/>\n<meta property=\"article:publisher\" content=\"https:\/\/www.facebook.com\/eldiario.bolivia\/\" \/>\n<meta property=\"article:published_time\" content=\"2022-06-19T09:50:25+00:00\" \/>\n<meta name=\"author\" content=\"Jeanette\" \/>\n<meta name=\"twitter:card\" content=\"summary_large_image\" \/>\n<meta name=\"twitter:creator\" content=\"@eldiario_net\" \/>\n<meta name=\"twitter:site\" content=\"@eldiario_net\" \/>\n<meta name=\"twitter:label1\" content=\"Escrito por\" \/>\n\t<meta name=\"twitter:data1\" content=\"Jeanette\" \/>\n\t<meta name=\"twitter:label2\" content=\"Tiempo de lectura\" \/>\n\t<meta name=\"twitter:data2\" content=\"2 minutos\" \/>\n<script type=\"application\/ld+json\" class=\"yoast-schema-graph\">{\"@context\":\"https:\\\/\\\/schema.org\",\"@graph\":[{\"@type\":\"Article\",\"@id\":\"https:\\\/\\\/www.eldiario.net\\\/portal\\\/2022\\\/06\\\/19\\\/presidente-asegura-que-oposicion-quiso-mostrar-algo-que-no-es\\\/#article\",\"isPartOf\":{\"@id\":\"https:\\\/\\\/www.eldiario.net\\\/portal\\\/2022\\\/06\\\/19\\\/presidente-asegura-que-oposicion-quiso-mostrar-algo-que-no-es\\\/\"},\"author\":{\"name\":\"Jeanette\",\"@id\":\"https:\\\/\\\/www.eldiario.net\\\/portal\\\/#\\\/schema\\\/person\\\/f46445640444750d7d753ccd04ae01b7\"},\"headline\":\"Presidente asegura que oposici\u00f3n \u201cQuiso mostrar algo que no es\u201d\",\"datePublished\":\"2022-06-19T09:50:25+00:00\",\"mainEntityOfPage\":{\"@id\":\"https:\\\/\\\/www.eldiario.net\\\/portal\\\/2022\\\/06\\\/19\\\/presidente-asegura-que-oposicion-quiso-mostrar-algo-que-no-es\\\/\"},\"wordCount\":336,\"publisher\":{\"@id\":\"https:\\\/\\\/www.eldiario.net\\\/portal\\\/#organization\"},\"articleSection\":[\"Internacional\"],\"inLanguage\":\"es\"},{\"@type\":\"WebPage\",\"@id\":\"https:\\\/\\\/www.eldiario.net\\\/portal\\\/2022\\\/06\\\/19\\\/presidente-asegura-que-oposicion-quiso-mostrar-algo-que-no-es\\\/\",\"url\":\"https:\\\/\\\/www.eldiario.net\\\/portal\\\/2022\\\/06\\\/19\\\/presidente-asegura-que-oposicion-quiso-mostrar-algo-que-no-es\\\/\",\"name\":\"Presidente asegura que oposici\u00f3n \u201cQuiso mostrar algo que no es\u201d - El Diario - Bolivia\",\"isPartOf\":{\"@id\":\"https:\\\/\\\/www.eldiario.net\\\/portal\\\/#website\"},\"datePublished\":\"2022-06-19T09:50:25+00:00\",\"breadcrumb\":{\"@id\":\"https:\\\/\\\/www.eldiario.net\\\/portal\\\/2022\\\/06\\\/19\\\/presidente-asegura-que-oposicion-quiso-mostrar-algo-que-no-es\\\/#breadcrumb\"},\"inLanguage\":\"es\",\"potentialAction\":[{\"@type\":\"ReadAction\",\"target\":[\"https:\\\/\\\/www.eldiario.net\\\/portal\\\/2022\\\/06\\\/19\\\/presidente-asegura-que-oposicion-quiso-mostrar-algo-que-no-es\\\/\"]}]},{\"@type\":\"BreadcrumbList\",\"@id\":\"https:\\\/\\\/www.eldiario.net\\\/portal\\\/2022\\\/06\\\/19\\\/presidente-asegura-que-oposicion-quiso-mostrar-algo-que-no-es\\\/#breadcrumb\",\"itemListElement\":[{\"@type\":\"ListItem\",\"position\":1,\"name\":\"Portada\",\"item\":\"https:\\\/\\\/www.eldiario.net\\\/portal\\\/\"},{\"@type\":\"ListItem\",\"position\":2,\"name\":\"Presidente asegura que oposici\u00f3n \u201cQuiso mostrar algo que no es\u201d\"}]},{\"@type\":\"WebSite\",\"@id\":\"https:\\\/\\\/www.eldiario.net\\\/portal\\\/#website\",\"url\":\"https:\\\/\\\/www.eldiario.net\\\/portal\\\/\",\"name\":\"El Diario - Decano de la prensa nacional\",\"description\":\"El Diario - Decano de la prensa nacional\",\"publisher\":{\"@id\":\"https:\\\/\\\/www.eldiario.net\\\/portal\\\/#organization\"},\"potentialAction\":[{\"@type\":\"SearchAction\",\"target\":{\"@type\":\"EntryPoint\",\"urlTemplate\":\"https:\\\/\\\/www.eldiario.net\\\/portal\\\/?s={search_term_string}\"},\"query-input\":{\"@type\":\"PropertyValueSpecification\",\"valueRequired\":true,\"valueName\":\"search_term_string\"}}],\"inLanguage\":\"es\"},{\"@type\":\"Organization\",\"@id\":\"https:\\\/\\\/www.eldiario.net\\\/portal\\\/#organization\",\"name\":\"El Diario - Decano de la prensa nacional\",\"url\":\"https:\\\/\\\/www.eldiario.net\\\/portal\\\/\",\"logo\":{\"@type\":\"ImageObject\",\"inLanguage\":\"es\",\"@id\":\"https:\\\/\\\/www.eldiario.net\\\/portal\\\/#\\\/schema\\\/logo\\\/image\\\/\",\"url\":\"https:\\\/\\\/www.eldiario.net\\\/portal\\\/wp-content\\\/uploads\\\/2023\\\/07\\\/logo_ED.jpg\",\"contentUrl\":\"https:\\\/\\\/www.eldiario.net\\\/portal\\\/wp-content\\\/uploads\\\/2023\\\/07\\\/logo_ED.jpg\",\"width\":272,\"height\":52,\"caption\":\"El Diario - Decano de la prensa nacional\"},\"image\":{\"@id\":\"https:\\\/\\\/www.eldiario.net\\\/portal\\\/#\\\/schema\\\/logo\\\/image\\\/\"},\"sameAs\":[\"https:\\\/\\\/www.facebook.com\\\/eldiario.bolivia\\\/\",\"https:\\\/\\\/x.com\\\/eldiario_net\"]},{\"@type\":\"Person\",\"@id\":\"https:\\\/\\\/www.eldiario.net\\\/portal\\\/#\\\/schema\\\/person\\\/f46445640444750d7d753ccd04ae01b7\",\"name\":\"Jeanette\",\"image\":{\"@type\":\"ImageObject\",\"inLanguage\":\"es\",\"@id\":\"https:\\\/\\\/secure.gravatar.com\\\/avatar\\\/3ea2118a5f7dad2b7138b1187a6b7ee55f160b9968b66013c3a3ef39dd7e5798?s=96&d=mm&r=g\",\"url\":\"https:\\\/\\\/secure.gravatar.com\\\/avatar\\\/3ea2118a5f7dad2b7138b1187a6b7ee55f160b9968b66013c3a3ef39dd7e5798?s=96&d=mm&r=g\",\"contentUrl\":\"https:\\\/\\\/secure.gravatar.com\\\/avatar\\\/3ea2118a5f7dad2b7138b1187a6b7ee55f160b9968b66013c3a3ef39dd7e5798?s=96&d=mm&r=g\",\"caption\":\"Jeanette\"},\"sameAs\":[\"https:\\\/\\\/www.eldiario.net\\\/portal\"],\"url\":\"https:\\\/\\\/www.eldiario.net\\\/portal\\\/author\\\/jeanette\\\/\"}]}<\/script>\n<!-- \/ Yoast SEO plugin. -->","yoast_head_json":{"title":"Presidente asegura que oposici\u00f3n \u201cQuiso mostrar algo que no es\u201d - El Diario - Bolivia","robots":{"index":"index","follow":"follow","max-snippet":"max-snippet:-1","max-image-preview":"max-image-preview:large","max-video-preview":"max-video-preview:-1"},"canonical":"https:\/\/www.eldiario.net\/portal\/2022\/06\/19\/presidente-asegura-que-oposicion-quiso-mostrar-algo-que-no-es\/","og_locale":"es_ES","og_type":"article","og_title":"Presidente asegura que oposici\u00f3n \u201cQuiso mostrar algo que no es\u201d - El Diario - Bolivia","og_description":"Buenos Aires.- El presidente Alberto Fern\u00e1ndez asegur\u00f3 ayer que la oposici\u00f3n \u201ctrat\u00f3 de aprovechar\u201d el tema del avi\u00f3n con matr\u00edcula venezolana retenido en el aeropuerto de Ezeiza y estim\u00f3 que \u201cquisieron mostrar algo que no es\u201d. En declaraciones radiales, el jefe de Estado apunt\u00f3: \u201cQuisieron mostrar algo que no es, alguna cosa o movimiento oscuro [&hellip;]","og_url":"https:\/\/www.eldiario.net\/portal\/2022\/06\/19\/presidente-asegura-que-oposicion-quiso-mostrar-algo-que-no-es\/","og_site_name":"El Diario - Bolivia","article_publisher":"https:\/\/www.facebook.com\/eldiario.bolivia\/","article_published_time":"2022-06-19T09:50:25+00:00","author":"Jeanette","twitter_card":"summary_large_image","twitter_creator":"@eldiario_net","twitter_site":"@eldiario_net","twitter_misc":{"Escrito por":"Jeanette","Tiempo de lectura":"2 minutos"},"schema":{"@context":"https:\/\/schema.org","@graph":[{"@type":"Article","@id":"https:\/\/www.eldiario.net\/portal\/2022\/06\/19\/presidente-asegura-que-oposicion-quiso-mostrar-algo-que-no-es\/#article","isPartOf":{"@id":"https:\/\/www.eldiario.net\/portal\/2022\/06\/19\/presidente-asegura-que-oposicion-quiso-mostrar-algo-que-no-es\/"},"author":{"name":"Jeanette","@id":"https:\/\/www.eldiario.net\/portal\/#\/schema\/person\/f46445640444750d7d753ccd04ae01b7"},"headline":"Presidente asegura que oposici\u00f3n \u201cQuiso mostrar algo que no es\u201d","datePublished":"2022-06-19T09:50:25+00:00","mainEntityOfPage":{"@id":"https:\/\/www.eldiario.net\/portal\/2022\/06\/19\/presidente-asegura-que-oposicion-quiso-mostrar-algo-que-no-es\/"},"wordCount":336,"publisher":{"@id":"https:\/\/www.eldiario.net\/portal\/#organization"},"articleSection":["Internacional"],"inLanguage":"es"},{"@type":"WebPage","@id":"https:\/\/www.eldiario.net\/portal\/2022\/06\/19\/presidente-asegura-que-oposicion-quiso-mostrar-algo-que-no-es\/","url":"https:\/\/www.eldiario.net\/portal\/2022\/06\/19\/presidente-asegura-que-oposicion-quiso-mostrar-algo-que-no-es\/","name":"Presidente asegura que oposici\u00f3n \u201cQuiso mostrar algo que no es\u201d - El Diario - Bolivia","isPartOf":{"@id":"https:\/\/www.eldiario.net\/portal\/#website"},"datePublished":"2022-06-19T09:50:25+00:00","breadcrumb":{"@id":"https:\/\/www.eldiario.net\/portal\/2022\/06\/19\/presidente-asegura-que-oposicion-quiso-mostrar-algo-que-no-es\/#breadcrumb"},"inLanguage":"es","potentialAction":[{"@type":"ReadAction","target":["https:\/\/www.eldiario.net\/portal\/2022\/06\/19\/presidente-asegura-que-oposicion-quiso-mostrar-algo-que-no-es\/"]}]},{"@type":"BreadcrumbList","@id":"https:\/\/www.eldiario.net\/portal\/2022\/06\/19\/presidente-asegura-que-oposicion-quiso-mostrar-algo-que-no-es\/#breadcrumb","itemListElement":[{"@type":"ListItem","position":1,"name":"Portada","item":"https:\/\/www.eldiario.net\/portal\/"},{"@type":"ListItem","position":2,"name":"Presidente asegura que oposici\u00f3n \u201cQuiso mostrar algo que no es\u201d"}]},{"@type":"WebSite","@id":"https:\/\/www.eldiario.net\/portal\/#website","url":"https:\/\/www.eldiario.net\/portal\/","name":"El Diario - Decano de la prensa nacional","description":"El Diario - Decano de la prensa nacional","publisher":{"@id":"https:\/\/www.eldiario.net\/portal\/#organization"},"potentialAction":[{"@type":"SearchAction","target":{"@type":"EntryPoint","urlTemplate":"https:\/\/www.eldiario.net\/portal\/?s={search_term_string}"},"query-input":{"@type":"PropertyValueSpecification","valueRequired":true,"valueName":"search_term_string"}}],"inLanguage":"es"},{"@type":"Organization","@id":"https:\/\/www.eldiario.net\/portal\/#organization","name":"El Diario - Decano de la prensa nacional","url":"https:\/\/www.eldiario.net\/portal\/","logo":{"@type":"ImageObject","inLanguage":"es","@id":"https:\/\/www.eldiario.net\/portal\/#\/schema\/logo\/image\/","url":"https:\/\/www.eldiario.net\/portal\/wp-content\/uploads\/2023\/07\/logo_ED.jpg","contentUrl":"https:\/\/www.eldiario.net\/portal\/wp-content\/uploads\/2023\/07\/logo_ED.jpg","width":272,"height":52,"caption":"El Diario - Decano de la prensa nacional"},"image":{"@id":"https:\/\/www.eldiario.net\/portal\/#\/schema\/logo\/image\/"},"sameAs":["https:\/\/www.facebook.com\/eldiario.bolivia\/","https:\/\/x.com\/eldiario_net"]},{"@type":"Person","@id":"https:\/\/www.eldiario.net\/portal\/#\/schema\/person\/f46445640444750d7d753ccd04ae01b7","name":"Jeanette","image":{"@type":"ImageObject","inLanguage":"es","@id":"https:\/\/secure.gravatar.com\/avatar\/3ea2118a5f7dad2b7138b1187a6b7ee55f160b9968b66013c3a3ef39dd7e5798?s=96&d=mm&r=g","url":"https:\/\/secure.gravatar.com\/avatar\/3ea2118a5f7dad2b7138b1187a6b7ee55f160b9968b66013c3a3ef39dd7e5798?s=96&d=mm&r=g","contentUrl":"https:\/\/secure.gravatar.com\/avatar\/3ea2118a5f7dad2b7138b1187a6b7ee55f160b9968b66013c3a3ef39dd7e5798?s=96&d=mm&r=g","caption":"Jeanette"},"sameAs":["https:\/\/www.eldiario.net\/portal"],"url":"https:\/\/www.eldiario.net\/portal\/author\/jeanette\/"}]}},"_links":{"self":[{"href":"https:\/\/www.eldiario.net\/portal\/wp-json\/wp\/v2\/posts\/91554","targetHints":{"allow":["GET"]}}],"collection":[{"href":"https:\/\/www.eldiario.net\/portal\/wp-json\/wp\/v2\/posts"}],"about":[{"href":"https:\/\/www.eldiario.net\/portal\/wp-json\/wp\/v2\/types\/post"}],"author":[{"embeddable":true,"href":"https:\/\/www.eldiario.net\/portal\/wp-json\/wp\/v2\/users\/1"}],"replies":[{"embeddable":true,"href":"https:\/\/www.eldiario.net\/portal\/wp-json\/wp\/v2\/comments?post=91554"}],"version-history":[{"count":0,"href":"https:\/\/www.eldiario.net\/portal\/wp-json\/wp\/v2\/posts\/91554\/revisions"}],"wp:attachment":[{"href":"https:\/\/www.eldiario.net\/portal\/wp-json\/wp\/v2\/media?parent=91554"}],"wp:term":[{"taxonomy":"category","embeddable":true,"href":"https:\/\/www.eldiario.net\/portal\/wp-json\/wp\/v2\/categories?post=91554"},{"taxonomy":"post_tag","embeddable":true,"href":"https:\/\/www.eldiario.net\/portal\/wp-json\/wp\/v2\/tags?post=91554"}],"curies":[{"name":"wp","href":"https:\/\/api.w.org\/{rel}","templated":true}]}}