{"id":91551,"date":"2022-06-19T05:49:40","date_gmt":"2022-06-19T09:49:40","guid":{"rendered":"https:\/\/www.eldiario.net\/portal\/?p=91551"},"modified":"2022-06-19T05:49:40","modified_gmt":"2022-06-19T09:49:40","slug":"colombianos-eligen-proximo-presidente","status":"publish","type":"post","link":"https:\/\/www.eldiario.net\/portal\/2022\/06\/19\/colombianos-eligen-proximo-presidente\/","title":{"rendered":"Colombianos eligen  pr\u00f3ximo presidente"},"content":{"rendered":"<p>Bogot\u00e1.- Los colombianos eligen hoy su pr\u00f3ximo presidente entre el izquierdista Gustavo Petro, quien promete ambiciosas reformas sociales, y el exc\u00e9ntrico empresario Rodolfo Hern\u00e1ndez, que cautiv\u00f3 electores con su discurso contra la corrupci\u00f3n pese a enfrentar una investigaci\u00f3n por ese delito.<br \/>\nLas encuestas muestran un empate t\u00e9cnico para la segunda vuelta entre los candidatos, por lo que la elecci\u00f3n podr\u00eda ser una de las m\u00e1s re\u00f1idas en la historia reciente de Colombia.<br \/>\nEs el tercer intento de Petro, un economista de 62 a\u00f1os, para ganar la presidencia y unir a Colombia a otros pa\u00edses de Am\u00e9rica Latina como M\u00e9xico, Per\u00fa y Chile, en donde gobiernan l\u00edderes de izquierda.<br \/>\nEl actual senador, quien fue alcalde de Bogot\u00e1 y milit\u00f3 en la guerrilla del M-19, se comprometi\u00f3 a mejorar las condiciones econ\u00f3micas y sociales del pa\u00eds en donde la mitad de la poblaci\u00f3n de 50 millones de habitantes vive en condiciones de pobreza.<br \/>\n\u201cCreo que Petro es el presidente que necesita Colombia en este momento, porque la ciudadan\u00eda aclama un cambio, quiere la salida de los de siempre en el poder\u201d, dijo Nora Guevara, una contadora de 48 a\u00f1os.<br \/>\nEl pol\u00edtico propone una ambiciosa reforma fiscal por unos 13.500 millones de d\u00f3lares, equivalente a 5,5 puntos del Producto Interno Bruto (PIB) anuales adicionales, que provendr\u00edan de impuestos a los m\u00e1s ricos para destinarlos a la inversi\u00f3n social.<br \/>\nAdem\u00e1s, plantea una reforma pensional para cubrir con una renta b\u00e1sica mensual a los ancianos pobres que no aportaron al sistema, as\u00ed como la suspensi\u00f3n de nuevos contratos de exploraci\u00f3n petrolera.<br \/>\nHern\u00e1ndez, quien se presenta como un candidato independiente de la Liga de Gobernantes Anticorrupci\u00f3n, sorprendi\u00f3 al pasar a la segunda vuelta con su fuerte discurso contra la corrupci\u00f3n como su principal bandera y propuestas para reducir el impuesto sobre las ventas, el tama\u00f1o del Estado, los gastos del gobierno y promover la construcci\u00f3n de viviendas para los pobres.<\/p>\n<p>ACUSACIONES<br \/>\nDE CORRUPCI\u00d3N<br \/>\nPero el pol\u00e9mico pol\u00edtico y empresario de la construcci\u00f3n, de 77 a\u00f1os, enfrenta acusaciones de corrupci\u00f3n y una investigaci\u00f3n de la Fiscal\u00eda General por supuestamente haber intervenido desde su cargo como alcalde de Bucaramanga en la adjudicaci\u00f3n de un contrato para el tratamiento de basuras, lo que no ha sido suficiente para alejar a sus seguidores.<br \/>\n\u201cRodolfo es un hombre que no ha estado con el establecimiento pol\u00edtico entonces por ese lado nos da cierta garant\u00eda\u201d, indic\u00f3 Juan Gonz\u00e1lez, un administrador de finca ra\u00edz de 45 a\u00f1os, en un evento de cierre de campa\u00f1a de Hern\u00e1ndez. \u201cEs un voto de malestar, un voto donde todo lo que suena a pol\u00edtica la gente lo rechaza\u201d.<br \/>\nEl pr\u00f3ximo presidente recibir\u00e1 una econom\u00eda en auge despu\u00e9s de la profunda crisis que la afect\u00f3 en el 2020 por la pandemia de coronavirus y tras lo cual se expandi\u00f3 un hist\u00f3rico 10,7 % el a\u00f1o pasado.<br \/>\nEsta semana el Gobierno elev\u00f3 su meta de crecimiento econ\u00f3mico para 2022 a un 6,5 %, desde una previa de 5 %, al tiempo que mejor\u00f3 sus proyecciones fiscales a un d\u00e9ficit del Gobierno Nacional Central de 5,6 % del PIB, desde un objetivo anterior de 6,2 %.<br \/>\nNo obstante, el sucesor del presidente Iv\u00e1n Duque deber\u00e1 realizar reformas econ\u00f3micas estructurales para reducir la pobreza y la desigualdad, as\u00ed como garantizar un favorable clima de inversi\u00f3n y negocios en el pa\u00eds.<br \/>\n\u201cQuien sea que gane la presidencia de Colombia tiene que entender efectivamente que hay unos finos hilos que hay que cuidar y es poder mantener tanto niveles de consumo como intenciones de inversi\u00f3n\u201d, se\u00f1al\u00f3 Munir Jalil, economista jefe de BTG Pactual para la regi\u00f3n andina.<br \/>\n\u201cEn ese sentido es vital poder mantener un m\u00ednimo de institucionalidad, de buena relaci\u00f3n y de buen mensaje y transparencia, para que la gente no empiece a hacer conjeturas que no debe y eso termine teniendo consecuencias en la econom\u00eda real\u201d, concluy\u00f3.<br \/>\nUnos 300.000 efectivos de las Fuerzas Militares y de la Polic\u00eda Nacional vigilar\u00e1n las elecciones para evitar posibles ataques de grupos armados ilegales en medio del conflicto armado de casi seis d\u00e9cadas que ha dejado unos 260.000 muertos.<br \/>\nM\u00e1s de 39 millones de colombianos est\u00e1n habilitados para votar en las urnas que abrir\u00e1n a las ocho de la ma\u00f1ana (1300 GMT) y cerrar\u00e1n a las 16.00 (2100 GMT). (Reuters)<\/p>\n","protected":false},"excerpt":{"rendered":"<p>Bogot\u00e1.- Los colombianos eligen hoy su pr\u00f3ximo presidente entre el izquierdista Gustavo Petro, quien promete ambiciosas reformas sociales, y el exc\u00e9ntrico empresario Rodolfo Hern\u00e1ndez, que cautiv\u00f3 electores con su discurso contra la corrupci\u00f3n pese a enfrentar una investigaci\u00f3n por ese delito. Las encuestas muestran un empate t\u00e9cnico para la segunda vuelta entre los candidatos, por [&hellip;]<\/p>\n","protected":false},"author":1,"featured_media":91552,"comment_status":"closed","ping_status":"closed","sticky":false,"template":"","format":"standard","meta":{"_acf_changed":false,"footnotes":""},"categories":[3],"tags":[],"class_list":["post-91551","post","type-post","status-publish","format-standard","has-post-thumbnail","category-internacional"],"acf":{"antetitulo":""},"yoast_head":"<!-- This site is optimized with the Yoast SEO plugin v28.3 - https:\/\/yoast.com\/product\/yoast-seo-wordpress\/ -->\n<title>Colombianos eligen pr\u00f3ximo presidente - El Diario - Bolivia<\/title>\n<meta name=\"robots\" content=\"index, follow, max-snippet:-1, max-image-preview:large, max-video-preview:-1\" \/>\n<link rel=\"canonical\" href=\"https:\/\/www.eldiario.net\/portal\/2022\/06\/19\/colombianos-eligen-proximo-presidente\/\" \/>\n<meta property=\"og:locale\" content=\"es_ES\" \/>\n<meta property=\"og:type\" content=\"article\" \/>\n<meta property=\"og:title\" content=\"Colombianos eligen pr\u00f3ximo presidente - El Diario - Bolivia\" \/>\n<meta property=\"og:description\" content=\"Bogot\u00e1.- Los colombianos eligen hoy su pr\u00f3ximo presidente entre el izquierdista Gustavo Petro, quien promete ambiciosas reformas sociales, y el exc\u00e9ntrico empresario Rodolfo Hern\u00e1ndez, que cautiv\u00f3 electores con su discurso contra la corrupci\u00f3n pese a enfrentar una investigaci\u00f3n por ese delito. Las encuestas muestran un empate t\u00e9cnico para la segunda vuelta entre los candidatos, por [&hellip;]\" \/>\n<meta property=\"og:url\" content=\"https:\/\/www.eldiario.net\/portal\/2022\/06\/19\/colombianos-eligen-proximo-presidente\/\" \/>\n<meta property=\"og:site_name\" content=\"El Diario - Bolivia\" \/>\n<meta property=\"article:publisher\" content=\"https:\/\/www.facebook.com\/eldiario.bolivia\/\" \/>\n<meta property=\"article:published_time\" content=\"2022-06-19T09:49:40+00:00\" \/>\n<meta name=\"author\" content=\"Jeanette\" \/>\n<meta name=\"twitter:card\" content=\"summary_large_image\" \/>\n<meta name=\"twitter:creator\" content=\"@eldiario_net\" \/>\n<meta name=\"twitter:site\" content=\"@eldiario_net\" \/>\n<meta name=\"twitter:label1\" content=\"Escrito por\" \/>\n\t<meta name=\"twitter:data1\" content=\"Jeanette\" \/>\n\t<meta name=\"twitter:label2\" content=\"Tiempo de lectura\" \/>\n\t<meta name=\"twitter:data2\" content=\"4 minutos\" \/>\n<script type=\"application\/ld+json\" class=\"yoast-schema-graph\">{\"@context\":\"https:\\\/\\\/schema.org\",\"@graph\":[{\"@type\":\"Article\",\"@id\":\"https:\\\/\\\/www.eldiario.net\\\/portal\\\/2022\\\/06\\\/19\\\/colombianos-eligen-proximo-presidente\\\/#article\",\"isPartOf\":{\"@id\":\"https:\\\/\\\/www.eldiario.net\\\/portal\\\/2022\\\/06\\\/19\\\/colombianos-eligen-proximo-presidente\\\/\"},\"author\":{\"name\":\"Jeanette\",\"@id\":\"https:\\\/\\\/www.eldiario.net\\\/portal\\\/#\\\/schema\\\/person\\\/f46445640444750d7d753ccd04ae01b7\"},\"headline\":\"Colombianos eligen pr\u00f3ximo presidente\",\"datePublished\":\"2022-06-19T09:49:40+00:00\",\"mainEntityOfPage\":{\"@id\":\"https:\\\/\\\/www.eldiario.net\\\/portal\\\/2022\\\/06\\\/19\\\/colombianos-eligen-proximo-presidente\\\/\"},\"wordCount\":762,\"publisher\":{\"@id\":\"https:\\\/\\\/www.eldiario.net\\\/portal\\\/#organization\"},\"image\":{\"@id\":\"https:\\\/\\\/www.eldiario.net\\\/portal\\\/2022\\\/06\\\/19\\\/colombianos-eligen-proximo-presidente\\\/#primaryimage\"},\"thumbnailUrl\":\"\",\"articleSection\":[\"Internacional\"],\"inLanguage\":\"es\"},{\"@type\":\"WebPage\",\"@id\":\"https:\\\/\\\/www.eldiario.net\\\/portal\\\/2022\\\/06\\\/19\\\/colombianos-eligen-proximo-presidente\\\/\",\"url\":\"https:\\\/\\\/www.eldiario.net\\\/portal\\\/2022\\\/06\\\/19\\\/colombianos-eligen-proximo-presidente\\\/\",\"name\":\"Colombianos eligen pr\u00f3ximo presidente - El Diario - Bolivia\",\"isPartOf\":{\"@id\":\"https:\\\/\\\/www.eldiario.net\\\/portal\\\/#website\"},\"primaryImageOfPage\":{\"@id\":\"https:\\\/\\\/www.eldiario.net\\\/portal\\\/2022\\\/06\\\/19\\\/colombianos-eligen-proximo-presidente\\\/#primaryimage\"},\"image\":{\"@id\":\"https:\\\/\\\/www.eldiario.net\\\/portal\\\/2022\\\/06\\\/19\\\/colombianos-eligen-proximo-presidente\\\/#primaryimage\"},\"thumbnailUrl\":\"\",\"datePublished\":\"2022-06-19T09:49:40+00:00\",\"breadcrumb\":{\"@id\":\"https:\\\/\\\/www.eldiario.net\\\/portal\\\/2022\\\/06\\\/19\\\/colombianos-eligen-proximo-presidente\\\/#breadcrumb\"},\"inLanguage\":\"es\",\"potentialAction\":[{\"@type\":\"ReadAction\",\"target\":[\"https:\\\/\\\/www.eldiario.net\\\/portal\\\/2022\\\/06\\\/19\\\/colombianos-eligen-proximo-presidente\\\/\"]}]},{\"@type\":\"ImageObject\",\"inLanguage\":\"es\",\"@id\":\"https:\\\/\\\/www.eldiario.net\\\/portal\\\/2022\\\/06\\\/19\\\/colombianos-eligen-proximo-presidente\\\/#primaryimage\",\"url\":\"\",\"contentUrl\":\"\"},{\"@type\":\"BreadcrumbList\",\"@id\":\"https:\\\/\\\/www.eldiario.net\\\/portal\\\/2022\\\/06\\\/19\\\/colombianos-eligen-proximo-presidente\\\/#breadcrumb\",\"itemListElement\":[{\"@type\":\"ListItem\",\"position\":1,\"name\":\"Portada\",\"item\":\"https:\\\/\\\/www.eldiario.net\\\/portal\\\/\"},{\"@type\":\"ListItem\",\"position\":2,\"name\":\"Colombianos eligen pr\u00f3ximo presidente\"}]},{\"@type\":\"WebSite\",\"@id\":\"https:\\\/\\\/www.eldiario.net\\\/portal\\\/#website\",\"url\":\"https:\\\/\\\/www.eldiario.net\\\/portal\\\/\",\"name\":\"El Diario - Decano de la prensa nacional\",\"description\":\"El Diario - Decano de la prensa nacional\",\"publisher\":{\"@id\":\"https:\\\/\\\/www.eldiario.net\\\/portal\\\/#organization\"},\"potentialAction\":[{\"@type\":\"SearchAction\",\"target\":{\"@type\":\"EntryPoint\",\"urlTemplate\":\"https:\\\/\\\/www.eldiario.net\\\/portal\\\/?s={search_term_string}\"},\"query-input\":{\"@type\":\"PropertyValueSpecification\",\"valueRequired\":true,\"valueName\":\"search_term_string\"}}],\"inLanguage\":\"es\"},{\"@type\":\"Organization\",\"@id\":\"https:\\\/\\\/www.eldiario.net\\\/portal\\\/#organization\",\"name\":\"El Diario - Decano de la prensa nacional\",\"url\":\"https:\\\/\\\/www.eldiario.net\\\/portal\\\/\",\"logo\":{\"@type\":\"ImageObject\",\"inLanguage\":\"es\",\"@id\":\"https:\\\/\\\/www.eldiario.net\\\/portal\\\/#\\\/schema\\\/logo\\\/image\\\/\",\"url\":\"https:\\\/\\\/www.eldiario.net\\\/portal\\\/wp-content\\\/uploads\\\/2023\\\/07\\\/logo_ED.jpg\",\"contentUrl\":\"https:\\\/\\\/www.eldiario.net\\\/portal\\\/wp-content\\\/uploads\\\/2023\\\/07\\\/logo_ED.jpg\",\"width\":272,\"height\":52,\"caption\":\"El Diario - Decano de la prensa nacional\"},\"image\":{\"@id\":\"https:\\\/\\\/www.eldiario.net\\\/portal\\\/#\\\/schema\\\/logo\\\/image\\\/\"},\"sameAs\":[\"https:\\\/\\\/www.facebook.com\\\/eldiario.bolivia\\\/\",\"https:\\\/\\\/x.com\\\/eldiario_net\"]},{\"@type\":\"Person\",\"@id\":\"https:\\\/\\\/www.eldiario.net\\\/portal\\\/#\\\/schema\\\/person\\\/f46445640444750d7d753ccd04ae01b7\",\"name\":\"Jeanette\",\"image\":{\"@type\":\"ImageObject\",\"inLanguage\":\"es\",\"@id\":\"https:\\\/\\\/secure.gravatar.com\\\/avatar\\\/3ea2118a5f7dad2b7138b1187a6b7ee55f160b9968b66013c3a3ef39dd7e5798?s=96&d=mm&r=g\",\"url\":\"https:\\\/\\\/secure.gravatar.com\\\/avatar\\\/3ea2118a5f7dad2b7138b1187a6b7ee55f160b9968b66013c3a3ef39dd7e5798?s=96&d=mm&r=g\",\"contentUrl\":\"https:\\\/\\\/secure.gravatar.com\\\/avatar\\\/3ea2118a5f7dad2b7138b1187a6b7ee55f160b9968b66013c3a3ef39dd7e5798?s=96&d=mm&r=g\",\"caption\":\"Jeanette\"},\"sameAs\":[\"https:\\\/\\\/www.eldiario.net\\\/portal\"],\"url\":\"https:\\\/\\\/www.eldiario.net\\\/portal\\\/author\\\/jeanette\\\/\"}]}<\/script>\n<!-- \/ Yoast SEO plugin. -->","yoast_head_json":{"title":"Colombianos eligen pr\u00f3ximo presidente - El Diario - Bolivia","robots":{"index":"index","follow":"follow","max-snippet":"max-snippet:-1","max-image-preview":"max-image-preview:large","max-video-preview":"max-video-preview:-1"},"canonical":"https:\/\/www.eldiario.net\/portal\/2022\/06\/19\/colombianos-eligen-proximo-presidente\/","og_locale":"es_ES","og_type":"article","og_title":"Colombianos eligen pr\u00f3ximo presidente - El Diario - Bolivia","og_description":"Bogot\u00e1.- Los colombianos eligen hoy su pr\u00f3ximo presidente entre el izquierdista Gustavo Petro, quien promete ambiciosas reformas sociales, y el exc\u00e9ntrico empresario Rodolfo Hern\u00e1ndez, que cautiv\u00f3 electores con su discurso contra la corrupci\u00f3n pese a enfrentar una investigaci\u00f3n por ese delito. Las encuestas muestran un empate t\u00e9cnico para la segunda vuelta entre los candidatos, por [&hellip;]","og_url":"https:\/\/www.eldiario.net\/portal\/2022\/06\/19\/colombianos-eligen-proximo-presidente\/","og_site_name":"El Diario - Bolivia","article_publisher":"https:\/\/www.facebook.com\/eldiario.bolivia\/","article_published_time":"2022-06-19T09:49:40+00:00","author":"Jeanette","twitter_card":"summary_large_image","twitter_creator":"@eldiario_net","twitter_site":"@eldiario_net","twitter_misc":{"Escrito por":"Jeanette","Tiempo de lectura":"4 minutos"},"schema":{"@context":"https:\/\/schema.org","@graph":[{"@type":"Article","@id":"https:\/\/www.eldiario.net\/portal\/2022\/06\/19\/colombianos-eligen-proximo-presidente\/#article","isPartOf":{"@id":"https:\/\/www.eldiario.net\/portal\/2022\/06\/19\/colombianos-eligen-proximo-presidente\/"},"author":{"name":"Jeanette","@id":"https:\/\/www.eldiario.net\/portal\/#\/schema\/person\/f46445640444750d7d753ccd04ae01b7"},"headline":"Colombianos eligen pr\u00f3ximo presidente","datePublished":"2022-06-19T09:49:40+00:00","mainEntityOfPage":{"@id":"https:\/\/www.eldiario.net\/portal\/2022\/06\/19\/colombianos-eligen-proximo-presidente\/"},"wordCount":762,"publisher":{"@id":"https:\/\/www.eldiario.net\/portal\/#organization"},"image":{"@id":"https:\/\/www.eldiario.net\/portal\/2022\/06\/19\/colombianos-eligen-proximo-presidente\/#primaryimage"},"thumbnailUrl":"","articleSection":["Internacional"],"inLanguage":"es"},{"@type":"WebPage","@id":"https:\/\/www.eldiario.net\/portal\/2022\/06\/19\/colombianos-eligen-proximo-presidente\/","url":"https:\/\/www.eldiario.net\/portal\/2022\/06\/19\/colombianos-eligen-proximo-presidente\/","name":"Colombianos eligen pr\u00f3ximo presidente - El Diario - Bolivia","isPartOf":{"@id":"https:\/\/www.eldiario.net\/portal\/#website"},"primaryImageOfPage":{"@id":"https:\/\/www.eldiario.net\/portal\/2022\/06\/19\/colombianos-eligen-proximo-presidente\/#primaryimage"},"image":{"@id":"https:\/\/www.eldiario.net\/portal\/2022\/06\/19\/colombianos-eligen-proximo-presidente\/#primaryimage"},"thumbnailUrl":"","datePublished":"2022-06-19T09:49:40+00:00","breadcrumb":{"@id":"https:\/\/www.eldiario.net\/portal\/2022\/06\/19\/colombianos-eligen-proximo-presidente\/#breadcrumb"},"inLanguage":"es","potentialAction":[{"@type":"ReadAction","target":["https:\/\/www.eldiario.net\/portal\/2022\/06\/19\/colombianos-eligen-proximo-presidente\/"]}]},{"@type":"ImageObject","inLanguage":"es","@id":"https:\/\/www.eldiario.net\/portal\/2022\/06\/19\/colombianos-eligen-proximo-presidente\/#primaryimage","url":"","contentUrl":""},{"@type":"BreadcrumbList","@id":"https:\/\/www.eldiario.net\/portal\/2022\/06\/19\/colombianos-eligen-proximo-presidente\/#breadcrumb","itemListElement":[{"@type":"ListItem","position":1,"name":"Portada","item":"https:\/\/www.eldiario.net\/portal\/"},{"@type":"ListItem","position":2,"name":"Colombianos eligen pr\u00f3ximo presidente"}]},{"@type":"WebSite","@id":"https:\/\/www.eldiario.net\/portal\/#website","url":"https:\/\/www.eldiario.net\/portal\/","name":"El Diario - Decano de la prensa nacional","description":"El Diario - Decano de la prensa nacional","publisher":{"@id":"https:\/\/www.eldiario.net\/portal\/#organization"},"potentialAction":[{"@type":"SearchAction","target":{"@type":"EntryPoint","urlTemplate":"https:\/\/www.eldiario.net\/portal\/?s={search_term_string}"},"query-input":{"@type":"PropertyValueSpecification","valueRequired":true,"valueName":"search_term_string"}}],"inLanguage":"es"},{"@type":"Organization","@id":"https:\/\/www.eldiario.net\/portal\/#organization","name":"El Diario - Decano de la prensa nacional","url":"https:\/\/www.eldiario.net\/portal\/","logo":{"@type":"ImageObject","inLanguage":"es","@id":"https:\/\/www.eldiario.net\/portal\/#\/schema\/logo\/image\/","url":"https:\/\/www.eldiario.net\/portal\/wp-content\/uploads\/2023\/07\/logo_ED.jpg","contentUrl":"https:\/\/www.eldiario.net\/portal\/wp-content\/uploads\/2023\/07\/logo_ED.jpg","width":272,"height":52,"caption":"El Diario - Decano de la prensa nacional"},"image":{"@id":"https:\/\/www.eldiario.net\/portal\/#\/schema\/logo\/image\/"},"sameAs":["https:\/\/www.facebook.com\/eldiario.bolivia\/","https:\/\/x.com\/eldiario_net"]},{"@type":"Person","@id":"https:\/\/www.eldiario.net\/portal\/#\/schema\/person\/f46445640444750d7d753ccd04ae01b7","name":"Jeanette","image":{"@type":"ImageObject","inLanguage":"es","@id":"https:\/\/secure.gravatar.com\/avatar\/3ea2118a5f7dad2b7138b1187a6b7ee55f160b9968b66013c3a3ef39dd7e5798?s=96&d=mm&r=g","url":"https:\/\/secure.gravatar.com\/avatar\/3ea2118a5f7dad2b7138b1187a6b7ee55f160b9968b66013c3a3ef39dd7e5798?s=96&d=mm&r=g","contentUrl":"https:\/\/secure.gravatar.com\/avatar\/3ea2118a5f7dad2b7138b1187a6b7ee55f160b9968b66013c3a3ef39dd7e5798?s=96&d=mm&r=g","caption":"Jeanette"},"sameAs":["https:\/\/www.eldiario.net\/portal"],"url":"https:\/\/www.eldiario.net\/portal\/author\/jeanette\/"}]}},"_links":{"self":[{"href":"https:\/\/www.eldiario.net\/portal\/wp-json\/wp\/v2\/posts\/91551","targetHints":{"allow":["GET"]}}],"collection":[{"href":"https:\/\/www.eldiario.net\/portal\/wp-json\/wp\/v2\/posts"}],"about":[{"href":"https:\/\/www.eldiario.net\/portal\/wp-json\/wp\/v2\/types\/post"}],"author":[{"embeddable":true,"href":"https:\/\/www.eldiario.net\/portal\/wp-json\/wp\/v2\/users\/1"}],"replies":[{"embeddable":true,"href":"https:\/\/www.eldiario.net\/portal\/wp-json\/wp\/v2\/comments?post=91551"}],"version-history":[{"count":0,"href":"https:\/\/www.eldiario.net\/portal\/wp-json\/wp\/v2\/posts\/91551\/revisions"}],"wp:attachment":[{"href":"https:\/\/www.eldiario.net\/portal\/wp-json\/wp\/v2\/media?parent=91551"}],"wp:term":[{"taxonomy":"category","embeddable":true,"href":"https:\/\/www.eldiario.net\/portal\/wp-json\/wp\/v2\/categories?post=91551"},{"taxonomy":"post_tag","embeddable":true,"href":"https:\/\/www.eldiario.net\/portal\/wp-json\/wp\/v2\/tags?post=91551"}],"curies":[{"name":"wp","href":"https:\/\/api.w.org\/{rel}","templated":true}]}}