{"id":91210,"date":"2022-06-17T15:54:46","date_gmt":"2022-06-17T19:54:46","guid":{"rendered":"https:\/\/www.eldiario.net\/portal\/?p=91210"},"modified":"2022-06-17T15:54:46","modified_gmt":"2022-06-17T19:54:46","slug":"trastornos-del-aprendizaje-3","status":"publish","type":"post","link":"https:\/\/www.eldiario.net\/portal\/2022\/06\/17\/trastornos-del-aprendizaje-3\/","title":{"rendered":"Trastornos del aprendizaje"},"content":{"rendered":"<p>Por: Lic. H\u00e9ctor Molina Angulo<\/p>\n<p>RECORDEMOS QUE&#8230;<\/p>\n<p>Los Trastornos de Aprendizaje son aquellas dificultades de aprendizaje que se refieren a un grupo heterog\u00e9neo de trastornos, manifestados por dificultades significativas en la adquisici\u00f3n y uso de la capacidad para entender, hablar, leer, escribir, razonar o para los procesos l\u00f3gico-matem\u00e1ticos.<\/p>\n<p>FACTORES QUE INTERVIENEN PARA EL DIAGN\u00d3STICO DE LOS PROBLEMAS DE APRENDIZAJE<\/p>\n<p>Existe una diversidad de factores que intervienen para que aparezca un fracaso escolar o acad\u00e9mico como resultado del proceso de aprendizaje. Muchos especialistas se\u00f1alan la existencia de condiciones internas y externas en este proceso.<\/p>\n<p>Dentro de las condiciones internas se pueden mencionar los factores relacionados con los aspectos neurobiol\u00f3\u00acgicos u org\u00e1nicos; es decir, se refieren al sistema nervioso central (SNC) y, espec\u00ed\u00acficamente, al cerebro; o sea, \u201ccon qu\u00e9 se aprende\u201d. Se debe tener en cuen\u00acta tambi\u00e9n los aspectos ps\u00edquicos, que en muchos casos se presentan como la causa subyacente al bajo rendimiento escolar; es en este punto donde se estar\u00eda hablando de \u201cqui\u00e9n aprende\u201d.<\/p>\n<p>Asimismo, dentro de las condiciones ex\u00acternas, se debe tomar en cuenta los as\u00acpectos sociales que se refieren al \u201cc\u00f3mo se aprende\u201d y \u201cel \u00e1mbito en el que se aprende\u201d. Es importante anotar que estos factores se implican mutuamente.<\/p>\n<p>Las alteraciones del aprendizaje pueden deberse a la multiplicidad de facto\u00acres que intervienen en el mismo; es decir, a factores neurobiol\u00f3ticos, a afectaciones emocionales o a organizaciones pedag\u00f3\u00acgicas alejadas de la realidad psicosocial de aquellos que transitan por dicho proce\u00acso. Por lo tanto la etiolog\u00eda del fracaso escolar se debe analizar desde distintas vertientes.<\/p>\n<p>Los factores a considerar en el diagn\u00f3stico de los problemas de aprendi\u00aczaje son los siguientes:<\/p>\n<p>Factores espec\u00edficos<\/p>\n<p>Encontramos cierto tipo de trastornos en el \u00e1rea de la adecuaci\u00f3n perceptivo-motora, que son el conjunto de capacidades directamente derivadas y dependientes del funcionamiento del sistema nervioso central. Si bien parecen tener origen org\u00e1nico, no se tiene posibilidades de comprobarlo. Estos trastornos afectan el nivel de aprendizaje del lenguaje, de su articulaci\u00f3n y lectoescritura. Aparecen un sinn\u00famero de peque\u00f1as fallas, como por ejemplo la alteraci\u00f3n de la secuencia percibida, dificultad para construir im\u00e1genes claras de fonemas, s\u00edlabas y palabras, etc. En ellas se puede encontrar tambi\u00e9n dificultades en el an\u00e1lisis y s\u00edntesis de los s\u00edmbolos, en la capacidad sint\u00e1ctica, en la atribuci\u00f3n significativa. Algunos procesos dentro de las afasias pueden aparecer sin que podamos establecer su origen en un da\u00f1o cerebral.<\/p>\n<p>Muchos problemas de aprendizaje se encuentran relacionados con una indeterminaci\u00f3n en la lateralidad. Partiendo del precepto aceptado en varios estudios sociales de que la norma es el uso de la mano derecha. La persona diestra en extremidades y ojo presenta una graf\u00eda m\u00e1s uniforme y arm\u00f3nica. En ese sentido, el ni\u00f1o zurdo se ve forzado a una decodificaci\u00f3n precoz. El caso se complica m\u00e1s cuando hay una lateralidad cruzada; es decir, que los ojos y las manos no presentan una lateralizaci\u00f3n id\u00e9ntica.<\/p>\n<p><a href=\"https:\/\/www.eldiario.net\/portal\/wp-content\/uploads\/2022\/06\/SDA-Pisa.jpg\"><img loading=\"lazy\" decoding=\"async\" class=\"aligncenter size-full wp-image-91211\" src=\"https:\/\/www.eldiario.net\/portal\/wp-content\/uploads\/2022\/06\/SDA-Pisa.jpg\" alt=\"\" width=\"510\" height=\"748\" \/><\/a><\/p>\n","protected":false},"excerpt":{"rendered":"<p>Por: Lic. H\u00e9ctor Molina Angulo RECORDEMOS QUE&#8230; Los Trastornos de Aprendizaje son aquellas dificultades de aprendizaje que se refieren a un grupo heterog\u00e9neo de trastornos, manifestados por dificultades significativas en la adquisici\u00f3n y uso de la capacidad para entender, hablar, leer, escribir, razonar o para los procesos l\u00f3gico-matem\u00e1ticos. FACTORES QUE INTERVIENEN PARA EL DIAGN\u00d3STICO DE [&hellip;]<\/p>\n","protected":false},"author":1,"featured_media":91211,"comment_status":"closed","ping_status":"closed","sticky":false,"template":"","format":"standard","meta":{"_acf_changed":false,"footnotes":""},"categories":[43],"tags":[],"class_list":["post-91210","post","type-post","status-publish","format-standard","has-post-thumbnail","category-nuevos-horizontes"],"acf":{"antetitulo":""},"yoast_head":"<!-- This site is optimized with the Yoast SEO plugin v28.4 - https:\/\/yoast.com\/product\/yoast-seo-wordpress\/ -->\n<title>Trastornos del aprendizaje - El Diario - Bolivia<\/title>\n<meta name=\"robots\" content=\"index, follow, max-snippet:-1, max-image-preview:large, max-video-preview:-1\" \/>\n<link rel=\"canonical\" href=\"https:\/\/www.eldiario.net\/portal\/2022\/06\/17\/trastornos-del-aprendizaje-3\/\" \/>\n<meta property=\"og:locale\" content=\"es_ES\" \/>\n<meta property=\"og:type\" content=\"article\" \/>\n<meta property=\"og:title\" content=\"Trastornos del aprendizaje - El Diario - Bolivia\" \/>\n<meta property=\"og:description\" content=\"Por: Lic. H\u00e9ctor Molina Angulo RECORDEMOS QUE&#8230; Los Trastornos de Aprendizaje son aquellas dificultades de aprendizaje que se refieren a un grupo heterog\u00e9neo de trastornos, manifestados por dificultades significativas en la adquisici\u00f3n y uso de la capacidad para entender, hablar, leer, escribir, razonar o para los procesos l\u00f3gico-matem\u00e1ticos. FACTORES QUE INTERVIENEN PARA EL DIAGN\u00d3STICO DE [&hellip;]\" \/>\n<meta property=\"og:url\" content=\"https:\/\/www.eldiario.net\/portal\/2022\/06\/17\/trastornos-del-aprendizaje-3\/\" \/>\n<meta property=\"og:site_name\" content=\"El Diario - Bolivia\" \/>\n<meta property=\"article:publisher\" content=\"https:\/\/www.facebook.com\/eldiario.bolivia\/\" \/>\n<meta property=\"article:published_time\" content=\"2022-06-17T19:54:46+00:00\" \/>\n<meta name=\"author\" content=\"Jeanette\" \/>\n<meta name=\"twitter:card\" content=\"summary_large_image\" \/>\n<meta name=\"twitter:creator\" content=\"@eldiario_net\" \/>\n<meta name=\"twitter:site\" content=\"@eldiario_net\" \/>\n<meta name=\"twitter:label1\" content=\"Escrito por\" \/>\n\t<meta name=\"twitter:data1\" content=\"Jeanette\" \/>\n\t<meta name=\"twitter:label2\" content=\"Tiempo de lectura\" \/>\n\t<meta name=\"twitter:data2\" content=\"3 minutos\" \/>\n<script type=\"application\/ld+json\" class=\"yoast-schema-graph\">{\"@context\":\"https:\\\/\\\/schema.org\",\"@graph\":[{\"@type\":\"Article\",\"@id\":\"https:\\\/\\\/www.eldiario.net\\\/portal\\\/2022\\\/06\\\/17\\\/trastornos-del-aprendizaje-3\\\/#article\",\"isPartOf\":{\"@id\":\"https:\\\/\\\/www.eldiario.net\\\/portal\\\/2022\\\/06\\\/17\\\/trastornos-del-aprendizaje-3\\\/\"},\"author\":{\"name\":\"Jeanette\",\"@id\":\"https:\\\/\\\/www.eldiario.net\\\/portal\\\/#\\\/schema\\\/person\\\/2c57cf2b7a7ae032e449e4c9b1019eac\"},\"headline\":\"Trastornos del aprendizaje\",\"datePublished\":\"2022-06-17T19:54:46+00:00\",\"mainEntityOfPage\":{\"@id\":\"https:\\\/\\\/www.eldiario.net\\\/portal\\\/2022\\\/06\\\/17\\\/trastornos-del-aprendizaje-3\\\/\"},\"wordCount\":529,\"publisher\":{\"@id\":\"https:\\\/\\\/www.eldiario.net\\\/portal\\\/#organization\"},\"image\":{\"@id\":\"https:\\\/\\\/www.eldiario.net\\\/portal\\\/2022\\\/06\\\/17\\\/trastornos-del-aprendizaje-3\\\/#primaryimage\"},\"thumbnailUrl\":\"\",\"articleSection\":[\"Nuevos Horizontes\"],\"inLanguage\":\"es\"},{\"@type\":\"WebPage\",\"@id\":\"https:\\\/\\\/www.eldiario.net\\\/portal\\\/2022\\\/06\\\/17\\\/trastornos-del-aprendizaje-3\\\/\",\"url\":\"https:\\\/\\\/www.eldiario.net\\\/portal\\\/2022\\\/06\\\/17\\\/trastornos-del-aprendizaje-3\\\/\",\"name\":\"Trastornos del aprendizaje - El Diario - Bolivia\",\"isPartOf\":{\"@id\":\"https:\\\/\\\/www.eldiario.net\\\/portal\\\/#website\"},\"primaryImageOfPage\":{\"@id\":\"https:\\\/\\\/www.eldiario.net\\\/portal\\\/2022\\\/06\\\/17\\\/trastornos-del-aprendizaje-3\\\/#primaryimage\"},\"image\":{\"@id\":\"https:\\\/\\\/www.eldiario.net\\\/portal\\\/2022\\\/06\\\/17\\\/trastornos-del-aprendizaje-3\\\/#primaryimage\"},\"thumbnailUrl\":\"\",\"datePublished\":\"2022-06-17T19:54:46+00:00\",\"breadcrumb\":{\"@id\":\"https:\\\/\\\/www.eldiario.net\\\/portal\\\/2022\\\/06\\\/17\\\/trastornos-del-aprendizaje-3\\\/#breadcrumb\"},\"inLanguage\":\"es\",\"potentialAction\":[{\"@type\":\"ReadAction\",\"target\":[\"https:\\\/\\\/www.eldiario.net\\\/portal\\\/2022\\\/06\\\/17\\\/trastornos-del-aprendizaje-3\\\/\"]}]},{\"@type\":\"ImageObject\",\"inLanguage\":\"es\",\"@id\":\"https:\\\/\\\/www.eldiario.net\\\/portal\\\/2022\\\/06\\\/17\\\/trastornos-del-aprendizaje-3\\\/#primaryimage\",\"url\":\"\",\"contentUrl\":\"\"},{\"@type\":\"BreadcrumbList\",\"@id\":\"https:\\\/\\\/www.eldiario.net\\\/portal\\\/2022\\\/06\\\/17\\\/trastornos-del-aprendizaje-3\\\/#breadcrumb\",\"itemListElement\":[{\"@type\":\"ListItem\",\"position\":1,\"name\":\"Portada\",\"item\":\"https:\\\/\\\/www.eldiario.net\\\/portal\\\/\"},{\"@type\":\"ListItem\",\"position\":2,\"name\":\"Trastornos del aprendizaje\"}]},{\"@type\":\"WebSite\",\"@id\":\"https:\\\/\\\/www.eldiario.net\\\/portal\\\/#website\",\"url\":\"https:\\\/\\\/www.eldiario.net\\\/portal\\\/\",\"name\":\"El Diario - Decano de la prensa nacional\",\"description\":\"El Diario - Decano de la prensa nacional\",\"publisher\":{\"@id\":\"https:\\\/\\\/www.eldiario.net\\\/portal\\\/#organization\"},\"potentialAction\":[{\"@type\":\"SearchAction\",\"target\":{\"@type\":\"EntryPoint\",\"urlTemplate\":\"https:\\\/\\\/www.eldiario.net\\\/portal\\\/?s={search_term_string}\"},\"query-input\":{\"@type\":\"PropertyValueSpecification\",\"valueRequired\":true,\"valueName\":\"search_term_string\"}}],\"inLanguage\":\"es\"},{\"@type\":\"Organization\",\"@id\":\"https:\\\/\\\/www.eldiario.net\\\/portal\\\/#organization\",\"name\":\"El Diario - Decano de la prensa nacional\",\"url\":\"https:\\\/\\\/www.eldiario.net\\\/portal\\\/\",\"logo\":{\"@type\":\"ImageObject\",\"inLanguage\":\"es\",\"@id\":\"https:\\\/\\\/www.eldiario.net\\\/portal\\\/#\\\/schema\\\/logo\\\/image\\\/\",\"url\":\"https:\\\/\\\/www.eldiario.net\\\/portal\\\/wp-content\\\/uploads\\\/2023\\\/07\\\/logo_ED.jpg\",\"contentUrl\":\"https:\\\/\\\/www.eldiario.net\\\/portal\\\/wp-content\\\/uploads\\\/2023\\\/07\\\/logo_ED.jpg\",\"width\":272,\"height\":52,\"caption\":\"El Diario - Decano de la prensa nacional\"},\"image\":{\"@id\":\"https:\\\/\\\/www.eldiario.net\\\/portal\\\/#\\\/schema\\\/logo\\\/image\\\/\"},\"sameAs\":[\"https:\\\/\\\/www.facebook.com\\\/eldiario.bolivia\\\/\",\"https:\\\/\\\/x.com\\\/eldiario_net\"]},{\"@type\":\"Person\",\"@id\":\"https:\\\/\\\/www.eldiario.net\\\/portal\\\/#\\\/schema\\\/person\\\/2c57cf2b7a7ae032e449e4c9b1019eac\",\"name\":\"Jeanette\",\"image\":{\"@type\":\"ImageObject\",\"inLanguage\":\"es\",\"@id\":\"https:\\\/\\\/secure.gravatar.com\\\/avatar\\\/3ea2118a5f7dad2b7138b1187a6b7ee55f160b9968b66013c3a3ef39dd7e5798?s=96&d=mm&r=g\",\"url\":\"https:\\\/\\\/secure.gravatar.com\\\/avatar\\\/3ea2118a5f7dad2b7138b1187a6b7ee55f160b9968b66013c3a3ef39dd7e5798?s=96&d=mm&r=g\",\"contentUrl\":\"https:\\\/\\\/secure.gravatar.com\\\/avatar\\\/3ea2118a5f7dad2b7138b1187a6b7ee55f160b9968b66013c3a3ef39dd7e5798?s=96&d=mm&r=g\",\"caption\":\"Jeanette\"},\"sameAs\":[\"https:\\\/\\\/www.eldiario.net\\\/portal\"],\"url\":\"https:\\\/\\\/www.eldiario.net\\\/portal\\\/author\\\/jeanette\\\/\"}]}<\/script>\n<!-- \/ Yoast SEO plugin. -->","yoast_head_json":{"title":"Trastornos del aprendizaje - El Diario - Bolivia","robots":{"index":"index","follow":"follow","max-snippet":"max-snippet:-1","max-image-preview":"max-image-preview:large","max-video-preview":"max-video-preview:-1"},"canonical":"https:\/\/www.eldiario.net\/portal\/2022\/06\/17\/trastornos-del-aprendizaje-3\/","og_locale":"es_ES","og_type":"article","og_title":"Trastornos del aprendizaje - El Diario - Bolivia","og_description":"Por: Lic. H\u00e9ctor Molina Angulo RECORDEMOS QUE&#8230; Los Trastornos de Aprendizaje son aquellas dificultades de aprendizaje que se refieren a un grupo heterog\u00e9neo de trastornos, manifestados por dificultades significativas en la adquisici\u00f3n y uso de la capacidad para entender, hablar, leer, escribir, razonar o para los procesos l\u00f3gico-matem\u00e1ticos. FACTORES QUE INTERVIENEN PARA EL DIAGN\u00d3STICO DE [&hellip;]","og_url":"https:\/\/www.eldiario.net\/portal\/2022\/06\/17\/trastornos-del-aprendizaje-3\/","og_site_name":"El Diario - Bolivia","article_publisher":"https:\/\/www.facebook.com\/eldiario.bolivia\/","article_published_time":"2022-06-17T19:54:46+00:00","author":"Jeanette","twitter_card":"summary_large_image","twitter_creator":"@eldiario_net","twitter_site":"@eldiario_net","twitter_misc":{"Escrito por":"Jeanette","Tiempo de lectura":"3 minutos"},"schema":{"@context":"https:\/\/schema.org","@graph":[{"@type":"Article","@id":"https:\/\/www.eldiario.net\/portal\/2022\/06\/17\/trastornos-del-aprendizaje-3\/#article","isPartOf":{"@id":"https:\/\/www.eldiario.net\/portal\/2022\/06\/17\/trastornos-del-aprendizaje-3\/"},"author":{"name":"Jeanette","@id":"https:\/\/www.eldiario.net\/portal\/#\/schema\/person\/2c57cf2b7a7ae032e449e4c9b1019eac"},"headline":"Trastornos del aprendizaje","datePublished":"2022-06-17T19:54:46+00:00","mainEntityOfPage":{"@id":"https:\/\/www.eldiario.net\/portal\/2022\/06\/17\/trastornos-del-aprendizaje-3\/"},"wordCount":529,"publisher":{"@id":"https:\/\/www.eldiario.net\/portal\/#organization"},"image":{"@id":"https:\/\/www.eldiario.net\/portal\/2022\/06\/17\/trastornos-del-aprendizaje-3\/#primaryimage"},"thumbnailUrl":"","articleSection":["Nuevos Horizontes"],"inLanguage":"es"},{"@type":"WebPage","@id":"https:\/\/www.eldiario.net\/portal\/2022\/06\/17\/trastornos-del-aprendizaje-3\/","url":"https:\/\/www.eldiario.net\/portal\/2022\/06\/17\/trastornos-del-aprendizaje-3\/","name":"Trastornos del aprendizaje - El Diario - Bolivia","isPartOf":{"@id":"https:\/\/www.eldiario.net\/portal\/#website"},"primaryImageOfPage":{"@id":"https:\/\/www.eldiario.net\/portal\/2022\/06\/17\/trastornos-del-aprendizaje-3\/#primaryimage"},"image":{"@id":"https:\/\/www.eldiario.net\/portal\/2022\/06\/17\/trastornos-del-aprendizaje-3\/#primaryimage"},"thumbnailUrl":"","datePublished":"2022-06-17T19:54:46+00:00","breadcrumb":{"@id":"https:\/\/www.eldiario.net\/portal\/2022\/06\/17\/trastornos-del-aprendizaje-3\/#breadcrumb"},"inLanguage":"es","potentialAction":[{"@type":"ReadAction","target":["https:\/\/www.eldiario.net\/portal\/2022\/06\/17\/trastornos-del-aprendizaje-3\/"]}]},{"@type":"ImageObject","inLanguage":"es","@id":"https:\/\/www.eldiario.net\/portal\/2022\/06\/17\/trastornos-del-aprendizaje-3\/#primaryimage","url":"","contentUrl":""},{"@type":"BreadcrumbList","@id":"https:\/\/www.eldiario.net\/portal\/2022\/06\/17\/trastornos-del-aprendizaje-3\/#breadcrumb","itemListElement":[{"@type":"ListItem","position":1,"name":"Portada","item":"https:\/\/www.eldiario.net\/portal\/"},{"@type":"ListItem","position":2,"name":"Trastornos del aprendizaje"}]},{"@type":"WebSite","@id":"https:\/\/www.eldiario.net\/portal\/#website","url":"https:\/\/www.eldiario.net\/portal\/","name":"El Diario - Decano de la prensa nacional","description":"El Diario - Decano de la prensa nacional","publisher":{"@id":"https:\/\/www.eldiario.net\/portal\/#organization"},"potentialAction":[{"@type":"SearchAction","target":{"@type":"EntryPoint","urlTemplate":"https:\/\/www.eldiario.net\/portal\/?s={search_term_string}"},"query-input":{"@type":"PropertyValueSpecification","valueRequired":true,"valueName":"search_term_string"}}],"inLanguage":"es"},{"@type":"Organization","@id":"https:\/\/www.eldiario.net\/portal\/#organization","name":"El Diario - Decano de la prensa nacional","url":"https:\/\/www.eldiario.net\/portal\/","logo":{"@type":"ImageObject","inLanguage":"es","@id":"https:\/\/www.eldiario.net\/portal\/#\/schema\/logo\/image\/","url":"https:\/\/www.eldiario.net\/portal\/wp-content\/uploads\/2023\/07\/logo_ED.jpg","contentUrl":"https:\/\/www.eldiario.net\/portal\/wp-content\/uploads\/2023\/07\/logo_ED.jpg","width":272,"height":52,"caption":"El Diario - Decano de la prensa nacional"},"image":{"@id":"https:\/\/www.eldiario.net\/portal\/#\/schema\/logo\/image\/"},"sameAs":["https:\/\/www.facebook.com\/eldiario.bolivia\/","https:\/\/x.com\/eldiario_net"]},{"@type":"Person","@id":"https:\/\/www.eldiario.net\/portal\/#\/schema\/person\/2c57cf2b7a7ae032e449e4c9b1019eac","name":"Jeanette","image":{"@type":"ImageObject","inLanguage":"es","@id":"https:\/\/secure.gravatar.com\/avatar\/3ea2118a5f7dad2b7138b1187a6b7ee55f160b9968b66013c3a3ef39dd7e5798?s=96&d=mm&r=g","url":"https:\/\/secure.gravatar.com\/avatar\/3ea2118a5f7dad2b7138b1187a6b7ee55f160b9968b66013c3a3ef39dd7e5798?s=96&d=mm&r=g","contentUrl":"https:\/\/secure.gravatar.com\/avatar\/3ea2118a5f7dad2b7138b1187a6b7ee55f160b9968b66013c3a3ef39dd7e5798?s=96&d=mm&r=g","caption":"Jeanette"},"sameAs":["https:\/\/www.eldiario.net\/portal"],"url":"https:\/\/www.eldiario.net\/portal\/author\/jeanette\/"}]}},"_links":{"self":[{"href":"https:\/\/www.eldiario.net\/portal\/wp-json\/wp\/v2\/posts\/91210","targetHints":{"allow":["GET"]}}],"collection":[{"href":"https:\/\/www.eldiario.net\/portal\/wp-json\/wp\/v2\/posts"}],"about":[{"href":"https:\/\/www.eldiario.net\/portal\/wp-json\/wp\/v2\/types\/post"}],"author":[{"embeddable":true,"href":"https:\/\/www.eldiario.net\/portal\/wp-json\/wp\/v2\/users\/1"}],"replies":[{"embeddable":true,"href":"https:\/\/www.eldiario.net\/portal\/wp-json\/wp\/v2\/comments?post=91210"}],"version-history":[{"count":0,"href":"https:\/\/www.eldiario.net\/portal\/wp-json\/wp\/v2\/posts\/91210\/revisions"}],"wp:attachment":[{"href":"https:\/\/www.eldiario.net\/portal\/wp-json\/wp\/v2\/media?parent=91210"}],"wp:term":[{"taxonomy":"category","embeddable":true,"href":"https:\/\/www.eldiario.net\/portal\/wp-json\/wp\/v2\/categories?post=91210"},{"taxonomy":"post_tag","embeddable":true,"href":"https:\/\/www.eldiario.net\/portal\/wp-json\/wp\/v2\/tags?post=91210"}],"curies":[{"name":"wp","href":"https:\/\/api.w.org\/{rel}","templated":true}]}}