{"id":9102,"date":"2021-06-08T06:00:28","date_gmt":"2021-06-08T10:00:28","guid":{"rendered":"https:\/\/www.eldiario.net\/portal\/?p=9102"},"modified":"2021-06-08T06:00:28","modified_gmt":"2021-06-08T10:00:28","slug":"destruyen-vino-y-cerveza-de-contrabando-en-tarija","status":"publish","type":"post","link":"https:\/\/www.eldiario.net\/portal\/2021\/06\/08\/destruyen-vino-y-cerveza-de-contrabando-en-tarija\/","title":{"rendered":"Destruyen vino y cerveza de contrabando en Tarija"},"content":{"rendered":"<p>Entre enero y mayo se han comisado productos de contrabando por un valor de m\u00e1s de 200 millones de bolivianos en todo el territorio nacional y s\u00f3lo en el departamento de Tarija fueron valuados en aproximadamente 23.995.443 de bolivianos, seg\u00fan reporta la Aduana Nacional.<\/p>\n<p>El contrabando ha hecho de las suyas durante el a\u00f1o 2020, cuando no hab\u00eda control en las fronteras; se han abierto rutas alternas en los diferentes puntos fronterizos del pa\u00eds por donde ingresa mercanc\u00eda ilegal que da\u00f1a la econom\u00eda, la industria y la producci\u00f3n nacional, afirm\u00f3 la presidenta a.i. de la Aduana, Karina Serrudo durante la destrucci\u00f3n de mercader\u00eda de contrabando.<\/p>\n<p>La mayor\u00eda de la mercanc\u00eda de contrabando que ingresa al departamento de Tarija proviene de la Argentina y se distribuye tambi\u00e9n a Santa Cruz.<\/p>\n<p>&nbsp;<\/p>\n<p>GOLPE<\/p>\n<p>La Aduana Nacional comiso vino y cerveza de contrabando en Tarija, y realiz\u00f3 su posterior destrucci\u00f3n.<\/p>\n<p>Se destruyeron 46 toneladas de bebidas alcoh\u00f3licas que fueron comisadas desde enero hasta mayo de la presente gesti\u00f3n, productos que de manera il\u00edcita ingresaron por las fronteras de Yacuiba y Bermejo desde el vecino pa\u00eds de Argentina.<\/p>\n<p>El procedimiento se realiz\u00f3 en dep\u00f3sitos aduaneros (DAB) del Portillo. La mercader\u00eda est\u00e1 valuada en 108 millones de bolivianos, aproximadamente.<\/p>\n<p>Estas 46 toneladas son parte de un total de 248 toneladas de mercader\u00eda prohibida que se encuentran en almacenes aduaneros en Tarija, las cuales se ir\u00e1n destruyendo en el curso de las pr\u00f3ximas semanas. Entre la mercader\u00eda a desechar se constituyen bebidas alcoh\u00f3licas, cigarrillos, alimentos en mal estado o vencidos, prender\u00eda usada y veh\u00edculos indocumentados que est\u00e1n en desuso.<\/p>\n<p>&nbsp;<\/p>\n<p>RECICLADORAS<\/p>\n<p>\u201cMujeres en Acci\u00f3n de Reciclaje por el Medio Ambiente Tarija\u201d (MARMAT), participaron del proceso de destrucci\u00f3n, quienes apoyaron en el vaciado de las bebidas alcoh\u00f3licas lo cual servir\u00e1 para hacer compost para abonar las \u00e1reas verdes de la ciudad de Tarija y para los productores.<\/p>\n<p>Las mismas mujeres reciclar\u00e1n las latas y botellas, las cuales ser\u00e1n vendidas a las acopiadoras que hay en la ciudad para su reutilizaci\u00f3n y transformaci\u00f3n. De ese modo se apoya la econom\u00eda de estas mujeres trabajadoras, que en una experiencia piloto trabajan en la gesti\u00f3n de residuos mediante un sistema de recolecci\u00f3n y transporte de residuos domiciliarios con separaci\u00f3n en origen, para promover acciones de resiliencia y reducci\u00f3n de la vulnerabilidad frente a los efectos del cambio clim\u00e1tico.<\/p>\n<p>&nbsp;<\/p>\n","protected":false},"excerpt":{"rendered":"<p>Entre enero y mayo se han comisado productos de contrabando por un valor de m\u00e1s de 200 millones de bolivianos en todo el territorio nacional y s\u00f3lo en el departamento de Tarija fueron valuados en aproximadamente 23.995.443 de bolivianos, seg\u00fan reporta la Aduana Nacional. El contrabando ha hecho de las suyas durante el a\u00f1o 2020, [&hellip;]<\/p>\n","protected":false},"author":1,"featured_media":9103,"comment_status":"closed","ping_status":"closed","sticky":false,"template":"","format":"standard","meta":{"_acf_changed":false,"footnotes":""},"categories":[7],"tags":[],"class_list":["post-9102","post","type-post","status-publish","format-standard","has-post-thumbnail","category-economia"],"acf":{"antetitulo":""},"yoast_head":"<!-- This site is optimized with the Yoast SEO plugin v28.3 - https:\/\/yoast.com\/product\/yoast-seo-wordpress\/ -->\n<title>Destruyen vino y cerveza de contrabando en Tarija - El Diario - Bolivia<\/title>\n<meta name=\"robots\" content=\"index, follow, max-snippet:-1, max-image-preview:large, max-video-preview:-1\" \/>\n<link rel=\"canonical\" href=\"https:\/\/www.eldiario.net\/portal\/2021\/06\/08\/destruyen-vino-y-cerveza-de-contrabando-en-tarija\/\" \/>\n<meta property=\"og:locale\" content=\"es_ES\" \/>\n<meta property=\"og:type\" content=\"article\" \/>\n<meta property=\"og:title\" content=\"Destruyen vino y cerveza de contrabando en Tarija - El Diario - Bolivia\" \/>\n<meta property=\"og:description\" content=\"Entre enero y mayo se han comisado productos de contrabando por un valor de m\u00e1s de 200 millones de bolivianos en todo el territorio nacional y s\u00f3lo en el departamento de Tarija fueron valuados en aproximadamente 23.995.443 de bolivianos, seg\u00fan reporta la Aduana Nacional. El contrabando ha hecho de las suyas durante el a\u00f1o 2020, [&hellip;]\" \/>\n<meta property=\"og:url\" content=\"https:\/\/www.eldiario.net\/portal\/2021\/06\/08\/destruyen-vino-y-cerveza-de-contrabando-en-tarija\/\" \/>\n<meta property=\"og:site_name\" content=\"El Diario - Bolivia\" \/>\n<meta property=\"article:publisher\" content=\"https:\/\/www.facebook.com\/eldiario.bolivia\/\" \/>\n<meta property=\"article:published_time\" content=\"2021-06-08T10:00:28+00:00\" \/>\n<meta name=\"author\" content=\"Jeanette\" \/>\n<meta name=\"twitter:card\" content=\"summary_large_image\" \/>\n<meta name=\"twitter:creator\" content=\"@eldiario_net\" \/>\n<meta name=\"twitter:site\" content=\"@eldiario_net\" \/>\n<meta name=\"twitter:label1\" content=\"Escrito por\" \/>\n\t<meta name=\"twitter:data1\" content=\"Jeanette\" \/>\n\t<meta name=\"twitter:label2\" content=\"Tiempo de lectura\" \/>\n\t<meta name=\"twitter:data2\" content=\"2 minutos\" \/>\n<script type=\"application\/ld+json\" class=\"yoast-schema-graph\">{\"@context\":\"https:\\\/\\\/schema.org\",\"@graph\":[{\"@type\":\"Article\",\"@id\":\"https:\\\/\\\/www.eldiario.net\\\/portal\\\/2021\\\/06\\\/08\\\/destruyen-vino-y-cerveza-de-contrabando-en-tarija\\\/#article\",\"isPartOf\":{\"@id\":\"https:\\\/\\\/www.eldiario.net\\\/portal\\\/2021\\\/06\\\/08\\\/destruyen-vino-y-cerveza-de-contrabando-en-tarija\\\/\"},\"author\":{\"name\":\"Jeanette\",\"@id\":\"https:\\\/\\\/www.eldiario.net\\\/portal\\\/#\\\/schema\\\/person\\\/f46445640444750d7d753ccd04ae01b7\"},\"headline\":\"Destruyen vino y cerveza de contrabando en Tarija\",\"datePublished\":\"2021-06-08T10:00:28+00:00\",\"mainEntityOfPage\":{\"@id\":\"https:\\\/\\\/www.eldiario.net\\\/portal\\\/2021\\\/06\\\/08\\\/destruyen-vino-y-cerveza-de-contrabando-en-tarija\\\/\"},\"wordCount\":434,\"publisher\":{\"@id\":\"https:\\\/\\\/www.eldiario.net\\\/portal\\\/#organization\"},\"image\":{\"@id\":\"https:\\\/\\\/www.eldiario.net\\\/portal\\\/2021\\\/06\\\/08\\\/destruyen-vino-y-cerveza-de-contrabando-en-tarija\\\/#primaryimage\"},\"thumbnailUrl\":\"\",\"articleSection\":[\"Econom\u00eda\"],\"inLanguage\":\"es\"},{\"@type\":\"WebPage\",\"@id\":\"https:\\\/\\\/www.eldiario.net\\\/portal\\\/2021\\\/06\\\/08\\\/destruyen-vino-y-cerveza-de-contrabando-en-tarija\\\/\",\"url\":\"https:\\\/\\\/www.eldiario.net\\\/portal\\\/2021\\\/06\\\/08\\\/destruyen-vino-y-cerveza-de-contrabando-en-tarija\\\/\",\"name\":\"Destruyen vino y cerveza de contrabando en Tarija - El Diario - Bolivia\",\"isPartOf\":{\"@id\":\"https:\\\/\\\/www.eldiario.net\\\/portal\\\/#website\"},\"primaryImageOfPage\":{\"@id\":\"https:\\\/\\\/www.eldiario.net\\\/portal\\\/2021\\\/06\\\/08\\\/destruyen-vino-y-cerveza-de-contrabando-en-tarija\\\/#primaryimage\"},\"image\":{\"@id\":\"https:\\\/\\\/www.eldiario.net\\\/portal\\\/2021\\\/06\\\/08\\\/destruyen-vino-y-cerveza-de-contrabando-en-tarija\\\/#primaryimage\"},\"thumbnailUrl\":\"\",\"datePublished\":\"2021-06-08T10:00:28+00:00\",\"breadcrumb\":{\"@id\":\"https:\\\/\\\/www.eldiario.net\\\/portal\\\/2021\\\/06\\\/08\\\/destruyen-vino-y-cerveza-de-contrabando-en-tarija\\\/#breadcrumb\"},\"inLanguage\":\"es\",\"potentialAction\":[{\"@type\":\"ReadAction\",\"target\":[\"https:\\\/\\\/www.eldiario.net\\\/portal\\\/2021\\\/06\\\/08\\\/destruyen-vino-y-cerveza-de-contrabando-en-tarija\\\/\"]}]},{\"@type\":\"ImageObject\",\"inLanguage\":\"es\",\"@id\":\"https:\\\/\\\/www.eldiario.net\\\/portal\\\/2021\\\/06\\\/08\\\/destruyen-vino-y-cerveza-de-contrabando-en-tarija\\\/#primaryimage\",\"url\":\"\",\"contentUrl\":\"\"},{\"@type\":\"BreadcrumbList\",\"@id\":\"https:\\\/\\\/www.eldiario.net\\\/portal\\\/2021\\\/06\\\/08\\\/destruyen-vino-y-cerveza-de-contrabando-en-tarija\\\/#breadcrumb\",\"itemListElement\":[{\"@type\":\"ListItem\",\"position\":1,\"name\":\"Portada\",\"item\":\"https:\\\/\\\/www.eldiario.net\\\/portal\\\/\"},{\"@type\":\"ListItem\",\"position\":2,\"name\":\"Destruyen vino y cerveza de contrabando en Tarija\"}]},{\"@type\":\"WebSite\",\"@id\":\"https:\\\/\\\/www.eldiario.net\\\/portal\\\/#website\",\"url\":\"https:\\\/\\\/www.eldiario.net\\\/portal\\\/\",\"name\":\"El Diario - Decano de la prensa nacional\",\"description\":\"El Diario - Decano de la prensa nacional\",\"publisher\":{\"@id\":\"https:\\\/\\\/www.eldiario.net\\\/portal\\\/#organization\"},\"potentialAction\":[{\"@type\":\"SearchAction\",\"target\":{\"@type\":\"EntryPoint\",\"urlTemplate\":\"https:\\\/\\\/www.eldiario.net\\\/portal\\\/?s={search_term_string}\"},\"query-input\":{\"@type\":\"PropertyValueSpecification\",\"valueRequired\":true,\"valueName\":\"search_term_string\"}}],\"inLanguage\":\"es\"},{\"@type\":\"Organization\",\"@id\":\"https:\\\/\\\/www.eldiario.net\\\/portal\\\/#organization\",\"name\":\"El Diario - Decano de la prensa nacional\",\"url\":\"https:\\\/\\\/www.eldiario.net\\\/portal\\\/\",\"logo\":{\"@type\":\"ImageObject\",\"inLanguage\":\"es\",\"@id\":\"https:\\\/\\\/www.eldiario.net\\\/portal\\\/#\\\/schema\\\/logo\\\/image\\\/\",\"url\":\"https:\\\/\\\/www.eldiario.net\\\/portal\\\/wp-content\\\/uploads\\\/2023\\\/07\\\/logo_ED.jpg\",\"contentUrl\":\"https:\\\/\\\/www.eldiario.net\\\/portal\\\/wp-content\\\/uploads\\\/2023\\\/07\\\/logo_ED.jpg\",\"width\":272,\"height\":52,\"caption\":\"El Diario - Decano de la prensa nacional\"},\"image\":{\"@id\":\"https:\\\/\\\/www.eldiario.net\\\/portal\\\/#\\\/schema\\\/logo\\\/image\\\/\"},\"sameAs\":[\"https:\\\/\\\/www.facebook.com\\\/eldiario.bolivia\\\/\",\"https:\\\/\\\/x.com\\\/eldiario_net\"]},{\"@type\":\"Person\",\"@id\":\"https:\\\/\\\/www.eldiario.net\\\/portal\\\/#\\\/schema\\\/person\\\/f46445640444750d7d753ccd04ae01b7\",\"name\":\"Jeanette\",\"image\":{\"@type\":\"ImageObject\",\"inLanguage\":\"es\",\"@id\":\"https:\\\/\\\/secure.gravatar.com\\\/avatar\\\/3ea2118a5f7dad2b7138b1187a6b7ee55f160b9968b66013c3a3ef39dd7e5798?s=96&d=mm&r=g\",\"url\":\"https:\\\/\\\/secure.gravatar.com\\\/avatar\\\/3ea2118a5f7dad2b7138b1187a6b7ee55f160b9968b66013c3a3ef39dd7e5798?s=96&d=mm&r=g\",\"contentUrl\":\"https:\\\/\\\/secure.gravatar.com\\\/avatar\\\/3ea2118a5f7dad2b7138b1187a6b7ee55f160b9968b66013c3a3ef39dd7e5798?s=96&d=mm&r=g\",\"caption\":\"Jeanette\"},\"sameAs\":[\"https:\\\/\\\/www.eldiario.net\\\/portal\"],\"url\":\"https:\\\/\\\/www.eldiario.net\\\/portal\\\/author\\\/jeanette\\\/\"}]}<\/script>\n<!-- \/ Yoast SEO plugin. -->","yoast_head_json":{"title":"Destruyen vino y cerveza de contrabando en Tarija - El Diario - Bolivia","robots":{"index":"index","follow":"follow","max-snippet":"max-snippet:-1","max-image-preview":"max-image-preview:large","max-video-preview":"max-video-preview:-1"},"canonical":"https:\/\/www.eldiario.net\/portal\/2021\/06\/08\/destruyen-vino-y-cerveza-de-contrabando-en-tarija\/","og_locale":"es_ES","og_type":"article","og_title":"Destruyen vino y cerveza de contrabando en Tarija - El Diario - Bolivia","og_description":"Entre enero y mayo se han comisado productos de contrabando por un valor de m\u00e1s de 200 millones de bolivianos en todo el territorio nacional y s\u00f3lo en el departamento de Tarija fueron valuados en aproximadamente 23.995.443 de bolivianos, seg\u00fan reporta la Aduana Nacional. El contrabando ha hecho de las suyas durante el a\u00f1o 2020, [&hellip;]","og_url":"https:\/\/www.eldiario.net\/portal\/2021\/06\/08\/destruyen-vino-y-cerveza-de-contrabando-en-tarija\/","og_site_name":"El Diario - Bolivia","article_publisher":"https:\/\/www.facebook.com\/eldiario.bolivia\/","article_published_time":"2021-06-08T10:00:28+00:00","author":"Jeanette","twitter_card":"summary_large_image","twitter_creator":"@eldiario_net","twitter_site":"@eldiario_net","twitter_misc":{"Escrito por":"Jeanette","Tiempo de lectura":"2 minutos"},"schema":{"@context":"https:\/\/schema.org","@graph":[{"@type":"Article","@id":"https:\/\/www.eldiario.net\/portal\/2021\/06\/08\/destruyen-vino-y-cerveza-de-contrabando-en-tarija\/#article","isPartOf":{"@id":"https:\/\/www.eldiario.net\/portal\/2021\/06\/08\/destruyen-vino-y-cerveza-de-contrabando-en-tarija\/"},"author":{"name":"Jeanette","@id":"https:\/\/www.eldiario.net\/portal\/#\/schema\/person\/f46445640444750d7d753ccd04ae01b7"},"headline":"Destruyen vino y cerveza de contrabando en Tarija","datePublished":"2021-06-08T10:00:28+00:00","mainEntityOfPage":{"@id":"https:\/\/www.eldiario.net\/portal\/2021\/06\/08\/destruyen-vino-y-cerveza-de-contrabando-en-tarija\/"},"wordCount":434,"publisher":{"@id":"https:\/\/www.eldiario.net\/portal\/#organization"},"image":{"@id":"https:\/\/www.eldiario.net\/portal\/2021\/06\/08\/destruyen-vino-y-cerveza-de-contrabando-en-tarija\/#primaryimage"},"thumbnailUrl":"","articleSection":["Econom\u00eda"],"inLanguage":"es"},{"@type":"WebPage","@id":"https:\/\/www.eldiario.net\/portal\/2021\/06\/08\/destruyen-vino-y-cerveza-de-contrabando-en-tarija\/","url":"https:\/\/www.eldiario.net\/portal\/2021\/06\/08\/destruyen-vino-y-cerveza-de-contrabando-en-tarija\/","name":"Destruyen vino y cerveza de contrabando en Tarija - El Diario - Bolivia","isPartOf":{"@id":"https:\/\/www.eldiario.net\/portal\/#website"},"primaryImageOfPage":{"@id":"https:\/\/www.eldiario.net\/portal\/2021\/06\/08\/destruyen-vino-y-cerveza-de-contrabando-en-tarija\/#primaryimage"},"image":{"@id":"https:\/\/www.eldiario.net\/portal\/2021\/06\/08\/destruyen-vino-y-cerveza-de-contrabando-en-tarija\/#primaryimage"},"thumbnailUrl":"","datePublished":"2021-06-08T10:00:28+00:00","breadcrumb":{"@id":"https:\/\/www.eldiario.net\/portal\/2021\/06\/08\/destruyen-vino-y-cerveza-de-contrabando-en-tarija\/#breadcrumb"},"inLanguage":"es","potentialAction":[{"@type":"ReadAction","target":["https:\/\/www.eldiario.net\/portal\/2021\/06\/08\/destruyen-vino-y-cerveza-de-contrabando-en-tarija\/"]}]},{"@type":"ImageObject","inLanguage":"es","@id":"https:\/\/www.eldiario.net\/portal\/2021\/06\/08\/destruyen-vino-y-cerveza-de-contrabando-en-tarija\/#primaryimage","url":"","contentUrl":""},{"@type":"BreadcrumbList","@id":"https:\/\/www.eldiario.net\/portal\/2021\/06\/08\/destruyen-vino-y-cerveza-de-contrabando-en-tarija\/#breadcrumb","itemListElement":[{"@type":"ListItem","position":1,"name":"Portada","item":"https:\/\/www.eldiario.net\/portal\/"},{"@type":"ListItem","position":2,"name":"Destruyen vino y cerveza de contrabando en Tarija"}]},{"@type":"WebSite","@id":"https:\/\/www.eldiario.net\/portal\/#website","url":"https:\/\/www.eldiario.net\/portal\/","name":"El Diario - Decano de la prensa nacional","description":"El Diario - Decano de la prensa nacional","publisher":{"@id":"https:\/\/www.eldiario.net\/portal\/#organization"},"potentialAction":[{"@type":"SearchAction","target":{"@type":"EntryPoint","urlTemplate":"https:\/\/www.eldiario.net\/portal\/?s={search_term_string}"},"query-input":{"@type":"PropertyValueSpecification","valueRequired":true,"valueName":"search_term_string"}}],"inLanguage":"es"},{"@type":"Organization","@id":"https:\/\/www.eldiario.net\/portal\/#organization","name":"El Diario - Decano de la prensa nacional","url":"https:\/\/www.eldiario.net\/portal\/","logo":{"@type":"ImageObject","inLanguage":"es","@id":"https:\/\/www.eldiario.net\/portal\/#\/schema\/logo\/image\/","url":"https:\/\/www.eldiario.net\/portal\/wp-content\/uploads\/2023\/07\/logo_ED.jpg","contentUrl":"https:\/\/www.eldiario.net\/portal\/wp-content\/uploads\/2023\/07\/logo_ED.jpg","width":272,"height":52,"caption":"El Diario - Decano de la prensa nacional"},"image":{"@id":"https:\/\/www.eldiario.net\/portal\/#\/schema\/logo\/image\/"},"sameAs":["https:\/\/www.facebook.com\/eldiario.bolivia\/","https:\/\/x.com\/eldiario_net"]},{"@type":"Person","@id":"https:\/\/www.eldiario.net\/portal\/#\/schema\/person\/f46445640444750d7d753ccd04ae01b7","name":"Jeanette","image":{"@type":"ImageObject","inLanguage":"es","@id":"https:\/\/secure.gravatar.com\/avatar\/3ea2118a5f7dad2b7138b1187a6b7ee55f160b9968b66013c3a3ef39dd7e5798?s=96&d=mm&r=g","url":"https:\/\/secure.gravatar.com\/avatar\/3ea2118a5f7dad2b7138b1187a6b7ee55f160b9968b66013c3a3ef39dd7e5798?s=96&d=mm&r=g","contentUrl":"https:\/\/secure.gravatar.com\/avatar\/3ea2118a5f7dad2b7138b1187a6b7ee55f160b9968b66013c3a3ef39dd7e5798?s=96&d=mm&r=g","caption":"Jeanette"},"sameAs":["https:\/\/www.eldiario.net\/portal"],"url":"https:\/\/www.eldiario.net\/portal\/author\/jeanette\/"}]}},"_links":{"self":[{"href":"https:\/\/www.eldiario.net\/portal\/wp-json\/wp\/v2\/posts\/9102","targetHints":{"allow":["GET"]}}],"collection":[{"href":"https:\/\/www.eldiario.net\/portal\/wp-json\/wp\/v2\/posts"}],"about":[{"href":"https:\/\/www.eldiario.net\/portal\/wp-json\/wp\/v2\/types\/post"}],"author":[{"embeddable":true,"href":"https:\/\/www.eldiario.net\/portal\/wp-json\/wp\/v2\/users\/1"}],"replies":[{"embeddable":true,"href":"https:\/\/www.eldiario.net\/portal\/wp-json\/wp\/v2\/comments?post=9102"}],"version-history":[{"count":0,"href":"https:\/\/www.eldiario.net\/portal\/wp-json\/wp\/v2\/posts\/9102\/revisions"}],"wp:attachment":[{"href":"https:\/\/www.eldiario.net\/portal\/wp-json\/wp\/v2\/media?parent=9102"}],"wp:term":[{"taxonomy":"category","embeddable":true,"href":"https:\/\/www.eldiario.net\/portal\/wp-json\/wp\/v2\/categories?post=9102"},{"taxonomy":"post_tag","embeddable":true,"href":"https:\/\/www.eldiario.net\/portal\/wp-json\/wp\/v2\/tags?post=9102"}],"curies":[{"name":"wp","href":"https:\/\/api.w.org\/{rel}","templated":true}]}}