{"id":9078,"date":"2021-06-08T05:52:05","date_gmt":"2021-06-08T09:52:05","guid":{"rendered":"https:\/\/www.eldiario.net\/portal\/?p=9078"},"modified":"2021-06-08T05:52:05","modified_gmt":"2021-06-08T09:52:05","slug":"universidad-juan-misael-saracho-conmemoro-75-anos-de-fundacion","status":"publish","type":"post","link":"https:\/\/www.eldiario.net\/portal\/2021\/06\/08\/universidad-juan-misael-saracho-conmemoro-75-anos-de-fundacion\/","title":{"rendered":"Universidad Juan Misael Saracho conmemor\u00f3 75 a\u00f1os de fundaci\u00f3n"},"content":{"rendered":"<p>La Universidad Aut\u00f3noma Juan Misale Saracho (Uajms) celebr\u00f3 el lunes los 75 a\u00f1os de su fundaci\u00f3n en medio de la deserci\u00f3n del 15% de sus estudiantes en plena pandemia de coronavirus.<\/p>\n<p>Se fund\u00f3 el 6 de junio de 1946 y ayer no hubo acto protocolar por el encapsulamiento en la ciudad de Tarija.<\/p>\n<p>El vicerrector de esa Casa de Estudio Superior, Ricardo Colpari, dijo que el desaf\u00edo es recuperar a los estudiantes que abandonaron sus estudios cuando se retomen las clases presenciales.<\/p>\n<p>\u00abEse porcentaje de j\u00f3venes se alejaron por razones econ\u00f3micas, no tener conectividad de internet o no disponer del equipo para las clases virtuales, ya que la mayor\u00eda vienen de la Tarija profunda, es decir de la zona rural\u00bb, indic\u00f3.<\/p>\n<p>Sin embargo, enfatiz\u00f3 que, a lo largo de los 75 a\u00f1os, la UAJMS aport\u00f3 al desarrollo departamental, la mejora de la formaci\u00f3n profesional y la inclusi\u00f3n de estudiantes de los sectores populares.<\/p>\n<p>La instituci\u00f3n, seg\u00fan Colpari, est\u00e1 latente y viva por el esfuerzo del docente y el estudiante adapt\u00e1ndose a las clases virtuales para salir adelante.<\/p>\n<p>\u00abEl 25 de julio vamos a concluir el primer semestre de este a\u00f1o y esto es un reflejo de que estamos encaminando los estudios acad\u00e9micos de manera regular y respondiendo a las expectativas\u00bb, se\u00f1al\u00f3 el vicerrector. (TARIJA ECONOMIA)<\/p>\n<p>&nbsp;<\/p>\n","protected":false},"excerpt":{"rendered":"<p>La Universidad Aut\u00f3noma Juan Misale Saracho (Uajms) celebr\u00f3 el lunes los 75 a\u00f1os de su fundaci\u00f3n en medio de la deserci\u00f3n del 15% de sus estudiantes en plena pandemia de coronavirus. Se fund\u00f3 el 6 de junio de 1946 y ayer no hubo acto protocolar por el encapsulamiento en la ciudad de Tarija. El vicerrector [&hellip;]<\/p>\n","protected":false},"author":1,"featured_media":9079,"comment_status":"closed","ping_status":"closed","sticky":false,"template":"","format":"standard","meta":{"_acf_changed":false,"footnotes":""},"categories":[12],"tags":[],"class_list":["post-9078","post","type-post","status-publish","format-standard","has-post-thumbnail","category-nacional"],"acf":{"antetitulo":""},"yoast_head":"<!-- This site is optimized with the Yoast SEO plugin v28.3 - https:\/\/yoast.com\/product\/yoast-seo-wordpress\/ -->\n<title>Universidad Juan Misael Saracho conmemor\u00f3 75 a\u00f1os de fundaci\u00f3n - El Diario - Bolivia<\/title>\n<meta name=\"robots\" content=\"index, follow, max-snippet:-1, max-image-preview:large, max-video-preview:-1\" \/>\n<link rel=\"canonical\" href=\"https:\/\/www.eldiario.net\/portal\/2021\/06\/08\/universidad-juan-misael-saracho-conmemoro-75-anos-de-fundacion\/\" \/>\n<meta property=\"og:locale\" content=\"es_ES\" \/>\n<meta property=\"og:type\" content=\"article\" \/>\n<meta property=\"og:title\" content=\"Universidad Juan Misael Saracho conmemor\u00f3 75 a\u00f1os de fundaci\u00f3n - El Diario - Bolivia\" \/>\n<meta property=\"og:description\" content=\"La Universidad Aut\u00f3noma Juan Misale Saracho (Uajms) celebr\u00f3 el lunes los 75 a\u00f1os de su fundaci\u00f3n en medio de la deserci\u00f3n del 15% de sus estudiantes en plena pandemia de coronavirus. Se fund\u00f3 el 6 de junio de 1946 y ayer no hubo acto protocolar por el encapsulamiento en la ciudad de Tarija. El vicerrector [&hellip;]\" \/>\n<meta property=\"og:url\" content=\"https:\/\/www.eldiario.net\/portal\/2021\/06\/08\/universidad-juan-misael-saracho-conmemoro-75-anos-de-fundacion\/\" \/>\n<meta property=\"og:site_name\" content=\"El Diario - Bolivia\" \/>\n<meta property=\"article:publisher\" content=\"https:\/\/www.facebook.com\/eldiario.bolivia\/\" \/>\n<meta property=\"article:published_time\" content=\"2021-06-08T09:52:05+00:00\" \/>\n<meta name=\"author\" content=\"Jeanette\" \/>\n<meta name=\"twitter:card\" content=\"summary_large_image\" \/>\n<meta name=\"twitter:creator\" content=\"@eldiario_net\" \/>\n<meta name=\"twitter:site\" content=\"@eldiario_net\" \/>\n<meta name=\"twitter:label1\" content=\"Escrito por\" \/>\n\t<meta name=\"twitter:data1\" content=\"Jeanette\" \/>\n\t<meta name=\"twitter:label2\" content=\"Tiempo de lectura\" \/>\n\t<meta name=\"twitter:data2\" content=\"1 minuto\" \/>\n<script type=\"application\/ld+json\" class=\"yoast-schema-graph\">{\"@context\":\"https:\\\/\\\/schema.org\",\"@graph\":[{\"@type\":\"Article\",\"@id\":\"https:\\\/\\\/www.eldiario.net\\\/portal\\\/2021\\\/06\\\/08\\\/universidad-juan-misael-saracho-conmemoro-75-anos-de-fundacion\\\/#article\",\"isPartOf\":{\"@id\":\"https:\\\/\\\/www.eldiario.net\\\/portal\\\/2021\\\/06\\\/08\\\/universidad-juan-misael-saracho-conmemoro-75-anos-de-fundacion\\\/\"},\"author\":{\"name\":\"Jeanette\",\"@id\":\"https:\\\/\\\/www.eldiario.net\\\/portal\\\/#\\\/schema\\\/person\\\/f46445640444750d7d753ccd04ae01b7\"},\"headline\":\"Universidad Juan Misael Saracho conmemor\u00f3 75 a\u00f1os de fundaci\u00f3n\",\"datePublished\":\"2021-06-08T09:52:05+00:00\",\"mainEntityOfPage\":{\"@id\":\"https:\\\/\\\/www.eldiario.net\\\/portal\\\/2021\\\/06\\\/08\\\/universidad-juan-misael-saracho-conmemoro-75-anos-de-fundacion\\\/\"},\"wordCount\":237,\"publisher\":{\"@id\":\"https:\\\/\\\/www.eldiario.net\\\/portal\\\/#organization\"},\"image\":{\"@id\":\"https:\\\/\\\/www.eldiario.net\\\/portal\\\/2021\\\/06\\\/08\\\/universidad-juan-misael-saracho-conmemoro-75-anos-de-fundacion\\\/#primaryimage\"},\"thumbnailUrl\":\"\",\"articleSection\":[\"Nacional\"],\"inLanguage\":\"es\"},{\"@type\":\"WebPage\",\"@id\":\"https:\\\/\\\/www.eldiario.net\\\/portal\\\/2021\\\/06\\\/08\\\/universidad-juan-misael-saracho-conmemoro-75-anos-de-fundacion\\\/\",\"url\":\"https:\\\/\\\/www.eldiario.net\\\/portal\\\/2021\\\/06\\\/08\\\/universidad-juan-misael-saracho-conmemoro-75-anos-de-fundacion\\\/\",\"name\":\"Universidad Juan Misael Saracho conmemor\u00f3 75 a\u00f1os de fundaci\u00f3n - El Diario - Bolivia\",\"isPartOf\":{\"@id\":\"https:\\\/\\\/www.eldiario.net\\\/portal\\\/#website\"},\"primaryImageOfPage\":{\"@id\":\"https:\\\/\\\/www.eldiario.net\\\/portal\\\/2021\\\/06\\\/08\\\/universidad-juan-misael-saracho-conmemoro-75-anos-de-fundacion\\\/#primaryimage\"},\"image\":{\"@id\":\"https:\\\/\\\/www.eldiario.net\\\/portal\\\/2021\\\/06\\\/08\\\/universidad-juan-misael-saracho-conmemoro-75-anos-de-fundacion\\\/#primaryimage\"},\"thumbnailUrl\":\"\",\"datePublished\":\"2021-06-08T09:52:05+00:00\",\"breadcrumb\":{\"@id\":\"https:\\\/\\\/www.eldiario.net\\\/portal\\\/2021\\\/06\\\/08\\\/universidad-juan-misael-saracho-conmemoro-75-anos-de-fundacion\\\/#breadcrumb\"},\"inLanguage\":\"es\",\"potentialAction\":[{\"@type\":\"ReadAction\",\"target\":[\"https:\\\/\\\/www.eldiario.net\\\/portal\\\/2021\\\/06\\\/08\\\/universidad-juan-misael-saracho-conmemoro-75-anos-de-fundacion\\\/\"]}]},{\"@type\":\"ImageObject\",\"inLanguage\":\"es\",\"@id\":\"https:\\\/\\\/www.eldiario.net\\\/portal\\\/2021\\\/06\\\/08\\\/universidad-juan-misael-saracho-conmemoro-75-anos-de-fundacion\\\/#primaryimage\",\"url\":\"\",\"contentUrl\":\"\"},{\"@type\":\"BreadcrumbList\",\"@id\":\"https:\\\/\\\/www.eldiario.net\\\/portal\\\/2021\\\/06\\\/08\\\/universidad-juan-misael-saracho-conmemoro-75-anos-de-fundacion\\\/#breadcrumb\",\"itemListElement\":[{\"@type\":\"ListItem\",\"position\":1,\"name\":\"Portada\",\"item\":\"https:\\\/\\\/www.eldiario.net\\\/portal\\\/\"},{\"@type\":\"ListItem\",\"position\":2,\"name\":\"Universidad Juan Misael Saracho conmemor\u00f3 75 a\u00f1os de fundaci\u00f3n\"}]},{\"@type\":\"WebSite\",\"@id\":\"https:\\\/\\\/www.eldiario.net\\\/portal\\\/#website\",\"url\":\"https:\\\/\\\/www.eldiario.net\\\/portal\\\/\",\"name\":\"El Diario - Decano de la prensa nacional\",\"description\":\"El Diario - Decano de la prensa nacional\",\"publisher\":{\"@id\":\"https:\\\/\\\/www.eldiario.net\\\/portal\\\/#organization\"},\"potentialAction\":[{\"@type\":\"SearchAction\",\"target\":{\"@type\":\"EntryPoint\",\"urlTemplate\":\"https:\\\/\\\/www.eldiario.net\\\/portal\\\/?s={search_term_string}\"},\"query-input\":{\"@type\":\"PropertyValueSpecification\",\"valueRequired\":true,\"valueName\":\"search_term_string\"}}],\"inLanguage\":\"es\"},{\"@type\":\"Organization\",\"@id\":\"https:\\\/\\\/www.eldiario.net\\\/portal\\\/#organization\",\"name\":\"El Diario - Decano de la prensa nacional\",\"url\":\"https:\\\/\\\/www.eldiario.net\\\/portal\\\/\",\"logo\":{\"@type\":\"ImageObject\",\"inLanguage\":\"es\",\"@id\":\"https:\\\/\\\/www.eldiario.net\\\/portal\\\/#\\\/schema\\\/logo\\\/image\\\/\",\"url\":\"https:\\\/\\\/www.eldiario.net\\\/portal\\\/wp-content\\\/uploads\\\/2023\\\/07\\\/logo_ED.jpg\",\"contentUrl\":\"https:\\\/\\\/www.eldiario.net\\\/portal\\\/wp-content\\\/uploads\\\/2023\\\/07\\\/logo_ED.jpg\",\"width\":272,\"height\":52,\"caption\":\"El Diario - Decano de la prensa nacional\"},\"image\":{\"@id\":\"https:\\\/\\\/www.eldiario.net\\\/portal\\\/#\\\/schema\\\/logo\\\/image\\\/\"},\"sameAs\":[\"https:\\\/\\\/www.facebook.com\\\/eldiario.bolivia\\\/\",\"https:\\\/\\\/x.com\\\/eldiario_net\"]},{\"@type\":\"Person\",\"@id\":\"https:\\\/\\\/www.eldiario.net\\\/portal\\\/#\\\/schema\\\/person\\\/f46445640444750d7d753ccd04ae01b7\",\"name\":\"Jeanette\",\"image\":{\"@type\":\"ImageObject\",\"inLanguage\":\"es\",\"@id\":\"https:\\\/\\\/secure.gravatar.com\\\/avatar\\\/3ea2118a5f7dad2b7138b1187a6b7ee55f160b9968b66013c3a3ef39dd7e5798?s=96&d=mm&r=g\",\"url\":\"https:\\\/\\\/secure.gravatar.com\\\/avatar\\\/3ea2118a5f7dad2b7138b1187a6b7ee55f160b9968b66013c3a3ef39dd7e5798?s=96&d=mm&r=g\",\"contentUrl\":\"https:\\\/\\\/secure.gravatar.com\\\/avatar\\\/3ea2118a5f7dad2b7138b1187a6b7ee55f160b9968b66013c3a3ef39dd7e5798?s=96&d=mm&r=g\",\"caption\":\"Jeanette\"},\"sameAs\":[\"https:\\\/\\\/www.eldiario.net\\\/portal\"],\"url\":\"https:\\\/\\\/www.eldiario.net\\\/portal\\\/author\\\/jeanette\\\/\"}]}<\/script>\n<!-- \/ Yoast SEO plugin. -->","yoast_head_json":{"title":"Universidad Juan Misael Saracho conmemor\u00f3 75 a\u00f1os de fundaci\u00f3n - El Diario - Bolivia","robots":{"index":"index","follow":"follow","max-snippet":"max-snippet:-1","max-image-preview":"max-image-preview:large","max-video-preview":"max-video-preview:-1"},"canonical":"https:\/\/www.eldiario.net\/portal\/2021\/06\/08\/universidad-juan-misael-saracho-conmemoro-75-anos-de-fundacion\/","og_locale":"es_ES","og_type":"article","og_title":"Universidad Juan Misael Saracho conmemor\u00f3 75 a\u00f1os de fundaci\u00f3n - El Diario - Bolivia","og_description":"La Universidad Aut\u00f3noma Juan Misale Saracho (Uajms) celebr\u00f3 el lunes los 75 a\u00f1os de su fundaci\u00f3n en medio de la deserci\u00f3n del 15% de sus estudiantes en plena pandemia de coronavirus. Se fund\u00f3 el 6 de junio de 1946 y ayer no hubo acto protocolar por el encapsulamiento en la ciudad de Tarija. El vicerrector [&hellip;]","og_url":"https:\/\/www.eldiario.net\/portal\/2021\/06\/08\/universidad-juan-misael-saracho-conmemoro-75-anos-de-fundacion\/","og_site_name":"El Diario - Bolivia","article_publisher":"https:\/\/www.facebook.com\/eldiario.bolivia\/","article_published_time":"2021-06-08T09:52:05+00:00","author":"Jeanette","twitter_card":"summary_large_image","twitter_creator":"@eldiario_net","twitter_site":"@eldiario_net","twitter_misc":{"Escrito por":"Jeanette","Tiempo de lectura":"1 minuto"},"schema":{"@context":"https:\/\/schema.org","@graph":[{"@type":"Article","@id":"https:\/\/www.eldiario.net\/portal\/2021\/06\/08\/universidad-juan-misael-saracho-conmemoro-75-anos-de-fundacion\/#article","isPartOf":{"@id":"https:\/\/www.eldiario.net\/portal\/2021\/06\/08\/universidad-juan-misael-saracho-conmemoro-75-anos-de-fundacion\/"},"author":{"name":"Jeanette","@id":"https:\/\/www.eldiario.net\/portal\/#\/schema\/person\/f46445640444750d7d753ccd04ae01b7"},"headline":"Universidad Juan Misael Saracho conmemor\u00f3 75 a\u00f1os de fundaci\u00f3n","datePublished":"2021-06-08T09:52:05+00:00","mainEntityOfPage":{"@id":"https:\/\/www.eldiario.net\/portal\/2021\/06\/08\/universidad-juan-misael-saracho-conmemoro-75-anos-de-fundacion\/"},"wordCount":237,"publisher":{"@id":"https:\/\/www.eldiario.net\/portal\/#organization"},"image":{"@id":"https:\/\/www.eldiario.net\/portal\/2021\/06\/08\/universidad-juan-misael-saracho-conmemoro-75-anos-de-fundacion\/#primaryimage"},"thumbnailUrl":"","articleSection":["Nacional"],"inLanguage":"es"},{"@type":"WebPage","@id":"https:\/\/www.eldiario.net\/portal\/2021\/06\/08\/universidad-juan-misael-saracho-conmemoro-75-anos-de-fundacion\/","url":"https:\/\/www.eldiario.net\/portal\/2021\/06\/08\/universidad-juan-misael-saracho-conmemoro-75-anos-de-fundacion\/","name":"Universidad Juan Misael Saracho conmemor\u00f3 75 a\u00f1os de fundaci\u00f3n - El Diario - Bolivia","isPartOf":{"@id":"https:\/\/www.eldiario.net\/portal\/#website"},"primaryImageOfPage":{"@id":"https:\/\/www.eldiario.net\/portal\/2021\/06\/08\/universidad-juan-misael-saracho-conmemoro-75-anos-de-fundacion\/#primaryimage"},"image":{"@id":"https:\/\/www.eldiario.net\/portal\/2021\/06\/08\/universidad-juan-misael-saracho-conmemoro-75-anos-de-fundacion\/#primaryimage"},"thumbnailUrl":"","datePublished":"2021-06-08T09:52:05+00:00","breadcrumb":{"@id":"https:\/\/www.eldiario.net\/portal\/2021\/06\/08\/universidad-juan-misael-saracho-conmemoro-75-anos-de-fundacion\/#breadcrumb"},"inLanguage":"es","potentialAction":[{"@type":"ReadAction","target":["https:\/\/www.eldiario.net\/portal\/2021\/06\/08\/universidad-juan-misael-saracho-conmemoro-75-anos-de-fundacion\/"]}]},{"@type":"ImageObject","inLanguage":"es","@id":"https:\/\/www.eldiario.net\/portal\/2021\/06\/08\/universidad-juan-misael-saracho-conmemoro-75-anos-de-fundacion\/#primaryimage","url":"","contentUrl":""},{"@type":"BreadcrumbList","@id":"https:\/\/www.eldiario.net\/portal\/2021\/06\/08\/universidad-juan-misael-saracho-conmemoro-75-anos-de-fundacion\/#breadcrumb","itemListElement":[{"@type":"ListItem","position":1,"name":"Portada","item":"https:\/\/www.eldiario.net\/portal\/"},{"@type":"ListItem","position":2,"name":"Universidad Juan Misael Saracho conmemor\u00f3 75 a\u00f1os de fundaci\u00f3n"}]},{"@type":"WebSite","@id":"https:\/\/www.eldiario.net\/portal\/#website","url":"https:\/\/www.eldiario.net\/portal\/","name":"El Diario - Decano de la prensa nacional","description":"El Diario - Decano de la prensa nacional","publisher":{"@id":"https:\/\/www.eldiario.net\/portal\/#organization"},"potentialAction":[{"@type":"SearchAction","target":{"@type":"EntryPoint","urlTemplate":"https:\/\/www.eldiario.net\/portal\/?s={search_term_string}"},"query-input":{"@type":"PropertyValueSpecification","valueRequired":true,"valueName":"search_term_string"}}],"inLanguage":"es"},{"@type":"Organization","@id":"https:\/\/www.eldiario.net\/portal\/#organization","name":"El Diario - Decano de la prensa nacional","url":"https:\/\/www.eldiario.net\/portal\/","logo":{"@type":"ImageObject","inLanguage":"es","@id":"https:\/\/www.eldiario.net\/portal\/#\/schema\/logo\/image\/","url":"https:\/\/www.eldiario.net\/portal\/wp-content\/uploads\/2023\/07\/logo_ED.jpg","contentUrl":"https:\/\/www.eldiario.net\/portal\/wp-content\/uploads\/2023\/07\/logo_ED.jpg","width":272,"height":52,"caption":"El Diario - Decano de la prensa nacional"},"image":{"@id":"https:\/\/www.eldiario.net\/portal\/#\/schema\/logo\/image\/"},"sameAs":["https:\/\/www.facebook.com\/eldiario.bolivia\/","https:\/\/x.com\/eldiario_net"]},{"@type":"Person","@id":"https:\/\/www.eldiario.net\/portal\/#\/schema\/person\/f46445640444750d7d753ccd04ae01b7","name":"Jeanette","image":{"@type":"ImageObject","inLanguage":"es","@id":"https:\/\/secure.gravatar.com\/avatar\/3ea2118a5f7dad2b7138b1187a6b7ee55f160b9968b66013c3a3ef39dd7e5798?s=96&d=mm&r=g","url":"https:\/\/secure.gravatar.com\/avatar\/3ea2118a5f7dad2b7138b1187a6b7ee55f160b9968b66013c3a3ef39dd7e5798?s=96&d=mm&r=g","contentUrl":"https:\/\/secure.gravatar.com\/avatar\/3ea2118a5f7dad2b7138b1187a6b7ee55f160b9968b66013c3a3ef39dd7e5798?s=96&d=mm&r=g","caption":"Jeanette"},"sameAs":["https:\/\/www.eldiario.net\/portal"],"url":"https:\/\/www.eldiario.net\/portal\/author\/jeanette\/"}]}},"_links":{"self":[{"href":"https:\/\/www.eldiario.net\/portal\/wp-json\/wp\/v2\/posts\/9078","targetHints":{"allow":["GET"]}}],"collection":[{"href":"https:\/\/www.eldiario.net\/portal\/wp-json\/wp\/v2\/posts"}],"about":[{"href":"https:\/\/www.eldiario.net\/portal\/wp-json\/wp\/v2\/types\/post"}],"author":[{"embeddable":true,"href":"https:\/\/www.eldiario.net\/portal\/wp-json\/wp\/v2\/users\/1"}],"replies":[{"embeddable":true,"href":"https:\/\/www.eldiario.net\/portal\/wp-json\/wp\/v2\/comments?post=9078"}],"version-history":[{"count":0,"href":"https:\/\/www.eldiario.net\/portal\/wp-json\/wp\/v2\/posts\/9078\/revisions"}],"wp:attachment":[{"href":"https:\/\/www.eldiario.net\/portal\/wp-json\/wp\/v2\/media?parent=9078"}],"wp:term":[{"taxonomy":"category","embeddable":true,"href":"https:\/\/www.eldiario.net\/portal\/wp-json\/wp\/v2\/categories?post=9078"},{"taxonomy":"post_tag","embeddable":true,"href":"https:\/\/www.eldiario.net\/portal\/wp-json\/wp\/v2\/tags?post=9078"}],"curies":[{"name":"wp","href":"https:\/\/api.w.org\/{rel}","templated":true}]}}