{"id":9075,"date":"2021-06-08T05:51:13","date_gmt":"2021-06-08T09:51:13","guid":{"rendered":"https:\/\/www.eldiario.net\/portal\/?p=9075"},"modified":"2021-06-08T05:51:13","modified_gmt":"2021-06-08T09:51:13","slug":"52-feminicidios-y-14-infanticidios-en-el-pais","status":"publish","type":"post","link":"https:\/\/www.eldiario.net\/portal\/2021\/06\/08\/52-feminicidios-y-14-infanticidios-en-el-pais\/","title":{"rendered":"52 feminicidios y 14  infanticidios en el pa\u00eds"},"content":{"rendered":"<p>Del 1 de enero al 7 de junio de 2021, el Ministerio P\u00fablico registr\u00f3 52 casos de feminicidios y 14 infanticidios a nivel nacional, inform\u00f3 este lunes el secretario de la Fiscal\u00eda General, Edwin Quispe.<\/p>\n<p>\u201cA la fecha tenemos registrado 52 feminicidios y 14 infanticidios, en los \u00faltimos casos tanto de feminicidio como infanticidio se ha identificado la presencia del consumo de bebidas alcoh\u00f3licas. Como Ministerio P\u00fablico esa situaci\u00f3n nos preocupa y exhortamos a la poblaci\u00f3n en su conjunto para que pueda controlar este extremo de consumir bebidas alcoh\u00f3licas m\u00e1s a\u00fan cuando nos encontramos en un per\u00edodo de pandemia\u201d, dijo Quispe.<\/p>\n<p>El \u00faltimo caso de feminicidio se registr\u00f3 en la ciudad de El Alto el 6 de junio de 2021, aproximadamente a las 13:00 horas, cuando vecinos de la avenida Arica, llamaron a la Polic\u00eda para reportar la existencia de un cuerpo de sexo femenino.<\/p>\n<p>El fiscal asignado al caso, Favio Maldonado, explic\u00f3 que la v\u00edctima fue identificada como Janett F. H. de 44 a\u00f1os de edad y de acuerdo a la autopsia de ley realizada por el Instituto de Investigaciones Forenses (IDIF), la causa de la muerte de la mujer fue por asfixia mec\u00e1nica por estrangulamiento y se presume que el lugar donde se encontr\u00f3 el cad\u00e1ver ser\u00eda secundario y la escena del hecho ser\u00eda otro. El caso es investigado por el delito de feminicidio contra autor o autores.<\/p>\n<p>&nbsp;<\/p>\n<p>INFANTICIDIO<\/p>\n<p>El \u00faltimo hecho de infanticidio se registr\u00f3 en la comunidad Villa Amacari del municipio de San pedro de Tiquina (La Paz), el 6 de junio de 2021, al promediar las 19:30 horas, cuando Ronald C. de 33 a\u00f1os de edad presuntamente lleg\u00f3 en estado de ebriedad a su domicilio y comenz\u00f3 a agredir f\u00edsicamente a su concubina quien tiene ocho meses de gestaci\u00f3n, posteriormente golpe\u00f3 a sus dos hijas de cinco y un a\u00f1o de edad. La mujer logr\u00f3 salir de la vivienda para pedir ayuda, pero cuando volvi\u00f3 encontraron al hombre en el patio, tendido sobre la beb\u00e9 quien ya no ten\u00eda signos vitales.<\/p>\n<p>Ronald C. fue aprehendido y la Fiscal\u00eda prepara la imputaci\u00f3n por los delitos de infanticidio y feminicidio en grado de tentativa, adem\u00e1s pedir\u00e1 la detenci\u00f3n preventiva del sospechoso.<\/p>\n<p>DATOS<\/p>\n<p>Los datos oficiales del Ministerio P\u00fablico dan cuenta que, del 1 de enero al 7 de junio de 2021, el departamento con mayor incidencia de hechos de feminicidio es La Paz con 15 casos, Cochabamba 10, Santa Cruz 9, Oruro 6, Potos\u00ed 4, Chuquisaca 4, Beni 2, Tarija 1 y Pando 1.<\/p>\n<p>En cuanto a los hechos de infanticidio Chuquisaca registra 5 casos, seguido de La Paz con 4, Potos\u00ed 2, Cochabamba 1, Santa Cruz 1 y Tarija 1.<\/p>\n<p>&nbsp;<\/p>\n","protected":false},"excerpt":{"rendered":"<p>Del 1 de enero al 7 de junio de 2021, el Ministerio P\u00fablico registr\u00f3 52 casos de feminicidios y 14 infanticidios a nivel nacional, inform\u00f3 este lunes el secretario de la Fiscal\u00eda General, Edwin Quispe. \u201cA la fecha tenemos registrado 52 feminicidios y 14 infanticidios, en los \u00faltimos casos tanto de feminicidio como infanticidio se [&hellip;]<\/p>\n","protected":false},"author":1,"featured_media":9076,"comment_status":"closed","ping_status":"closed","sticky":false,"template":"","format":"standard","meta":{"_acf_changed":false,"footnotes":""},"categories":[39],"tags":[],"class_list":["post-9075","post","type-post","status-publish","format-standard","has-post-thumbnail","category-sociedad"],"acf":{"antetitulo":""},"yoast_head":"<!-- This site is optimized with the Yoast SEO plugin v28.3 - https:\/\/yoast.com\/product\/yoast-seo-wordpress\/ -->\n<title>52 feminicidios y 14 infanticidios en el pa\u00eds - El Diario - Bolivia<\/title>\n<meta name=\"robots\" content=\"index, follow, max-snippet:-1, max-image-preview:large, max-video-preview:-1\" \/>\n<link rel=\"canonical\" href=\"https:\/\/www.eldiario.net\/portal\/2021\/06\/08\/52-feminicidios-y-14-infanticidios-en-el-pais\/\" \/>\n<meta property=\"og:locale\" content=\"es_ES\" \/>\n<meta property=\"og:type\" content=\"article\" \/>\n<meta property=\"og:title\" content=\"52 feminicidios y 14 infanticidios en el pa\u00eds - El Diario - Bolivia\" \/>\n<meta property=\"og:description\" content=\"Del 1 de enero al 7 de junio de 2021, el Ministerio P\u00fablico registr\u00f3 52 casos de feminicidios y 14 infanticidios a nivel nacional, inform\u00f3 este lunes el secretario de la Fiscal\u00eda General, Edwin Quispe. \u201cA la fecha tenemos registrado 52 feminicidios y 14 infanticidios, en los \u00faltimos casos tanto de feminicidio como infanticidio se [&hellip;]\" \/>\n<meta property=\"og:url\" content=\"https:\/\/www.eldiario.net\/portal\/2021\/06\/08\/52-feminicidios-y-14-infanticidios-en-el-pais\/\" \/>\n<meta property=\"og:site_name\" content=\"El Diario - Bolivia\" \/>\n<meta property=\"article:publisher\" content=\"https:\/\/www.facebook.com\/eldiario.bolivia\/\" \/>\n<meta property=\"article:published_time\" content=\"2021-06-08T09:51:13+00:00\" \/>\n<meta property=\"og:image\" content=\"https:\/\/www.eldiario.net\/portal\/wp-content\/uploads\/2021\/06\/SEGU-52-feminicidios-y-14.jpg\" \/>\n\t<meta property=\"og:image:width\" content=\"300\" \/>\n\t<meta property=\"og:image:height\" content=\"168\" \/>\n\t<meta property=\"og:image:type\" content=\"image\/jpeg\" \/>\n<meta name=\"author\" content=\"Jeanette\" \/>\n<meta name=\"twitter:card\" content=\"summary_large_image\" \/>\n<meta name=\"twitter:creator\" content=\"@eldiario_net\" \/>\n<meta name=\"twitter:site\" content=\"@eldiario_net\" \/>\n<meta name=\"twitter:label1\" content=\"Escrito por\" \/>\n\t<meta name=\"twitter:data1\" content=\"Jeanette\" \/>\n\t<meta name=\"twitter:label2\" content=\"Tiempo de lectura\" \/>\n\t<meta name=\"twitter:data2\" content=\"2 minutos\" \/>\n<script type=\"application\/ld+json\" class=\"yoast-schema-graph\">{\"@context\":\"https:\\\/\\\/schema.org\",\"@graph\":[{\"@type\":\"Article\",\"@id\":\"https:\\\/\\\/www.eldiario.net\\\/portal\\\/2021\\\/06\\\/08\\\/52-feminicidios-y-14-infanticidios-en-el-pais\\\/#article\",\"isPartOf\":{\"@id\":\"https:\\\/\\\/www.eldiario.net\\\/portal\\\/2021\\\/06\\\/08\\\/52-feminicidios-y-14-infanticidios-en-el-pais\\\/\"},\"author\":{\"name\":\"Jeanette\",\"@id\":\"https:\\\/\\\/www.eldiario.net\\\/portal\\\/#\\\/schema\\\/person\\\/f46445640444750d7d753ccd04ae01b7\"},\"headline\":\"52 feminicidios y 14 infanticidios en el pa\u00eds\",\"datePublished\":\"2021-06-08T09:51:13+00:00\",\"mainEntityOfPage\":{\"@id\":\"https:\\\/\\\/www.eldiario.net\\\/portal\\\/2021\\\/06\\\/08\\\/52-feminicidios-y-14-infanticidios-en-el-pais\\\/\"},\"wordCount\":447,\"publisher\":{\"@id\":\"https:\\\/\\\/www.eldiario.net\\\/portal\\\/#organization\"},\"image\":{\"@id\":\"https:\\\/\\\/www.eldiario.net\\\/portal\\\/2021\\\/06\\\/08\\\/52-feminicidios-y-14-infanticidios-en-el-pais\\\/#primaryimage\"},\"thumbnailUrl\":\"https:\\\/\\\/www.eldiario.net\\\/portal\\\/wp-content\\\/uploads\\\/2021\\\/06\\\/SEGU-52-feminicidios-y-14.jpg\",\"articleSection\":[\"Sociedad - Seguridad\"],\"inLanguage\":\"es\"},{\"@type\":\"WebPage\",\"@id\":\"https:\\\/\\\/www.eldiario.net\\\/portal\\\/2021\\\/06\\\/08\\\/52-feminicidios-y-14-infanticidios-en-el-pais\\\/\",\"url\":\"https:\\\/\\\/www.eldiario.net\\\/portal\\\/2021\\\/06\\\/08\\\/52-feminicidios-y-14-infanticidios-en-el-pais\\\/\",\"name\":\"52 feminicidios y 14 infanticidios en el pa\u00eds - El Diario - Bolivia\",\"isPartOf\":{\"@id\":\"https:\\\/\\\/www.eldiario.net\\\/portal\\\/#website\"},\"primaryImageOfPage\":{\"@id\":\"https:\\\/\\\/www.eldiario.net\\\/portal\\\/2021\\\/06\\\/08\\\/52-feminicidios-y-14-infanticidios-en-el-pais\\\/#primaryimage\"},\"image\":{\"@id\":\"https:\\\/\\\/www.eldiario.net\\\/portal\\\/2021\\\/06\\\/08\\\/52-feminicidios-y-14-infanticidios-en-el-pais\\\/#primaryimage\"},\"thumbnailUrl\":\"https:\\\/\\\/www.eldiario.net\\\/portal\\\/wp-content\\\/uploads\\\/2021\\\/06\\\/SEGU-52-feminicidios-y-14.jpg\",\"datePublished\":\"2021-06-08T09:51:13+00:00\",\"breadcrumb\":{\"@id\":\"https:\\\/\\\/www.eldiario.net\\\/portal\\\/2021\\\/06\\\/08\\\/52-feminicidios-y-14-infanticidios-en-el-pais\\\/#breadcrumb\"},\"inLanguage\":\"es\",\"potentialAction\":[{\"@type\":\"ReadAction\",\"target\":[\"https:\\\/\\\/www.eldiario.net\\\/portal\\\/2021\\\/06\\\/08\\\/52-feminicidios-y-14-infanticidios-en-el-pais\\\/\"]}]},{\"@type\":\"ImageObject\",\"inLanguage\":\"es\",\"@id\":\"https:\\\/\\\/www.eldiario.net\\\/portal\\\/2021\\\/06\\\/08\\\/52-feminicidios-y-14-infanticidios-en-el-pais\\\/#primaryimage\",\"url\":\"https:\\\/\\\/www.eldiario.net\\\/portal\\\/wp-content\\\/uploads\\\/2021\\\/06\\\/SEGU-52-feminicidios-y-14.jpg\",\"contentUrl\":\"https:\\\/\\\/www.eldiario.net\\\/portal\\\/wp-content\\\/uploads\\\/2021\\\/06\\\/SEGU-52-feminicidios-y-14.jpg\",\"width\":300,\"height\":168},{\"@type\":\"BreadcrumbList\",\"@id\":\"https:\\\/\\\/www.eldiario.net\\\/portal\\\/2021\\\/06\\\/08\\\/52-feminicidios-y-14-infanticidios-en-el-pais\\\/#breadcrumb\",\"itemListElement\":[{\"@type\":\"ListItem\",\"position\":1,\"name\":\"Portada\",\"item\":\"https:\\\/\\\/www.eldiario.net\\\/portal\\\/\"},{\"@type\":\"ListItem\",\"position\":2,\"name\":\"52 feminicidios y 14 infanticidios en el pa\u00eds\"}]},{\"@type\":\"WebSite\",\"@id\":\"https:\\\/\\\/www.eldiario.net\\\/portal\\\/#website\",\"url\":\"https:\\\/\\\/www.eldiario.net\\\/portal\\\/\",\"name\":\"El Diario - Decano de la prensa nacional\",\"description\":\"El Diario - Decano de la prensa nacional\",\"publisher\":{\"@id\":\"https:\\\/\\\/www.eldiario.net\\\/portal\\\/#organization\"},\"potentialAction\":[{\"@type\":\"SearchAction\",\"target\":{\"@type\":\"EntryPoint\",\"urlTemplate\":\"https:\\\/\\\/www.eldiario.net\\\/portal\\\/?s={search_term_string}\"},\"query-input\":{\"@type\":\"PropertyValueSpecification\",\"valueRequired\":true,\"valueName\":\"search_term_string\"}}],\"inLanguage\":\"es\"},{\"@type\":\"Organization\",\"@id\":\"https:\\\/\\\/www.eldiario.net\\\/portal\\\/#organization\",\"name\":\"El Diario - Decano de la prensa nacional\",\"url\":\"https:\\\/\\\/www.eldiario.net\\\/portal\\\/\",\"logo\":{\"@type\":\"ImageObject\",\"inLanguage\":\"es\",\"@id\":\"https:\\\/\\\/www.eldiario.net\\\/portal\\\/#\\\/schema\\\/logo\\\/image\\\/\",\"url\":\"https:\\\/\\\/www.eldiario.net\\\/portal\\\/wp-content\\\/uploads\\\/2023\\\/07\\\/logo_ED.jpg\",\"contentUrl\":\"https:\\\/\\\/www.eldiario.net\\\/portal\\\/wp-content\\\/uploads\\\/2023\\\/07\\\/logo_ED.jpg\",\"width\":272,\"height\":52,\"caption\":\"El Diario - Decano de la prensa nacional\"},\"image\":{\"@id\":\"https:\\\/\\\/www.eldiario.net\\\/portal\\\/#\\\/schema\\\/logo\\\/image\\\/\"},\"sameAs\":[\"https:\\\/\\\/www.facebook.com\\\/eldiario.bolivia\\\/\",\"https:\\\/\\\/x.com\\\/eldiario_net\"]},{\"@type\":\"Person\",\"@id\":\"https:\\\/\\\/www.eldiario.net\\\/portal\\\/#\\\/schema\\\/person\\\/f46445640444750d7d753ccd04ae01b7\",\"name\":\"Jeanette\",\"image\":{\"@type\":\"ImageObject\",\"inLanguage\":\"es\",\"@id\":\"https:\\\/\\\/secure.gravatar.com\\\/avatar\\\/3ea2118a5f7dad2b7138b1187a6b7ee55f160b9968b66013c3a3ef39dd7e5798?s=96&d=mm&r=g\",\"url\":\"https:\\\/\\\/secure.gravatar.com\\\/avatar\\\/3ea2118a5f7dad2b7138b1187a6b7ee55f160b9968b66013c3a3ef39dd7e5798?s=96&d=mm&r=g\",\"contentUrl\":\"https:\\\/\\\/secure.gravatar.com\\\/avatar\\\/3ea2118a5f7dad2b7138b1187a6b7ee55f160b9968b66013c3a3ef39dd7e5798?s=96&d=mm&r=g\",\"caption\":\"Jeanette\"},\"sameAs\":[\"https:\\\/\\\/www.eldiario.net\\\/portal\"],\"url\":\"https:\\\/\\\/www.eldiario.net\\\/portal\\\/author\\\/jeanette\\\/\"}]}<\/script>\n<!-- \/ Yoast SEO plugin. -->","yoast_head_json":{"title":"52 feminicidios y 14 infanticidios en el pa\u00eds - El Diario - Bolivia","robots":{"index":"index","follow":"follow","max-snippet":"max-snippet:-1","max-image-preview":"max-image-preview:large","max-video-preview":"max-video-preview:-1"},"canonical":"https:\/\/www.eldiario.net\/portal\/2021\/06\/08\/52-feminicidios-y-14-infanticidios-en-el-pais\/","og_locale":"es_ES","og_type":"article","og_title":"52 feminicidios y 14 infanticidios en el pa\u00eds - El Diario - Bolivia","og_description":"Del 1 de enero al 7 de junio de 2021, el Ministerio P\u00fablico registr\u00f3 52 casos de feminicidios y 14 infanticidios a nivel nacional, inform\u00f3 este lunes el secretario de la Fiscal\u00eda General, Edwin Quispe. \u201cA la fecha tenemos registrado 52 feminicidios y 14 infanticidios, en los \u00faltimos casos tanto de feminicidio como infanticidio se [&hellip;]","og_url":"https:\/\/www.eldiario.net\/portal\/2021\/06\/08\/52-feminicidios-y-14-infanticidios-en-el-pais\/","og_site_name":"El Diario - Bolivia","article_publisher":"https:\/\/www.facebook.com\/eldiario.bolivia\/","article_published_time":"2021-06-08T09:51:13+00:00","og_image":[{"width":300,"height":168,"url":"https:\/\/www.eldiario.net\/portal\/wp-content\/uploads\/2021\/06\/SEGU-52-feminicidios-y-14.jpg","type":"image\/jpeg"}],"author":"Jeanette","twitter_card":"summary_large_image","twitter_creator":"@eldiario_net","twitter_site":"@eldiario_net","twitter_misc":{"Escrito por":"Jeanette","Tiempo de lectura":"2 minutos"},"schema":{"@context":"https:\/\/schema.org","@graph":[{"@type":"Article","@id":"https:\/\/www.eldiario.net\/portal\/2021\/06\/08\/52-feminicidios-y-14-infanticidios-en-el-pais\/#article","isPartOf":{"@id":"https:\/\/www.eldiario.net\/portal\/2021\/06\/08\/52-feminicidios-y-14-infanticidios-en-el-pais\/"},"author":{"name":"Jeanette","@id":"https:\/\/www.eldiario.net\/portal\/#\/schema\/person\/f46445640444750d7d753ccd04ae01b7"},"headline":"52 feminicidios y 14 infanticidios en el pa\u00eds","datePublished":"2021-06-08T09:51:13+00:00","mainEntityOfPage":{"@id":"https:\/\/www.eldiario.net\/portal\/2021\/06\/08\/52-feminicidios-y-14-infanticidios-en-el-pais\/"},"wordCount":447,"publisher":{"@id":"https:\/\/www.eldiario.net\/portal\/#organization"},"image":{"@id":"https:\/\/www.eldiario.net\/portal\/2021\/06\/08\/52-feminicidios-y-14-infanticidios-en-el-pais\/#primaryimage"},"thumbnailUrl":"https:\/\/www.eldiario.net\/portal\/wp-content\/uploads\/2021\/06\/SEGU-52-feminicidios-y-14.jpg","articleSection":["Sociedad - Seguridad"],"inLanguage":"es"},{"@type":"WebPage","@id":"https:\/\/www.eldiario.net\/portal\/2021\/06\/08\/52-feminicidios-y-14-infanticidios-en-el-pais\/","url":"https:\/\/www.eldiario.net\/portal\/2021\/06\/08\/52-feminicidios-y-14-infanticidios-en-el-pais\/","name":"52 feminicidios y 14 infanticidios en el pa\u00eds - El Diario - Bolivia","isPartOf":{"@id":"https:\/\/www.eldiario.net\/portal\/#website"},"primaryImageOfPage":{"@id":"https:\/\/www.eldiario.net\/portal\/2021\/06\/08\/52-feminicidios-y-14-infanticidios-en-el-pais\/#primaryimage"},"image":{"@id":"https:\/\/www.eldiario.net\/portal\/2021\/06\/08\/52-feminicidios-y-14-infanticidios-en-el-pais\/#primaryimage"},"thumbnailUrl":"https:\/\/www.eldiario.net\/portal\/wp-content\/uploads\/2021\/06\/SEGU-52-feminicidios-y-14.jpg","datePublished":"2021-06-08T09:51:13+00:00","breadcrumb":{"@id":"https:\/\/www.eldiario.net\/portal\/2021\/06\/08\/52-feminicidios-y-14-infanticidios-en-el-pais\/#breadcrumb"},"inLanguage":"es","potentialAction":[{"@type":"ReadAction","target":["https:\/\/www.eldiario.net\/portal\/2021\/06\/08\/52-feminicidios-y-14-infanticidios-en-el-pais\/"]}]},{"@type":"ImageObject","inLanguage":"es","@id":"https:\/\/www.eldiario.net\/portal\/2021\/06\/08\/52-feminicidios-y-14-infanticidios-en-el-pais\/#primaryimage","url":"https:\/\/www.eldiario.net\/portal\/wp-content\/uploads\/2021\/06\/SEGU-52-feminicidios-y-14.jpg","contentUrl":"https:\/\/www.eldiario.net\/portal\/wp-content\/uploads\/2021\/06\/SEGU-52-feminicidios-y-14.jpg","width":300,"height":168},{"@type":"BreadcrumbList","@id":"https:\/\/www.eldiario.net\/portal\/2021\/06\/08\/52-feminicidios-y-14-infanticidios-en-el-pais\/#breadcrumb","itemListElement":[{"@type":"ListItem","position":1,"name":"Portada","item":"https:\/\/www.eldiario.net\/portal\/"},{"@type":"ListItem","position":2,"name":"52 feminicidios y 14 infanticidios en el pa\u00eds"}]},{"@type":"WebSite","@id":"https:\/\/www.eldiario.net\/portal\/#website","url":"https:\/\/www.eldiario.net\/portal\/","name":"El Diario - Decano de la prensa nacional","description":"El Diario - Decano de la prensa nacional","publisher":{"@id":"https:\/\/www.eldiario.net\/portal\/#organization"},"potentialAction":[{"@type":"SearchAction","target":{"@type":"EntryPoint","urlTemplate":"https:\/\/www.eldiario.net\/portal\/?s={search_term_string}"},"query-input":{"@type":"PropertyValueSpecification","valueRequired":true,"valueName":"search_term_string"}}],"inLanguage":"es"},{"@type":"Organization","@id":"https:\/\/www.eldiario.net\/portal\/#organization","name":"El Diario - Decano de la prensa nacional","url":"https:\/\/www.eldiario.net\/portal\/","logo":{"@type":"ImageObject","inLanguage":"es","@id":"https:\/\/www.eldiario.net\/portal\/#\/schema\/logo\/image\/","url":"https:\/\/www.eldiario.net\/portal\/wp-content\/uploads\/2023\/07\/logo_ED.jpg","contentUrl":"https:\/\/www.eldiario.net\/portal\/wp-content\/uploads\/2023\/07\/logo_ED.jpg","width":272,"height":52,"caption":"El Diario - Decano de la prensa nacional"},"image":{"@id":"https:\/\/www.eldiario.net\/portal\/#\/schema\/logo\/image\/"},"sameAs":["https:\/\/www.facebook.com\/eldiario.bolivia\/","https:\/\/x.com\/eldiario_net"]},{"@type":"Person","@id":"https:\/\/www.eldiario.net\/portal\/#\/schema\/person\/f46445640444750d7d753ccd04ae01b7","name":"Jeanette","image":{"@type":"ImageObject","inLanguage":"es","@id":"https:\/\/secure.gravatar.com\/avatar\/3ea2118a5f7dad2b7138b1187a6b7ee55f160b9968b66013c3a3ef39dd7e5798?s=96&d=mm&r=g","url":"https:\/\/secure.gravatar.com\/avatar\/3ea2118a5f7dad2b7138b1187a6b7ee55f160b9968b66013c3a3ef39dd7e5798?s=96&d=mm&r=g","contentUrl":"https:\/\/secure.gravatar.com\/avatar\/3ea2118a5f7dad2b7138b1187a6b7ee55f160b9968b66013c3a3ef39dd7e5798?s=96&d=mm&r=g","caption":"Jeanette"},"sameAs":["https:\/\/www.eldiario.net\/portal"],"url":"https:\/\/www.eldiario.net\/portal\/author\/jeanette\/"}]}},"_links":{"self":[{"href":"https:\/\/www.eldiario.net\/portal\/wp-json\/wp\/v2\/posts\/9075","targetHints":{"allow":["GET"]}}],"collection":[{"href":"https:\/\/www.eldiario.net\/portal\/wp-json\/wp\/v2\/posts"}],"about":[{"href":"https:\/\/www.eldiario.net\/portal\/wp-json\/wp\/v2\/types\/post"}],"author":[{"embeddable":true,"href":"https:\/\/www.eldiario.net\/portal\/wp-json\/wp\/v2\/users\/1"}],"replies":[{"embeddable":true,"href":"https:\/\/www.eldiario.net\/portal\/wp-json\/wp\/v2\/comments?post=9075"}],"version-history":[{"count":0,"href":"https:\/\/www.eldiario.net\/portal\/wp-json\/wp\/v2\/posts\/9075\/revisions"}],"wp:featuredmedia":[{"embeddable":true,"href":"https:\/\/www.eldiario.net\/portal\/wp-json\/wp\/v2\/media\/9076"}],"wp:attachment":[{"href":"https:\/\/www.eldiario.net\/portal\/wp-json\/wp\/v2\/media?parent=9075"}],"wp:term":[{"taxonomy":"category","embeddable":true,"href":"https:\/\/www.eldiario.net\/portal\/wp-json\/wp\/v2\/categories?post=9075"},{"taxonomy":"post_tag","embeddable":true,"href":"https:\/\/www.eldiario.net\/portal\/wp-json\/wp\/v2\/tags?post=9075"}],"curies":[{"name":"wp","href":"https:\/\/api.w.org\/{rel}","templated":true}]}}