{"id":9065,"date":"2021-06-08T05:47:27","date_gmt":"2021-06-08T09:47:27","guid":{"rendered":"https:\/\/www.eldiario.net\/portal\/?p=9065"},"modified":"2021-06-08T05:47:27","modified_gmt":"2021-06-08T09:47:27","slug":"bolivia-va-por-mas-puntos-ante-chile","status":"publish","type":"post","link":"https:\/\/www.eldiario.net\/portal\/2021\/06\/08\/bolivia-va-por-mas-puntos-ante-chile\/","title":{"rendered":"Bolivia va por m\u00e1s puntos ante Chile"},"content":{"rendered":"<p>La Selecci\u00f3n Nacional ir\u00e1 por los puntos, esta noche ante Chile, por la jornada ocho de las Eliminatorias Sudamericanas (21.30).<\/p>\n<p>Las selecciones de Chile y Bolivia, vigorizadas por los buenos resultados en la reanudaci\u00f3n del premundial, se enfrentar\u00e1n con la misi\u00f3n de capitalizar el impulso logrado para seguir luchando por un boleto al Mundial de Catar-2022.<\/p>\n<p>Chile, sin Arturo Vidal, suma 5 puntos tras rescatar el jueves pasado un empate ante la Albiceleste, el tercero que logra en tierras argentinas, donde nunca ha ganado. Horas antes, Bolivia hab\u00eda obtenido un triunfo clave 3-1 ante Venezuela en la altura de La Paz, sumando 4 unidades.<\/p>\n<p>Bolivia no contar\u00e1 con Erwin Saavedra, quien est\u00e1 suspendido por acumulaci\u00f3n de amarillas.<\/p>\n<p>En contrapartida, podr\u00e1 contar con Adri\u00e1n Jusino, defensor central que podr\u00eda fortalecer ese sector. Una de las dudas es Diego Bejarano, quien tiene una contractura, sino va, su lugar podr\u00eda ser ocupado por Oscar Ribera.<\/p>\n<p>Los nacionales tienen 4 unidades, mientras el seleccionado chileno uno m\u00e1s, de ah\u00ed que la lucha por los puntos, esta noche en San Carlos de Apoquindo ser\u00e1 sin tregua.<\/p>\n<p>Una terna paraguaya dirigir\u00e1 el compromiso, Eber Aquino comandar\u00e1 la terna colaborado por Eduardo Cardozo y Jos\u00e9 Cuevas.<\/p>\n<p>Chile: Claudio Bravo; Mauricio Isla, Gary Medel, Guillermo Marip\u00e1n, Eugenio Mena, Charles Ar\u00e1nguiz, Erick Pulgar, Pablo Galdames, Alexis S\u00e1nchez, Eduardo Vargas y Jean Meneses. DT. Mart\u00edn Lasarte<\/p>\n<p>Bolivia: Carlos Lampe; Diego Bejarano, Jairo Quinteros, Luis Haquin, Enrique Flores, Leonel Justiniano, Juan Carlos Arce, Danny Bejarano, Henry Vaca, Rodrigo Ramallo y Marcelo Martins. DT: C\u00e9sar Far\u00edas. (FOTO FBF)<\/p>\n","protected":false},"excerpt":{"rendered":"<p>La Selecci\u00f3n Nacional ir\u00e1 por los puntos, esta noche ante Chile, por la jornada ocho de las Eliminatorias Sudamericanas (21.30). Las selecciones de Chile y Bolivia, vigorizadas por los buenos resultados en la reanudaci\u00f3n del premundial, se enfrentar\u00e1n con la misi\u00f3n de capitalizar el impulso logrado para seguir luchando por un boleto al Mundial de [&hellip;]<\/p>\n","protected":false},"author":1,"featured_media":9066,"comment_status":"closed","ping_status":"closed","sticky":false,"template":"","format":"standard","meta":{"_acf_changed":false,"footnotes":""},"categories":[6],"tags":[],"class_list":["post-9065","post","type-post","status-publish","format-standard","has-post-thumbnail","category-deportes"],"acf":{"antetitulo":""},"yoast_head":"<!-- This site is optimized with the Yoast SEO plugin v28.3 - https:\/\/yoast.com\/product\/yoast-seo-wordpress\/ -->\n<title>Bolivia va por m\u00e1s puntos ante Chile - El Diario - Bolivia<\/title>\n<meta name=\"robots\" content=\"index, follow, max-snippet:-1, max-image-preview:large, max-video-preview:-1\" \/>\n<link rel=\"canonical\" href=\"https:\/\/www.eldiario.net\/portal\/2021\/06\/08\/bolivia-va-por-mas-puntos-ante-chile\/\" \/>\n<meta property=\"og:locale\" content=\"es_ES\" \/>\n<meta property=\"og:type\" content=\"article\" \/>\n<meta property=\"og:title\" content=\"Bolivia va por m\u00e1s puntos ante Chile - El Diario - Bolivia\" \/>\n<meta property=\"og:description\" content=\"La Selecci\u00f3n Nacional ir\u00e1 por los puntos, esta noche ante Chile, por la jornada ocho de las Eliminatorias Sudamericanas (21.30). Las selecciones de Chile y Bolivia, vigorizadas por los buenos resultados en la reanudaci\u00f3n del premundial, se enfrentar\u00e1n con la misi\u00f3n de capitalizar el impulso logrado para seguir luchando por un boleto al Mundial de [&hellip;]\" \/>\n<meta property=\"og:url\" content=\"https:\/\/www.eldiario.net\/portal\/2021\/06\/08\/bolivia-va-por-mas-puntos-ante-chile\/\" \/>\n<meta property=\"og:site_name\" content=\"El Diario - Bolivia\" \/>\n<meta property=\"article:publisher\" content=\"https:\/\/www.facebook.com\/eldiario.bolivia\/\" \/>\n<meta property=\"article:published_time\" content=\"2021-06-08T09:47:27+00:00\" \/>\n<meta name=\"author\" content=\"Jeanette\" \/>\n<meta name=\"twitter:card\" content=\"summary_large_image\" \/>\n<meta name=\"twitter:creator\" content=\"@eldiario_net\" \/>\n<meta name=\"twitter:site\" content=\"@eldiario_net\" \/>\n<meta name=\"twitter:label1\" content=\"Escrito por\" \/>\n\t<meta name=\"twitter:data1\" content=\"Jeanette\" \/>\n\t<meta name=\"twitter:label2\" content=\"Tiempo de lectura\" \/>\n\t<meta name=\"twitter:data2\" content=\"2 minutos\" \/>\n<script type=\"application\/ld+json\" class=\"yoast-schema-graph\">{\"@context\":\"https:\\\/\\\/schema.org\",\"@graph\":[{\"@type\":\"Article\",\"@id\":\"https:\\\/\\\/www.eldiario.net\\\/portal\\\/2021\\\/06\\\/08\\\/bolivia-va-por-mas-puntos-ante-chile\\\/#article\",\"isPartOf\":{\"@id\":\"https:\\\/\\\/www.eldiario.net\\\/portal\\\/2021\\\/06\\\/08\\\/bolivia-va-por-mas-puntos-ante-chile\\\/\"},\"author\":{\"name\":\"Jeanette\",\"@id\":\"https:\\\/\\\/www.eldiario.net\\\/portal\\\/#\\\/schema\\\/person\\\/f46445640444750d7d753ccd04ae01b7\"},\"headline\":\"Bolivia va por m\u00e1s puntos ante Chile\",\"datePublished\":\"2021-06-08T09:47:27+00:00\",\"mainEntityOfPage\":{\"@id\":\"https:\\\/\\\/www.eldiario.net\\\/portal\\\/2021\\\/06\\\/08\\\/bolivia-va-por-mas-puntos-ante-chile\\\/\"},\"wordCount\":276,\"publisher\":{\"@id\":\"https:\\\/\\\/www.eldiario.net\\\/portal\\\/#organization\"},\"image\":{\"@id\":\"https:\\\/\\\/www.eldiario.net\\\/portal\\\/2021\\\/06\\\/08\\\/bolivia-va-por-mas-puntos-ante-chile\\\/#primaryimage\"},\"thumbnailUrl\":\"\",\"articleSection\":[\"Deportes\"],\"inLanguage\":\"es\"},{\"@type\":\"WebPage\",\"@id\":\"https:\\\/\\\/www.eldiario.net\\\/portal\\\/2021\\\/06\\\/08\\\/bolivia-va-por-mas-puntos-ante-chile\\\/\",\"url\":\"https:\\\/\\\/www.eldiario.net\\\/portal\\\/2021\\\/06\\\/08\\\/bolivia-va-por-mas-puntos-ante-chile\\\/\",\"name\":\"Bolivia va por m\u00e1s puntos ante Chile - El Diario - Bolivia\",\"isPartOf\":{\"@id\":\"https:\\\/\\\/www.eldiario.net\\\/portal\\\/#website\"},\"primaryImageOfPage\":{\"@id\":\"https:\\\/\\\/www.eldiario.net\\\/portal\\\/2021\\\/06\\\/08\\\/bolivia-va-por-mas-puntos-ante-chile\\\/#primaryimage\"},\"image\":{\"@id\":\"https:\\\/\\\/www.eldiario.net\\\/portal\\\/2021\\\/06\\\/08\\\/bolivia-va-por-mas-puntos-ante-chile\\\/#primaryimage\"},\"thumbnailUrl\":\"\",\"datePublished\":\"2021-06-08T09:47:27+00:00\",\"breadcrumb\":{\"@id\":\"https:\\\/\\\/www.eldiario.net\\\/portal\\\/2021\\\/06\\\/08\\\/bolivia-va-por-mas-puntos-ante-chile\\\/#breadcrumb\"},\"inLanguage\":\"es\",\"potentialAction\":[{\"@type\":\"ReadAction\",\"target\":[\"https:\\\/\\\/www.eldiario.net\\\/portal\\\/2021\\\/06\\\/08\\\/bolivia-va-por-mas-puntos-ante-chile\\\/\"]}]},{\"@type\":\"ImageObject\",\"inLanguage\":\"es\",\"@id\":\"https:\\\/\\\/www.eldiario.net\\\/portal\\\/2021\\\/06\\\/08\\\/bolivia-va-por-mas-puntos-ante-chile\\\/#primaryimage\",\"url\":\"\",\"contentUrl\":\"\"},{\"@type\":\"BreadcrumbList\",\"@id\":\"https:\\\/\\\/www.eldiario.net\\\/portal\\\/2021\\\/06\\\/08\\\/bolivia-va-por-mas-puntos-ante-chile\\\/#breadcrumb\",\"itemListElement\":[{\"@type\":\"ListItem\",\"position\":1,\"name\":\"Portada\",\"item\":\"https:\\\/\\\/www.eldiario.net\\\/portal\\\/\"},{\"@type\":\"ListItem\",\"position\":2,\"name\":\"Bolivia va por m\u00e1s puntos ante Chile\"}]},{\"@type\":\"WebSite\",\"@id\":\"https:\\\/\\\/www.eldiario.net\\\/portal\\\/#website\",\"url\":\"https:\\\/\\\/www.eldiario.net\\\/portal\\\/\",\"name\":\"El Diario - Decano de la prensa nacional\",\"description\":\"El Diario - Decano de la prensa nacional\",\"publisher\":{\"@id\":\"https:\\\/\\\/www.eldiario.net\\\/portal\\\/#organization\"},\"potentialAction\":[{\"@type\":\"SearchAction\",\"target\":{\"@type\":\"EntryPoint\",\"urlTemplate\":\"https:\\\/\\\/www.eldiario.net\\\/portal\\\/?s={search_term_string}\"},\"query-input\":{\"@type\":\"PropertyValueSpecification\",\"valueRequired\":true,\"valueName\":\"search_term_string\"}}],\"inLanguage\":\"es\"},{\"@type\":\"Organization\",\"@id\":\"https:\\\/\\\/www.eldiario.net\\\/portal\\\/#organization\",\"name\":\"El Diario - Decano de la prensa nacional\",\"url\":\"https:\\\/\\\/www.eldiario.net\\\/portal\\\/\",\"logo\":{\"@type\":\"ImageObject\",\"inLanguage\":\"es\",\"@id\":\"https:\\\/\\\/www.eldiario.net\\\/portal\\\/#\\\/schema\\\/logo\\\/image\\\/\",\"url\":\"https:\\\/\\\/www.eldiario.net\\\/portal\\\/wp-content\\\/uploads\\\/2023\\\/07\\\/logo_ED.jpg\",\"contentUrl\":\"https:\\\/\\\/www.eldiario.net\\\/portal\\\/wp-content\\\/uploads\\\/2023\\\/07\\\/logo_ED.jpg\",\"width\":272,\"height\":52,\"caption\":\"El Diario - Decano de la prensa nacional\"},\"image\":{\"@id\":\"https:\\\/\\\/www.eldiario.net\\\/portal\\\/#\\\/schema\\\/logo\\\/image\\\/\"},\"sameAs\":[\"https:\\\/\\\/www.facebook.com\\\/eldiario.bolivia\\\/\",\"https:\\\/\\\/x.com\\\/eldiario_net\"]},{\"@type\":\"Person\",\"@id\":\"https:\\\/\\\/www.eldiario.net\\\/portal\\\/#\\\/schema\\\/person\\\/f46445640444750d7d753ccd04ae01b7\",\"name\":\"Jeanette\",\"image\":{\"@type\":\"ImageObject\",\"inLanguage\":\"es\",\"@id\":\"https:\\\/\\\/secure.gravatar.com\\\/avatar\\\/3ea2118a5f7dad2b7138b1187a6b7ee55f160b9968b66013c3a3ef39dd7e5798?s=96&d=mm&r=g\",\"url\":\"https:\\\/\\\/secure.gravatar.com\\\/avatar\\\/3ea2118a5f7dad2b7138b1187a6b7ee55f160b9968b66013c3a3ef39dd7e5798?s=96&d=mm&r=g\",\"contentUrl\":\"https:\\\/\\\/secure.gravatar.com\\\/avatar\\\/3ea2118a5f7dad2b7138b1187a6b7ee55f160b9968b66013c3a3ef39dd7e5798?s=96&d=mm&r=g\",\"caption\":\"Jeanette\"},\"sameAs\":[\"https:\\\/\\\/www.eldiario.net\\\/portal\"],\"url\":\"https:\\\/\\\/www.eldiario.net\\\/portal\\\/author\\\/jeanette\\\/\"}]}<\/script>\n<!-- \/ Yoast SEO plugin. -->","yoast_head_json":{"title":"Bolivia va por m\u00e1s puntos ante Chile - El Diario - Bolivia","robots":{"index":"index","follow":"follow","max-snippet":"max-snippet:-1","max-image-preview":"max-image-preview:large","max-video-preview":"max-video-preview:-1"},"canonical":"https:\/\/www.eldiario.net\/portal\/2021\/06\/08\/bolivia-va-por-mas-puntos-ante-chile\/","og_locale":"es_ES","og_type":"article","og_title":"Bolivia va por m\u00e1s puntos ante Chile - El Diario - Bolivia","og_description":"La Selecci\u00f3n Nacional ir\u00e1 por los puntos, esta noche ante Chile, por la jornada ocho de las Eliminatorias Sudamericanas (21.30). Las selecciones de Chile y Bolivia, vigorizadas por los buenos resultados en la reanudaci\u00f3n del premundial, se enfrentar\u00e1n con la misi\u00f3n de capitalizar el impulso logrado para seguir luchando por un boleto al Mundial de [&hellip;]","og_url":"https:\/\/www.eldiario.net\/portal\/2021\/06\/08\/bolivia-va-por-mas-puntos-ante-chile\/","og_site_name":"El Diario - Bolivia","article_publisher":"https:\/\/www.facebook.com\/eldiario.bolivia\/","article_published_time":"2021-06-08T09:47:27+00:00","author":"Jeanette","twitter_card":"summary_large_image","twitter_creator":"@eldiario_net","twitter_site":"@eldiario_net","twitter_misc":{"Escrito por":"Jeanette","Tiempo de lectura":"2 minutos"},"schema":{"@context":"https:\/\/schema.org","@graph":[{"@type":"Article","@id":"https:\/\/www.eldiario.net\/portal\/2021\/06\/08\/bolivia-va-por-mas-puntos-ante-chile\/#article","isPartOf":{"@id":"https:\/\/www.eldiario.net\/portal\/2021\/06\/08\/bolivia-va-por-mas-puntos-ante-chile\/"},"author":{"name":"Jeanette","@id":"https:\/\/www.eldiario.net\/portal\/#\/schema\/person\/f46445640444750d7d753ccd04ae01b7"},"headline":"Bolivia va por m\u00e1s puntos ante Chile","datePublished":"2021-06-08T09:47:27+00:00","mainEntityOfPage":{"@id":"https:\/\/www.eldiario.net\/portal\/2021\/06\/08\/bolivia-va-por-mas-puntos-ante-chile\/"},"wordCount":276,"publisher":{"@id":"https:\/\/www.eldiario.net\/portal\/#organization"},"image":{"@id":"https:\/\/www.eldiario.net\/portal\/2021\/06\/08\/bolivia-va-por-mas-puntos-ante-chile\/#primaryimage"},"thumbnailUrl":"","articleSection":["Deportes"],"inLanguage":"es"},{"@type":"WebPage","@id":"https:\/\/www.eldiario.net\/portal\/2021\/06\/08\/bolivia-va-por-mas-puntos-ante-chile\/","url":"https:\/\/www.eldiario.net\/portal\/2021\/06\/08\/bolivia-va-por-mas-puntos-ante-chile\/","name":"Bolivia va por m\u00e1s puntos ante Chile - El Diario - Bolivia","isPartOf":{"@id":"https:\/\/www.eldiario.net\/portal\/#website"},"primaryImageOfPage":{"@id":"https:\/\/www.eldiario.net\/portal\/2021\/06\/08\/bolivia-va-por-mas-puntos-ante-chile\/#primaryimage"},"image":{"@id":"https:\/\/www.eldiario.net\/portal\/2021\/06\/08\/bolivia-va-por-mas-puntos-ante-chile\/#primaryimage"},"thumbnailUrl":"","datePublished":"2021-06-08T09:47:27+00:00","breadcrumb":{"@id":"https:\/\/www.eldiario.net\/portal\/2021\/06\/08\/bolivia-va-por-mas-puntos-ante-chile\/#breadcrumb"},"inLanguage":"es","potentialAction":[{"@type":"ReadAction","target":["https:\/\/www.eldiario.net\/portal\/2021\/06\/08\/bolivia-va-por-mas-puntos-ante-chile\/"]}]},{"@type":"ImageObject","inLanguage":"es","@id":"https:\/\/www.eldiario.net\/portal\/2021\/06\/08\/bolivia-va-por-mas-puntos-ante-chile\/#primaryimage","url":"","contentUrl":""},{"@type":"BreadcrumbList","@id":"https:\/\/www.eldiario.net\/portal\/2021\/06\/08\/bolivia-va-por-mas-puntos-ante-chile\/#breadcrumb","itemListElement":[{"@type":"ListItem","position":1,"name":"Portada","item":"https:\/\/www.eldiario.net\/portal\/"},{"@type":"ListItem","position":2,"name":"Bolivia va por m\u00e1s puntos ante Chile"}]},{"@type":"WebSite","@id":"https:\/\/www.eldiario.net\/portal\/#website","url":"https:\/\/www.eldiario.net\/portal\/","name":"El Diario - Decano de la prensa nacional","description":"El Diario - Decano de la prensa nacional","publisher":{"@id":"https:\/\/www.eldiario.net\/portal\/#organization"},"potentialAction":[{"@type":"SearchAction","target":{"@type":"EntryPoint","urlTemplate":"https:\/\/www.eldiario.net\/portal\/?s={search_term_string}"},"query-input":{"@type":"PropertyValueSpecification","valueRequired":true,"valueName":"search_term_string"}}],"inLanguage":"es"},{"@type":"Organization","@id":"https:\/\/www.eldiario.net\/portal\/#organization","name":"El Diario - Decano de la prensa nacional","url":"https:\/\/www.eldiario.net\/portal\/","logo":{"@type":"ImageObject","inLanguage":"es","@id":"https:\/\/www.eldiario.net\/portal\/#\/schema\/logo\/image\/","url":"https:\/\/www.eldiario.net\/portal\/wp-content\/uploads\/2023\/07\/logo_ED.jpg","contentUrl":"https:\/\/www.eldiario.net\/portal\/wp-content\/uploads\/2023\/07\/logo_ED.jpg","width":272,"height":52,"caption":"El Diario - Decano de la prensa nacional"},"image":{"@id":"https:\/\/www.eldiario.net\/portal\/#\/schema\/logo\/image\/"},"sameAs":["https:\/\/www.facebook.com\/eldiario.bolivia\/","https:\/\/x.com\/eldiario_net"]},{"@type":"Person","@id":"https:\/\/www.eldiario.net\/portal\/#\/schema\/person\/f46445640444750d7d753ccd04ae01b7","name":"Jeanette","image":{"@type":"ImageObject","inLanguage":"es","@id":"https:\/\/secure.gravatar.com\/avatar\/3ea2118a5f7dad2b7138b1187a6b7ee55f160b9968b66013c3a3ef39dd7e5798?s=96&d=mm&r=g","url":"https:\/\/secure.gravatar.com\/avatar\/3ea2118a5f7dad2b7138b1187a6b7ee55f160b9968b66013c3a3ef39dd7e5798?s=96&d=mm&r=g","contentUrl":"https:\/\/secure.gravatar.com\/avatar\/3ea2118a5f7dad2b7138b1187a6b7ee55f160b9968b66013c3a3ef39dd7e5798?s=96&d=mm&r=g","caption":"Jeanette"},"sameAs":["https:\/\/www.eldiario.net\/portal"],"url":"https:\/\/www.eldiario.net\/portal\/author\/jeanette\/"}]}},"_links":{"self":[{"href":"https:\/\/www.eldiario.net\/portal\/wp-json\/wp\/v2\/posts\/9065","targetHints":{"allow":["GET"]}}],"collection":[{"href":"https:\/\/www.eldiario.net\/portal\/wp-json\/wp\/v2\/posts"}],"about":[{"href":"https:\/\/www.eldiario.net\/portal\/wp-json\/wp\/v2\/types\/post"}],"author":[{"embeddable":true,"href":"https:\/\/www.eldiario.net\/portal\/wp-json\/wp\/v2\/users\/1"}],"replies":[{"embeddable":true,"href":"https:\/\/www.eldiario.net\/portal\/wp-json\/wp\/v2\/comments?post=9065"}],"version-history":[{"count":0,"href":"https:\/\/www.eldiario.net\/portal\/wp-json\/wp\/v2\/posts\/9065\/revisions"}],"wp:attachment":[{"href":"https:\/\/www.eldiario.net\/portal\/wp-json\/wp\/v2\/media?parent=9065"}],"wp:term":[{"taxonomy":"category","embeddable":true,"href":"https:\/\/www.eldiario.net\/portal\/wp-json\/wp\/v2\/categories?post=9065"},{"taxonomy":"post_tag","embeddable":true,"href":"https:\/\/www.eldiario.net\/portal\/wp-json\/wp\/v2\/tags?post=9065"}],"curies":[{"name":"wp","href":"https:\/\/api.w.org\/{rel}","templated":true}]}}