{"id":90456,"date":"2022-06-14T06:00:24","date_gmt":"2022-06-14T10:00:24","guid":{"rendered":"https:\/\/www.eldiario.net\/portal\/?p=90456"},"modified":"2022-06-14T06:00:24","modified_gmt":"2022-06-14T10:00:24","slug":"aprehenden-a-tres-personas-por-trasladar-extranjeros-hacia-chile","status":"publish","type":"post","link":"https:\/\/www.eldiario.net\/portal\/2022\/06\/14\/aprehenden-a-tres-personas-por-trasladar-extranjeros-hacia-chile\/","title":{"rendered":"Aprehenden a tres personas por  trasladar extranjeros hacia Chile"},"content":{"rendered":"<p>La Fuerza Especial de Lucha Contra el Crimen (Felcc) de El Alto aprehendi\u00f3 a tres personas responsables de supuesta trata de personas, trasladaban a 33 extranjeros de diferentes nacionalidades desde Desaguadero hacia la frontera con Chile, seg\u00fan la autoridad policial, coronel Limberth Coca.<\/p>\n<p>De acuerdo con la autoridad, la aprehensi\u00f3n de las tres personas y los 33 migrantes fue producto de un seguimiento efectuado a esta actitud sospechosa y el movimiento que realizaban antes de llegar hasta la frontera de dicho pa\u00eds.<\/p>\n<p>De esta manera, las tres personas acusadas de la supuesta trata de personas fueron remitidas ante la Felcc para que puedan realizar su declaraci\u00f3n informativa, mientras que los 33 extranjeros luego de que cumplan con los mismos requisitos podr\u00e1n ser derivados a Migraci\u00f3n del pa\u00eds.<\/p>\n<p>Una de las primeras declaraciones de las personas acusadas de este delito, se\u00f1ala que los extranjeros fueron captados en el puesto fronterizo de Desaguadero para ser trasladados hasta Chile, v\u00eda Patacamaya y Tambo Quemado.<\/p>\n<p>Otro de los datos que tiene la Polic\u00eda es que las tres personas responsables de este il\u00edcito admitieron que lograron contactarse con otra persona desde Per\u00fa para realizar este trabajo y el traslado de los migrantes para lo cual cada uno de los extranjeros habr\u00eda pagado entre 60 a 80 d\u00f3lares americanos por el servicio.<\/p>\n<p>\u201cLo que se est\u00e1 realizando como un primer trabajo es localizar a la personas que estaba encargada de este tipo de actividades il\u00edcitas en el lado peruano y en contacto con otra persona en Chile, quien era supuestamente el encargado de la recepci\u00f3n de los migrantes, actitud que est\u00e1 catalogada como un delito por Trata de Personas\u201d, explic\u00f3 el coronel Coca de la Felcc de El Alto.<\/p>\n<p>La autoridad policial indic\u00f3 que una vez efectuada todas las diligencias policiales como corresponde el caso ya fue de conocimiento del Ministerio P\u00fablico, instancia que a su vez emiti\u00f3 la resoluci\u00f3n de imputaci\u00f3n, donde a trav\u00e9s de una audiencia de medidas cautelares determin\u00f3 la detenci\u00f3n preventiva de las tres personas por el tiempo de tres meses.<\/p>\n<p>&nbsp;<\/p>\n","protected":false},"excerpt":{"rendered":"<p>La Fuerza Especial de Lucha Contra el Crimen (Felcc) de El Alto aprehendi\u00f3 a tres personas responsables de supuesta trata de personas, trasladaban a 33 extranjeros de diferentes nacionalidades desde Desaguadero hacia la frontera con Chile, seg\u00fan la autoridad policial, coronel Limberth Coca. De acuerdo con la autoridad, la aprehensi\u00f3n de las tres personas y [&hellip;]<\/p>\n","protected":false},"author":1,"featured_media":90457,"comment_status":"closed","ping_status":"closed","sticky":false,"template":"","format":"standard","meta":{"_acf_changed":false,"footnotes":""},"categories":[12],"tags":[],"class_list":["post-90456","post","type-post","status-publish","format-standard","has-post-thumbnail","category-nacional"],"acf":{"antetitulo":""},"yoast_head":"<!-- This site is optimized with the Yoast SEO plugin v28.4 - https:\/\/yoast.com\/product\/yoast-seo-wordpress\/ -->\n<title>Aprehenden a tres personas por trasladar extranjeros hacia Chile - El Diario - Bolivia<\/title>\n<meta name=\"robots\" content=\"index, follow, max-snippet:-1, max-image-preview:large, max-video-preview:-1\" \/>\n<link rel=\"canonical\" href=\"https:\/\/www.eldiario.net\/portal\/2022\/06\/14\/aprehenden-a-tres-personas-por-trasladar-extranjeros-hacia-chile\/\" \/>\n<meta property=\"og:locale\" content=\"es_ES\" \/>\n<meta property=\"og:type\" content=\"article\" \/>\n<meta property=\"og:title\" content=\"Aprehenden a tres personas por trasladar extranjeros hacia Chile - El Diario - Bolivia\" \/>\n<meta property=\"og:description\" content=\"La Fuerza Especial de Lucha Contra el Crimen (Felcc) de El Alto aprehendi\u00f3 a tres personas responsables de supuesta trata de personas, trasladaban a 33 extranjeros de diferentes nacionalidades desde Desaguadero hacia la frontera con Chile, seg\u00fan la autoridad policial, coronel Limberth Coca. De acuerdo con la autoridad, la aprehensi\u00f3n de las tres personas y [&hellip;]\" \/>\n<meta property=\"og:url\" content=\"https:\/\/www.eldiario.net\/portal\/2022\/06\/14\/aprehenden-a-tres-personas-por-trasladar-extranjeros-hacia-chile\/\" \/>\n<meta property=\"og:site_name\" content=\"El Diario - Bolivia\" \/>\n<meta property=\"article:publisher\" content=\"https:\/\/www.facebook.com\/eldiario.bolivia\/\" \/>\n<meta property=\"article:published_time\" content=\"2022-06-14T10:00:24+00:00\" \/>\n<meta name=\"author\" content=\"Jeanette\" \/>\n<meta name=\"twitter:card\" content=\"summary_large_image\" \/>\n<meta name=\"twitter:creator\" content=\"@eldiario_net\" \/>\n<meta name=\"twitter:site\" content=\"@eldiario_net\" \/>\n<meta name=\"twitter:label1\" content=\"Escrito por\" \/>\n\t<meta name=\"twitter:data1\" content=\"Jeanette\" \/>\n\t<meta name=\"twitter:label2\" content=\"Tiempo de lectura\" \/>\n\t<meta name=\"twitter:data2\" content=\"2 minutos\" \/>\n<script type=\"application\/ld+json\" class=\"yoast-schema-graph\">{\"@context\":\"https:\\\/\\\/schema.org\",\"@graph\":[{\"@type\":\"Article\",\"@id\":\"https:\\\/\\\/www.eldiario.net\\\/portal\\\/2022\\\/06\\\/14\\\/aprehenden-a-tres-personas-por-trasladar-extranjeros-hacia-chile\\\/#article\",\"isPartOf\":{\"@id\":\"https:\\\/\\\/www.eldiario.net\\\/portal\\\/2022\\\/06\\\/14\\\/aprehenden-a-tres-personas-por-trasladar-extranjeros-hacia-chile\\\/\"},\"author\":{\"name\":\"Jeanette\",\"@id\":\"https:\\\/\\\/www.eldiario.net\\\/portal\\\/#\\\/schema\\\/person\\\/2c57cf2b7a7ae032e449e4c9b1019eac\"},\"headline\":\"Aprehenden a tres personas por trasladar extranjeros hacia Chile\",\"datePublished\":\"2022-06-14T10:00:24+00:00\",\"mainEntityOfPage\":{\"@id\":\"https:\\\/\\\/www.eldiario.net\\\/portal\\\/2022\\\/06\\\/14\\\/aprehenden-a-tres-personas-por-trasladar-extranjeros-hacia-chile\\\/\"},\"wordCount\":364,\"publisher\":{\"@id\":\"https:\\\/\\\/www.eldiario.net\\\/portal\\\/#organization\"},\"image\":{\"@id\":\"https:\\\/\\\/www.eldiario.net\\\/portal\\\/2022\\\/06\\\/14\\\/aprehenden-a-tres-personas-por-trasladar-extranjeros-hacia-chile\\\/#primaryimage\"},\"thumbnailUrl\":\"\",\"articleSection\":[\"Nacional\"],\"inLanguage\":\"es\"},{\"@type\":\"WebPage\",\"@id\":\"https:\\\/\\\/www.eldiario.net\\\/portal\\\/2022\\\/06\\\/14\\\/aprehenden-a-tres-personas-por-trasladar-extranjeros-hacia-chile\\\/\",\"url\":\"https:\\\/\\\/www.eldiario.net\\\/portal\\\/2022\\\/06\\\/14\\\/aprehenden-a-tres-personas-por-trasladar-extranjeros-hacia-chile\\\/\",\"name\":\"Aprehenden a tres personas por trasladar extranjeros hacia Chile - El Diario - Bolivia\",\"isPartOf\":{\"@id\":\"https:\\\/\\\/www.eldiario.net\\\/portal\\\/#website\"},\"primaryImageOfPage\":{\"@id\":\"https:\\\/\\\/www.eldiario.net\\\/portal\\\/2022\\\/06\\\/14\\\/aprehenden-a-tres-personas-por-trasladar-extranjeros-hacia-chile\\\/#primaryimage\"},\"image\":{\"@id\":\"https:\\\/\\\/www.eldiario.net\\\/portal\\\/2022\\\/06\\\/14\\\/aprehenden-a-tres-personas-por-trasladar-extranjeros-hacia-chile\\\/#primaryimage\"},\"thumbnailUrl\":\"\",\"datePublished\":\"2022-06-14T10:00:24+00:00\",\"breadcrumb\":{\"@id\":\"https:\\\/\\\/www.eldiario.net\\\/portal\\\/2022\\\/06\\\/14\\\/aprehenden-a-tres-personas-por-trasladar-extranjeros-hacia-chile\\\/#breadcrumb\"},\"inLanguage\":\"es\",\"potentialAction\":[{\"@type\":\"ReadAction\",\"target\":[\"https:\\\/\\\/www.eldiario.net\\\/portal\\\/2022\\\/06\\\/14\\\/aprehenden-a-tres-personas-por-trasladar-extranjeros-hacia-chile\\\/\"]}]},{\"@type\":\"ImageObject\",\"inLanguage\":\"es\",\"@id\":\"https:\\\/\\\/www.eldiario.net\\\/portal\\\/2022\\\/06\\\/14\\\/aprehenden-a-tres-personas-por-trasladar-extranjeros-hacia-chile\\\/#primaryimage\",\"url\":\"\",\"contentUrl\":\"\"},{\"@type\":\"BreadcrumbList\",\"@id\":\"https:\\\/\\\/www.eldiario.net\\\/portal\\\/2022\\\/06\\\/14\\\/aprehenden-a-tres-personas-por-trasladar-extranjeros-hacia-chile\\\/#breadcrumb\",\"itemListElement\":[{\"@type\":\"ListItem\",\"position\":1,\"name\":\"Portada\",\"item\":\"https:\\\/\\\/www.eldiario.net\\\/portal\\\/\"},{\"@type\":\"ListItem\",\"position\":2,\"name\":\"Aprehenden a tres personas por trasladar extranjeros hacia Chile\"}]},{\"@type\":\"WebSite\",\"@id\":\"https:\\\/\\\/www.eldiario.net\\\/portal\\\/#website\",\"url\":\"https:\\\/\\\/www.eldiario.net\\\/portal\\\/\",\"name\":\"El Diario - Decano de la prensa nacional\",\"description\":\"El Diario - Decano de la prensa nacional\",\"publisher\":{\"@id\":\"https:\\\/\\\/www.eldiario.net\\\/portal\\\/#organization\"},\"potentialAction\":[{\"@type\":\"SearchAction\",\"target\":{\"@type\":\"EntryPoint\",\"urlTemplate\":\"https:\\\/\\\/www.eldiario.net\\\/portal\\\/?s={search_term_string}\"},\"query-input\":{\"@type\":\"PropertyValueSpecification\",\"valueRequired\":true,\"valueName\":\"search_term_string\"}}],\"inLanguage\":\"es\"},{\"@type\":\"Organization\",\"@id\":\"https:\\\/\\\/www.eldiario.net\\\/portal\\\/#organization\",\"name\":\"El Diario - Decano de la prensa nacional\",\"url\":\"https:\\\/\\\/www.eldiario.net\\\/portal\\\/\",\"logo\":{\"@type\":\"ImageObject\",\"inLanguage\":\"es\",\"@id\":\"https:\\\/\\\/www.eldiario.net\\\/portal\\\/#\\\/schema\\\/logo\\\/image\\\/\",\"url\":\"https:\\\/\\\/www.eldiario.net\\\/portal\\\/wp-content\\\/uploads\\\/2023\\\/07\\\/logo_ED.jpg\",\"contentUrl\":\"https:\\\/\\\/www.eldiario.net\\\/portal\\\/wp-content\\\/uploads\\\/2023\\\/07\\\/logo_ED.jpg\",\"width\":272,\"height\":52,\"caption\":\"El Diario - Decano de la prensa nacional\"},\"image\":{\"@id\":\"https:\\\/\\\/www.eldiario.net\\\/portal\\\/#\\\/schema\\\/logo\\\/image\\\/\"},\"sameAs\":[\"https:\\\/\\\/www.facebook.com\\\/eldiario.bolivia\\\/\",\"https:\\\/\\\/x.com\\\/eldiario_net\"]},{\"@type\":\"Person\",\"@id\":\"https:\\\/\\\/www.eldiario.net\\\/portal\\\/#\\\/schema\\\/person\\\/2c57cf2b7a7ae032e449e4c9b1019eac\",\"name\":\"Jeanette\",\"image\":{\"@type\":\"ImageObject\",\"inLanguage\":\"es\",\"@id\":\"https:\\\/\\\/secure.gravatar.com\\\/avatar\\\/3ea2118a5f7dad2b7138b1187a6b7ee55f160b9968b66013c3a3ef39dd7e5798?s=96&d=mm&r=g\",\"url\":\"https:\\\/\\\/secure.gravatar.com\\\/avatar\\\/3ea2118a5f7dad2b7138b1187a6b7ee55f160b9968b66013c3a3ef39dd7e5798?s=96&d=mm&r=g\",\"contentUrl\":\"https:\\\/\\\/secure.gravatar.com\\\/avatar\\\/3ea2118a5f7dad2b7138b1187a6b7ee55f160b9968b66013c3a3ef39dd7e5798?s=96&d=mm&r=g\",\"caption\":\"Jeanette\"},\"sameAs\":[\"https:\\\/\\\/www.eldiario.net\\\/portal\"],\"url\":\"https:\\\/\\\/www.eldiario.net\\\/portal\\\/author\\\/jeanette\\\/\"}]}<\/script>\n<!-- \/ Yoast SEO plugin. -->","yoast_head_json":{"title":"Aprehenden a tres personas por trasladar extranjeros hacia Chile - El Diario - Bolivia","robots":{"index":"index","follow":"follow","max-snippet":"max-snippet:-1","max-image-preview":"max-image-preview:large","max-video-preview":"max-video-preview:-1"},"canonical":"https:\/\/www.eldiario.net\/portal\/2022\/06\/14\/aprehenden-a-tres-personas-por-trasladar-extranjeros-hacia-chile\/","og_locale":"es_ES","og_type":"article","og_title":"Aprehenden a tres personas por trasladar extranjeros hacia Chile - El Diario - Bolivia","og_description":"La Fuerza Especial de Lucha Contra el Crimen (Felcc) de El Alto aprehendi\u00f3 a tres personas responsables de supuesta trata de personas, trasladaban a 33 extranjeros de diferentes nacionalidades desde Desaguadero hacia la frontera con Chile, seg\u00fan la autoridad policial, coronel Limberth Coca. De acuerdo con la autoridad, la aprehensi\u00f3n de las tres personas y [&hellip;]","og_url":"https:\/\/www.eldiario.net\/portal\/2022\/06\/14\/aprehenden-a-tres-personas-por-trasladar-extranjeros-hacia-chile\/","og_site_name":"El Diario - Bolivia","article_publisher":"https:\/\/www.facebook.com\/eldiario.bolivia\/","article_published_time":"2022-06-14T10:00:24+00:00","author":"Jeanette","twitter_card":"summary_large_image","twitter_creator":"@eldiario_net","twitter_site":"@eldiario_net","twitter_misc":{"Escrito por":"Jeanette","Tiempo de lectura":"2 minutos"},"schema":{"@context":"https:\/\/schema.org","@graph":[{"@type":"Article","@id":"https:\/\/www.eldiario.net\/portal\/2022\/06\/14\/aprehenden-a-tres-personas-por-trasladar-extranjeros-hacia-chile\/#article","isPartOf":{"@id":"https:\/\/www.eldiario.net\/portal\/2022\/06\/14\/aprehenden-a-tres-personas-por-trasladar-extranjeros-hacia-chile\/"},"author":{"name":"Jeanette","@id":"https:\/\/www.eldiario.net\/portal\/#\/schema\/person\/2c57cf2b7a7ae032e449e4c9b1019eac"},"headline":"Aprehenden a tres personas por trasladar extranjeros hacia Chile","datePublished":"2022-06-14T10:00:24+00:00","mainEntityOfPage":{"@id":"https:\/\/www.eldiario.net\/portal\/2022\/06\/14\/aprehenden-a-tres-personas-por-trasladar-extranjeros-hacia-chile\/"},"wordCount":364,"publisher":{"@id":"https:\/\/www.eldiario.net\/portal\/#organization"},"image":{"@id":"https:\/\/www.eldiario.net\/portal\/2022\/06\/14\/aprehenden-a-tres-personas-por-trasladar-extranjeros-hacia-chile\/#primaryimage"},"thumbnailUrl":"","articleSection":["Nacional"],"inLanguage":"es"},{"@type":"WebPage","@id":"https:\/\/www.eldiario.net\/portal\/2022\/06\/14\/aprehenden-a-tres-personas-por-trasladar-extranjeros-hacia-chile\/","url":"https:\/\/www.eldiario.net\/portal\/2022\/06\/14\/aprehenden-a-tres-personas-por-trasladar-extranjeros-hacia-chile\/","name":"Aprehenden a tres personas por trasladar extranjeros hacia Chile - El Diario - Bolivia","isPartOf":{"@id":"https:\/\/www.eldiario.net\/portal\/#website"},"primaryImageOfPage":{"@id":"https:\/\/www.eldiario.net\/portal\/2022\/06\/14\/aprehenden-a-tres-personas-por-trasladar-extranjeros-hacia-chile\/#primaryimage"},"image":{"@id":"https:\/\/www.eldiario.net\/portal\/2022\/06\/14\/aprehenden-a-tres-personas-por-trasladar-extranjeros-hacia-chile\/#primaryimage"},"thumbnailUrl":"","datePublished":"2022-06-14T10:00:24+00:00","breadcrumb":{"@id":"https:\/\/www.eldiario.net\/portal\/2022\/06\/14\/aprehenden-a-tres-personas-por-trasladar-extranjeros-hacia-chile\/#breadcrumb"},"inLanguage":"es","potentialAction":[{"@type":"ReadAction","target":["https:\/\/www.eldiario.net\/portal\/2022\/06\/14\/aprehenden-a-tres-personas-por-trasladar-extranjeros-hacia-chile\/"]}]},{"@type":"ImageObject","inLanguage":"es","@id":"https:\/\/www.eldiario.net\/portal\/2022\/06\/14\/aprehenden-a-tres-personas-por-trasladar-extranjeros-hacia-chile\/#primaryimage","url":"","contentUrl":""},{"@type":"BreadcrumbList","@id":"https:\/\/www.eldiario.net\/portal\/2022\/06\/14\/aprehenden-a-tres-personas-por-trasladar-extranjeros-hacia-chile\/#breadcrumb","itemListElement":[{"@type":"ListItem","position":1,"name":"Portada","item":"https:\/\/www.eldiario.net\/portal\/"},{"@type":"ListItem","position":2,"name":"Aprehenden a tres personas por trasladar extranjeros hacia Chile"}]},{"@type":"WebSite","@id":"https:\/\/www.eldiario.net\/portal\/#website","url":"https:\/\/www.eldiario.net\/portal\/","name":"El Diario - Decano de la prensa nacional","description":"El Diario - Decano de la prensa nacional","publisher":{"@id":"https:\/\/www.eldiario.net\/portal\/#organization"},"potentialAction":[{"@type":"SearchAction","target":{"@type":"EntryPoint","urlTemplate":"https:\/\/www.eldiario.net\/portal\/?s={search_term_string}"},"query-input":{"@type":"PropertyValueSpecification","valueRequired":true,"valueName":"search_term_string"}}],"inLanguage":"es"},{"@type":"Organization","@id":"https:\/\/www.eldiario.net\/portal\/#organization","name":"El Diario - Decano de la prensa nacional","url":"https:\/\/www.eldiario.net\/portal\/","logo":{"@type":"ImageObject","inLanguage":"es","@id":"https:\/\/www.eldiario.net\/portal\/#\/schema\/logo\/image\/","url":"https:\/\/www.eldiario.net\/portal\/wp-content\/uploads\/2023\/07\/logo_ED.jpg","contentUrl":"https:\/\/www.eldiario.net\/portal\/wp-content\/uploads\/2023\/07\/logo_ED.jpg","width":272,"height":52,"caption":"El Diario - Decano de la prensa nacional"},"image":{"@id":"https:\/\/www.eldiario.net\/portal\/#\/schema\/logo\/image\/"},"sameAs":["https:\/\/www.facebook.com\/eldiario.bolivia\/","https:\/\/x.com\/eldiario_net"]},{"@type":"Person","@id":"https:\/\/www.eldiario.net\/portal\/#\/schema\/person\/2c57cf2b7a7ae032e449e4c9b1019eac","name":"Jeanette","image":{"@type":"ImageObject","inLanguage":"es","@id":"https:\/\/secure.gravatar.com\/avatar\/3ea2118a5f7dad2b7138b1187a6b7ee55f160b9968b66013c3a3ef39dd7e5798?s=96&d=mm&r=g","url":"https:\/\/secure.gravatar.com\/avatar\/3ea2118a5f7dad2b7138b1187a6b7ee55f160b9968b66013c3a3ef39dd7e5798?s=96&d=mm&r=g","contentUrl":"https:\/\/secure.gravatar.com\/avatar\/3ea2118a5f7dad2b7138b1187a6b7ee55f160b9968b66013c3a3ef39dd7e5798?s=96&d=mm&r=g","caption":"Jeanette"},"sameAs":["https:\/\/www.eldiario.net\/portal"],"url":"https:\/\/www.eldiario.net\/portal\/author\/jeanette\/"}]}},"_links":{"self":[{"href":"https:\/\/www.eldiario.net\/portal\/wp-json\/wp\/v2\/posts\/90456","targetHints":{"allow":["GET"]}}],"collection":[{"href":"https:\/\/www.eldiario.net\/portal\/wp-json\/wp\/v2\/posts"}],"about":[{"href":"https:\/\/www.eldiario.net\/portal\/wp-json\/wp\/v2\/types\/post"}],"author":[{"embeddable":true,"href":"https:\/\/www.eldiario.net\/portal\/wp-json\/wp\/v2\/users\/1"}],"replies":[{"embeddable":true,"href":"https:\/\/www.eldiario.net\/portal\/wp-json\/wp\/v2\/comments?post=90456"}],"version-history":[{"count":0,"href":"https:\/\/www.eldiario.net\/portal\/wp-json\/wp\/v2\/posts\/90456\/revisions"}],"wp:attachment":[{"href":"https:\/\/www.eldiario.net\/portal\/wp-json\/wp\/v2\/media?parent=90456"}],"wp:term":[{"taxonomy":"category","embeddable":true,"href":"https:\/\/www.eldiario.net\/portal\/wp-json\/wp\/v2\/categories?post=90456"},{"taxonomy":"post_tag","embeddable":true,"href":"https:\/\/www.eldiario.net\/portal\/wp-json\/wp\/v2\/tags?post=90456"}],"curies":[{"name":"wp","href":"https:\/\/api.w.org\/{rel}","templated":true}]}}