{"id":90453,"date":"2022-06-14T05:59:23","date_gmt":"2022-06-14T09:59:23","guid":{"rendered":"https:\/\/www.eldiario.net\/portal\/?p=90453"},"modified":"2022-06-14T05:59:23","modified_gmt":"2022-06-14T09:59:23","slug":"ratifican-accion-penal-contra-dirigentes-de-padres-de-familia","status":"publish","type":"post","link":"https:\/\/www.eldiario.net\/portal\/2022\/06\/14\/ratifican-accion-penal-contra-dirigentes-de-padres-de-familia\/","title":{"rendered":"Ratifican acci\u00f3n penal contra dirigentes de padres de familia"},"content":{"rendered":"<p>Comenzaron dos acciones penales ante el Ministerio P\u00fablico por los delitos de destrucci\u00f3n y deterioro de bienes del Estado y privaci\u00f3n de libertad, contra dirigentes de padres de familia quienes cercaron y obstaculizaron la salida de servidores p\u00fablicos, adem\u00e1s de ocasionar destrozos en la Casa Municipal la semana pasada, ratific\u00f3 el director General de Asesor\u00eda Legal de la Alcald\u00eda de El Alto, Isaac Mauricio Navarro.<\/p>\n<p>\u201cLa acci\u00f3n de car\u00e1cter constitucional por su naturaleza sumaria se ha resuelto ese mismo d\u00eda viernes, en ese sentido la jueza cuarta de partido de sentencia penal de la ciudad de El Alto nos ha dado la raz\u00f3n, nos ha concedido la tutela y ha determinado que el accionar de estos dirigentes de cercar a las instalaciones del Gobierno Municipal eran actos completamente re\u00f1idos con el orden constitucional\u201d, indic\u00f3 Mauricio.<\/p>\n<p>Sostuvo que la jueza determin\u00f3 que los actos ocurridos el jueves pasado fueron ilegales y ha instado a los dirigentes de padres de familia evitar conductas agresivas que atentan contra la vida de las personas y ocasionan destrozos a los bienes del Estado.<\/p>\n<p>\u201cEl derecho a la protesta, que uno salga a marchar a las calles es un acto constitucionalizado, pero con eso no tengo derecho de afectar el derecho de los dem\u00e1s, en este caso un derecho tan elemental como es el derecho a la libertad de las personas y porque no decir el derecho a la vida porque ah\u00ed estaban privados mujeres embarazadas, adultos mayores, personas con discapacidad\u201d, declar\u00f3.<\/p>\n<p>Finaliz\u00f3 se\u00f1alando que si los padres de familia vuelven a cercar y atentar contra la vida de los servidores p\u00fablicos ser\u00eda un delito flagrante en incumplimiento a las resoluciones de acciones de defensa, \u201csi fuera ese el caso, la Direcci\u00f3n General de Asesor\u00eda Legal va ir hasta las \u00faltimas consecuencias siempre en el marco de la ley, eso es una orden de la juez, una autoridad jurisdiccional que determina que ese tipo de actos es completamente ilegal\u201d.<\/p>\n<p>&nbsp;<\/p>\n","protected":false},"excerpt":{"rendered":"<p>Comenzaron dos acciones penales ante el Ministerio P\u00fablico por los delitos de destrucci\u00f3n y deterioro de bienes del Estado y privaci\u00f3n de libertad, contra dirigentes de padres de familia quienes cercaron y obstaculizaron la salida de servidores p\u00fablicos, adem\u00e1s de ocasionar destrozos en la Casa Municipal la semana pasada, ratific\u00f3 el director General de Asesor\u00eda [&hellip;]<\/p>\n","protected":false},"author":1,"featured_media":90454,"comment_status":"closed","ping_status":"closed","sticky":false,"template":"","format":"standard","meta":{"_acf_changed":false,"footnotes":""},"categories":[12],"tags":[],"class_list":["post-90453","post","type-post","status-publish","format-standard","has-post-thumbnail","category-nacional"],"acf":{"antetitulo":""},"yoast_head":"<!-- This site is optimized with the Yoast SEO plugin v28.4 - https:\/\/yoast.com\/product\/yoast-seo-wordpress\/ -->\n<title>Ratifican acci\u00f3n penal contra dirigentes de padres de familia - El Diario - Bolivia<\/title>\n<meta name=\"robots\" content=\"index, follow, max-snippet:-1, max-image-preview:large, max-video-preview:-1\" \/>\n<link rel=\"canonical\" href=\"https:\/\/www.eldiario.net\/portal\/2022\/06\/14\/ratifican-accion-penal-contra-dirigentes-de-padres-de-familia\/\" \/>\n<meta property=\"og:locale\" content=\"es_ES\" \/>\n<meta property=\"og:type\" content=\"article\" \/>\n<meta property=\"og:title\" content=\"Ratifican acci\u00f3n penal contra dirigentes de padres de familia - El Diario - Bolivia\" \/>\n<meta property=\"og:description\" content=\"Comenzaron dos acciones penales ante el Ministerio P\u00fablico por los delitos de destrucci\u00f3n y deterioro de bienes del Estado y privaci\u00f3n de libertad, contra dirigentes de padres de familia quienes cercaron y obstaculizaron la salida de servidores p\u00fablicos, adem\u00e1s de ocasionar destrozos en la Casa Municipal la semana pasada, ratific\u00f3 el director General de Asesor\u00eda [&hellip;]\" \/>\n<meta property=\"og:url\" content=\"https:\/\/www.eldiario.net\/portal\/2022\/06\/14\/ratifican-accion-penal-contra-dirigentes-de-padres-de-familia\/\" \/>\n<meta property=\"og:site_name\" content=\"El Diario - Bolivia\" \/>\n<meta property=\"article:publisher\" content=\"https:\/\/www.facebook.com\/eldiario.bolivia\/\" \/>\n<meta property=\"article:published_time\" content=\"2022-06-14T09:59:23+00:00\" \/>\n<meta name=\"author\" content=\"Jeanette\" \/>\n<meta name=\"twitter:card\" content=\"summary_large_image\" \/>\n<meta name=\"twitter:creator\" content=\"@eldiario_net\" \/>\n<meta name=\"twitter:site\" content=\"@eldiario_net\" \/>\n<meta name=\"twitter:label1\" content=\"Escrito por\" \/>\n\t<meta name=\"twitter:data1\" content=\"Jeanette\" \/>\n\t<meta name=\"twitter:label2\" content=\"Tiempo de lectura\" \/>\n\t<meta name=\"twitter:data2\" content=\"2 minutos\" \/>\n<script type=\"application\/ld+json\" class=\"yoast-schema-graph\">{\"@context\":\"https:\\\/\\\/schema.org\",\"@graph\":[{\"@type\":\"Article\",\"@id\":\"https:\\\/\\\/www.eldiario.net\\\/portal\\\/2022\\\/06\\\/14\\\/ratifican-accion-penal-contra-dirigentes-de-padres-de-familia\\\/#article\",\"isPartOf\":{\"@id\":\"https:\\\/\\\/www.eldiario.net\\\/portal\\\/2022\\\/06\\\/14\\\/ratifican-accion-penal-contra-dirigentes-de-padres-de-familia\\\/\"},\"author\":{\"name\":\"Jeanette\",\"@id\":\"https:\\\/\\\/www.eldiario.net\\\/portal\\\/#\\\/schema\\\/person\\\/f46445640444750d7d753ccd04ae01b7\"},\"headline\":\"Ratifican acci\u00f3n penal contra dirigentes de padres de familia\",\"datePublished\":\"2022-06-14T09:59:23+00:00\",\"mainEntityOfPage\":{\"@id\":\"https:\\\/\\\/www.eldiario.net\\\/portal\\\/2022\\\/06\\\/14\\\/ratifican-accion-penal-contra-dirigentes-de-padres-de-familia\\\/\"},\"wordCount\":352,\"publisher\":{\"@id\":\"https:\\\/\\\/www.eldiario.net\\\/portal\\\/#organization\"},\"image\":{\"@id\":\"https:\\\/\\\/www.eldiario.net\\\/portal\\\/2022\\\/06\\\/14\\\/ratifican-accion-penal-contra-dirigentes-de-padres-de-familia\\\/#primaryimage\"},\"thumbnailUrl\":\"\",\"articleSection\":[\"Nacional\"],\"inLanguage\":\"es\"},{\"@type\":\"WebPage\",\"@id\":\"https:\\\/\\\/www.eldiario.net\\\/portal\\\/2022\\\/06\\\/14\\\/ratifican-accion-penal-contra-dirigentes-de-padres-de-familia\\\/\",\"url\":\"https:\\\/\\\/www.eldiario.net\\\/portal\\\/2022\\\/06\\\/14\\\/ratifican-accion-penal-contra-dirigentes-de-padres-de-familia\\\/\",\"name\":\"Ratifican acci\u00f3n penal contra dirigentes de padres de familia - El Diario - Bolivia\",\"isPartOf\":{\"@id\":\"https:\\\/\\\/www.eldiario.net\\\/portal\\\/#website\"},\"primaryImageOfPage\":{\"@id\":\"https:\\\/\\\/www.eldiario.net\\\/portal\\\/2022\\\/06\\\/14\\\/ratifican-accion-penal-contra-dirigentes-de-padres-de-familia\\\/#primaryimage\"},\"image\":{\"@id\":\"https:\\\/\\\/www.eldiario.net\\\/portal\\\/2022\\\/06\\\/14\\\/ratifican-accion-penal-contra-dirigentes-de-padres-de-familia\\\/#primaryimage\"},\"thumbnailUrl\":\"\",\"datePublished\":\"2022-06-14T09:59:23+00:00\",\"breadcrumb\":{\"@id\":\"https:\\\/\\\/www.eldiario.net\\\/portal\\\/2022\\\/06\\\/14\\\/ratifican-accion-penal-contra-dirigentes-de-padres-de-familia\\\/#breadcrumb\"},\"inLanguage\":\"es\",\"potentialAction\":[{\"@type\":\"ReadAction\",\"target\":[\"https:\\\/\\\/www.eldiario.net\\\/portal\\\/2022\\\/06\\\/14\\\/ratifican-accion-penal-contra-dirigentes-de-padres-de-familia\\\/\"]}]},{\"@type\":\"ImageObject\",\"inLanguage\":\"es\",\"@id\":\"https:\\\/\\\/www.eldiario.net\\\/portal\\\/2022\\\/06\\\/14\\\/ratifican-accion-penal-contra-dirigentes-de-padres-de-familia\\\/#primaryimage\",\"url\":\"\",\"contentUrl\":\"\"},{\"@type\":\"BreadcrumbList\",\"@id\":\"https:\\\/\\\/www.eldiario.net\\\/portal\\\/2022\\\/06\\\/14\\\/ratifican-accion-penal-contra-dirigentes-de-padres-de-familia\\\/#breadcrumb\",\"itemListElement\":[{\"@type\":\"ListItem\",\"position\":1,\"name\":\"Portada\",\"item\":\"https:\\\/\\\/www.eldiario.net\\\/portal\\\/\"},{\"@type\":\"ListItem\",\"position\":2,\"name\":\"Ratifican acci\u00f3n penal contra dirigentes de padres de familia\"}]},{\"@type\":\"WebSite\",\"@id\":\"https:\\\/\\\/www.eldiario.net\\\/portal\\\/#website\",\"url\":\"https:\\\/\\\/www.eldiario.net\\\/portal\\\/\",\"name\":\"El Diario - Decano de la prensa nacional\",\"description\":\"El Diario - Decano de la prensa nacional\",\"publisher\":{\"@id\":\"https:\\\/\\\/www.eldiario.net\\\/portal\\\/#organization\"},\"potentialAction\":[{\"@type\":\"SearchAction\",\"target\":{\"@type\":\"EntryPoint\",\"urlTemplate\":\"https:\\\/\\\/www.eldiario.net\\\/portal\\\/?s={search_term_string}\"},\"query-input\":{\"@type\":\"PropertyValueSpecification\",\"valueRequired\":true,\"valueName\":\"search_term_string\"}}],\"inLanguage\":\"es\"},{\"@type\":\"Organization\",\"@id\":\"https:\\\/\\\/www.eldiario.net\\\/portal\\\/#organization\",\"name\":\"El Diario - Decano de la prensa nacional\",\"url\":\"https:\\\/\\\/www.eldiario.net\\\/portal\\\/\",\"logo\":{\"@type\":\"ImageObject\",\"inLanguage\":\"es\",\"@id\":\"https:\\\/\\\/www.eldiario.net\\\/portal\\\/#\\\/schema\\\/logo\\\/image\\\/\",\"url\":\"https:\\\/\\\/www.eldiario.net\\\/portal\\\/wp-content\\\/uploads\\\/2023\\\/07\\\/logo_ED.jpg\",\"contentUrl\":\"https:\\\/\\\/www.eldiario.net\\\/portal\\\/wp-content\\\/uploads\\\/2023\\\/07\\\/logo_ED.jpg\",\"width\":272,\"height\":52,\"caption\":\"El Diario - Decano de la prensa nacional\"},\"image\":{\"@id\":\"https:\\\/\\\/www.eldiario.net\\\/portal\\\/#\\\/schema\\\/logo\\\/image\\\/\"},\"sameAs\":[\"https:\\\/\\\/www.facebook.com\\\/eldiario.bolivia\\\/\",\"https:\\\/\\\/x.com\\\/eldiario_net\"]},{\"@type\":\"Person\",\"@id\":\"https:\\\/\\\/www.eldiario.net\\\/portal\\\/#\\\/schema\\\/person\\\/f46445640444750d7d753ccd04ae01b7\",\"name\":\"Jeanette\",\"image\":{\"@type\":\"ImageObject\",\"inLanguage\":\"es\",\"@id\":\"https:\\\/\\\/secure.gravatar.com\\\/avatar\\\/3ea2118a5f7dad2b7138b1187a6b7ee55f160b9968b66013c3a3ef39dd7e5798?s=96&d=mm&r=g\",\"url\":\"https:\\\/\\\/secure.gravatar.com\\\/avatar\\\/3ea2118a5f7dad2b7138b1187a6b7ee55f160b9968b66013c3a3ef39dd7e5798?s=96&d=mm&r=g\",\"contentUrl\":\"https:\\\/\\\/secure.gravatar.com\\\/avatar\\\/3ea2118a5f7dad2b7138b1187a6b7ee55f160b9968b66013c3a3ef39dd7e5798?s=96&d=mm&r=g\",\"caption\":\"Jeanette\"},\"sameAs\":[\"https:\\\/\\\/www.eldiario.net\\\/portal\"],\"url\":\"https:\\\/\\\/www.eldiario.net\\\/portal\\\/author\\\/jeanette\\\/\"}]}<\/script>\n<!-- \/ Yoast SEO plugin. -->","yoast_head_json":{"title":"Ratifican acci\u00f3n penal contra dirigentes de padres de familia - El Diario - Bolivia","robots":{"index":"index","follow":"follow","max-snippet":"max-snippet:-1","max-image-preview":"max-image-preview:large","max-video-preview":"max-video-preview:-1"},"canonical":"https:\/\/www.eldiario.net\/portal\/2022\/06\/14\/ratifican-accion-penal-contra-dirigentes-de-padres-de-familia\/","og_locale":"es_ES","og_type":"article","og_title":"Ratifican acci\u00f3n penal contra dirigentes de padres de familia - El Diario - Bolivia","og_description":"Comenzaron dos acciones penales ante el Ministerio P\u00fablico por los delitos de destrucci\u00f3n y deterioro de bienes del Estado y privaci\u00f3n de libertad, contra dirigentes de padres de familia quienes cercaron y obstaculizaron la salida de servidores p\u00fablicos, adem\u00e1s de ocasionar destrozos en la Casa Municipal la semana pasada, ratific\u00f3 el director General de Asesor\u00eda [&hellip;]","og_url":"https:\/\/www.eldiario.net\/portal\/2022\/06\/14\/ratifican-accion-penal-contra-dirigentes-de-padres-de-familia\/","og_site_name":"El Diario - Bolivia","article_publisher":"https:\/\/www.facebook.com\/eldiario.bolivia\/","article_published_time":"2022-06-14T09:59:23+00:00","author":"Jeanette","twitter_card":"summary_large_image","twitter_creator":"@eldiario_net","twitter_site":"@eldiario_net","twitter_misc":{"Escrito por":"Jeanette","Tiempo de lectura":"2 minutos"},"schema":{"@context":"https:\/\/schema.org","@graph":[{"@type":"Article","@id":"https:\/\/www.eldiario.net\/portal\/2022\/06\/14\/ratifican-accion-penal-contra-dirigentes-de-padres-de-familia\/#article","isPartOf":{"@id":"https:\/\/www.eldiario.net\/portal\/2022\/06\/14\/ratifican-accion-penal-contra-dirigentes-de-padres-de-familia\/"},"author":{"name":"Jeanette","@id":"https:\/\/www.eldiario.net\/portal\/#\/schema\/person\/f46445640444750d7d753ccd04ae01b7"},"headline":"Ratifican acci\u00f3n penal contra dirigentes de padres de familia","datePublished":"2022-06-14T09:59:23+00:00","mainEntityOfPage":{"@id":"https:\/\/www.eldiario.net\/portal\/2022\/06\/14\/ratifican-accion-penal-contra-dirigentes-de-padres-de-familia\/"},"wordCount":352,"publisher":{"@id":"https:\/\/www.eldiario.net\/portal\/#organization"},"image":{"@id":"https:\/\/www.eldiario.net\/portal\/2022\/06\/14\/ratifican-accion-penal-contra-dirigentes-de-padres-de-familia\/#primaryimage"},"thumbnailUrl":"","articleSection":["Nacional"],"inLanguage":"es"},{"@type":"WebPage","@id":"https:\/\/www.eldiario.net\/portal\/2022\/06\/14\/ratifican-accion-penal-contra-dirigentes-de-padres-de-familia\/","url":"https:\/\/www.eldiario.net\/portal\/2022\/06\/14\/ratifican-accion-penal-contra-dirigentes-de-padres-de-familia\/","name":"Ratifican acci\u00f3n penal contra dirigentes de padres de familia - El Diario - Bolivia","isPartOf":{"@id":"https:\/\/www.eldiario.net\/portal\/#website"},"primaryImageOfPage":{"@id":"https:\/\/www.eldiario.net\/portal\/2022\/06\/14\/ratifican-accion-penal-contra-dirigentes-de-padres-de-familia\/#primaryimage"},"image":{"@id":"https:\/\/www.eldiario.net\/portal\/2022\/06\/14\/ratifican-accion-penal-contra-dirigentes-de-padres-de-familia\/#primaryimage"},"thumbnailUrl":"","datePublished":"2022-06-14T09:59:23+00:00","breadcrumb":{"@id":"https:\/\/www.eldiario.net\/portal\/2022\/06\/14\/ratifican-accion-penal-contra-dirigentes-de-padres-de-familia\/#breadcrumb"},"inLanguage":"es","potentialAction":[{"@type":"ReadAction","target":["https:\/\/www.eldiario.net\/portal\/2022\/06\/14\/ratifican-accion-penal-contra-dirigentes-de-padres-de-familia\/"]}]},{"@type":"ImageObject","inLanguage":"es","@id":"https:\/\/www.eldiario.net\/portal\/2022\/06\/14\/ratifican-accion-penal-contra-dirigentes-de-padres-de-familia\/#primaryimage","url":"","contentUrl":""},{"@type":"BreadcrumbList","@id":"https:\/\/www.eldiario.net\/portal\/2022\/06\/14\/ratifican-accion-penal-contra-dirigentes-de-padres-de-familia\/#breadcrumb","itemListElement":[{"@type":"ListItem","position":1,"name":"Portada","item":"https:\/\/www.eldiario.net\/portal\/"},{"@type":"ListItem","position":2,"name":"Ratifican acci\u00f3n penal contra dirigentes de padres de familia"}]},{"@type":"WebSite","@id":"https:\/\/www.eldiario.net\/portal\/#website","url":"https:\/\/www.eldiario.net\/portal\/","name":"El Diario - Decano de la prensa nacional","description":"El Diario - Decano de la prensa nacional","publisher":{"@id":"https:\/\/www.eldiario.net\/portal\/#organization"},"potentialAction":[{"@type":"SearchAction","target":{"@type":"EntryPoint","urlTemplate":"https:\/\/www.eldiario.net\/portal\/?s={search_term_string}"},"query-input":{"@type":"PropertyValueSpecification","valueRequired":true,"valueName":"search_term_string"}}],"inLanguage":"es"},{"@type":"Organization","@id":"https:\/\/www.eldiario.net\/portal\/#organization","name":"El Diario - Decano de la prensa nacional","url":"https:\/\/www.eldiario.net\/portal\/","logo":{"@type":"ImageObject","inLanguage":"es","@id":"https:\/\/www.eldiario.net\/portal\/#\/schema\/logo\/image\/","url":"https:\/\/www.eldiario.net\/portal\/wp-content\/uploads\/2023\/07\/logo_ED.jpg","contentUrl":"https:\/\/www.eldiario.net\/portal\/wp-content\/uploads\/2023\/07\/logo_ED.jpg","width":272,"height":52,"caption":"El Diario - Decano de la prensa nacional"},"image":{"@id":"https:\/\/www.eldiario.net\/portal\/#\/schema\/logo\/image\/"},"sameAs":["https:\/\/www.facebook.com\/eldiario.bolivia\/","https:\/\/x.com\/eldiario_net"]},{"@type":"Person","@id":"https:\/\/www.eldiario.net\/portal\/#\/schema\/person\/f46445640444750d7d753ccd04ae01b7","name":"Jeanette","image":{"@type":"ImageObject","inLanguage":"es","@id":"https:\/\/secure.gravatar.com\/avatar\/3ea2118a5f7dad2b7138b1187a6b7ee55f160b9968b66013c3a3ef39dd7e5798?s=96&d=mm&r=g","url":"https:\/\/secure.gravatar.com\/avatar\/3ea2118a5f7dad2b7138b1187a6b7ee55f160b9968b66013c3a3ef39dd7e5798?s=96&d=mm&r=g","contentUrl":"https:\/\/secure.gravatar.com\/avatar\/3ea2118a5f7dad2b7138b1187a6b7ee55f160b9968b66013c3a3ef39dd7e5798?s=96&d=mm&r=g","caption":"Jeanette"},"sameAs":["https:\/\/www.eldiario.net\/portal"],"url":"https:\/\/www.eldiario.net\/portal\/author\/jeanette\/"}]}},"_links":{"self":[{"href":"https:\/\/www.eldiario.net\/portal\/wp-json\/wp\/v2\/posts\/90453","targetHints":{"allow":["GET"]}}],"collection":[{"href":"https:\/\/www.eldiario.net\/portal\/wp-json\/wp\/v2\/posts"}],"about":[{"href":"https:\/\/www.eldiario.net\/portal\/wp-json\/wp\/v2\/types\/post"}],"author":[{"embeddable":true,"href":"https:\/\/www.eldiario.net\/portal\/wp-json\/wp\/v2\/users\/1"}],"replies":[{"embeddable":true,"href":"https:\/\/www.eldiario.net\/portal\/wp-json\/wp\/v2\/comments?post=90453"}],"version-history":[{"count":0,"href":"https:\/\/www.eldiario.net\/portal\/wp-json\/wp\/v2\/posts\/90453\/revisions"}],"wp:attachment":[{"href":"https:\/\/www.eldiario.net\/portal\/wp-json\/wp\/v2\/media?parent=90453"}],"wp:term":[{"taxonomy":"category","embeddable":true,"href":"https:\/\/www.eldiario.net\/portal\/wp-json\/wp\/v2\/categories?post=90453"},{"taxonomy":"post_tag","embeddable":true,"href":"https:\/\/www.eldiario.net\/portal\/wp-json\/wp\/v2\/tags?post=90453"}],"curies":[{"name":"wp","href":"https:\/\/api.w.org\/{rel}","templated":true}]}}