{"id":90450,"date":"2022-06-14T05:58:18","date_gmt":"2022-06-14T09:58:18","guid":{"rendered":"https:\/\/www.eldiario.net\/portal\/?p=90450"},"modified":"2022-06-14T05:58:18","modified_gmt":"2022-06-14T09:58:18","slug":"la-paz-con-1c-de-temperatura-durante-madrugada-de-lunes","status":"publish","type":"post","link":"https:\/\/www.eldiario.net\/portal\/2022\/06\/14\/la-paz-con-1c-de-temperatura-durante-madrugada-de-lunes\/","title":{"rendered":"La Paz con -1\u00b0C de temperatura  durante madrugada de lunes"},"content":{"rendered":"<p>La madrugada de este lunes, el Centro de La Paz registr\u00f3 -1\u00b0C y El Alto, los -10,4\u00b0C y algunos municipios de Tarija y Santa Cruz tambi\u00e9n reportaron temperaturas bajo cero, seg\u00fan el reporte del Servicio Nacional de Meteorolog\u00eda e Hidrolog\u00eda (Senamhi).<\/p>\n<p>\u201cNo se ha superado r\u00e9cord hist\u00f3rico, pero s\u00ed baj\u00f3 bastante hoy (lunes), se ha registrado una temperatura m\u00ednima en el Centro (La Paz) de 1 grado bajo cero, en El Alto 10,4\u00b0C bajo cero (\u2026)\u201d, inform\u00f3 Marisol Portugal, jefa de pron\u00f3sticos del Senamhi.<\/p>\n<p>Agreg\u00f3 que este lunes, en la ciudad de Tarija el fr\u00edo lleg\u00f3 a -2\u00b0C; en Camiri (Santa Cruz) a 0\u00b0C; en Yacuiba (Tarija) a 0,8\u00b0C; y en Valle Grande (Santa Cruz) a -1,5\u00b0C.<\/p>\n<p>Portugal record\u00f3 que el r\u00e9cord hist\u00f3rico de bajas temperaturas en junio en la ciudad de El Alto fue de -12,5\u00b0C, en 1999, respecto a los -10,6\u00b0C registrados el domingo en esta urbe.<\/p>\n<p>La alerta naranja por descenso de temperaturas est\u00e1 vigente hasta este martes, sin embargo, estas condiciones continuar\u00e1n hasta el jueves, principalmente, en el altiplano de La Paz, Oruro, Potos\u00ed y en valles de Tarija, Chuquisaca, Santa Cruz y Cochabamba, public\u00f3 talcual.bo<\/p>\n<p>Debido a este temporal, se recomienda abrigarse bastante en las primeras horas de la ma\u00f1ana y a partir de las 17.00, cuando empieza a descender las temperaturas. Entre las 10.00 y 15.00 se sugiere usar sombreros de ala ancha, camisas de manga larga, bloqueador y gafas oscuras para prevenir la afectaci\u00f3n por rayos ultravioleta.<\/p>\n<p>&nbsp;<\/p>\n","protected":false},"excerpt":{"rendered":"<p>La madrugada de este lunes, el Centro de La Paz registr\u00f3 -1\u00b0C y El Alto, los -10,4\u00b0C y algunos municipios de Tarija y Santa Cruz tambi\u00e9n reportaron temperaturas bajo cero, seg\u00fan el reporte del Servicio Nacional de Meteorolog\u00eda e Hidrolog\u00eda (Senamhi). \u201cNo se ha superado r\u00e9cord hist\u00f3rico, pero s\u00ed baj\u00f3 bastante hoy (lunes), se ha [&hellip;]<\/p>\n","protected":false},"author":1,"featured_media":90451,"comment_status":"closed","ping_status":"closed","sticky":false,"template":"","format":"standard","meta":{"_acf_changed":false,"footnotes":""},"categories":[12],"tags":[],"class_list":["post-90450","post","type-post","status-publish","format-standard","has-post-thumbnail","category-nacional"],"acf":{"antetitulo":""},"yoast_head":"<!-- This site is optimized with the Yoast SEO plugin v28.4 - https:\/\/yoast.com\/product\/yoast-seo-wordpress\/ -->\n<title>La Paz con -1\u00b0C de temperatura durante madrugada de lunes - El Diario - Bolivia<\/title>\n<meta name=\"robots\" content=\"index, follow, max-snippet:-1, max-image-preview:large, max-video-preview:-1\" \/>\n<link rel=\"canonical\" href=\"https:\/\/www.eldiario.net\/portal\/2022\/06\/14\/la-paz-con-1c-de-temperatura-durante-madrugada-de-lunes\/\" \/>\n<meta property=\"og:locale\" content=\"es_ES\" \/>\n<meta property=\"og:type\" content=\"article\" \/>\n<meta property=\"og:title\" content=\"La Paz con -1\u00b0C de temperatura durante madrugada de lunes - El Diario - Bolivia\" \/>\n<meta property=\"og:description\" content=\"La madrugada de este lunes, el Centro de La Paz registr\u00f3 -1\u00b0C y El Alto, los -10,4\u00b0C y algunos municipios de Tarija y Santa Cruz tambi\u00e9n reportaron temperaturas bajo cero, seg\u00fan el reporte del Servicio Nacional de Meteorolog\u00eda e Hidrolog\u00eda (Senamhi). \u201cNo se ha superado r\u00e9cord hist\u00f3rico, pero s\u00ed baj\u00f3 bastante hoy (lunes), se ha [&hellip;]\" \/>\n<meta property=\"og:url\" content=\"https:\/\/www.eldiario.net\/portal\/2022\/06\/14\/la-paz-con-1c-de-temperatura-durante-madrugada-de-lunes\/\" \/>\n<meta property=\"og:site_name\" content=\"El Diario - Bolivia\" \/>\n<meta property=\"article:publisher\" content=\"https:\/\/www.facebook.com\/eldiario.bolivia\/\" \/>\n<meta property=\"article:published_time\" content=\"2022-06-14T09:58:18+00:00\" \/>\n<meta property=\"og:image\" content=\"https:\/\/www.eldiario.net\/portal\/wp-content\/uploads\/2022\/06\/Frio-foto.jpg\" \/>\n\t<meta property=\"og:image:width\" content=\"630\" \/>\n\t<meta property=\"og:image:height\" content=\"330\" \/>\n\t<meta property=\"og:image:type\" content=\"image\/jpeg\" \/>\n<meta name=\"author\" content=\"Jeanette\" \/>\n<meta name=\"twitter:card\" content=\"summary_large_image\" \/>\n<meta name=\"twitter:creator\" content=\"@eldiario_net\" \/>\n<meta name=\"twitter:site\" content=\"@eldiario_net\" \/>\n<meta name=\"twitter:label1\" content=\"Escrito por\" \/>\n\t<meta name=\"twitter:data1\" content=\"Jeanette\" \/>\n\t<meta name=\"twitter:label2\" content=\"Tiempo de lectura\" \/>\n\t<meta name=\"twitter:data2\" content=\"2 minutos\" \/>\n<script type=\"application\/ld+json\" class=\"yoast-schema-graph\">{\"@context\":\"https:\\\/\\\/schema.org\",\"@graph\":[{\"@type\":\"Article\",\"@id\":\"https:\\\/\\\/www.eldiario.net\\\/portal\\\/2022\\\/06\\\/14\\\/la-paz-con-1c-de-temperatura-durante-madrugada-de-lunes\\\/#article\",\"isPartOf\":{\"@id\":\"https:\\\/\\\/www.eldiario.net\\\/portal\\\/2022\\\/06\\\/14\\\/la-paz-con-1c-de-temperatura-durante-madrugada-de-lunes\\\/\"},\"author\":{\"name\":\"Jeanette\",\"@id\":\"https:\\\/\\\/www.eldiario.net\\\/portal\\\/#\\\/schema\\\/person\\\/f46445640444750d7d753ccd04ae01b7\"},\"headline\":\"La Paz con -1\u00b0C de temperatura durante madrugada de lunes\",\"datePublished\":\"2022-06-14T09:58:18+00:00\",\"mainEntityOfPage\":{\"@id\":\"https:\\\/\\\/www.eldiario.net\\\/portal\\\/2022\\\/06\\\/14\\\/la-paz-con-1c-de-temperatura-durante-madrugada-de-lunes\\\/\"},\"wordCount\":271,\"publisher\":{\"@id\":\"https:\\\/\\\/www.eldiario.net\\\/portal\\\/#organization\"},\"image\":{\"@id\":\"https:\\\/\\\/www.eldiario.net\\\/portal\\\/2022\\\/06\\\/14\\\/la-paz-con-1c-de-temperatura-durante-madrugada-de-lunes\\\/#primaryimage\"},\"thumbnailUrl\":\"https:\\\/\\\/www.eldiario.net\\\/portal\\\/wp-content\\\/uploads\\\/2022\\\/06\\\/Frio-foto.jpg\",\"articleSection\":[\"Nacional\"],\"inLanguage\":\"es\"},{\"@type\":\"WebPage\",\"@id\":\"https:\\\/\\\/www.eldiario.net\\\/portal\\\/2022\\\/06\\\/14\\\/la-paz-con-1c-de-temperatura-durante-madrugada-de-lunes\\\/\",\"url\":\"https:\\\/\\\/www.eldiario.net\\\/portal\\\/2022\\\/06\\\/14\\\/la-paz-con-1c-de-temperatura-durante-madrugada-de-lunes\\\/\",\"name\":\"La Paz con -1\u00b0C de temperatura durante madrugada de lunes - El Diario - Bolivia\",\"isPartOf\":{\"@id\":\"https:\\\/\\\/www.eldiario.net\\\/portal\\\/#website\"},\"primaryImageOfPage\":{\"@id\":\"https:\\\/\\\/www.eldiario.net\\\/portal\\\/2022\\\/06\\\/14\\\/la-paz-con-1c-de-temperatura-durante-madrugada-de-lunes\\\/#primaryimage\"},\"image\":{\"@id\":\"https:\\\/\\\/www.eldiario.net\\\/portal\\\/2022\\\/06\\\/14\\\/la-paz-con-1c-de-temperatura-durante-madrugada-de-lunes\\\/#primaryimage\"},\"thumbnailUrl\":\"https:\\\/\\\/www.eldiario.net\\\/portal\\\/wp-content\\\/uploads\\\/2022\\\/06\\\/Frio-foto.jpg\",\"datePublished\":\"2022-06-14T09:58:18+00:00\",\"breadcrumb\":{\"@id\":\"https:\\\/\\\/www.eldiario.net\\\/portal\\\/2022\\\/06\\\/14\\\/la-paz-con-1c-de-temperatura-durante-madrugada-de-lunes\\\/#breadcrumb\"},\"inLanguage\":\"es\",\"potentialAction\":[{\"@type\":\"ReadAction\",\"target\":[\"https:\\\/\\\/www.eldiario.net\\\/portal\\\/2022\\\/06\\\/14\\\/la-paz-con-1c-de-temperatura-durante-madrugada-de-lunes\\\/\"]}]},{\"@type\":\"ImageObject\",\"inLanguage\":\"es\",\"@id\":\"https:\\\/\\\/www.eldiario.net\\\/portal\\\/2022\\\/06\\\/14\\\/la-paz-con-1c-de-temperatura-durante-madrugada-de-lunes\\\/#primaryimage\",\"url\":\"https:\\\/\\\/www.eldiario.net\\\/portal\\\/wp-content\\\/uploads\\\/2022\\\/06\\\/Frio-foto.jpg\",\"contentUrl\":\"https:\\\/\\\/www.eldiario.net\\\/portal\\\/wp-content\\\/uploads\\\/2022\\\/06\\\/Frio-foto.jpg\",\"width\":630,\"height\":330,\"caption\":\"Ante las bajas temperaturas en La Paz y El Alto recomiendan ropa abrigada para grandes y chicos. Foto: Urgente.bo\"},{\"@type\":\"BreadcrumbList\",\"@id\":\"https:\\\/\\\/www.eldiario.net\\\/portal\\\/2022\\\/06\\\/14\\\/la-paz-con-1c-de-temperatura-durante-madrugada-de-lunes\\\/#breadcrumb\",\"itemListElement\":[{\"@type\":\"ListItem\",\"position\":1,\"name\":\"Portada\",\"item\":\"https:\\\/\\\/www.eldiario.net\\\/portal\\\/\"},{\"@type\":\"ListItem\",\"position\":2,\"name\":\"La Paz con -1\u00b0C de temperatura durante madrugada de lunes\"}]},{\"@type\":\"WebSite\",\"@id\":\"https:\\\/\\\/www.eldiario.net\\\/portal\\\/#website\",\"url\":\"https:\\\/\\\/www.eldiario.net\\\/portal\\\/\",\"name\":\"El Diario - Decano de la prensa nacional\",\"description\":\"El Diario - Decano de la prensa nacional\",\"publisher\":{\"@id\":\"https:\\\/\\\/www.eldiario.net\\\/portal\\\/#organization\"},\"potentialAction\":[{\"@type\":\"SearchAction\",\"target\":{\"@type\":\"EntryPoint\",\"urlTemplate\":\"https:\\\/\\\/www.eldiario.net\\\/portal\\\/?s={search_term_string}\"},\"query-input\":{\"@type\":\"PropertyValueSpecification\",\"valueRequired\":true,\"valueName\":\"search_term_string\"}}],\"inLanguage\":\"es\"},{\"@type\":\"Organization\",\"@id\":\"https:\\\/\\\/www.eldiario.net\\\/portal\\\/#organization\",\"name\":\"El Diario - Decano de la prensa nacional\",\"url\":\"https:\\\/\\\/www.eldiario.net\\\/portal\\\/\",\"logo\":{\"@type\":\"ImageObject\",\"inLanguage\":\"es\",\"@id\":\"https:\\\/\\\/www.eldiario.net\\\/portal\\\/#\\\/schema\\\/logo\\\/image\\\/\",\"url\":\"https:\\\/\\\/www.eldiario.net\\\/portal\\\/wp-content\\\/uploads\\\/2023\\\/07\\\/logo_ED.jpg\",\"contentUrl\":\"https:\\\/\\\/www.eldiario.net\\\/portal\\\/wp-content\\\/uploads\\\/2023\\\/07\\\/logo_ED.jpg\",\"width\":272,\"height\":52,\"caption\":\"El Diario - Decano de la prensa nacional\"},\"image\":{\"@id\":\"https:\\\/\\\/www.eldiario.net\\\/portal\\\/#\\\/schema\\\/logo\\\/image\\\/\"},\"sameAs\":[\"https:\\\/\\\/www.facebook.com\\\/eldiario.bolivia\\\/\",\"https:\\\/\\\/x.com\\\/eldiario_net\"]},{\"@type\":\"Person\",\"@id\":\"https:\\\/\\\/www.eldiario.net\\\/portal\\\/#\\\/schema\\\/person\\\/f46445640444750d7d753ccd04ae01b7\",\"name\":\"Jeanette\",\"image\":{\"@type\":\"ImageObject\",\"inLanguage\":\"es\",\"@id\":\"https:\\\/\\\/secure.gravatar.com\\\/avatar\\\/3ea2118a5f7dad2b7138b1187a6b7ee55f160b9968b66013c3a3ef39dd7e5798?s=96&d=mm&r=g\",\"url\":\"https:\\\/\\\/secure.gravatar.com\\\/avatar\\\/3ea2118a5f7dad2b7138b1187a6b7ee55f160b9968b66013c3a3ef39dd7e5798?s=96&d=mm&r=g\",\"contentUrl\":\"https:\\\/\\\/secure.gravatar.com\\\/avatar\\\/3ea2118a5f7dad2b7138b1187a6b7ee55f160b9968b66013c3a3ef39dd7e5798?s=96&d=mm&r=g\",\"caption\":\"Jeanette\"},\"sameAs\":[\"https:\\\/\\\/www.eldiario.net\\\/portal\"],\"url\":\"https:\\\/\\\/www.eldiario.net\\\/portal\\\/author\\\/jeanette\\\/\"}]}<\/script>\n<!-- \/ Yoast SEO plugin. -->","yoast_head_json":{"title":"La Paz con -1\u00b0C de temperatura durante madrugada de lunes - El Diario - Bolivia","robots":{"index":"index","follow":"follow","max-snippet":"max-snippet:-1","max-image-preview":"max-image-preview:large","max-video-preview":"max-video-preview:-1"},"canonical":"https:\/\/www.eldiario.net\/portal\/2022\/06\/14\/la-paz-con-1c-de-temperatura-durante-madrugada-de-lunes\/","og_locale":"es_ES","og_type":"article","og_title":"La Paz con -1\u00b0C de temperatura durante madrugada de lunes - El Diario - Bolivia","og_description":"La madrugada de este lunes, el Centro de La Paz registr\u00f3 -1\u00b0C y El Alto, los -10,4\u00b0C y algunos municipios de Tarija y Santa Cruz tambi\u00e9n reportaron temperaturas bajo cero, seg\u00fan el reporte del Servicio Nacional de Meteorolog\u00eda e Hidrolog\u00eda (Senamhi). \u201cNo se ha superado r\u00e9cord hist\u00f3rico, pero s\u00ed baj\u00f3 bastante hoy (lunes), se ha [&hellip;]","og_url":"https:\/\/www.eldiario.net\/portal\/2022\/06\/14\/la-paz-con-1c-de-temperatura-durante-madrugada-de-lunes\/","og_site_name":"El Diario - Bolivia","article_publisher":"https:\/\/www.facebook.com\/eldiario.bolivia\/","article_published_time":"2022-06-14T09:58:18+00:00","og_image":[{"width":630,"height":330,"url":"https:\/\/www.eldiario.net\/portal\/wp-content\/uploads\/2022\/06\/Frio-foto.jpg","type":"image\/jpeg"}],"author":"Jeanette","twitter_card":"summary_large_image","twitter_creator":"@eldiario_net","twitter_site":"@eldiario_net","twitter_misc":{"Escrito por":"Jeanette","Tiempo de lectura":"2 minutos"},"schema":{"@context":"https:\/\/schema.org","@graph":[{"@type":"Article","@id":"https:\/\/www.eldiario.net\/portal\/2022\/06\/14\/la-paz-con-1c-de-temperatura-durante-madrugada-de-lunes\/#article","isPartOf":{"@id":"https:\/\/www.eldiario.net\/portal\/2022\/06\/14\/la-paz-con-1c-de-temperatura-durante-madrugada-de-lunes\/"},"author":{"name":"Jeanette","@id":"https:\/\/www.eldiario.net\/portal\/#\/schema\/person\/f46445640444750d7d753ccd04ae01b7"},"headline":"La Paz con -1\u00b0C de temperatura durante madrugada de lunes","datePublished":"2022-06-14T09:58:18+00:00","mainEntityOfPage":{"@id":"https:\/\/www.eldiario.net\/portal\/2022\/06\/14\/la-paz-con-1c-de-temperatura-durante-madrugada-de-lunes\/"},"wordCount":271,"publisher":{"@id":"https:\/\/www.eldiario.net\/portal\/#organization"},"image":{"@id":"https:\/\/www.eldiario.net\/portal\/2022\/06\/14\/la-paz-con-1c-de-temperatura-durante-madrugada-de-lunes\/#primaryimage"},"thumbnailUrl":"https:\/\/www.eldiario.net\/portal\/wp-content\/uploads\/2022\/06\/Frio-foto.jpg","articleSection":["Nacional"],"inLanguage":"es"},{"@type":"WebPage","@id":"https:\/\/www.eldiario.net\/portal\/2022\/06\/14\/la-paz-con-1c-de-temperatura-durante-madrugada-de-lunes\/","url":"https:\/\/www.eldiario.net\/portal\/2022\/06\/14\/la-paz-con-1c-de-temperatura-durante-madrugada-de-lunes\/","name":"La Paz con -1\u00b0C de temperatura durante madrugada de lunes - El Diario - Bolivia","isPartOf":{"@id":"https:\/\/www.eldiario.net\/portal\/#website"},"primaryImageOfPage":{"@id":"https:\/\/www.eldiario.net\/portal\/2022\/06\/14\/la-paz-con-1c-de-temperatura-durante-madrugada-de-lunes\/#primaryimage"},"image":{"@id":"https:\/\/www.eldiario.net\/portal\/2022\/06\/14\/la-paz-con-1c-de-temperatura-durante-madrugada-de-lunes\/#primaryimage"},"thumbnailUrl":"https:\/\/www.eldiario.net\/portal\/wp-content\/uploads\/2022\/06\/Frio-foto.jpg","datePublished":"2022-06-14T09:58:18+00:00","breadcrumb":{"@id":"https:\/\/www.eldiario.net\/portal\/2022\/06\/14\/la-paz-con-1c-de-temperatura-durante-madrugada-de-lunes\/#breadcrumb"},"inLanguage":"es","potentialAction":[{"@type":"ReadAction","target":["https:\/\/www.eldiario.net\/portal\/2022\/06\/14\/la-paz-con-1c-de-temperatura-durante-madrugada-de-lunes\/"]}]},{"@type":"ImageObject","inLanguage":"es","@id":"https:\/\/www.eldiario.net\/portal\/2022\/06\/14\/la-paz-con-1c-de-temperatura-durante-madrugada-de-lunes\/#primaryimage","url":"https:\/\/www.eldiario.net\/portal\/wp-content\/uploads\/2022\/06\/Frio-foto.jpg","contentUrl":"https:\/\/www.eldiario.net\/portal\/wp-content\/uploads\/2022\/06\/Frio-foto.jpg","width":630,"height":330,"caption":"Ante las bajas temperaturas en La Paz y El Alto recomiendan ropa abrigada para grandes y chicos. Foto: Urgente.bo"},{"@type":"BreadcrumbList","@id":"https:\/\/www.eldiario.net\/portal\/2022\/06\/14\/la-paz-con-1c-de-temperatura-durante-madrugada-de-lunes\/#breadcrumb","itemListElement":[{"@type":"ListItem","position":1,"name":"Portada","item":"https:\/\/www.eldiario.net\/portal\/"},{"@type":"ListItem","position":2,"name":"La Paz con -1\u00b0C de temperatura durante madrugada de lunes"}]},{"@type":"WebSite","@id":"https:\/\/www.eldiario.net\/portal\/#website","url":"https:\/\/www.eldiario.net\/portal\/","name":"El Diario - Decano de la prensa nacional","description":"El Diario - Decano de la prensa nacional","publisher":{"@id":"https:\/\/www.eldiario.net\/portal\/#organization"},"potentialAction":[{"@type":"SearchAction","target":{"@type":"EntryPoint","urlTemplate":"https:\/\/www.eldiario.net\/portal\/?s={search_term_string}"},"query-input":{"@type":"PropertyValueSpecification","valueRequired":true,"valueName":"search_term_string"}}],"inLanguage":"es"},{"@type":"Organization","@id":"https:\/\/www.eldiario.net\/portal\/#organization","name":"El Diario - Decano de la prensa nacional","url":"https:\/\/www.eldiario.net\/portal\/","logo":{"@type":"ImageObject","inLanguage":"es","@id":"https:\/\/www.eldiario.net\/portal\/#\/schema\/logo\/image\/","url":"https:\/\/www.eldiario.net\/portal\/wp-content\/uploads\/2023\/07\/logo_ED.jpg","contentUrl":"https:\/\/www.eldiario.net\/portal\/wp-content\/uploads\/2023\/07\/logo_ED.jpg","width":272,"height":52,"caption":"El Diario - Decano de la prensa nacional"},"image":{"@id":"https:\/\/www.eldiario.net\/portal\/#\/schema\/logo\/image\/"},"sameAs":["https:\/\/www.facebook.com\/eldiario.bolivia\/","https:\/\/x.com\/eldiario_net"]},{"@type":"Person","@id":"https:\/\/www.eldiario.net\/portal\/#\/schema\/person\/f46445640444750d7d753ccd04ae01b7","name":"Jeanette","image":{"@type":"ImageObject","inLanguage":"es","@id":"https:\/\/secure.gravatar.com\/avatar\/3ea2118a5f7dad2b7138b1187a6b7ee55f160b9968b66013c3a3ef39dd7e5798?s=96&d=mm&r=g","url":"https:\/\/secure.gravatar.com\/avatar\/3ea2118a5f7dad2b7138b1187a6b7ee55f160b9968b66013c3a3ef39dd7e5798?s=96&d=mm&r=g","contentUrl":"https:\/\/secure.gravatar.com\/avatar\/3ea2118a5f7dad2b7138b1187a6b7ee55f160b9968b66013c3a3ef39dd7e5798?s=96&d=mm&r=g","caption":"Jeanette"},"sameAs":["https:\/\/www.eldiario.net\/portal"],"url":"https:\/\/www.eldiario.net\/portal\/author\/jeanette\/"}]}},"_links":{"self":[{"href":"https:\/\/www.eldiario.net\/portal\/wp-json\/wp\/v2\/posts\/90450","targetHints":{"allow":["GET"]}}],"collection":[{"href":"https:\/\/www.eldiario.net\/portal\/wp-json\/wp\/v2\/posts"}],"about":[{"href":"https:\/\/www.eldiario.net\/portal\/wp-json\/wp\/v2\/types\/post"}],"author":[{"embeddable":true,"href":"https:\/\/www.eldiario.net\/portal\/wp-json\/wp\/v2\/users\/1"}],"replies":[{"embeddable":true,"href":"https:\/\/www.eldiario.net\/portal\/wp-json\/wp\/v2\/comments?post=90450"}],"version-history":[{"count":0,"href":"https:\/\/www.eldiario.net\/portal\/wp-json\/wp\/v2\/posts\/90450\/revisions"}],"wp:featuredmedia":[{"embeddable":true,"href":"https:\/\/www.eldiario.net\/portal\/wp-json\/wp\/v2\/media\/90451"}],"wp:attachment":[{"href":"https:\/\/www.eldiario.net\/portal\/wp-json\/wp\/v2\/media?parent=90450"}],"wp:term":[{"taxonomy":"category","embeddable":true,"href":"https:\/\/www.eldiario.net\/portal\/wp-json\/wp\/v2\/categories?post=90450"},{"taxonomy":"post_tag","embeddable":true,"href":"https:\/\/www.eldiario.net\/portal\/wp-json\/wp\/v2\/tags?post=90450"}],"curies":[{"name":"wp","href":"https:\/\/api.w.org\/{rel}","templated":true}]}}