{"id":90447,"date":"2022-06-14T05:57:28","date_gmt":"2022-06-14T09:57:28","guid":{"rendered":"https:\/\/www.eldiario.net\/portal\/?p=90447"},"modified":"2022-06-14T05:57:28","modified_gmt":"2022-06-14T09:57:28","slug":"iglesias-catolica-y-evangelica-piden-pregunta-sobre-religion","status":"publish","type":"post","link":"https:\/\/www.eldiario.net\/portal\/2022\/06\/14\/iglesias-catolica-y-evangelica-piden-pregunta-sobre-religion\/","title":{"rendered":"Iglesias Cat\u00f3lica y Evang\u00e9lica piden pregunta sobre religi\u00f3n"},"content":{"rendered":"<p>La Iglesia Cat\u00f3lica pide al Instituto Nacional de Estad\u00edstica (INE) incluir la pregunta sobre religi\u00f3n en la boleta censal, adem\u00e1s los evang\u00e9licos est\u00e1n de acuerdo con esa solicitud.<\/p>\n<p>El pasado 7 de junio, se realiz\u00f3 una reuni\u00f3n con t\u00e9cnicos del Instituto Nacional de Estad\u00edstica (INE), del Ministerio de Relaciones Exteriores y la presencia tambi\u00e9n de las Iglesias Evang\u00e9licas, pero la petici\u00f3n fue negada.<\/p>\n<p>\u201cLa Conferencia Episcopal Boliviana emiti\u00f3 el comunicado \u2018por un censo transparente e inclusivo\u2019, enmarcado en el pedido de la Iglesia Cat\u00f3lica de incluir la pregunta sobre la \u201creligi\u00f3n\u201d a la poblaci\u00f3n; sin embargo luego de una reuni\u00f3n con el Instituto Nacional de Estad\u00edstica (INE) e Iglesias Evang\u00e9licas, la repuesta a esta petici\u00f3n fue denegada\u201d, dijo Giovani Arana, secretario general de la Confederaci\u00f3n Episcopal de Bolivia (CEB).<\/p>\n<p>El monse\u00f1or record\u00f3 que la Iglesia Cat\u00f3lica solicit\u00f3 p\u00fablicamente la inclusi\u00f3n de la pregunta sobre la opci\u00f3n de fe \u201csin embargo, quedamos sorprendidos porque nos informaron que ya estaba tomada la decisi\u00f3n de no incorporar dicha pregunta en el censo y se nos daba la opci\u00f3n de realizar una encuesta\u201d, agreg\u00f3.<\/p>\n<p>A su vez, indic\u00f3 que el INE les explic\u00f3 que el introducir la consulta aumentar\u00eda el tiempo del Censo, el\u00a0 tama\u00f1o f\u00edsico del cuestionario, y les dijeron tambi\u00e9n, que no es relevante el tema de la religi\u00f3n; adem\u00e1s de qu\u00e9 pol\u00edtica p\u00fablica se aplicar\u00eda &#8216;al conocer la religi\u00f3n que se practica&#8217;.<\/p>\n<p>\u201cCreemos que estos argumentos no son convincentes y que m\u00e1s bien parecen pretextos para excluir el dato de la fe religiosa, aspecto que tiene un alcance no solo privado sino p\u00fablico\u201d, lament\u00f3 Arana.<\/p>\n<p>El presidente del Consejo Nacional Cristiano de las Iglesias Evang\u00e9licas de Bolivia, Luis Aruquipa, anunci\u00f3 la presentaci\u00f3n de una acci\u00f3n popular en contra del Censo y movilizaciones en las calles, e incluso manifest\u00f3 que\u00a0 impulsar\u00e1n campa\u00f1as del \u201cNo al Censo del 2022\u201d.<\/p>\n<p>\u201cVamos a presentar una acci\u00f3n popular entre la Iglesia Evang\u00e9lica y la Iglesia Cat\u00f3lica. El pedido es el mismo y las acciones son las mimas\u201d, declar\u00f3 el evang\u00e9lico a Urgente.bo.<\/p>\n<p>Seg\u00fan Aruquipa, un 97% de la poblaci\u00f3n boliviana profesa una religi\u00f3n. Caso contrario no proceda la acci\u00f3n popular, los evang\u00e9licos acudir\u00e1n a la Corte Interamericana de Derechos Humanos (CIDH) y la Corte Penal Internacional de La Haya.<\/p>\n<p>&nbsp;<\/p>\n<p>&nbsp;<\/p>\n","protected":false},"excerpt":{"rendered":"<p>La Iglesia Cat\u00f3lica pide al Instituto Nacional de Estad\u00edstica (INE) incluir la pregunta sobre religi\u00f3n en la boleta censal, adem\u00e1s los evang\u00e9licos est\u00e1n de acuerdo con esa solicitud. El pasado 7 de junio, se realiz\u00f3 una reuni\u00f3n con t\u00e9cnicos del Instituto Nacional de Estad\u00edstica (INE), del Ministerio de Relaciones Exteriores y la presencia tambi\u00e9n de [&hellip;]<\/p>\n","protected":false},"author":1,"featured_media":90448,"comment_status":"closed","ping_status":"closed","sticky":false,"template":"","format":"standard","meta":{"_acf_changed":false,"footnotes":""},"categories":[12],"tags":[],"class_list":["post-90447","post","type-post","status-publish","format-standard","has-post-thumbnail","category-nacional"],"acf":{"antetitulo":""},"yoast_head":"<!-- This site is optimized with the Yoast SEO plugin v28.4 - https:\/\/yoast.com\/product\/yoast-seo-wordpress\/ -->\n<title>Iglesias Cat\u00f3lica y Evang\u00e9lica piden pregunta sobre religi\u00f3n - El Diario - Bolivia<\/title>\n<meta name=\"robots\" content=\"index, follow, max-snippet:-1, max-image-preview:large, max-video-preview:-1\" \/>\n<link rel=\"canonical\" href=\"https:\/\/www.eldiario.net\/portal\/2022\/06\/14\/iglesias-catolica-y-evangelica-piden-pregunta-sobre-religion\/\" \/>\n<meta property=\"og:locale\" content=\"es_ES\" \/>\n<meta property=\"og:type\" content=\"article\" \/>\n<meta property=\"og:title\" content=\"Iglesias Cat\u00f3lica y Evang\u00e9lica piden pregunta sobre religi\u00f3n - El Diario - Bolivia\" \/>\n<meta property=\"og:description\" content=\"La Iglesia Cat\u00f3lica pide al Instituto Nacional de Estad\u00edstica (INE) incluir la pregunta sobre religi\u00f3n en la boleta censal, adem\u00e1s los evang\u00e9licos est\u00e1n de acuerdo con esa solicitud. El pasado 7 de junio, se realiz\u00f3 una reuni\u00f3n con t\u00e9cnicos del Instituto Nacional de Estad\u00edstica (INE), del Ministerio de Relaciones Exteriores y la presencia tambi\u00e9n de [&hellip;]\" \/>\n<meta property=\"og:url\" content=\"https:\/\/www.eldiario.net\/portal\/2022\/06\/14\/iglesias-catolica-y-evangelica-piden-pregunta-sobre-religion\/\" \/>\n<meta property=\"og:site_name\" content=\"El Diario - Bolivia\" \/>\n<meta property=\"article:publisher\" content=\"https:\/\/www.facebook.com\/eldiario.bolivia\/\" \/>\n<meta property=\"article:published_time\" content=\"2022-06-14T09:57:28+00:00\" \/>\n<meta name=\"author\" content=\"Jeanette\" \/>\n<meta name=\"twitter:card\" content=\"summary_large_image\" \/>\n<meta name=\"twitter:creator\" content=\"@eldiario_net\" \/>\n<meta name=\"twitter:site\" content=\"@eldiario_net\" \/>\n<meta name=\"twitter:label1\" content=\"Escrito por\" \/>\n\t<meta name=\"twitter:data1\" content=\"Jeanette\" \/>\n\t<meta name=\"twitter:label2\" content=\"Tiempo de lectura\" \/>\n\t<meta name=\"twitter:data2\" content=\"2 minutos\" \/>\n<script type=\"application\/ld+json\" class=\"yoast-schema-graph\">{\"@context\":\"https:\\\/\\\/schema.org\",\"@graph\":[{\"@type\":\"Article\",\"@id\":\"https:\\\/\\\/www.eldiario.net\\\/portal\\\/2022\\\/06\\\/14\\\/iglesias-catolica-y-evangelica-piden-pregunta-sobre-religion\\\/#article\",\"isPartOf\":{\"@id\":\"https:\\\/\\\/www.eldiario.net\\\/portal\\\/2022\\\/06\\\/14\\\/iglesias-catolica-y-evangelica-piden-pregunta-sobre-religion\\\/\"},\"author\":{\"name\":\"Jeanette\",\"@id\":\"https:\\\/\\\/www.eldiario.net\\\/portal\\\/#\\\/schema\\\/person\\\/f46445640444750d7d753ccd04ae01b7\"},\"headline\":\"Iglesias Cat\u00f3lica y Evang\u00e9lica piden pregunta sobre religi\u00f3n\",\"datePublished\":\"2022-06-14T09:57:28+00:00\",\"mainEntityOfPage\":{\"@id\":\"https:\\\/\\\/www.eldiario.net\\\/portal\\\/2022\\\/06\\\/14\\\/iglesias-catolica-y-evangelica-piden-pregunta-sobre-religion\\\/\"},\"wordCount\":438,\"publisher\":{\"@id\":\"https:\\\/\\\/www.eldiario.net\\\/portal\\\/#organization\"},\"image\":{\"@id\":\"https:\\\/\\\/www.eldiario.net\\\/portal\\\/2022\\\/06\\\/14\\\/iglesias-catolica-y-evangelica-piden-pregunta-sobre-religion\\\/#primaryimage\"},\"thumbnailUrl\":\"\",\"articleSection\":[\"Nacional\"],\"inLanguage\":\"es\"},{\"@type\":\"WebPage\",\"@id\":\"https:\\\/\\\/www.eldiario.net\\\/portal\\\/2022\\\/06\\\/14\\\/iglesias-catolica-y-evangelica-piden-pregunta-sobre-religion\\\/\",\"url\":\"https:\\\/\\\/www.eldiario.net\\\/portal\\\/2022\\\/06\\\/14\\\/iglesias-catolica-y-evangelica-piden-pregunta-sobre-religion\\\/\",\"name\":\"Iglesias Cat\u00f3lica y Evang\u00e9lica piden pregunta sobre religi\u00f3n - El Diario - Bolivia\",\"isPartOf\":{\"@id\":\"https:\\\/\\\/www.eldiario.net\\\/portal\\\/#website\"},\"primaryImageOfPage\":{\"@id\":\"https:\\\/\\\/www.eldiario.net\\\/portal\\\/2022\\\/06\\\/14\\\/iglesias-catolica-y-evangelica-piden-pregunta-sobre-religion\\\/#primaryimage\"},\"image\":{\"@id\":\"https:\\\/\\\/www.eldiario.net\\\/portal\\\/2022\\\/06\\\/14\\\/iglesias-catolica-y-evangelica-piden-pregunta-sobre-religion\\\/#primaryimage\"},\"thumbnailUrl\":\"\",\"datePublished\":\"2022-06-14T09:57:28+00:00\",\"breadcrumb\":{\"@id\":\"https:\\\/\\\/www.eldiario.net\\\/portal\\\/2022\\\/06\\\/14\\\/iglesias-catolica-y-evangelica-piden-pregunta-sobre-religion\\\/#breadcrumb\"},\"inLanguage\":\"es\",\"potentialAction\":[{\"@type\":\"ReadAction\",\"target\":[\"https:\\\/\\\/www.eldiario.net\\\/portal\\\/2022\\\/06\\\/14\\\/iglesias-catolica-y-evangelica-piden-pregunta-sobre-religion\\\/\"]}]},{\"@type\":\"ImageObject\",\"inLanguage\":\"es\",\"@id\":\"https:\\\/\\\/www.eldiario.net\\\/portal\\\/2022\\\/06\\\/14\\\/iglesias-catolica-y-evangelica-piden-pregunta-sobre-religion\\\/#primaryimage\",\"url\":\"\",\"contentUrl\":\"\"},{\"@type\":\"BreadcrumbList\",\"@id\":\"https:\\\/\\\/www.eldiario.net\\\/portal\\\/2022\\\/06\\\/14\\\/iglesias-catolica-y-evangelica-piden-pregunta-sobre-religion\\\/#breadcrumb\",\"itemListElement\":[{\"@type\":\"ListItem\",\"position\":1,\"name\":\"Portada\",\"item\":\"https:\\\/\\\/www.eldiario.net\\\/portal\\\/\"},{\"@type\":\"ListItem\",\"position\":2,\"name\":\"Iglesias Cat\u00f3lica y Evang\u00e9lica piden pregunta sobre religi\u00f3n\"}]},{\"@type\":\"WebSite\",\"@id\":\"https:\\\/\\\/www.eldiario.net\\\/portal\\\/#website\",\"url\":\"https:\\\/\\\/www.eldiario.net\\\/portal\\\/\",\"name\":\"El Diario - Decano de la prensa nacional\",\"description\":\"El Diario - Decano de la prensa nacional\",\"publisher\":{\"@id\":\"https:\\\/\\\/www.eldiario.net\\\/portal\\\/#organization\"},\"potentialAction\":[{\"@type\":\"SearchAction\",\"target\":{\"@type\":\"EntryPoint\",\"urlTemplate\":\"https:\\\/\\\/www.eldiario.net\\\/portal\\\/?s={search_term_string}\"},\"query-input\":{\"@type\":\"PropertyValueSpecification\",\"valueRequired\":true,\"valueName\":\"search_term_string\"}}],\"inLanguage\":\"es\"},{\"@type\":\"Organization\",\"@id\":\"https:\\\/\\\/www.eldiario.net\\\/portal\\\/#organization\",\"name\":\"El Diario - Decano de la prensa nacional\",\"url\":\"https:\\\/\\\/www.eldiario.net\\\/portal\\\/\",\"logo\":{\"@type\":\"ImageObject\",\"inLanguage\":\"es\",\"@id\":\"https:\\\/\\\/www.eldiario.net\\\/portal\\\/#\\\/schema\\\/logo\\\/image\\\/\",\"url\":\"https:\\\/\\\/www.eldiario.net\\\/portal\\\/wp-content\\\/uploads\\\/2023\\\/07\\\/logo_ED.jpg\",\"contentUrl\":\"https:\\\/\\\/www.eldiario.net\\\/portal\\\/wp-content\\\/uploads\\\/2023\\\/07\\\/logo_ED.jpg\",\"width\":272,\"height\":52,\"caption\":\"El Diario - Decano de la prensa nacional\"},\"image\":{\"@id\":\"https:\\\/\\\/www.eldiario.net\\\/portal\\\/#\\\/schema\\\/logo\\\/image\\\/\"},\"sameAs\":[\"https:\\\/\\\/www.facebook.com\\\/eldiario.bolivia\\\/\",\"https:\\\/\\\/x.com\\\/eldiario_net\"]},{\"@type\":\"Person\",\"@id\":\"https:\\\/\\\/www.eldiario.net\\\/portal\\\/#\\\/schema\\\/person\\\/f46445640444750d7d753ccd04ae01b7\",\"name\":\"Jeanette\",\"image\":{\"@type\":\"ImageObject\",\"inLanguage\":\"es\",\"@id\":\"https:\\\/\\\/secure.gravatar.com\\\/avatar\\\/3ea2118a5f7dad2b7138b1187a6b7ee55f160b9968b66013c3a3ef39dd7e5798?s=96&d=mm&r=g\",\"url\":\"https:\\\/\\\/secure.gravatar.com\\\/avatar\\\/3ea2118a5f7dad2b7138b1187a6b7ee55f160b9968b66013c3a3ef39dd7e5798?s=96&d=mm&r=g\",\"contentUrl\":\"https:\\\/\\\/secure.gravatar.com\\\/avatar\\\/3ea2118a5f7dad2b7138b1187a6b7ee55f160b9968b66013c3a3ef39dd7e5798?s=96&d=mm&r=g\",\"caption\":\"Jeanette\"},\"sameAs\":[\"https:\\\/\\\/www.eldiario.net\\\/portal\"],\"url\":\"https:\\\/\\\/www.eldiario.net\\\/portal\\\/author\\\/jeanette\\\/\"}]}<\/script>\n<!-- \/ Yoast SEO plugin. -->","yoast_head_json":{"title":"Iglesias Cat\u00f3lica y Evang\u00e9lica piden pregunta sobre religi\u00f3n - El Diario - Bolivia","robots":{"index":"index","follow":"follow","max-snippet":"max-snippet:-1","max-image-preview":"max-image-preview:large","max-video-preview":"max-video-preview:-1"},"canonical":"https:\/\/www.eldiario.net\/portal\/2022\/06\/14\/iglesias-catolica-y-evangelica-piden-pregunta-sobre-religion\/","og_locale":"es_ES","og_type":"article","og_title":"Iglesias Cat\u00f3lica y Evang\u00e9lica piden pregunta sobre religi\u00f3n - El Diario - Bolivia","og_description":"La Iglesia Cat\u00f3lica pide al Instituto Nacional de Estad\u00edstica (INE) incluir la pregunta sobre religi\u00f3n en la boleta censal, adem\u00e1s los evang\u00e9licos est\u00e1n de acuerdo con esa solicitud. El pasado 7 de junio, se realiz\u00f3 una reuni\u00f3n con t\u00e9cnicos del Instituto Nacional de Estad\u00edstica (INE), del Ministerio de Relaciones Exteriores y la presencia tambi\u00e9n de [&hellip;]","og_url":"https:\/\/www.eldiario.net\/portal\/2022\/06\/14\/iglesias-catolica-y-evangelica-piden-pregunta-sobre-religion\/","og_site_name":"El Diario - Bolivia","article_publisher":"https:\/\/www.facebook.com\/eldiario.bolivia\/","article_published_time":"2022-06-14T09:57:28+00:00","author":"Jeanette","twitter_card":"summary_large_image","twitter_creator":"@eldiario_net","twitter_site":"@eldiario_net","twitter_misc":{"Escrito por":"Jeanette","Tiempo de lectura":"2 minutos"},"schema":{"@context":"https:\/\/schema.org","@graph":[{"@type":"Article","@id":"https:\/\/www.eldiario.net\/portal\/2022\/06\/14\/iglesias-catolica-y-evangelica-piden-pregunta-sobre-religion\/#article","isPartOf":{"@id":"https:\/\/www.eldiario.net\/portal\/2022\/06\/14\/iglesias-catolica-y-evangelica-piden-pregunta-sobre-religion\/"},"author":{"name":"Jeanette","@id":"https:\/\/www.eldiario.net\/portal\/#\/schema\/person\/f46445640444750d7d753ccd04ae01b7"},"headline":"Iglesias Cat\u00f3lica y Evang\u00e9lica piden pregunta sobre religi\u00f3n","datePublished":"2022-06-14T09:57:28+00:00","mainEntityOfPage":{"@id":"https:\/\/www.eldiario.net\/portal\/2022\/06\/14\/iglesias-catolica-y-evangelica-piden-pregunta-sobre-religion\/"},"wordCount":438,"publisher":{"@id":"https:\/\/www.eldiario.net\/portal\/#organization"},"image":{"@id":"https:\/\/www.eldiario.net\/portal\/2022\/06\/14\/iglesias-catolica-y-evangelica-piden-pregunta-sobre-religion\/#primaryimage"},"thumbnailUrl":"","articleSection":["Nacional"],"inLanguage":"es"},{"@type":"WebPage","@id":"https:\/\/www.eldiario.net\/portal\/2022\/06\/14\/iglesias-catolica-y-evangelica-piden-pregunta-sobre-religion\/","url":"https:\/\/www.eldiario.net\/portal\/2022\/06\/14\/iglesias-catolica-y-evangelica-piden-pregunta-sobre-religion\/","name":"Iglesias Cat\u00f3lica y Evang\u00e9lica piden pregunta sobre religi\u00f3n - El Diario - Bolivia","isPartOf":{"@id":"https:\/\/www.eldiario.net\/portal\/#website"},"primaryImageOfPage":{"@id":"https:\/\/www.eldiario.net\/portal\/2022\/06\/14\/iglesias-catolica-y-evangelica-piden-pregunta-sobre-religion\/#primaryimage"},"image":{"@id":"https:\/\/www.eldiario.net\/portal\/2022\/06\/14\/iglesias-catolica-y-evangelica-piden-pregunta-sobre-religion\/#primaryimage"},"thumbnailUrl":"","datePublished":"2022-06-14T09:57:28+00:00","breadcrumb":{"@id":"https:\/\/www.eldiario.net\/portal\/2022\/06\/14\/iglesias-catolica-y-evangelica-piden-pregunta-sobre-religion\/#breadcrumb"},"inLanguage":"es","potentialAction":[{"@type":"ReadAction","target":["https:\/\/www.eldiario.net\/portal\/2022\/06\/14\/iglesias-catolica-y-evangelica-piden-pregunta-sobre-religion\/"]}]},{"@type":"ImageObject","inLanguage":"es","@id":"https:\/\/www.eldiario.net\/portal\/2022\/06\/14\/iglesias-catolica-y-evangelica-piden-pregunta-sobre-religion\/#primaryimage","url":"","contentUrl":""},{"@type":"BreadcrumbList","@id":"https:\/\/www.eldiario.net\/portal\/2022\/06\/14\/iglesias-catolica-y-evangelica-piden-pregunta-sobre-religion\/#breadcrumb","itemListElement":[{"@type":"ListItem","position":1,"name":"Portada","item":"https:\/\/www.eldiario.net\/portal\/"},{"@type":"ListItem","position":2,"name":"Iglesias Cat\u00f3lica y Evang\u00e9lica piden pregunta sobre religi\u00f3n"}]},{"@type":"WebSite","@id":"https:\/\/www.eldiario.net\/portal\/#website","url":"https:\/\/www.eldiario.net\/portal\/","name":"El Diario - Decano de la prensa nacional","description":"El Diario - Decano de la prensa nacional","publisher":{"@id":"https:\/\/www.eldiario.net\/portal\/#organization"},"potentialAction":[{"@type":"SearchAction","target":{"@type":"EntryPoint","urlTemplate":"https:\/\/www.eldiario.net\/portal\/?s={search_term_string}"},"query-input":{"@type":"PropertyValueSpecification","valueRequired":true,"valueName":"search_term_string"}}],"inLanguage":"es"},{"@type":"Organization","@id":"https:\/\/www.eldiario.net\/portal\/#organization","name":"El Diario - Decano de la prensa nacional","url":"https:\/\/www.eldiario.net\/portal\/","logo":{"@type":"ImageObject","inLanguage":"es","@id":"https:\/\/www.eldiario.net\/portal\/#\/schema\/logo\/image\/","url":"https:\/\/www.eldiario.net\/portal\/wp-content\/uploads\/2023\/07\/logo_ED.jpg","contentUrl":"https:\/\/www.eldiario.net\/portal\/wp-content\/uploads\/2023\/07\/logo_ED.jpg","width":272,"height":52,"caption":"El Diario - Decano de la prensa nacional"},"image":{"@id":"https:\/\/www.eldiario.net\/portal\/#\/schema\/logo\/image\/"},"sameAs":["https:\/\/www.facebook.com\/eldiario.bolivia\/","https:\/\/x.com\/eldiario_net"]},{"@type":"Person","@id":"https:\/\/www.eldiario.net\/portal\/#\/schema\/person\/f46445640444750d7d753ccd04ae01b7","name":"Jeanette","image":{"@type":"ImageObject","inLanguage":"es","@id":"https:\/\/secure.gravatar.com\/avatar\/3ea2118a5f7dad2b7138b1187a6b7ee55f160b9968b66013c3a3ef39dd7e5798?s=96&d=mm&r=g","url":"https:\/\/secure.gravatar.com\/avatar\/3ea2118a5f7dad2b7138b1187a6b7ee55f160b9968b66013c3a3ef39dd7e5798?s=96&d=mm&r=g","contentUrl":"https:\/\/secure.gravatar.com\/avatar\/3ea2118a5f7dad2b7138b1187a6b7ee55f160b9968b66013c3a3ef39dd7e5798?s=96&d=mm&r=g","caption":"Jeanette"},"sameAs":["https:\/\/www.eldiario.net\/portal"],"url":"https:\/\/www.eldiario.net\/portal\/author\/jeanette\/"}]}},"_links":{"self":[{"href":"https:\/\/www.eldiario.net\/portal\/wp-json\/wp\/v2\/posts\/90447","targetHints":{"allow":["GET"]}}],"collection":[{"href":"https:\/\/www.eldiario.net\/portal\/wp-json\/wp\/v2\/posts"}],"about":[{"href":"https:\/\/www.eldiario.net\/portal\/wp-json\/wp\/v2\/types\/post"}],"author":[{"embeddable":true,"href":"https:\/\/www.eldiario.net\/portal\/wp-json\/wp\/v2\/users\/1"}],"replies":[{"embeddable":true,"href":"https:\/\/www.eldiario.net\/portal\/wp-json\/wp\/v2\/comments?post=90447"}],"version-history":[{"count":0,"href":"https:\/\/www.eldiario.net\/portal\/wp-json\/wp\/v2\/posts\/90447\/revisions"}],"wp:attachment":[{"href":"https:\/\/www.eldiario.net\/portal\/wp-json\/wp\/v2\/media?parent=90447"}],"wp:term":[{"taxonomy":"category","embeddable":true,"href":"https:\/\/www.eldiario.net\/portal\/wp-json\/wp\/v2\/categories?post=90447"},{"taxonomy":"post_tag","embeddable":true,"href":"https:\/\/www.eldiario.net\/portal\/wp-json\/wp\/v2\/tags?post=90447"}],"curies":[{"name":"wp","href":"https:\/\/api.w.org\/{rel}","templated":true}]}}