{"id":90440,"date":"2022-06-14T05:54:54","date_gmt":"2022-06-14T09:54:54","guid":{"rendered":"https:\/\/www.eldiario.net\/portal\/?p=90440"},"modified":"2022-06-14T05:54:54","modified_gmt":"2022-06-14T09:54:54","slug":"ven-inviable-juicio-ordinario-contra-anez-por-masacres","status":"publish","type":"post","link":"https:\/\/www.eldiario.net\/portal\/2022\/06\/14\/ven-inviable-juicio-ordinario-contra-anez-por-masacres\/","title":{"rendered":"Ven inviable juicio ordinario  contra A\u00f1ez por \u201cmasacres\u201d"},"content":{"rendered":"<p>Despu\u00e9s que Evo Morales manifest\u00f3 que impulsar\u00e1 un nuevo proceso contra la expresidenta del Estado, Jeanine A\u00f1ez Ch\u00e1vez, por el delito de genocidio, a trav\u00e9s de un juicio ordinario, los abogados que patrocinan a la exautoridad advirtieron que no es inviable porque el caso de Sacaba y Senkata ya se encuentra en la Asamblea Legislativa.<\/p>\n<p>Los letrados recordaron que no pueden abrir un segundo o un tercer proceso, ya que existe uno abierto jur\u00eddicamente y procesalmente es inviable.<\/p>\n<p>\u201cExiste una proposici\u00f3n acusatoria que est\u00e1 en la Asamblea Legislativa, est\u00e1 decisi\u00f3n de los legisladores tiene que ser aprobada por los 2\/3. Dentro de este proceso ya le tomaron la declaraci\u00f3n informativa a la exmandataria en el mes de diciembre (2021) y el Fiscal General del Estado estuvo presente\u201d, asegur\u00f3 la abogada Norka Cuellar, que patrocina a A\u00f1ez.<\/p>\n<p>No obstante, los juristas que patrocinan a A\u00f1ez denunciaron que la justicia podr\u00eda nuevamente dar curso a la denuncia anunciada por el Pacto de Unidad y el l\u00edder cocalero, que piden 30 a\u00f1os de c\u00e1rcel dentro este nuevo proceso.<\/p>\n<p>Cuellar explic\u00f3 que la Asamblea Legislativa debe autorizar o rechazar en base a los elementos que la Fiscal\u00eda ha presentado como pruebas fehacientes de que su patrocinada es responsable de las muertes en Sacaba y Senkata el 2019.<\/p>\n<p>Ayer, los abogados junto con los familiares de los sentenciados por el caso golpe II, en conferencia de prensa, manifestaron que apelar\u00e1n los 10 a\u00f1os de prisi\u00f3n que se dictamin\u00f3 contra Jeanine A\u00f1ez y exjefes militares, advirtieron que recurrir\u00e1n a instancias internacionales.<\/p>\n","protected":false},"excerpt":{"rendered":"<p>Despu\u00e9s que Evo Morales manifest\u00f3 que impulsar\u00e1 un nuevo proceso contra la expresidenta del Estado, Jeanine A\u00f1ez Ch\u00e1vez, por el delito de genocidio, a trav\u00e9s de un juicio ordinario, los abogados que patrocinan a la exautoridad advirtieron que no es inviable porque el caso de Sacaba y Senkata ya se encuentra en la Asamblea Legislativa. [&hellip;]<\/p>\n","protected":false},"author":1,"featured_media":90441,"comment_status":"closed","ping_status":"closed","sticky":false,"template":"","format":"standard","meta":{"_acf_changed":false,"footnotes":""},"categories":[39],"tags":[],"class_list":["post-90440","post","type-post","status-publish","format-standard","has-post-thumbnail","category-sociedad"],"acf":{"antetitulo":""},"yoast_head":"<!-- This site is optimized with the Yoast SEO plugin v28.4 - https:\/\/yoast.com\/product\/yoast-seo-wordpress\/ -->\n<title>Ven inviable juicio ordinario contra A\u00f1ez por \u201cmasacres\u201d - El Diario - Bolivia<\/title>\n<meta name=\"robots\" content=\"index, follow, max-snippet:-1, max-image-preview:large, max-video-preview:-1\" \/>\n<link rel=\"canonical\" href=\"https:\/\/www.eldiario.net\/portal\/2022\/06\/14\/ven-inviable-juicio-ordinario-contra-anez-por-masacres\/\" \/>\n<meta property=\"og:locale\" content=\"es_ES\" \/>\n<meta property=\"og:type\" content=\"article\" \/>\n<meta property=\"og:title\" content=\"Ven inviable juicio ordinario contra A\u00f1ez por \u201cmasacres\u201d - El Diario - Bolivia\" \/>\n<meta property=\"og:description\" content=\"Despu\u00e9s que Evo Morales manifest\u00f3 que impulsar\u00e1 un nuevo proceso contra la expresidenta del Estado, Jeanine A\u00f1ez Ch\u00e1vez, por el delito de genocidio, a trav\u00e9s de un juicio ordinario, los abogados que patrocinan a la exautoridad advirtieron que no es inviable porque el caso de Sacaba y Senkata ya se encuentra en la Asamblea Legislativa. [&hellip;]\" \/>\n<meta property=\"og:url\" content=\"https:\/\/www.eldiario.net\/portal\/2022\/06\/14\/ven-inviable-juicio-ordinario-contra-anez-por-masacres\/\" \/>\n<meta property=\"og:site_name\" content=\"El Diario - Bolivia\" \/>\n<meta property=\"article:publisher\" content=\"https:\/\/www.facebook.com\/eldiario.bolivia\/\" \/>\n<meta property=\"article:published_time\" content=\"2022-06-14T09:54:54+00:00\" \/>\n<meta name=\"author\" content=\"Jeanette\" \/>\n<meta name=\"twitter:card\" content=\"summary_large_image\" \/>\n<meta name=\"twitter:creator\" content=\"@eldiario_net\" \/>\n<meta name=\"twitter:site\" content=\"@eldiario_net\" \/>\n<meta name=\"twitter:label1\" content=\"Escrito por\" \/>\n\t<meta name=\"twitter:data1\" content=\"Jeanette\" \/>\n\t<meta name=\"twitter:label2\" content=\"Tiempo de lectura\" \/>\n\t<meta name=\"twitter:data2\" content=\"2 minutos\" \/>\n<script type=\"application\/ld+json\" class=\"yoast-schema-graph\">{\"@context\":\"https:\\\/\\\/schema.org\",\"@graph\":[{\"@type\":\"Article\",\"@id\":\"https:\\\/\\\/www.eldiario.net\\\/portal\\\/2022\\\/06\\\/14\\\/ven-inviable-juicio-ordinario-contra-anez-por-masacres\\\/#article\",\"isPartOf\":{\"@id\":\"https:\\\/\\\/www.eldiario.net\\\/portal\\\/2022\\\/06\\\/14\\\/ven-inviable-juicio-ordinario-contra-anez-por-masacres\\\/\"},\"author\":{\"name\":\"Jeanette\",\"@id\":\"https:\\\/\\\/www.eldiario.net\\\/portal\\\/#\\\/schema\\\/person\\\/f46445640444750d7d753ccd04ae01b7\"},\"headline\":\"Ven inviable juicio ordinario contra A\u00f1ez por \u201cmasacres\u201d\",\"datePublished\":\"2022-06-14T09:54:54+00:00\",\"mainEntityOfPage\":{\"@id\":\"https:\\\/\\\/www.eldiario.net\\\/portal\\\/2022\\\/06\\\/14\\\/ven-inviable-juicio-ordinario-contra-anez-por-masacres\\\/\"},\"wordCount\":279,\"publisher\":{\"@id\":\"https:\\\/\\\/www.eldiario.net\\\/portal\\\/#organization\"},\"image\":{\"@id\":\"https:\\\/\\\/www.eldiario.net\\\/portal\\\/2022\\\/06\\\/14\\\/ven-inviable-juicio-ordinario-contra-anez-por-masacres\\\/#primaryimage\"},\"thumbnailUrl\":\"\",\"articleSection\":[\"Sociedad - Seguridad\"],\"inLanguage\":\"es\"},{\"@type\":\"WebPage\",\"@id\":\"https:\\\/\\\/www.eldiario.net\\\/portal\\\/2022\\\/06\\\/14\\\/ven-inviable-juicio-ordinario-contra-anez-por-masacres\\\/\",\"url\":\"https:\\\/\\\/www.eldiario.net\\\/portal\\\/2022\\\/06\\\/14\\\/ven-inviable-juicio-ordinario-contra-anez-por-masacres\\\/\",\"name\":\"Ven inviable juicio ordinario contra A\u00f1ez por \u201cmasacres\u201d - El Diario - Bolivia\",\"isPartOf\":{\"@id\":\"https:\\\/\\\/www.eldiario.net\\\/portal\\\/#website\"},\"primaryImageOfPage\":{\"@id\":\"https:\\\/\\\/www.eldiario.net\\\/portal\\\/2022\\\/06\\\/14\\\/ven-inviable-juicio-ordinario-contra-anez-por-masacres\\\/#primaryimage\"},\"image\":{\"@id\":\"https:\\\/\\\/www.eldiario.net\\\/portal\\\/2022\\\/06\\\/14\\\/ven-inviable-juicio-ordinario-contra-anez-por-masacres\\\/#primaryimage\"},\"thumbnailUrl\":\"\",\"datePublished\":\"2022-06-14T09:54:54+00:00\",\"breadcrumb\":{\"@id\":\"https:\\\/\\\/www.eldiario.net\\\/portal\\\/2022\\\/06\\\/14\\\/ven-inviable-juicio-ordinario-contra-anez-por-masacres\\\/#breadcrumb\"},\"inLanguage\":\"es\",\"potentialAction\":[{\"@type\":\"ReadAction\",\"target\":[\"https:\\\/\\\/www.eldiario.net\\\/portal\\\/2022\\\/06\\\/14\\\/ven-inviable-juicio-ordinario-contra-anez-por-masacres\\\/\"]}]},{\"@type\":\"ImageObject\",\"inLanguage\":\"es\",\"@id\":\"https:\\\/\\\/www.eldiario.net\\\/portal\\\/2022\\\/06\\\/14\\\/ven-inviable-juicio-ordinario-contra-anez-por-masacres\\\/#primaryimage\",\"url\":\"\",\"contentUrl\":\"\"},{\"@type\":\"BreadcrumbList\",\"@id\":\"https:\\\/\\\/www.eldiario.net\\\/portal\\\/2022\\\/06\\\/14\\\/ven-inviable-juicio-ordinario-contra-anez-por-masacres\\\/#breadcrumb\",\"itemListElement\":[{\"@type\":\"ListItem\",\"position\":1,\"name\":\"Portada\",\"item\":\"https:\\\/\\\/www.eldiario.net\\\/portal\\\/\"},{\"@type\":\"ListItem\",\"position\":2,\"name\":\"Ven inviable juicio ordinario contra A\u00f1ez por \u201cmasacres\u201d\"}]},{\"@type\":\"WebSite\",\"@id\":\"https:\\\/\\\/www.eldiario.net\\\/portal\\\/#website\",\"url\":\"https:\\\/\\\/www.eldiario.net\\\/portal\\\/\",\"name\":\"El Diario - Decano de la prensa nacional\",\"description\":\"El Diario - Decano de la prensa nacional\",\"publisher\":{\"@id\":\"https:\\\/\\\/www.eldiario.net\\\/portal\\\/#organization\"},\"potentialAction\":[{\"@type\":\"SearchAction\",\"target\":{\"@type\":\"EntryPoint\",\"urlTemplate\":\"https:\\\/\\\/www.eldiario.net\\\/portal\\\/?s={search_term_string}\"},\"query-input\":{\"@type\":\"PropertyValueSpecification\",\"valueRequired\":true,\"valueName\":\"search_term_string\"}}],\"inLanguage\":\"es\"},{\"@type\":\"Organization\",\"@id\":\"https:\\\/\\\/www.eldiario.net\\\/portal\\\/#organization\",\"name\":\"El Diario - Decano de la prensa nacional\",\"url\":\"https:\\\/\\\/www.eldiario.net\\\/portal\\\/\",\"logo\":{\"@type\":\"ImageObject\",\"inLanguage\":\"es\",\"@id\":\"https:\\\/\\\/www.eldiario.net\\\/portal\\\/#\\\/schema\\\/logo\\\/image\\\/\",\"url\":\"https:\\\/\\\/www.eldiario.net\\\/portal\\\/wp-content\\\/uploads\\\/2023\\\/07\\\/logo_ED.jpg\",\"contentUrl\":\"https:\\\/\\\/www.eldiario.net\\\/portal\\\/wp-content\\\/uploads\\\/2023\\\/07\\\/logo_ED.jpg\",\"width\":272,\"height\":52,\"caption\":\"El Diario - Decano de la prensa nacional\"},\"image\":{\"@id\":\"https:\\\/\\\/www.eldiario.net\\\/portal\\\/#\\\/schema\\\/logo\\\/image\\\/\"},\"sameAs\":[\"https:\\\/\\\/www.facebook.com\\\/eldiario.bolivia\\\/\",\"https:\\\/\\\/x.com\\\/eldiario_net\"]},{\"@type\":\"Person\",\"@id\":\"https:\\\/\\\/www.eldiario.net\\\/portal\\\/#\\\/schema\\\/person\\\/f46445640444750d7d753ccd04ae01b7\",\"name\":\"Jeanette\",\"image\":{\"@type\":\"ImageObject\",\"inLanguage\":\"es\",\"@id\":\"https:\\\/\\\/secure.gravatar.com\\\/avatar\\\/3ea2118a5f7dad2b7138b1187a6b7ee55f160b9968b66013c3a3ef39dd7e5798?s=96&d=mm&r=g\",\"url\":\"https:\\\/\\\/secure.gravatar.com\\\/avatar\\\/3ea2118a5f7dad2b7138b1187a6b7ee55f160b9968b66013c3a3ef39dd7e5798?s=96&d=mm&r=g\",\"contentUrl\":\"https:\\\/\\\/secure.gravatar.com\\\/avatar\\\/3ea2118a5f7dad2b7138b1187a6b7ee55f160b9968b66013c3a3ef39dd7e5798?s=96&d=mm&r=g\",\"caption\":\"Jeanette\"},\"sameAs\":[\"https:\\\/\\\/www.eldiario.net\\\/portal\"],\"url\":\"https:\\\/\\\/www.eldiario.net\\\/portal\\\/author\\\/jeanette\\\/\"}]}<\/script>\n<!-- \/ Yoast SEO plugin. -->","yoast_head_json":{"title":"Ven inviable juicio ordinario contra A\u00f1ez por \u201cmasacres\u201d - El Diario - Bolivia","robots":{"index":"index","follow":"follow","max-snippet":"max-snippet:-1","max-image-preview":"max-image-preview:large","max-video-preview":"max-video-preview:-1"},"canonical":"https:\/\/www.eldiario.net\/portal\/2022\/06\/14\/ven-inviable-juicio-ordinario-contra-anez-por-masacres\/","og_locale":"es_ES","og_type":"article","og_title":"Ven inviable juicio ordinario contra A\u00f1ez por \u201cmasacres\u201d - El Diario - Bolivia","og_description":"Despu\u00e9s que Evo Morales manifest\u00f3 que impulsar\u00e1 un nuevo proceso contra la expresidenta del Estado, Jeanine A\u00f1ez Ch\u00e1vez, por el delito de genocidio, a trav\u00e9s de un juicio ordinario, los abogados que patrocinan a la exautoridad advirtieron que no es inviable porque el caso de Sacaba y Senkata ya se encuentra en la Asamblea Legislativa. [&hellip;]","og_url":"https:\/\/www.eldiario.net\/portal\/2022\/06\/14\/ven-inviable-juicio-ordinario-contra-anez-por-masacres\/","og_site_name":"El Diario - Bolivia","article_publisher":"https:\/\/www.facebook.com\/eldiario.bolivia\/","article_published_time":"2022-06-14T09:54:54+00:00","author":"Jeanette","twitter_card":"summary_large_image","twitter_creator":"@eldiario_net","twitter_site":"@eldiario_net","twitter_misc":{"Escrito por":"Jeanette","Tiempo de lectura":"2 minutos"},"schema":{"@context":"https:\/\/schema.org","@graph":[{"@type":"Article","@id":"https:\/\/www.eldiario.net\/portal\/2022\/06\/14\/ven-inviable-juicio-ordinario-contra-anez-por-masacres\/#article","isPartOf":{"@id":"https:\/\/www.eldiario.net\/portal\/2022\/06\/14\/ven-inviable-juicio-ordinario-contra-anez-por-masacres\/"},"author":{"name":"Jeanette","@id":"https:\/\/www.eldiario.net\/portal\/#\/schema\/person\/f46445640444750d7d753ccd04ae01b7"},"headline":"Ven inviable juicio ordinario contra A\u00f1ez por \u201cmasacres\u201d","datePublished":"2022-06-14T09:54:54+00:00","mainEntityOfPage":{"@id":"https:\/\/www.eldiario.net\/portal\/2022\/06\/14\/ven-inviable-juicio-ordinario-contra-anez-por-masacres\/"},"wordCount":279,"publisher":{"@id":"https:\/\/www.eldiario.net\/portal\/#organization"},"image":{"@id":"https:\/\/www.eldiario.net\/portal\/2022\/06\/14\/ven-inviable-juicio-ordinario-contra-anez-por-masacres\/#primaryimage"},"thumbnailUrl":"","articleSection":["Sociedad - Seguridad"],"inLanguage":"es"},{"@type":"WebPage","@id":"https:\/\/www.eldiario.net\/portal\/2022\/06\/14\/ven-inviable-juicio-ordinario-contra-anez-por-masacres\/","url":"https:\/\/www.eldiario.net\/portal\/2022\/06\/14\/ven-inviable-juicio-ordinario-contra-anez-por-masacres\/","name":"Ven inviable juicio ordinario contra A\u00f1ez por \u201cmasacres\u201d - El Diario - Bolivia","isPartOf":{"@id":"https:\/\/www.eldiario.net\/portal\/#website"},"primaryImageOfPage":{"@id":"https:\/\/www.eldiario.net\/portal\/2022\/06\/14\/ven-inviable-juicio-ordinario-contra-anez-por-masacres\/#primaryimage"},"image":{"@id":"https:\/\/www.eldiario.net\/portal\/2022\/06\/14\/ven-inviable-juicio-ordinario-contra-anez-por-masacres\/#primaryimage"},"thumbnailUrl":"","datePublished":"2022-06-14T09:54:54+00:00","breadcrumb":{"@id":"https:\/\/www.eldiario.net\/portal\/2022\/06\/14\/ven-inviable-juicio-ordinario-contra-anez-por-masacres\/#breadcrumb"},"inLanguage":"es","potentialAction":[{"@type":"ReadAction","target":["https:\/\/www.eldiario.net\/portal\/2022\/06\/14\/ven-inviable-juicio-ordinario-contra-anez-por-masacres\/"]}]},{"@type":"ImageObject","inLanguage":"es","@id":"https:\/\/www.eldiario.net\/portal\/2022\/06\/14\/ven-inviable-juicio-ordinario-contra-anez-por-masacres\/#primaryimage","url":"","contentUrl":""},{"@type":"BreadcrumbList","@id":"https:\/\/www.eldiario.net\/portal\/2022\/06\/14\/ven-inviable-juicio-ordinario-contra-anez-por-masacres\/#breadcrumb","itemListElement":[{"@type":"ListItem","position":1,"name":"Portada","item":"https:\/\/www.eldiario.net\/portal\/"},{"@type":"ListItem","position":2,"name":"Ven inviable juicio ordinario contra A\u00f1ez por \u201cmasacres\u201d"}]},{"@type":"WebSite","@id":"https:\/\/www.eldiario.net\/portal\/#website","url":"https:\/\/www.eldiario.net\/portal\/","name":"El Diario - Decano de la prensa nacional","description":"El Diario - Decano de la prensa nacional","publisher":{"@id":"https:\/\/www.eldiario.net\/portal\/#organization"},"potentialAction":[{"@type":"SearchAction","target":{"@type":"EntryPoint","urlTemplate":"https:\/\/www.eldiario.net\/portal\/?s={search_term_string}"},"query-input":{"@type":"PropertyValueSpecification","valueRequired":true,"valueName":"search_term_string"}}],"inLanguage":"es"},{"@type":"Organization","@id":"https:\/\/www.eldiario.net\/portal\/#organization","name":"El Diario - Decano de la prensa nacional","url":"https:\/\/www.eldiario.net\/portal\/","logo":{"@type":"ImageObject","inLanguage":"es","@id":"https:\/\/www.eldiario.net\/portal\/#\/schema\/logo\/image\/","url":"https:\/\/www.eldiario.net\/portal\/wp-content\/uploads\/2023\/07\/logo_ED.jpg","contentUrl":"https:\/\/www.eldiario.net\/portal\/wp-content\/uploads\/2023\/07\/logo_ED.jpg","width":272,"height":52,"caption":"El Diario - Decano de la prensa nacional"},"image":{"@id":"https:\/\/www.eldiario.net\/portal\/#\/schema\/logo\/image\/"},"sameAs":["https:\/\/www.facebook.com\/eldiario.bolivia\/","https:\/\/x.com\/eldiario_net"]},{"@type":"Person","@id":"https:\/\/www.eldiario.net\/portal\/#\/schema\/person\/f46445640444750d7d753ccd04ae01b7","name":"Jeanette","image":{"@type":"ImageObject","inLanguage":"es","@id":"https:\/\/secure.gravatar.com\/avatar\/3ea2118a5f7dad2b7138b1187a6b7ee55f160b9968b66013c3a3ef39dd7e5798?s=96&d=mm&r=g","url":"https:\/\/secure.gravatar.com\/avatar\/3ea2118a5f7dad2b7138b1187a6b7ee55f160b9968b66013c3a3ef39dd7e5798?s=96&d=mm&r=g","contentUrl":"https:\/\/secure.gravatar.com\/avatar\/3ea2118a5f7dad2b7138b1187a6b7ee55f160b9968b66013c3a3ef39dd7e5798?s=96&d=mm&r=g","caption":"Jeanette"},"sameAs":["https:\/\/www.eldiario.net\/portal"],"url":"https:\/\/www.eldiario.net\/portal\/author\/jeanette\/"}]}},"_links":{"self":[{"href":"https:\/\/www.eldiario.net\/portal\/wp-json\/wp\/v2\/posts\/90440","targetHints":{"allow":["GET"]}}],"collection":[{"href":"https:\/\/www.eldiario.net\/portal\/wp-json\/wp\/v2\/posts"}],"about":[{"href":"https:\/\/www.eldiario.net\/portal\/wp-json\/wp\/v2\/types\/post"}],"author":[{"embeddable":true,"href":"https:\/\/www.eldiario.net\/portal\/wp-json\/wp\/v2\/users\/1"}],"replies":[{"embeddable":true,"href":"https:\/\/www.eldiario.net\/portal\/wp-json\/wp\/v2\/comments?post=90440"}],"version-history":[{"count":0,"href":"https:\/\/www.eldiario.net\/portal\/wp-json\/wp\/v2\/posts\/90440\/revisions"}],"wp:attachment":[{"href":"https:\/\/www.eldiario.net\/portal\/wp-json\/wp\/v2\/media?parent=90440"}],"wp:term":[{"taxonomy":"category","embeddable":true,"href":"https:\/\/www.eldiario.net\/portal\/wp-json\/wp\/v2\/categories?post=90440"},{"taxonomy":"post_tag","embeddable":true,"href":"https:\/\/www.eldiario.net\/portal\/wp-json\/wp\/v2\/tags?post=90440"}],"curies":[{"name":"wp","href":"https:\/\/api.w.org\/{rel}","templated":true}]}}