{"id":90437,"date":"2022-06-14T05:54:10","date_gmt":"2022-06-14T09:54:10","guid":{"rendered":"https:\/\/www.eldiario.net\/portal\/?p=90437"},"modified":"2022-06-14T05:54:10","modified_gmt":"2022-06-14T09:54:10","slug":"activan-sello-amarillo-para-uno-de-los-implicados-en-violacion-de-menor","status":"publish","type":"post","link":"https:\/\/www.eldiario.net\/portal\/2022\/06\/14\/activan-sello-amarillo-para-uno-de-los-implicados-en-violacion-de-menor\/","title":{"rendered":"Activan sello amarillo para uno de  los implicados en violaci\u00f3n de menor"},"content":{"rendered":"<p>La Interpol activ\u00f3 el sello amarillo en contra de uno de los implicados en la violaci\u00f3n del ni\u00f1o de Yapacan\u00ed, inform\u00f3 ayer el comandante de Polic\u00eda, general Jhonny Aguilera. La autoridad de la instituci\u00f3n del orden manifest\u00f3 que se presume que el sujeto se encuentra en Chile y adelant\u00f3 que se pedir\u00e1 su extradici\u00f3n.<\/p>\n<p>Precis\u00f3 que el sello amarillo permite establecer si una persona sali\u00f3 o no sali\u00f3 del pa\u00eds.<\/p>\n<p>\u201cEn este momento estamos en la certeza de que, por lo menos, son tres los autores de este hecho. Uno ha perdido la vida, otro ya se encuentra cumpliendo detenci\u00f3n preventiva en el recinto penitenciario en Chonchocoro, en tanto que un tercero todav\u00eda est\u00e1 siendo buscado. A partir de la informaci\u00f3n que tenemos, se podr\u00eda encontrar en Chile\u201d, dijo.<\/p>\n<p>Por otro lado, el fiscal general, Juan Lanchipa, inform\u00f3 que enviar\u00e1 una comisi\u00f3n de fiscales para evaluar el trabajo de los fiscales del municipio de Yapacan\u00ed respecto a la investigaci\u00f3n desarrollada sobre la violaci\u00f3n de un ni\u00f1o en esa localidad y que este fin de semana muri\u00f3 mientras se encontraba internado en un hospital.<\/p>\n<p>En la verificaci\u00f3n participar\u00e1n representantes del Ministerio P\u00fablico de Santa Cruz quienes, junto a fiscales de Sucre revisar\u00e1n el cuaderno de investigaciones y \u201ctodas las evidencias sobre el trabajo desarrollado de todos los servidores del Ministerio P\u00fablico sin excepci\u00f3n\u201d.<\/p>\n<p>El ni\u00f1o, v\u00edctima de violaci\u00f3n, falleci\u00f3 el 11 de junio mientras se encontraba en coma tras la agresi\u00f3n sexual a la que fue sometido por al menos cuatro personas, de las cuales, dos se encuentran recluidas, una falleci\u00f3 y otra se encuentra pr\u00f3fuga.<\/p>\n","protected":false},"excerpt":{"rendered":"<p>La Interpol activ\u00f3 el sello amarillo en contra de uno de los implicados en la violaci\u00f3n del ni\u00f1o de Yapacan\u00ed, inform\u00f3 ayer el comandante de Polic\u00eda, general Jhonny Aguilera. La autoridad de la instituci\u00f3n del orden manifest\u00f3 que se presume que el sujeto se encuentra en Chile y adelant\u00f3 que se pedir\u00e1 su extradici\u00f3n. Precis\u00f3 [&hellip;]<\/p>\n","protected":false},"author":1,"featured_media":90438,"comment_status":"closed","ping_status":"closed","sticky":false,"template":"","format":"standard","meta":{"_acf_changed":false,"footnotes":""},"categories":[39],"tags":[],"class_list":["post-90437","post","type-post","status-publish","format-standard","has-post-thumbnail","category-sociedad"],"acf":{"antetitulo":""},"yoast_head":"<!-- This site is optimized with the Yoast SEO plugin v28.4 - https:\/\/yoast.com\/product\/yoast-seo-wordpress\/ -->\n<title>Activan sello amarillo para uno de los implicados en violaci\u00f3n de menor - El Diario - Bolivia<\/title>\n<meta name=\"robots\" content=\"index, follow, max-snippet:-1, max-image-preview:large, max-video-preview:-1\" \/>\n<link rel=\"canonical\" href=\"https:\/\/www.eldiario.net\/portal\/2022\/06\/14\/activan-sello-amarillo-para-uno-de-los-implicados-en-violacion-de-menor\/\" \/>\n<meta property=\"og:locale\" content=\"es_ES\" \/>\n<meta property=\"og:type\" content=\"article\" \/>\n<meta property=\"og:title\" content=\"Activan sello amarillo para uno de los implicados en violaci\u00f3n de menor - El Diario - Bolivia\" \/>\n<meta property=\"og:description\" content=\"La Interpol activ\u00f3 el sello amarillo en contra de uno de los implicados en la violaci\u00f3n del ni\u00f1o de Yapacan\u00ed, inform\u00f3 ayer el comandante de Polic\u00eda, general Jhonny Aguilera. La autoridad de la instituci\u00f3n del orden manifest\u00f3 que se presume que el sujeto se encuentra en Chile y adelant\u00f3 que se pedir\u00e1 su extradici\u00f3n. Precis\u00f3 [&hellip;]\" \/>\n<meta property=\"og:url\" content=\"https:\/\/www.eldiario.net\/portal\/2022\/06\/14\/activan-sello-amarillo-para-uno-de-los-implicados-en-violacion-de-menor\/\" \/>\n<meta property=\"og:site_name\" content=\"El Diario - Bolivia\" \/>\n<meta property=\"article:publisher\" content=\"https:\/\/www.facebook.com\/eldiario.bolivia\/\" \/>\n<meta property=\"article:published_time\" content=\"2022-06-14T09:54:10+00:00\" \/>\n<meta name=\"author\" content=\"Jeanette\" \/>\n<meta name=\"twitter:card\" content=\"summary_large_image\" \/>\n<meta name=\"twitter:creator\" content=\"@eldiario_net\" \/>\n<meta name=\"twitter:site\" content=\"@eldiario_net\" \/>\n<meta name=\"twitter:label1\" content=\"Escrito por\" \/>\n\t<meta name=\"twitter:data1\" content=\"Jeanette\" \/>\n\t<meta name=\"twitter:label2\" content=\"Tiempo de lectura\" \/>\n\t<meta name=\"twitter:data2\" content=\"2 minutos\" \/>\n<script type=\"application\/ld+json\" class=\"yoast-schema-graph\">{\"@context\":\"https:\\\/\\\/schema.org\",\"@graph\":[{\"@type\":\"Article\",\"@id\":\"https:\\\/\\\/www.eldiario.net\\\/portal\\\/2022\\\/06\\\/14\\\/activan-sello-amarillo-para-uno-de-los-implicados-en-violacion-de-menor\\\/#article\",\"isPartOf\":{\"@id\":\"https:\\\/\\\/www.eldiario.net\\\/portal\\\/2022\\\/06\\\/14\\\/activan-sello-amarillo-para-uno-de-los-implicados-en-violacion-de-menor\\\/\"},\"author\":{\"name\":\"Jeanette\",\"@id\":\"https:\\\/\\\/www.eldiario.net\\\/portal\\\/#\\\/schema\\\/person\\\/f46445640444750d7d753ccd04ae01b7\"},\"headline\":\"Activan sello amarillo para uno de los implicados en violaci\u00f3n de menor\",\"datePublished\":\"2022-06-14T09:54:10+00:00\",\"mainEntityOfPage\":{\"@id\":\"https:\\\/\\\/www.eldiario.net\\\/portal\\\/2022\\\/06\\\/14\\\/activan-sello-amarillo-para-uno-de-los-implicados-en-violacion-de-menor\\\/\"},\"wordCount\":302,\"publisher\":{\"@id\":\"https:\\\/\\\/www.eldiario.net\\\/portal\\\/#organization\"},\"image\":{\"@id\":\"https:\\\/\\\/www.eldiario.net\\\/portal\\\/2022\\\/06\\\/14\\\/activan-sello-amarillo-para-uno-de-los-implicados-en-violacion-de-menor\\\/#primaryimage\"},\"thumbnailUrl\":\"\",\"articleSection\":[\"Sociedad - Seguridad\"],\"inLanguage\":\"es\"},{\"@type\":\"WebPage\",\"@id\":\"https:\\\/\\\/www.eldiario.net\\\/portal\\\/2022\\\/06\\\/14\\\/activan-sello-amarillo-para-uno-de-los-implicados-en-violacion-de-menor\\\/\",\"url\":\"https:\\\/\\\/www.eldiario.net\\\/portal\\\/2022\\\/06\\\/14\\\/activan-sello-amarillo-para-uno-de-los-implicados-en-violacion-de-menor\\\/\",\"name\":\"Activan sello amarillo para uno de los implicados en violaci\u00f3n de menor - El Diario - Bolivia\",\"isPartOf\":{\"@id\":\"https:\\\/\\\/www.eldiario.net\\\/portal\\\/#website\"},\"primaryImageOfPage\":{\"@id\":\"https:\\\/\\\/www.eldiario.net\\\/portal\\\/2022\\\/06\\\/14\\\/activan-sello-amarillo-para-uno-de-los-implicados-en-violacion-de-menor\\\/#primaryimage\"},\"image\":{\"@id\":\"https:\\\/\\\/www.eldiario.net\\\/portal\\\/2022\\\/06\\\/14\\\/activan-sello-amarillo-para-uno-de-los-implicados-en-violacion-de-menor\\\/#primaryimage\"},\"thumbnailUrl\":\"\",\"datePublished\":\"2022-06-14T09:54:10+00:00\",\"breadcrumb\":{\"@id\":\"https:\\\/\\\/www.eldiario.net\\\/portal\\\/2022\\\/06\\\/14\\\/activan-sello-amarillo-para-uno-de-los-implicados-en-violacion-de-menor\\\/#breadcrumb\"},\"inLanguage\":\"es\",\"potentialAction\":[{\"@type\":\"ReadAction\",\"target\":[\"https:\\\/\\\/www.eldiario.net\\\/portal\\\/2022\\\/06\\\/14\\\/activan-sello-amarillo-para-uno-de-los-implicados-en-violacion-de-menor\\\/\"]}]},{\"@type\":\"ImageObject\",\"inLanguage\":\"es\",\"@id\":\"https:\\\/\\\/www.eldiario.net\\\/portal\\\/2022\\\/06\\\/14\\\/activan-sello-amarillo-para-uno-de-los-implicados-en-violacion-de-menor\\\/#primaryimage\",\"url\":\"\",\"contentUrl\":\"\"},{\"@type\":\"BreadcrumbList\",\"@id\":\"https:\\\/\\\/www.eldiario.net\\\/portal\\\/2022\\\/06\\\/14\\\/activan-sello-amarillo-para-uno-de-los-implicados-en-violacion-de-menor\\\/#breadcrumb\",\"itemListElement\":[{\"@type\":\"ListItem\",\"position\":1,\"name\":\"Portada\",\"item\":\"https:\\\/\\\/www.eldiario.net\\\/portal\\\/\"},{\"@type\":\"ListItem\",\"position\":2,\"name\":\"Activan sello amarillo para uno de los implicados en violaci\u00f3n de menor\"}]},{\"@type\":\"WebSite\",\"@id\":\"https:\\\/\\\/www.eldiario.net\\\/portal\\\/#website\",\"url\":\"https:\\\/\\\/www.eldiario.net\\\/portal\\\/\",\"name\":\"El Diario - Decano de la prensa nacional\",\"description\":\"El Diario - Decano de la prensa nacional\",\"publisher\":{\"@id\":\"https:\\\/\\\/www.eldiario.net\\\/portal\\\/#organization\"},\"potentialAction\":[{\"@type\":\"SearchAction\",\"target\":{\"@type\":\"EntryPoint\",\"urlTemplate\":\"https:\\\/\\\/www.eldiario.net\\\/portal\\\/?s={search_term_string}\"},\"query-input\":{\"@type\":\"PropertyValueSpecification\",\"valueRequired\":true,\"valueName\":\"search_term_string\"}}],\"inLanguage\":\"es\"},{\"@type\":\"Organization\",\"@id\":\"https:\\\/\\\/www.eldiario.net\\\/portal\\\/#organization\",\"name\":\"El Diario - Decano de la prensa nacional\",\"url\":\"https:\\\/\\\/www.eldiario.net\\\/portal\\\/\",\"logo\":{\"@type\":\"ImageObject\",\"inLanguage\":\"es\",\"@id\":\"https:\\\/\\\/www.eldiario.net\\\/portal\\\/#\\\/schema\\\/logo\\\/image\\\/\",\"url\":\"https:\\\/\\\/www.eldiario.net\\\/portal\\\/wp-content\\\/uploads\\\/2023\\\/07\\\/logo_ED.jpg\",\"contentUrl\":\"https:\\\/\\\/www.eldiario.net\\\/portal\\\/wp-content\\\/uploads\\\/2023\\\/07\\\/logo_ED.jpg\",\"width\":272,\"height\":52,\"caption\":\"El Diario - Decano de la prensa nacional\"},\"image\":{\"@id\":\"https:\\\/\\\/www.eldiario.net\\\/portal\\\/#\\\/schema\\\/logo\\\/image\\\/\"},\"sameAs\":[\"https:\\\/\\\/www.facebook.com\\\/eldiario.bolivia\\\/\",\"https:\\\/\\\/x.com\\\/eldiario_net\"]},{\"@type\":\"Person\",\"@id\":\"https:\\\/\\\/www.eldiario.net\\\/portal\\\/#\\\/schema\\\/person\\\/f46445640444750d7d753ccd04ae01b7\",\"name\":\"Jeanette\",\"image\":{\"@type\":\"ImageObject\",\"inLanguage\":\"es\",\"@id\":\"https:\\\/\\\/secure.gravatar.com\\\/avatar\\\/3ea2118a5f7dad2b7138b1187a6b7ee55f160b9968b66013c3a3ef39dd7e5798?s=96&d=mm&r=g\",\"url\":\"https:\\\/\\\/secure.gravatar.com\\\/avatar\\\/3ea2118a5f7dad2b7138b1187a6b7ee55f160b9968b66013c3a3ef39dd7e5798?s=96&d=mm&r=g\",\"contentUrl\":\"https:\\\/\\\/secure.gravatar.com\\\/avatar\\\/3ea2118a5f7dad2b7138b1187a6b7ee55f160b9968b66013c3a3ef39dd7e5798?s=96&d=mm&r=g\",\"caption\":\"Jeanette\"},\"sameAs\":[\"https:\\\/\\\/www.eldiario.net\\\/portal\"],\"url\":\"https:\\\/\\\/www.eldiario.net\\\/portal\\\/author\\\/jeanette\\\/\"}]}<\/script>\n<!-- \/ Yoast SEO plugin. -->","yoast_head_json":{"title":"Activan sello amarillo para uno de los implicados en violaci\u00f3n de menor - El Diario - Bolivia","robots":{"index":"index","follow":"follow","max-snippet":"max-snippet:-1","max-image-preview":"max-image-preview:large","max-video-preview":"max-video-preview:-1"},"canonical":"https:\/\/www.eldiario.net\/portal\/2022\/06\/14\/activan-sello-amarillo-para-uno-de-los-implicados-en-violacion-de-menor\/","og_locale":"es_ES","og_type":"article","og_title":"Activan sello amarillo para uno de los implicados en violaci\u00f3n de menor - El Diario - Bolivia","og_description":"La Interpol activ\u00f3 el sello amarillo en contra de uno de los implicados en la violaci\u00f3n del ni\u00f1o de Yapacan\u00ed, inform\u00f3 ayer el comandante de Polic\u00eda, general Jhonny Aguilera. La autoridad de la instituci\u00f3n del orden manifest\u00f3 que se presume que el sujeto se encuentra en Chile y adelant\u00f3 que se pedir\u00e1 su extradici\u00f3n. Precis\u00f3 [&hellip;]","og_url":"https:\/\/www.eldiario.net\/portal\/2022\/06\/14\/activan-sello-amarillo-para-uno-de-los-implicados-en-violacion-de-menor\/","og_site_name":"El Diario - Bolivia","article_publisher":"https:\/\/www.facebook.com\/eldiario.bolivia\/","article_published_time":"2022-06-14T09:54:10+00:00","author":"Jeanette","twitter_card":"summary_large_image","twitter_creator":"@eldiario_net","twitter_site":"@eldiario_net","twitter_misc":{"Escrito por":"Jeanette","Tiempo de lectura":"2 minutos"},"schema":{"@context":"https:\/\/schema.org","@graph":[{"@type":"Article","@id":"https:\/\/www.eldiario.net\/portal\/2022\/06\/14\/activan-sello-amarillo-para-uno-de-los-implicados-en-violacion-de-menor\/#article","isPartOf":{"@id":"https:\/\/www.eldiario.net\/portal\/2022\/06\/14\/activan-sello-amarillo-para-uno-de-los-implicados-en-violacion-de-menor\/"},"author":{"name":"Jeanette","@id":"https:\/\/www.eldiario.net\/portal\/#\/schema\/person\/f46445640444750d7d753ccd04ae01b7"},"headline":"Activan sello amarillo para uno de los implicados en violaci\u00f3n de menor","datePublished":"2022-06-14T09:54:10+00:00","mainEntityOfPage":{"@id":"https:\/\/www.eldiario.net\/portal\/2022\/06\/14\/activan-sello-amarillo-para-uno-de-los-implicados-en-violacion-de-menor\/"},"wordCount":302,"publisher":{"@id":"https:\/\/www.eldiario.net\/portal\/#organization"},"image":{"@id":"https:\/\/www.eldiario.net\/portal\/2022\/06\/14\/activan-sello-amarillo-para-uno-de-los-implicados-en-violacion-de-menor\/#primaryimage"},"thumbnailUrl":"","articleSection":["Sociedad - Seguridad"],"inLanguage":"es"},{"@type":"WebPage","@id":"https:\/\/www.eldiario.net\/portal\/2022\/06\/14\/activan-sello-amarillo-para-uno-de-los-implicados-en-violacion-de-menor\/","url":"https:\/\/www.eldiario.net\/portal\/2022\/06\/14\/activan-sello-amarillo-para-uno-de-los-implicados-en-violacion-de-menor\/","name":"Activan sello amarillo para uno de los implicados en violaci\u00f3n de menor - El Diario - Bolivia","isPartOf":{"@id":"https:\/\/www.eldiario.net\/portal\/#website"},"primaryImageOfPage":{"@id":"https:\/\/www.eldiario.net\/portal\/2022\/06\/14\/activan-sello-amarillo-para-uno-de-los-implicados-en-violacion-de-menor\/#primaryimage"},"image":{"@id":"https:\/\/www.eldiario.net\/portal\/2022\/06\/14\/activan-sello-amarillo-para-uno-de-los-implicados-en-violacion-de-menor\/#primaryimage"},"thumbnailUrl":"","datePublished":"2022-06-14T09:54:10+00:00","breadcrumb":{"@id":"https:\/\/www.eldiario.net\/portal\/2022\/06\/14\/activan-sello-amarillo-para-uno-de-los-implicados-en-violacion-de-menor\/#breadcrumb"},"inLanguage":"es","potentialAction":[{"@type":"ReadAction","target":["https:\/\/www.eldiario.net\/portal\/2022\/06\/14\/activan-sello-amarillo-para-uno-de-los-implicados-en-violacion-de-menor\/"]}]},{"@type":"ImageObject","inLanguage":"es","@id":"https:\/\/www.eldiario.net\/portal\/2022\/06\/14\/activan-sello-amarillo-para-uno-de-los-implicados-en-violacion-de-menor\/#primaryimage","url":"","contentUrl":""},{"@type":"BreadcrumbList","@id":"https:\/\/www.eldiario.net\/portal\/2022\/06\/14\/activan-sello-amarillo-para-uno-de-los-implicados-en-violacion-de-menor\/#breadcrumb","itemListElement":[{"@type":"ListItem","position":1,"name":"Portada","item":"https:\/\/www.eldiario.net\/portal\/"},{"@type":"ListItem","position":2,"name":"Activan sello amarillo para uno de los implicados en violaci\u00f3n de menor"}]},{"@type":"WebSite","@id":"https:\/\/www.eldiario.net\/portal\/#website","url":"https:\/\/www.eldiario.net\/portal\/","name":"El Diario - Decano de la prensa nacional","description":"El Diario - Decano de la prensa nacional","publisher":{"@id":"https:\/\/www.eldiario.net\/portal\/#organization"},"potentialAction":[{"@type":"SearchAction","target":{"@type":"EntryPoint","urlTemplate":"https:\/\/www.eldiario.net\/portal\/?s={search_term_string}"},"query-input":{"@type":"PropertyValueSpecification","valueRequired":true,"valueName":"search_term_string"}}],"inLanguage":"es"},{"@type":"Organization","@id":"https:\/\/www.eldiario.net\/portal\/#organization","name":"El Diario - Decano de la prensa nacional","url":"https:\/\/www.eldiario.net\/portal\/","logo":{"@type":"ImageObject","inLanguage":"es","@id":"https:\/\/www.eldiario.net\/portal\/#\/schema\/logo\/image\/","url":"https:\/\/www.eldiario.net\/portal\/wp-content\/uploads\/2023\/07\/logo_ED.jpg","contentUrl":"https:\/\/www.eldiario.net\/portal\/wp-content\/uploads\/2023\/07\/logo_ED.jpg","width":272,"height":52,"caption":"El Diario - Decano de la prensa nacional"},"image":{"@id":"https:\/\/www.eldiario.net\/portal\/#\/schema\/logo\/image\/"},"sameAs":["https:\/\/www.facebook.com\/eldiario.bolivia\/","https:\/\/x.com\/eldiario_net"]},{"@type":"Person","@id":"https:\/\/www.eldiario.net\/portal\/#\/schema\/person\/f46445640444750d7d753ccd04ae01b7","name":"Jeanette","image":{"@type":"ImageObject","inLanguage":"es","@id":"https:\/\/secure.gravatar.com\/avatar\/3ea2118a5f7dad2b7138b1187a6b7ee55f160b9968b66013c3a3ef39dd7e5798?s=96&d=mm&r=g","url":"https:\/\/secure.gravatar.com\/avatar\/3ea2118a5f7dad2b7138b1187a6b7ee55f160b9968b66013c3a3ef39dd7e5798?s=96&d=mm&r=g","contentUrl":"https:\/\/secure.gravatar.com\/avatar\/3ea2118a5f7dad2b7138b1187a6b7ee55f160b9968b66013c3a3ef39dd7e5798?s=96&d=mm&r=g","caption":"Jeanette"},"sameAs":["https:\/\/www.eldiario.net\/portal"],"url":"https:\/\/www.eldiario.net\/portal\/author\/jeanette\/"}]}},"_links":{"self":[{"href":"https:\/\/www.eldiario.net\/portal\/wp-json\/wp\/v2\/posts\/90437","targetHints":{"allow":["GET"]}}],"collection":[{"href":"https:\/\/www.eldiario.net\/portal\/wp-json\/wp\/v2\/posts"}],"about":[{"href":"https:\/\/www.eldiario.net\/portal\/wp-json\/wp\/v2\/types\/post"}],"author":[{"embeddable":true,"href":"https:\/\/www.eldiario.net\/portal\/wp-json\/wp\/v2\/users\/1"}],"replies":[{"embeddable":true,"href":"https:\/\/www.eldiario.net\/portal\/wp-json\/wp\/v2\/comments?post=90437"}],"version-history":[{"count":0,"href":"https:\/\/www.eldiario.net\/portal\/wp-json\/wp\/v2\/posts\/90437\/revisions"}],"wp:attachment":[{"href":"https:\/\/www.eldiario.net\/portal\/wp-json\/wp\/v2\/media?parent=90437"}],"wp:term":[{"taxonomy":"category","embeddable":true,"href":"https:\/\/www.eldiario.net\/portal\/wp-json\/wp\/v2\/categories?post=90437"},{"taxonomy":"post_tag","embeddable":true,"href":"https:\/\/www.eldiario.net\/portal\/wp-json\/wp\/v2\/tags?post=90437"}],"curies":[{"name":"wp","href":"https:\/\/api.w.org\/{rel}","templated":true}]}}