{"id":90433,"date":"2022-06-14T05:53:20","date_gmt":"2022-06-14T09:53:20","guid":{"rendered":"https:\/\/www.eldiario.net\/portal\/?p=90433"},"modified":"2022-06-14T05:53:20","modified_gmt":"2022-06-14T09:53:20","slug":"falta-de-independencia-judicial-hiere-de-muerte-a-la-democracia","status":"publish","type":"post","link":"https:\/\/www.eldiario.net\/portal\/2022\/06\/14\/falta-de-independencia-judicial-hiere-de-muerte-a-la-democracia\/","title":{"rendered":"Falta de independencia judicial  hiere de muerte a la democracia"},"content":{"rendered":"<p>Despu\u00e9s de que Evo Morales afirm\u00f3 que el enjuiciamiento a la expresidenta del Estado, Jeanine A\u00f1ez Ch\u00e1vez, en la v\u00eda ordinaria fue decidida por quienes detentan el poder pol\u00edtico de turno, juristas independientes ratificaron ayer que la falta de independencia judicial afecta severamente al Estado Constitucional de Derecho y hiere de muerte la democracia, generando las condiciones para la instauraci\u00f3n de un r\u00e9gimen autocr\u00e1tico.<\/p>\n<p>\u201cEl expresidente y l\u00edder del Movimiento al Socialismo (MAS), en una entrevista realizada con radio Kawsachun Coca, el domingo 12 de junio, ha afirmado que el enjuiciamiento a la expresidenta Jeanine A\u00f1ez en la v\u00eda ordinaria fue decidida por quienes detentan el poder pol\u00edtico. Textualmente ha se\u00f1alado lo siguiente: \u2018Solamente comentarles, en una reuni\u00f3n convocada por el hermano Lucho Arce, estaba David Choquehuanca, vicepresidente, (el ministro) Iv\u00e1n Lima, Ministra de la Presidencia (Mar\u00eda Nela Prada), Pacto de Unidad, no todos, (los) jefes de bancada, senadores, diputados, presidentes de las c\u00e1maras, casi coincidimos que debe ser juicio ordinario y no juicio de responsabilidades\u2019\u201d, recordaron juristas independientes.<\/p>\n<p>En ese marco manifestaron que las declaraciones emitidas por Evo Morales, no s\u00f3lo constituyen la confesi\u00f3n expresa de la lamentable injerencia pol\u00edtica en el sistema judicial del Estado; sino que demuestran la obsecuencia de jueces, magistrados y el Ministerio P\u00fablico, a las instrucciones pol\u00edticas, faltando a sus obligaciones de garantizar la independencia e imparcialidad en el ejercicio de sus funciones.<\/p>\n<p>\u201cNo son los jueces, como mandan la Constituci\u00f3n y las leyes, los que toman la determinaci\u00f3n de definir, en funci\u00f3n a la competencia que les asignan las normas del ordenamiento jur\u00eddico, la v\u00eda y jurisdicci\u00f3n en que ser\u00e1n juzgadas las exautoridades del Estado, sino el poder pol\u00edtico autoritario de turno\u201d, se lee en parte del comunicado difundido por juristas independientes.<\/p>\n<p>Lamentaron que el sistema judicial boliviano haya sido secuestrado por quienes detentan el poder pol\u00edtico, convirti\u00e9ndose en un instrumento de represi\u00f3n a la libertad de pensamiento, expresi\u00f3n y opini\u00f3n, afectando el Estado Constitucional de Derecho y la democracia.<\/p>\n<p>\u201cInsistimos que la falta de independencia e imparcialidad de los jueces y magistrados se debe, en gran parte, junto a la visi\u00f3n autoritaria de los gobernantes, al sistema de selecci\u00f3n y designaci\u00f3n de magistrados de los altos tribunales de justicia, as\u00ed como de los jueces de instancia y de apelaci\u00f3n, previstos por la Constituci\u00f3n y las leyes; raz\u00f3n por la que, para restablecer la independencia judicial, se requiere de urgentes medidas para la transformaci\u00f3n de la justicia, siendo una de ellas la reforma parcial de la Constituci\u00f3n mediante Referendo Popular v\u00eda iniciativa ciudadana\u201d, advirtieron.<\/p>\n<p>Finalmente, los juristas independientes alertaron que una mantenida conducta autoritaria de los gobernantes y, peor, un desconocimiento tan grosero de la independencia judicial de parte de los mismos, puede dar lugar al desconocimiento abierto de la Constituci\u00f3n, como ocurri\u00f3 el a\u00f1o 2017 con la ilegal Sentencia Constitucional 0084\/2017 que desat\u00f3 la penosa crisis del a\u00f1o 2019, cuyos efectos a\u00fan no se superaron y que hoy siguen afectando la convivencia democr\u00e1tica de los bolivianos.<\/p>\n<p>&nbsp;<\/p>\n","protected":false},"excerpt":{"rendered":"<p>Despu\u00e9s de que Evo Morales afirm\u00f3 que el enjuiciamiento a la expresidenta del Estado, Jeanine A\u00f1ez Ch\u00e1vez, en la v\u00eda ordinaria fue decidida por quienes detentan el poder pol\u00edtico de turno, juristas independientes ratificaron ayer que la falta de independencia judicial afecta severamente al Estado Constitucional de Derecho y hiere de muerte la democracia, generando [&hellip;]<\/p>\n","protected":false},"author":1,"featured_media":90434,"comment_status":"closed","ping_status":"closed","sticky":false,"template":"","format":"standard","meta":{"_acf_changed":false,"footnotes":""},"categories":[39],"tags":[],"class_list":["post-90433","post","type-post","status-publish","format-standard","has-post-thumbnail","category-sociedad"],"acf":{"antetitulo":""},"yoast_head":"<!-- This site is optimized with the Yoast SEO plugin v28.4 - https:\/\/yoast.com\/product\/yoast-seo-wordpress\/ -->\n<title>Falta de independencia judicial hiere de muerte a la democracia - El Diario - Bolivia<\/title>\n<meta name=\"robots\" content=\"index, follow, max-snippet:-1, max-image-preview:large, max-video-preview:-1\" \/>\n<link rel=\"canonical\" href=\"https:\/\/www.eldiario.net\/portal\/2022\/06\/14\/falta-de-independencia-judicial-hiere-de-muerte-a-la-democracia\/\" \/>\n<meta property=\"og:locale\" content=\"es_ES\" \/>\n<meta property=\"og:type\" content=\"article\" \/>\n<meta property=\"og:title\" content=\"Falta de independencia judicial hiere de muerte a la democracia - El Diario - Bolivia\" \/>\n<meta property=\"og:description\" content=\"Despu\u00e9s de que Evo Morales afirm\u00f3 que el enjuiciamiento a la expresidenta del Estado, Jeanine A\u00f1ez Ch\u00e1vez, en la v\u00eda ordinaria fue decidida por quienes detentan el poder pol\u00edtico de turno, juristas independientes ratificaron ayer que la falta de independencia judicial afecta severamente al Estado Constitucional de Derecho y hiere de muerte la democracia, generando [&hellip;]\" \/>\n<meta property=\"og:url\" content=\"https:\/\/www.eldiario.net\/portal\/2022\/06\/14\/falta-de-independencia-judicial-hiere-de-muerte-a-la-democracia\/\" \/>\n<meta property=\"og:site_name\" content=\"El Diario - Bolivia\" \/>\n<meta property=\"article:publisher\" content=\"https:\/\/www.facebook.com\/eldiario.bolivia\/\" \/>\n<meta property=\"article:published_time\" content=\"2022-06-14T09:53:20+00:00\" \/>\n<meta property=\"og:image\" content=\"https:\/\/www.eldiario.net\/portal\/wp-content\/uploads\/2022\/06\/GRANADO-FOTO.jpg\" \/>\n\t<meta property=\"og:image:width\" content=\"1200\" \/>\n\t<meta property=\"og:image:height\" content=\"675\" \/>\n\t<meta property=\"og:image:type\" content=\"image\/jpeg\" \/>\n<meta name=\"author\" content=\"Jeanette\" \/>\n<meta name=\"twitter:card\" content=\"summary_large_image\" \/>\n<meta name=\"twitter:creator\" content=\"@eldiario_net\" \/>\n<meta name=\"twitter:site\" content=\"@eldiario_net\" \/>\n<meta name=\"twitter:label1\" content=\"Escrito por\" \/>\n\t<meta name=\"twitter:data1\" content=\"Jeanette\" \/>\n\t<meta name=\"twitter:label2\" content=\"Tiempo de lectura\" \/>\n\t<meta name=\"twitter:data2\" content=\"3 minutos\" \/>\n<script type=\"application\/ld+json\" class=\"yoast-schema-graph\">{\"@context\":\"https:\\\/\\\/schema.org\",\"@graph\":[{\"@type\":\"Article\",\"@id\":\"https:\\\/\\\/www.eldiario.net\\\/portal\\\/2022\\\/06\\\/14\\\/falta-de-independencia-judicial-hiere-de-muerte-a-la-democracia\\\/#article\",\"isPartOf\":{\"@id\":\"https:\\\/\\\/www.eldiario.net\\\/portal\\\/2022\\\/06\\\/14\\\/falta-de-independencia-judicial-hiere-de-muerte-a-la-democracia\\\/\"},\"author\":{\"name\":\"Jeanette\",\"@id\":\"https:\\\/\\\/www.eldiario.net\\\/portal\\\/#\\\/schema\\\/person\\\/f46445640444750d7d753ccd04ae01b7\"},\"headline\":\"Falta de independencia judicial hiere de muerte a la democracia\",\"datePublished\":\"2022-06-14T09:53:20+00:00\",\"mainEntityOfPage\":{\"@id\":\"https:\\\/\\\/www.eldiario.net\\\/portal\\\/2022\\\/06\\\/14\\\/falta-de-independencia-judicial-hiere-de-muerte-a-la-democracia\\\/\"},\"wordCount\":550,\"publisher\":{\"@id\":\"https:\\\/\\\/www.eldiario.net\\\/portal\\\/#organization\"},\"image\":{\"@id\":\"https:\\\/\\\/www.eldiario.net\\\/portal\\\/2022\\\/06\\\/14\\\/falta-de-independencia-judicial-hiere-de-muerte-a-la-democracia\\\/#primaryimage\"},\"thumbnailUrl\":\"https:\\\/\\\/www.eldiario.net\\\/portal\\\/wp-content\\\/uploads\\\/2022\\\/06\\\/GRANADO-FOTO.jpg\",\"articleSection\":[\"Sociedad - Seguridad\"],\"inLanguage\":\"es\"},{\"@type\":\"WebPage\",\"@id\":\"https:\\\/\\\/www.eldiario.net\\\/portal\\\/2022\\\/06\\\/14\\\/falta-de-independencia-judicial-hiere-de-muerte-a-la-democracia\\\/\",\"url\":\"https:\\\/\\\/www.eldiario.net\\\/portal\\\/2022\\\/06\\\/14\\\/falta-de-independencia-judicial-hiere-de-muerte-a-la-democracia\\\/\",\"name\":\"Falta de independencia judicial hiere de muerte a la democracia - El Diario - Bolivia\",\"isPartOf\":{\"@id\":\"https:\\\/\\\/www.eldiario.net\\\/portal\\\/#website\"},\"primaryImageOfPage\":{\"@id\":\"https:\\\/\\\/www.eldiario.net\\\/portal\\\/2022\\\/06\\\/14\\\/falta-de-independencia-judicial-hiere-de-muerte-a-la-democracia\\\/#primaryimage\"},\"image\":{\"@id\":\"https:\\\/\\\/www.eldiario.net\\\/portal\\\/2022\\\/06\\\/14\\\/falta-de-independencia-judicial-hiere-de-muerte-a-la-democracia\\\/#primaryimage\"},\"thumbnailUrl\":\"https:\\\/\\\/www.eldiario.net\\\/portal\\\/wp-content\\\/uploads\\\/2022\\\/06\\\/GRANADO-FOTO.jpg\",\"datePublished\":\"2022-06-14T09:53:20+00:00\",\"breadcrumb\":{\"@id\":\"https:\\\/\\\/www.eldiario.net\\\/portal\\\/2022\\\/06\\\/14\\\/falta-de-independencia-judicial-hiere-de-muerte-a-la-democracia\\\/#breadcrumb\"},\"inLanguage\":\"es\",\"potentialAction\":[{\"@type\":\"ReadAction\",\"target\":[\"https:\\\/\\\/www.eldiario.net\\\/portal\\\/2022\\\/06\\\/14\\\/falta-de-independencia-judicial-hiere-de-muerte-a-la-democracia\\\/\"]}]},{\"@type\":\"ImageObject\",\"inLanguage\":\"es\",\"@id\":\"https:\\\/\\\/www.eldiario.net\\\/portal\\\/2022\\\/06\\\/14\\\/falta-de-independencia-judicial-hiere-de-muerte-a-la-democracia\\\/#primaryimage\",\"url\":\"https:\\\/\\\/www.eldiario.net\\\/portal\\\/wp-content\\\/uploads\\\/2022\\\/06\\\/GRANADO-FOTO.jpg\",\"contentUrl\":\"https:\\\/\\\/www.eldiario.net\\\/portal\\\/wp-content\\\/uploads\\\/2022\\\/06\\\/GRANADO-FOTO.jpg\",\"width\":1200,\"height\":675,\"caption\":\"FOTO ILUSTRATIVA\"},{\"@type\":\"BreadcrumbList\",\"@id\":\"https:\\\/\\\/www.eldiario.net\\\/portal\\\/2022\\\/06\\\/14\\\/falta-de-independencia-judicial-hiere-de-muerte-a-la-democracia\\\/#breadcrumb\",\"itemListElement\":[{\"@type\":\"ListItem\",\"position\":1,\"name\":\"Portada\",\"item\":\"https:\\\/\\\/www.eldiario.net\\\/portal\\\/\"},{\"@type\":\"ListItem\",\"position\":2,\"name\":\"Falta de independencia judicial hiere de muerte a la democracia\"}]},{\"@type\":\"WebSite\",\"@id\":\"https:\\\/\\\/www.eldiario.net\\\/portal\\\/#website\",\"url\":\"https:\\\/\\\/www.eldiario.net\\\/portal\\\/\",\"name\":\"El Diario - Decano de la prensa nacional\",\"description\":\"El Diario - Decano de la prensa nacional\",\"publisher\":{\"@id\":\"https:\\\/\\\/www.eldiario.net\\\/portal\\\/#organization\"},\"potentialAction\":[{\"@type\":\"SearchAction\",\"target\":{\"@type\":\"EntryPoint\",\"urlTemplate\":\"https:\\\/\\\/www.eldiario.net\\\/portal\\\/?s={search_term_string}\"},\"query-input\":{\"@type\":\"PropertyValueSpecification\",\"valueRequired\":true,\"valueName\":\"search_term_string\"}}],\"inLanguage\":\"es\"},{\"@type\":\"Organization\",\"@id\":\"https:\\\/\\\/www.eldiario.net\\\/portal\\\/#organization\",\"name\":\"El Diario - Decano de la prensa nacional\",\"url\":\"https:\\\/\\\/www.eldiario.net\\\/portal\\\/\",\"logo\":{\"@type\":\"ImageObject\",\"inLanguage\":\"es\",\"@id\":\"https:\\\/\\\/www.eldiario.net\\\/portal\\\/#\\\/schema\\\/logo\\\/image\\\/\",\"url\":\"https:\\\/\\\/www.eldiario.net\\\/portal\\\/wp-content\\\/uploads\\\/2023\\\/07\\\/logo_ED.jpg\",\"contentUrl\":\"https:\\\/\\\/www.eldiario.net\\\/portal\\\/wp-content\\\/uploads\\\/2023\\\/07\\\/logo_ED.jpg\",\"width\":272,\"height\":52,\"caption\":\"El Diario - Decano de la prensa nacional\"},\"image\":{\"@id\":\"https:\\\/\\\/www.eldiario.net\\\/portal\\\/#\\\/schema\\\/logo\\\/image\\\/\"},\"sameAs\":[\"https:\\\/\\\/www.facebook.com\\\/eldiario.bolivia\\\/\",\"https:\\\/\\\/x.com\\\/eldiario_net\"]},{\"@type\":\"Person\",\"@id\":\"https:\\\/\\\/www.eldiario.net\\\/portal\\\/#\\\/schema\\\/person\\\/f46445640444750d7d753ccd04ae01b7\",\"name\":\"Jeanette\",\"image\":{\"@type\":\"ImageObject\",\"inLanguage\":\"es\",\"@id\":\"https:\\\/\\\/secure.gravatar.com\\\/avatar\\\/3ea2118a5f7dad2b7138b1187a6b7ee55f160b9968b66013c3a3ef39dd7e5798?s=96&d=mm&r=g\",\"url\":\"https:\\\/\\\/secure.gravatar.com\\\/avatar\\\/3ea2118a5f7dad2b7138b1187a6b7ee55f160b9968b66013c3a3ef39dd7e5798?s=96&d=mm&r=g\",\"contentUrl\":\"https:\\\/\\\/secure.gravatar.com\\\/avatar\\\/3ea2118a5f7dad2b7138b1187a6b7ee55f160b9968b66013c3a3ef39dd7e5798?s=96&d=mm&r=g\",\"caption\":\"Jeanette\"},\"sameAs\":[\"https:\\\/\\\/www.eldiario.net\\\/portal\"],\"url\":\"https:\\\/\\\/www.eldiario.net\\\/portal\\\/author\\\/jeanette\\\/\"}]}<\/script>\n<!-- \/ Yoast SEO plugin. -->","yoast_head_json":{"title":"Falta de independencia judicial hiere de muerte a la democracia - El Diario - Bolivia","robots":{"index":"index","follow":"follow","max-snippet":"max-snippet:-1","max-image-preview":"max-image-preview:large","max-video-preview":"max-video-preview:-1"},"canonical":"https:\/\/www.eldiario.net\/portal\/2022\/06\/14\/falta-de-independencia-judicial-hiere-de-muerte-a-la-democracia\/","og_locale":"es_ES","og_type":"article","og_title":"Falta de independencia judicial hiere de muerte a la democracia - El Diario - Bolivia","og_description":"Despu\u00e9s de que Evo Morales afirm\u00f3 que el enjuiciamiento a la expresidenta del Estado, Jeanine A\u00f1ez Ch\u00e1vez, en la v\u00eda ordinaria fue decidida por quienes detentan el poder pol\u00edtico de turno, juristas independientes ratificaron ayer que la falta de independencia judicial afecta severamente al Estado Constitucional de Derecho y hiere de muerte la democracia, generando [&hellip;]","og_url":"https:\/\/www.eldiario.net\/portal\/2022\/06\/14\/falta-de-independencia-judicial-hiere-de-muerte-a-la-democracia\/","og_site_name":"El Diario - Bolivia","article_publisher":"https:\/\/www.facebook.com\/eldiario.bolivia\/","article_published_time":"2022-06-14T09:53:20+00:00","og_image":[{"width":1200,"height":675,"url":"https:\/\/www.eldiario.net\/portal\/wp-content\/uploads\/2022\/06\/GRANADO-FOTO.jpg","type":"image\/jpeg"}],"author":"Jeanette","twitter_card":"summary_large_image","twitter_creator":"@eldiario_net","twitter_site":"@eldiario_net","twitter_misc":{"Escrito por":"Jeanette","Tiempo de lectura":"3 minutos"},"schema":{"@context":"https:\/\/schema.org","@graph":[{"@type":"Article","@id":"https:\/\/www.eldiario.net\/portal\/2022\/06\/14\/falta-de-independencia-judicial-hiere-de-muerte-a-la-democracia\/#article","isPartOf":{"@id":"https:\/\/www.eldiario.net\/portal\/2022\/06\/14\/falta-de-independencia-judicial-hiere-de-muerte-a-la-democracia\/"},"author":{"name":"Jeanette","@id":"https:\/\/www.eldiario.net\/portal\/#\/schema\/person\/f46445640444750d7d753ccd04ae01b7"},"headline":"Falta de independencia judicial hiere de muerte a la democracia","datePublished":"2022-06-14T09:53:20+00:00","mainEntityOfPage":{"@id":"https:\/\/www.eldiario.net\/portal\/2022\/06\/14\/falta-de-independencia-judicial-hiere-de-muerte-a-la-democracia\/"},"wordCount":550,"publisher":{"@id":"https:\/\/www.eldiario.net\/portal\/#organization"},"image":{"@id":"https:\/\/www.eldiario.net\/portal\/2022\/06\/14\/falta-de-independencia-judicial-hiere-de-muerte-a-la-democracia\/#primaryimage"},"thumbnailUrl":"https:\/\/www.eldiario.net\/portal\/wp-content\/uploads\/2022\/06\/GRANADO-FOTO.jpg","articleSection":["Sociedad - Seguridad"],"inLanguage":"es"},{"@type":"WebPage","@id":"https:\/\/www.eldiario.net\/portal\/2022\/06\/14\/falta-de-independencia-judicial-hiere-de-muerte-a-la-democracia\/","url":"https:\/\/www.eldiario.net\/portal\/2022\/06\/14\/falta-de-independencia-judicial-hiere-de-muerte-a-la-democracia\/","name":"Falta de independencia judicial hiere de muerte a la democracia - El Diario - Bolivia","isPartOf":{"@id":"https:\/\/www.eldiario.net\/portal\/#website"},"primaryImageOfPage":{"@id":"https:\/\/www.eldiario.net\/portal\/2022\/06\/14\/falta-de-independencia-judicial-hiere-de-muerte-a-la-democracia\/#primaryimage"},"image":{"@id":"https:\/\/www.eldiario.net\/portal\/2022\/06\/14\/falta-de-independencia-judicial-hiere-de-muerte-a-la-democracia\/#primaryimage"},"thumbnailUrl":"https:\/\/www.eldiario.net\/portal\/wp-content\/uploads\/2022\/06\/GRANADO-FOTO.jpg","datePublished":"2022-06-14T09:53:20+00:00","breadcrumb":{"@id":"https:\/\/www.eldiario.net\/portal\/2022\/06\/14\/falta-de-independencia-judicial-hiere-de-muerte-a-la-democracia\/#breadcrumb"},"inLanguage":"es","potentialAction":[{"@type":"ReadAction","target":["https:\/\/www.eldiario.net\/portal\/2022\/06\/14\/falta-de-independencia-judicial-hiere-de-muerte-a-la-democracia\/"]}]},{"@type":"ImageObject","inLanguage":"es","@id":"https:\/\/www.eldiario.net\/portal\/2022\/06\/14\/falta-de-independencia-judicial-hiere-de-muerte-a-la-democracia\/#primaryimage","url":"https:\/\/www.eldiario.net\/portal\/wp-content\/uploads\/2022\/06\/GRANADO-FOTO.jpg","contentUrl":"https:\/\/www.eldiario.net\/portal\/wp-content\/uploads\/2022\/06\/GRANADO-FOTO.jpg","width":1200,"height":675,"caption":"FOTO ILUSTRATIVA"},{"@type":"BreadcrumbList","@id":"https:\/\/www.eldiario.net\/portal\/2022\/06\/14\/falta-de-independencia-judicial-hiere-de-muerte-a-la-democracia\/#breadcrumb","itemListElement":[{"@type":"ListItem","position":1,"name":"Portada","item":"https:\/\/www.eldiario.net\/portal\/"},{"@type":"ListItem","position":2,"name":"Falta de independencia judicial hiere de muerte a la democracia"}]},{"@type":"WebSite","@id":"https:\/\/www.eldiario.net\/portal\/#website","url":"https:\/\/www.eldiario.net\/portal\/","name":"El Diario - Decano de la prensa nacional","description":"El Diario - Decano de la prensa nacional","publisher":{"@id":"https:\/\/www.eldiario.net\/portal\/#organization"},"potentialAction":[{"@type":"SearchAction","target":{"@type":"EntryPoint","urlTemplate":"https:\/\/www.eldiario.net\/portal\/?s={search_term_string}"},"query-input":{"@type":"PropertyValueSpecification","valueRequired":true,"valueName":"search_term_string"}}],"inLanguage":"es"},{"@type":"Organization","@id":"https:\/\/www.eldiario.net\/portal\/#organization","name":"El Diario - Decano de la prensa nacional","url":"https:\/\/www.eldiario.net\/portal\/","logo":{"@type":"ImageObject","inLanguage":"es","@id":"https:\/\/www.eldiario.net\/portal\/#\/schema\/logo\/image\/","url":"https:\/\/www.eldiario.net\/portal\/wp-content\/uploads\/2023\/07\/logo_ED.jpg","contentUrl":"https:\/\/www.eldiario.net\/portal\/wp-content\/uploads\/2023\/07\/logo_ED.jpg","width":272,"height":52,"caption":"El Diario - Decano de la prensa nacional"},"image":{"@id":"https:\/\/www.eldiario.net\/portal\/#\/schema\/logo\/image\/"},"sameAs":["https:\/\/www.facebook.com\/eldiario.bolivia\/","https:\/\/x.com\/eldiario_net"]},{"@type":"Person","@id":"https:\/\/www.eldiario.net\/portal\/#\/schema\/person\/f46445640444750d7d753ccd04ae01b7","name":"Jeanette","image":{"@type":"ImageObject","inLanguage":"es","@id":"https:\/\/secure.gravatar.com\/avatar\/3ea2118a5f7dad2b7138b1187a6b7ee55f160b9968b66013c3a3ef39dd7e5798?s=96&d=mm&r=g","url":"https:\/\/secure.gravatar.com\/avatar\/3ea2118a5f7dad2b7138b1187a6b7ee55f160b9968b66013c3a3ef39dd7e5798?s=96&d=mm&r=g","contentUrl":"https:\/\/secure.gravatar.com\/avatar\/3ea2118a5f7dad2b7138b1187a6b7ee55f160b9968b66013c3a3ef39dd7e5798?s=96&d=mm&r=g","caption":"Jeanette"},"sameAs":["https:\/\/www.eldiario.net\/portal"],"url":"https:\/\/www.eldiario.net\/portal\/author\/jeanette\/"}]}},"_links":{"self":[{"href":"https:\/\/www.eldiario.net\/portal\/wp-json\/wp\/v2\/posts\/90433","targetHints":{"allow":["GET"]}}],"collection":[{"href":"https:\/\/www.eldiario.net\/portal\/wp-json\/wp\/v2\/posts"}],"about":[{"href":"https:\/\/www.eldiario.net\/portal\/wp-json\/wp\/v2\/types\/post"}],"author":[{"embeddable":true,"href":"https:\/\/www.eldiario.net\/portal\/wp-json\/wp\/v2\/users\/1"}],"replies":[{"embeddable":true,"href":"https:\/\/www.eldiario.net\/portal\/wp-json\/wp\/v2\/comments?post=90433"}],"version-history":[{"count":0,"href":"https:\/\/www.eldiario.net\/portal\/wp-json\/wp\/v2\/posts\/90433\/revisions"}],"wp:featuredmedia":[{"embeddable":true,"href":"https:\/\/www.eldiario.net\/portal\/wp-json\/wp\/v2\/media\/90434"}],"wp:attachment":[{"href":"https:\/\/www.eldiario.net\/portal\/wp-json\/wp\/v2\/media?parent=90433"}],"wp:term":[{"taxonomy":"category","embeddable":true,"href":"https:\/\/www.eldiario.net\/portal\/wp-json\/wp\/v2\/categories?post=90433"},{"taxonomy":"post_tag","embeddable":true,"href":"https:\/\/www.eldiario.net\/portal\/wp-json\/wp\/v2\/tags?post=90433"}],"curies":[{"name":"wp","href":"https:\/\/api.w.org\/{rel}","templated":true}]}}