{"id":90429,"date":"2022-06-14T05:52:22","date_gmt":"2022-06-14T09:52:22","guid":{"rendered":"https:\/\/www.eldiario.net\/portal\/?p=90429"},"modified":"2022-06-14T05:52:22","modified_gmt":"2022-06-14T09:52:22","slug":"realizan-inspeccion-a-joyeria-eurochronos","status":"publish","type":"post","link":"https:\/\/www.eldiario.net\/portal\/2022\/06\/14\/realizan-inspeccion-a-joyeria-eurochronos\/","title":{"rendered":"Realizan inspecci\u00f3n  a joyer\u00eda Eurochronos"},"content":{"rendered":"<p>A las 9:30 horas de ayer, los acusadores y acusados del caso Eurochronos realizaron una inspecci\u00f3n ocular al lugar de los hechos, donde el 13 de julio de 2017 se registr\u00f3 un asalto armado que dej\u00f3 el saldo de cinco muertos y siete heridos, inform\u00f3 a EL DIARIO el abogado Jorge Santistevan que patrocina a la familia de la v\u00edctima fatal, Ana Lorena Torres.<\/p>\n<p>Santistevan precis\u00f3 que el objetivo de la inspecci\u00f3n ocular al lugar de los hechos, era para que los miembros del Tribunal Cuarto de Sentencia, compuesta por tres jueces, tengan una idea de c\u00f3mo era el ambiente y que se explique \u201cin situ\u201d los acontecimientos que se desarrollaron el 13 de julio de 2017.<\/p>\n<p>\u201cSe pone en contexto al tribunal en el lugar de los hechos. Nosotros y el Ministerio P\u00fablico hicimos una explicaci\u00f3n para que el tribunal pueda fijar el ambiente del lugar del suceso. Escucharon todo el relato del momento en que se suscit\u00f3 la intervenci\u00f3n de los atacadores y el movimiento que hicieron desde la calle, desde la acera externa de la avenida Velarde y al interior del edificio. Examinaron el ambiente, el lugar, escucharon las explicaciones; la parte acusada observ\u00f3 algunos detalles que consideraron improcedentes pero que fueron rechazados\u201d, explic\u00f3.<\/p>\n<p>Manifest\u00f3 que en el acto jur\u00eddico estaban presentes los abogados y testigos de las v\u00edctimas que fueron consultados por los jueces para la acumulaci\u00f3n de mayores elementos de prueba para encaminar a la sentencia final.<\/p>\n<p>El asalto con v\u00edctimas fatales entre las que figura la exgerente administrativa y financiera Ana Lorena Torres Torrico dej\u00f3 tambi\u00e9n herido al exgerente de Eurochronos, Erick Pe\u00f1a, que estuvo presente en la inspecci\u00f3n.<\/p>\n<p>Por otro lado, Gonzalo Medina, exdirector de la Fuerza Especial de Lucha Contra el Crimen (Felcc), consider\u00f3 que la inspecci\u00f3n es un acto medi\u00e1tico y asegur\u00f3 que al tomar conocimiento del asalto a Eurochronos acudieron unos 500 polic\u00edas y todos los jefes de ese entonces.<\/p>\n<p>Seg\u00fan publicaci\u00f3n de El Deber, Medina dijo que \u00e9l es el \u00fanico jefe procesado junto a otros cuatro polic\u00edas. Medina reiter\u00f3 que no tiene nada que ver con la muerte de Ana Lorena Torres, por lo que espera una sentencia absolutoria. El exjefe policial rest\u00f3 importancia al testimonio de Erick Pe\u00f1a, porque asegura que falt\u00f3 a la vedad.<\/p>\n<p>Asimismo la fiscal Yolanda Aguilera afirm\u00f3 que el juicio ya entra en su recta final y que la Fiscal\u00eda present\u00f3 abundantes pruebas documentales, testificales y periciales contundentes y solo se espera el veredicto final.<\/p>\n<p>Para las 9:30 de hoy se fij\u00f3 una nueva audiencia con la presentaci\u00f3n de pruebas de la parte acusada. En el caso seis polic\u00edas son investigados, dos dado de baja y cuatro en servicio activo.<\/p>\n","protected":false},"excerpt":{"rendered":"<p>A las 9:30 horas de ayer, los acusadores y acusados del caso Eurochronos realizaron una inspecci\u00f3n ocular al lugar de los hechos, donde el 13 de julio de 2017 se registr\u00f3 un asalto armado que dej\u00f3 el saldo de cinco muertos y siete heridos, inform\u00f3 a EL DIARIO el abogado Jorge Santistevan que patrocina a [&hellip;]<\/p>\n","protected":false},"author":1,"featured_media":90430,"comment_status":"closed","ping_status":"closed","sticky":false,"template":"","format":"standard","meta":{"_acf_changed":false,"footnotes":""},"categories":[39],"tags":[],"class_list":["post-90429","post","type-post","status-publish","format-standard","has-post-thumbnail","category-sociedad"],"acf":{"antetitulo":""},"yoast_head":"<!-- This site is optimized with the Yoast SEO plugin v28.4 - https:\/\/yoast.com\/product\/yoast-seo-wordpress\/ -->\n<title>Realizan inspecci\u00f3n a joyer\u00eda Eurochronos - El Diario - Bolivia<\/title>\n<meta name=\"robots\" content=\"index, follow, max-snippet:-1, max-image-preview:large, max-video-preview:-1\" \/>\n<link rel=\"canonical\" href=\"https:\/\/www.eldiario.net\/portal\/2022\/06\/14\/realizan-inspeccion-a-joyeria-eurochronos\/\" \/>\n<meta property=\"og:locale\" content=\"es_ES\" \/>\n<meta property=\"og:type\" content=\"article\" \/>\n<meta property=\"og:title\" content=\"Realizan inspecci\u00f3n a joyer\u00eda Eurochronos - El Diario - Bolivia\" \/>\n<meta property=\"og:description\" content=\"A las 9:30 horas de ayer, los acusadores y acusados del caso Eurochronos realizaron una inspecci\u00f3n ocular al lugar de los hechos, donde el 13 de julio de 2017 se registr\u00f3 un asalto armado que dej\u00f3 el saldo de cinco muertos y siete heridos, inform\u00f3 a EL DIARIO el abogado Jorge Santistevan que patrocina a [&hellip;]\" \/>\n<meta property=\"og:url\" content=\"https:\/\/www.eldiario.net\/portal\/2022\/06\/14\/realizan-inspeccion-a-joyeria-eurochronos\/\" \/>\n<meta property=\"og:site_name\" content=\"El Diario - Bolivia\" \/>\n<meta property=\"article:publisher\" content=\"https:\/\/www.facebook.com\/eldiario.bolivia\/\" \/>\n<meta property=\"article:published_time\" content=\"2022-06-14T09:52:22+00:00\" \/>\n<meta name=\"author\" content=\"Jeanette\" \/>\n<meta name=\"twitter:card\" content=\"summary_large_image\" \/>\n<meta name=\"twitter:creator\" content=\"@eldiario_net\" \/>\n<meta name=\"twitter:site\" content=\"@eldiario_net\" \/>\n<meta name=\"twitter:label1\" content=\"Escrito por\" \/>\n\t<meta name=\"twitter:data1\" content=\"Jeanette\" \/>\n\t<meta name=\"twitter:label2\" content=\"Tiempo de lectura\" \/>\n\t<meta name=\"twitter:data2\" content=\"3 minutos\" \/>\n<script type=\"application\/ld+json\" class=\"yoast-schema-graph\">{\"@context\":\"https:\\\/\\\/schema.org\",\"@graph\":[{\"@type\":\"Article\",\"@id\":\"https:\\\/\\\/www.eldiario.net\\\/portal\\\/2022\\\/06\\\/14\\\/realizan-inspeccion-a-joyeria-eurochronos\\\/#article\",\"isPartOf\":{\"@id\":\"https:\\\/\\\/www.eldiario.net\\\/portal\\\/2022\\\/06\\\/14\\\/realizan-inspeccion-a-joyeria-eurochronos\\\/\"},\"author\":{\"name\":\"Jeanette\",\"@id\":\"https:\\\/\\\/www.eldiario.net\\\/portal\\\/#\\\/schema\\\/person\\\/f46445640444750d7d753ccd04ae01b7\"},\"headline\":\"Realizan inspecci\u00f3n a joyer\u00eda Eurochronos\",\"datePublished\":\"2022-06-14T09:52:22+00:00\",\"mainEntityOfPage\":{\"@id\":\"https:\\\/\\\/www.eldiario.net\\\/portal\\\/2022\\\/06\\\/14\\\/realizan-inspeccion-a-joyeria-eurochronos\\\/\"},\"wordCount\":471,\"publisher\":{\"@id\":\"https:\\\/\\\/www.eldiario.net\\\/portal\\\/#organization\"},\"image\":{\"@id\":\"https:\\\/\\\/www.eldiario.net\\\/portal\\\/2022\\\/06\\\/14\\\/realizan-inspeccion-a-joyeria-eurochronos\\\/#primaryimage\"},\"thumbnailUrl\":\"\",\"articleSection\":[\"Sociedad - Seguridad\"],\"inLanguage\":\"es\"},{\"@type\":\"WebPage\",\"@id\":\"https:\\\/\\\/www.eldiario.net\\\/portal\\\/2022\\\/06\\\/14\\\/realizan-inspeccion-a-joyeria-eurochronos\\\/\",\"url\":\"https:\\\/\\\/www.eldiario.net\\\/portal\\\/2022\\\/06\\\/14\\\/realizan-inspeccion-a-joyeria-eurochronos\\\/\",\"name\":\"Realizan inspecci\u00f3n a joyer\u00eda Eurochronos - El Diario - Bolivia\",\"isPartOf\":{\"@id\":\"https:\\\/\\\/www.eldiario.net\\\/portal\\\/#website\"},\"primaryImageOfPage\":{\"@id\":\"https:\\\/\\\/www.eldiario.net\\\/portal\\\/2022\\\/06\\\/14\\\/realizan-inspeccion-a-joyeria-eurochronos\\\/#primaryimage\"},\"image\":{\"@id\":\"https:\\\/\\\/www.eldiario.net\\\/portal\\\/2022\\\/06\\\/14\\\/realizan-inspeccion-a-joyeria-eurochronos\\\/#primaryimage\"},\"thumbnailUrl\":\"\",\"datePublished\":\"2022-06-14T09:52:22+00:00\",\"breadcrumb\":{\"@id\":\"https:\\\/\\\/www.eldiario.net\\\/portal\\\/2022\\\/06\\\/14\\\/realizan-inspeccion-a-joyeria-eurochronos\\\/#breadcrumb\"},\"inLanguage\":\"es\",\"potentialAction\":[{\"@type\":\"ReadAction\",\"target\":[\"https:\\\/\\\/www.eldiario.net\\\/portal\\\/2022\\\/06\\\/14\\\/realizan-inspeccion-a-joyeria-eurochronos\\\/\"]}]},{\"@type\":\"ImageObject\",\"inLanguage\":\"es\",\"@id\":\"https:\\\/\\\/www.eldiario.net\\\/portal\\\/2022\\\/06\\\/14\\\/realizan-inspeccion-a-joyeria-eurochronos\\\/#primaryimage\",\"url\":\"\",\"contentUrl\":\"\"},{\"@type\":\"BreadcrumbList\",\"@id\":\"https:\\\/\\\/www.eldiario.net\\\/portal\\\/2022\\\/06\\\/14\\\/realizan-inspeccion-a-joyeria-eurochronos\\\/#breadcrumb\",\"itemListElement\":[{\"@type\":\"ListItem\",\"position\":1,\"name\":\"Portada\",\"item\":\"https:\\\/\\\/www.eldiario.net\\\/portal\\\/\"},{\"@type\":\"ListItem\",\"position\":2,\"name\":\"Realizan inspecci\u00f3n a joyer\u00eda Eurochronos\"}]},{\"@type\":\"WebSite\",\"@id\":\"https:\\\/\\\/www.eldiario.net\\\/portal\\\/#website\",\"url\":\"https:\\\/\\\/www.eldiario.net\\\/portal\\\/\",\"name\":\"El Diario - Decano de la prensa nacional\",\"description\":\"El Diario - Decano de la prensa nacional\",\"publisher\":{\"@id\":\"https:\\\/\\\/www.eldiario.net\\\/portal\\\/#organization\"},\"potentialAction\":[{\"@type\":\"SearchAction\",\"target\":{\"@type\":\"EntryPoint\",\"urlTemplate\":\"https:\\\/\\\/www.eldiario.net\\\/portal\\\/?s={search_term_string}\"},\"query-input\":{\"@type\":\"PropertyValueSpecification\",\"valueRequired\":true,\"valueName\":\"search_term_string\"}}],\"inLanguage\":\"es\"},{\"@type\":\"Organization\",\"@id\":\"https:\\\/\\\/www.eldiario.net\\\/portal\\\/#organization\",\"name\":\"El Diario - Decano de la prensa nacional\",\"url\":\"https:\\\/\\\/www.eldiario.net\\\/portal\\\/\",\"logo\":{\"@type\":\"ImageObject\",\"inLanguage\":\"es\",\"@id\":\"https:\\\/\\\/www.eldiario.net\\\/portal\\\/#\\\/schema\\\/logo\\\/image\\\/\",\"url\":\"https:\\\/\\\/www.eldiario.net\\\/portal\\\/wp-content\\\/uploads\\\/2023\\\/07\\\/logo_ED.jpg\",\"contentUrl\":\"https:\\\/\\\/www.eldiario.net\\\/portal\\\/wp-content\\\/uploads\\\/2023\\\/07\\\/logo_ED.jpg\",\"width\":272,\"height\":52,\"caption\":\"El Diario - Decano de la prensa nacional\"},\"image\":{\"@id\":\"https:\\\/\\\/www.eldiario.net\\\/portal\\\/#\\\/schema\\\/logo\\\/image\\\/\"},\"sameAs\":[\"https:\\\/\\\/www.facebook.com\\\/eldiario.bolivia\\\/\",\"https:\\\/\\\/x.com\\\/eldiario_net\"]},{\"@type\":\"Person\",\"@id\":\"https:\\\/\\\/www.eldiario.net\\\/portal\\\/#\\\/schema\\\/person\\\/f46445640444750d7d753ccd04ae01b7\",\"name\":\"Jeanette\",\"image\":{\"@type\":\"ImageObject\",\"inLanguage\":\"es\",\"@id\":\"https:\\\/\\\/secure.gravatar.com\\\/avatar\\\/3ea2118a5f7dad2b7138b1187a6b7ee55f160b9968b66013c3a3ef39dd7e5798?s=96&d=mm&r=g\",\"url\":\"https:\\\/\\\/secure.gravatar.com\\\/avatar\\\/3ea2118a5f7dad2b7138b1187a6b7ee55f160b9968b66013c3a3ef39dd7e5798?s=96&d=mm&r=g\",\"contentUrl\":\"https:\\\/\\\/secure.gravatar.com\\\/avatar\\\/3ea2118a5f7dad2b7138b1187a6b7ee55f160b9968b66013c3a3ef39dd7e5798?s=96&d=mm&r=g\",\"caption\":\"Jeanette\"},\"sameAs\":[\"https:\\\/\\\/www.eldiario.net\\\/portal\"],\"url\":\"https:\\\/\\\/www.eldiario.net\\\/portal\\\/author\\\/jeanette\\\/\"}]}<\/script>\n<!-- \/ Yoast SEO plugin. -->","yoast_head_json":{"title":"Realizan inspecci\u00f3n a joyer\u00eda Eurochronos - El Diario - Bolivia","robots":{"index":"index","follow":"follow","max-snippet":"max-snippet:-1","max-image-preview":"max-image-preview:large","max-video-preview":"max-video-preview:-1"},"canonical":"https:\/\/www.eldiario.net\/portal\/2022\/06\/14\/realizan-inspeccion-a-joyeria-eurochronos\/","og_locale":"es_ES","og_type":"article","og_title":"Realizan inspecci\u00f3n a joyer\u00eda Eurochronos - El Diario - Bolivia","og_description":"A las 9:30 horas de ayer, los acusadores y acusados del caso Eurochronos realizaron una inspecci\u00f3n ocular al lugar de los hechos, donde el 13 de julio de 2017 se registr\u00f3 un asalto armado que dej\u00f3 el saldo de cinco muertos y siete heridos, inform\u00f3 a EL DIARIO el abogado Jorge Santistevan que patrocina a [&hellip;]","og_url":"https:\/\/www.eldiario.net\/portal\/2022\/06\/14\/realizan-inspeccion-a-joyeria-eurochronos\/","og_site_name":"El Diario - Bolivia","article_publisher":"https:\/\/www.facebook.com\/eldiario.bolivia\/","article_published_time":"2022-06-14T09:52:22+00:00","author":"Jeanette","twitter_card":"summary_large_image","twitter_creator":"@eldiario_net","twitter_site":"@eldiario_net","twitter_misc":{"Escrito por":"Jeanette","Tiempo de lectura":"3 minutos"},"schema":{"@context":"https:\/\/schema.org","@graph":[{"@type":"Article","@id":"https:\/\/www.eldiario.net\/portal\/2022\/06\/14\/realizan-inspeccion-a-joyeria-eurochronos\/#article","isPartOf":{"@id":"https:\/\/www.eldiario.net\/portal\/2022\/06\/14\/realizan-inspeccion-a-joyeria-eurochronos\/"},"author":{"name":"Jeanette","@id":"https:\/\/www.eldiario.net\/portal\/#\/schema\/person\/f46445640444750d7d753ccd04ae01b7"},"headline":"Realizan inspecci\u00f3n a joyer\u00eda Eurochronos","datePublished":"2022-06-14T09:52:22+00:00","mainEntityOfPage":{"@id":"https:\/\/www.eldiario.net\/portal\/2022\/06\/14\/realizan-inspeccion-a-joyeria-eurochronos\/"},"wordCount":471,"publisher":{"@id":"https:\/\/www.eldiario.net\/portal\/#organization"},"image":{"@id":"https:\/\/www.eldiario.net\/portal\/2022\/06\/14\/realizan-inspeccion-a-joyeria-eurochronos\/#primaryimage"},"thumbnailUrl":"","articleSection":["Sociedad - Seguridad"],"inLanguage":"es"},{"@type":"WebPage","@id":"https:\/\/www.eldiario.net\/portal\/2022\/06\/14\/realizan-inspeccion-a-joyeria-eurochronos\/","url":"https:\/\/www.eldiario.net\/portal\/2022\/06\/14\/realizan-inspeccion-a-joyeria-eurochronos\/","name":"Realizan inspecci\u00f3n a joyer\u00eda Eurochronos - El Diario - Bolivia","isPartOf":{"@id":"https:\/\/www.eldiario.net\/portal\/#website"},"primaryImageOfPage":{"@id":"https:\/\/www.eldiario.net\/portal\/2022\/06\/14\/realizan-inspeccion-a-joyeria-eurochronos\/#primaryimage"},"image":{"@id":"https:\/\/www.eldiario.net\/portal\/2022\/06\/14\/realizan-inspeccion-a-joyeria-eurochronos\/#primaryimage"},"thumbnailUrl":"","datePublished":"2022-06-14T09:52:22+00:00","breadcrumb":{"@id":"https:\/\/www.eldiario.net\/portal\/2022\/06\/14\/realizan-inspeccion-a-joyeria-eurochronos\/#breadcrumb"},"inLanguage":"es","potentialAction":[{"@type":"ReadAction","target":["https:\/\/www.eldiario.net\/portal\/2022\/06\/14\/realizan-inspeccion-a-joyeria-eurochronos\/"]}]},{"@type":"ImageObject","inLanguage":"es","@id":"https:\/\/www.eldiario.net\/portal\/2022\/06\/14\/realizan-inspeccion-a-joyeria-eurochronos\/#primaryimage","url":"","contentUrl":""},{"@type":"BreadcrumbList","@id":"https:\/\/www.eldiario.net\/portal\/2022\/06\/14\/realizan-inspeccion-a-joyeria-eurochronos\/#breadcrumb","itemListElement":[{"@type":"ListItem","position":1,"name":"Portada","item":"https:\/\/www.eldiario.net\/portal\/"},{"@type":"ListItem","position":2,"name":"Realizan inspecci\u00f3n a joyer\u00eda Eurochronos"}]},{"@type":"WebSite","@id":"https:\/\/www.eldiario.net\/portal\/#website","url":"https:\/\/www.eldiario.net\/portal\/","name":"El Diario - Decano de la prensa nacional","description":"El Diario - Decano de la prensa nacional","publisher":{"@id":"https:\/\/www.eldiario.net\/portal\/#organization"},"potentialAction":[{"@type":"SearchAction","target":{"@type":"EntryPoint","urlTemplate":"https:\/\/www.eldiario.net\/portal\/?s={search_term_string}"},"query-input":{"@type":"PropertyValueSpecification","valueRequired":true,"valueName":"search_term_string"}}],"inLanguage":"es"},{"@type":"Organization","@id":"https:\/\/www.eldiario.net\/portal\/#organization","name":"El Diario - Decano de la prensa nacional","url":"https:\/\/www.eldiario.net\/portal\/","logo":{"@type":"ImageObject","inLanguage":"es","@id":"https:\/\/www.eldiario.net\/portal\/#\/schema\/logo\/image\/","url":"https:\/\/www.eldiario.net\/portal\/wp-content\/uploads\/2023\/07\/logo_ED.jpg","contentUrl":"https:\/\/www.eldiario.net\/portal\/wp-content\/uploads\/2023\/07\/logo_ED.jpg","width":272,"height":52,"caption":"El Diario - Decano de la prensa nacional"},"image":{"@id":"https:\/\/www.eldiario.net\/portal\/#\/schema\/logo\/image\/"},"sameAs":["https:\/\/www.facebook.com\/eldiario.bolivia\/","https:\/\/x.com\/eldiario_net"]},{"@type":"Person","@id":"https:\/\/www.eldiario.net\/portal\/#\/schema\/person\/f46445640444750d7d753ccd04ae01b7","name":"Jeanette","image":{"@type":"ImageObject","inLanguage":"es","@id":"https:\/\/secure.gravatar.com\/avatar\/3ea2118a5f7dad2b7138b1187a6b7ee55f160b9968b66013c3a3ef39dd7e5798?s=96&d=mm&r=g","url":"https:\/\/secure.gravatar.com\/avatar\/3ea2118a5f7dad2b7138b1187a6b7ee55f160b9968b66013c3a3ef39dd7e5798?s=96&d=mm&r=g","contentUrl":"https:\/\/secure.gravatar.com\/avatar\/3ea2118a5f7dad2b7138b1187a6b7ee55f160b9968b66013c3a3ef39dd7e5798?s=96&d=mm&r=g","caption":"Jeanette"},"sameAs":["https:\/\/www.eldiario.net\/portal"],"url":"https:\/\/www.eldiario.net\/portal\/author\/jeanette\/"}]}},"_links":{"self":[{"href":"https:\/\/www.eldiario.net\/portal\/wp-json\/wp\/v2\/posts\/90429","targetHints":{"allow":["GET"]}}],"collection":[{"href":"https:\/\/www.eldiario.net\/portal\/wp-json\/wp\/v2\/posts"}],"about":[{"href":"https:\/\/www.eldiario.net\/portal\/wp-json\/wp\/v2\/types\/post"}],"author":[{"embeddable":true,"href":"https:\/\/www.eldiario.net\/portal\/wp-json\/wp\/v2\/users\/1"}],"replies":[{"embeddable":true,"href":"https:\/\/www.eldiario.net\/portal\/wp-json\/wp\/v2\/comments?post=90429"}],"version-history":[{"count":0,"href":"https:\/\/www.eldiario.net\/portal\/wp-json\/wp\/v2\/posts\/90429\/revisions"}],"wp:attachment":[{"href":"https:\/\/www.eldiario.net\/portal\/wp-json\/wp\/v2\/media?parent=90429"}],"wp:term":[{"taxonomy":"category","embeddable":true,"href":"https:\/\/www.eldiario.net\/portal\/wp-json\/wp\/v2\/categories?post=90429"},{"taxonomy":"post_tag","embeddable":true,"href":"https:\/\/www.eldiario.net\/portal\/wp-json\/wp\/v2\/tags?post=90429"}],"curies":[{"name":"wp","href":"https:\/\/api.w.org\/{rel}","templated":true}]}}