{"id":90425,"date":"2022-06-14T05:51:21","date_gmt":"2022-06-14T09:51:21","guid":{"rendered":"https:\/\/www.eldiario.net\/portal\/?p=90425"},"modified":"2022-06-14T05:51:21","modified_gmt":"2022-06-14T09:51:21","slug":"region-de-los-valles-enfrentan-temperaturas-bajo-cero","status":"publish","type":"post","link":"https:\/\/www.eldiario.net\/portal\/2022\/06\/14\/region-de-los-valles-enfrentan-temperaturas-bajo-cero\/","title":{"rendered":"Regi\u00f3n de los valles enfrentan  temperaturas bajo cero"},"content":{"rendered":"<p>Un intenso fr\u00edo viene afectando por varios d\u00edas a la regi\u00f3n de los valles del pa\u00eds, registr\u00e1ndose durante largos periodos temperaturas bajo cero, situaci\u00f3n climatol\u00f3gica que se prev\u00e9 se repita ma\u00f1ana, informaron expertos en meteorolog\u00eda.<\/p>\n<p>Ante esta situaci\u00f3n, los productores manifestaron que perdieron casi toda su siembra.<\/p>\n<p>Uno de los afectados es Emilio Pe\u00f1a, quien explic\u00f3 que est\u00e1n aplicando distintas t\u00e9cnicas con el objetivo de evitar que se pierdan m\u00e1s cultivos. Aunque, lament\u00f3 que ya perdi\u00f3 casi toda su siembra, alrededor de una hect\u00e1rea, en la que invirti\u00f3 Bs 15.000, pese a que estaba solo a un mes y medio de cosechar.<\/p>\n<p>\u00abCuando salga el sol las verduras se har\u00e1n negras, fue fuerte la helada. No se va poder salvar ni una cuarta parte\u00bb, expres\u00f3 mientras intenta salvar parte de sus cultivos.<\/p>\n<p>Hace casi un mes se report\u00f3 por primera vez en el a\u00f1o heladas en los Valles.\u00a0 Esta ocasi\u00f3n el term\u00f3metro baj\u00f3 hasta los -3 grados el domingo y -3,5 grados ayer.<\/p>\n<p>Cuando se reportan heladas por m\u00e1s de cinco horas es muy dif\u00edcil\u00a0 salvar los cultivos, hecho que se reporta las \u00faltimas horas. (Santa Cruz, Unitel)<\/p>\n","protected":false},"excerpt":{"rendered":"<p>Un intenso fr\u00edo viene afectando por varios d\u00edas a la regi\u00f3n de los valles del pa\u00eds, registr\u00e1ndose durante largos periodos temperaturas bajo cero, situaci\u00f3n climatol\u00f3gica que se prev\u00e9 se repita ma\u00f1ana, informaron expertos en meteorolog\u00eda. Ante esta situaci\u00f3n, los productores manifestaron que perdieron casi toda su siembra. Uno de los afectados es Emilio Pe\u00f1a, quien [&hellip;]<\/p>\n","protected":false},"author":1,"featured_media":90426,"comment_status":"closed","ping_status":"closed","sticky":false,"template":"","format":"standard","meta":{"_acf_changed":false,"footnotes":""},"categories":[12],"tags":[],"class_list":["post-90425","post","type-post","status-publish","format-standard","has-post-thumbnail","category-nacional"],"acf":{"antetitulo":""},"yoast_head":"<!-- This site is optimized with the Yoast SEO plugin v28.4 - https:\/\/yoast.com\/product\/yoast-seo-wordpress\/ -->\n<title>Regi\u00f3n de los valles enfrentan temperaturas bajo cero - El Diario - Bolivia<\/title>\n<meta name=\"robots\" content=\"index, follow, max-snippet:-1, max-image-preview:large, max-video-preview:-1\" \/>\n<link rel=\"canonical\" href=\"https:\/\/www.eldiario.net\/portal\/2022\/06\/14\/region-de-los-valles-enfrentan-temperaturas-bajo-cero\/\" \/>\n<meta property=\"og:locale\" content=\"es_ES\" \/>\n<meta property=\"og:type\" content=\"article\" \/>\n<meta property=\"og:title\" content=\"Regi\u00f3n de los valles enfrentan temperaturas bajo cero - El Diario - Bolivia\" \/>\n<meta property=\"og:description\" content=\"Un intenso fr\u00edo viene afectando por varios d\u00edas a la regi\u00f3n de los valles del pa\u00eds, registr\u00e1ndose durante largos periodos temperaturas bajo cero, situaci\u00f3n climatol\u00f3gica que se prev\u00e9 se repita ma\u00f1ana, informaron expertos en meteorolog\u00eda. Ante esta situaci\u00f3n, los productores manifestaron que perdieron casi toda su siembra. Uno de los afectados es Emilio Pe\u00f1a, quien [&hellip;]\" \/>\n<meta property=\"og:url\" content=\"https:\/\/www.eldiario.net\/portal\/2022\/06\/14\/region-de-los-valles-enfrentan-temperaturas-bajo-cero\/\" \/>\n<meta property=\"og:site_name\" content=\"El Diario - Bolivia\" \/>\n<meta property=\"article:publisher\" content=\"https:\/\/www.facebook.com\/eldiario.bolivia\/\" \/>\n<meta property=\"article:published_time\" content=\"2022-06-14T09:51:21+00:00\" \/>\n<meta name=\"author\" content=\"Jeanette\" \/>\n<meta name=\"twitter:card\" content=\"summary_large_image\" \/>\n<meta name=\"twitter:creator\" content=\"@eldiario_net\" \/>\n<meta name=\"twitter:site\" content=\"@eldiario_net\" \/>\n<meta name=\"twitter:label1\" content=\"Escrito por\" \/>\n\t<meta name=\"twitter:data1\" content=\"Jeanette\" \/>\n\t<meta name=\"twitter:label2\" content=\"Tiempo de lectura\" \/>\n\t<meta name=\"twitter:data2\" content=\"1 minuto\" \/>\n<script type=\"application\/ld+json\" class=\"yoast-schema-graph\">{\"@context\":\"https:\\\/\\\/schema.org\",\"@graph\":[{\"@type\":\"Article\",\"@id\":\"https:\\\/\\\/www.eldiario.net\\\/portal\\\/2022\\\/06\\\/14\\\/region-de-los-valles-enfrentan-temperaturas-bajo-cero\\\/#article\",\"isPartOf\":{\"@id\":\"https:\\\/\\\/www.eldiario.net\\\/portal\\\/2022\\\/06\\\/14\\\/region-de-los-valles-enfrentan-temperaturas-bajo-cero\\\/\"},\"author\":{\"name\":\"Jeanette\",\"@id\":\"https:\\\/\\\/www.eldiario.net\\\/portal\\\/#\\\/schema\\\/person\\\/f46445640444750d7d753ccd04ae01b7\"},\"headline\":\"Regi\u00f3n de los valles enfrentan temperaturas bajo cero\",\"datePublished\":\"2022-06-14T09:51:21+00:00\",\"mainEntityOfPage\":{\"@id\":\"https:\\\/\\\/www.eldiario.net\\\/portal\\\/2022\\\/06\\\/14\\\/region-de-los-valles-enfrentan-temperaturas-bajo-cero\\\/\"},\"wordCount\":217,\"publisher\":{\"@id\":\"https:\\\/\\\/www.eldiario.net\\\/portal\\\/#organization\"},\"image\":{\"@id\":\"https:\\\/\\\/www.eldiario.net\\\/portal\\\/2022\\\/06\\\/14\\\/region-de-los-valles-enfrentan-temperaturas-bajo-cero\\\/#primaryimage\"},\"thumbnailUrl\":\"\",\"articleSection\":[\"Nacional\"],\"inLanguage\":\"es\"},{\"@type\":\"WebPage\",\"@id\":\"https:\\\/\\\/www.eldiario.net\\\/portal\\\/2022\\\/06\\\/14\\\/region-de-los-valles-enfrentan-temperaturas-bajo-cero\\\/\",\"url\":\"https:\\\/\\\/www.eldiario.net\\\/portal\\\/2022\\\/06\\\/14\\\/region-de-los-valles-enfrentan-temperaturas-bajo-cero\\\/\",\"name\":\"Regi\u00f3n de los valles enfrentan temperaturas bajo cero - El Diario - Bolivia\",\"isPartOf\":{\"@id\":\"https:\\\/\\\/www.eldiario.net\\\/portal\\\/#website\"},\"primaryImageOfPage\":{\"@id\":\"https:\\\/\\\/www.eldiario.net\\\/portal\\\/2022\\\/06\\\/14\\\/region-de-los-valles-enfrentan-temperaturas-bajo-cero\\\/#primaryimage\"},\"image\":{\"@id\":\"https:\\\/\\\/www.eldiario.net\\\/portal\\\/2022\\\/06\\\/14\\\/region-de-los-valles-enfrentan-temperaturas-bajo-cero\\\/#primaryimage\"},\"thumbnailUrl\":\"\",\"datePublished\":\"2022-06-14T09:51:21+00:00\",\"breadcrumb\":{\"@id\":\"https:\\\/\\\/www.eldiario.net\\\/portal\\\/2022\\\/06\\\/14\\\/region-de-los-valles-enfrentan-temperaturas-bajo-cero\\\/#breadcrumb\"},\"inLanguage\":\"es\",\"potentialAction\":[{\"@type\":\"ReadAction\",\"target\":[\"https:\\\/\\\/www.eldiario.net\\\/portal\\\/2022\\\/06\\\/14\\\/region-de-los-valles-enfrentan-temperaturas-bajo-cero\\\/\"]}]},{\"@type\":\"ImageObject\",\"inLanguage\":\"es\",\"@id\":\"https:\\\/\\\/www.eldiario.net\\\/portal\\\/2022\\\/06\\\/14\\\/region-de-los-valles-enfrentan-temperaturas-bajo-cero\\\/#primaryimage\",\"url\":\"\",\"contentUrl\":\"\"},{\"@type\":\"BreadcrumbList\",\"@id\":\"https:\\\/\\\/www.eldiario.net\\\/portal\\\/2022\\\/06\\\/14\\\/region-de-los-valles-enfrentan-temperaturas-bajo-cero\\\/#breadcrumb\",\"itemListElement\":[{\"@type\":\"ListItem\",\"position\":1,\"name\":\"Portada\",\"item\":\"https:\\\/\\\/www.eldiario.net\\\/portal\\\/\"},{\"@type\":\"ListItem\",\"position\":2,\"name\":\"Regi\u00f3n de los valles enfrentan temperaturas bajo cero\"}]},{\"@type\":\"WebSite\",\"@id\":\"https:\\\/\\\/www.eldiario.net\\\/portal\\\/#website\",\"url\":\"https:\\\/\\\/www.eldiario.net\\\/portal\\\/\",\"name\":\"El Diario - Decano de la prensa nacional\",\"description\":\"El Diario - Decano de la prensa nacional\",\"publisher\":{\"@id\":\"https:\\\/\\\/www.eldiario.net\\\/portal\\\/#organization\"},\"potentialAction\":[{\"@type\":\"SearchAction\",\"target\":{\"@type\":\"EntryPoint\",\"urlTemplate\":\"https:\\\/\\\/www.eldiario.net\\\/portal\\\/?s={search_term_string}\"},\"query-input\":{\"@type\":\"PropertyValueSpecification\",\"valueRequired\":true,\"valueName\":\"search_term_string\"}}],\"inLanguage\":\"es\"},{\"@type\":\"Organization\",\"@id\":\"https:\\\/\\\/www.eldiario.net\\\/portal\\\/#organization\",\"name\":\"El Diario - Decano de la prensa nacional\",\"url\":\"https:\\\/\\\/www.eldiario.net\\\/portal\\\/\",\"logo\":{\"@type\":\"ImageObject\",\"inLanguage\":\"es\",\"@id\":\"https:\\\/\\\/www.eldiario.net\\\/portal\\\/#\\\/schema\\\/logo\\\/image\\\/\",\"url\":\"https:\\\/\\\/www.eldiario.net\\\/portal\\\/wp-content\\\/uploads\\\/2023\\\/07\\\/logo_ED.jpg\",\"contentUrl\":\"https:\\\/\\\/www.eldiario.net\\\/portal\\\/wp-content\\\/uploads\\\/2023\\\/07\\\/logo_ED.jpg\",\"width\":272,\"height\":52,\"caption\":\"El Diario - Decano de la prensa nacional\"},\"image\":{\"@id\":\"https:\\\/\\\/www.eldiario.net\\\/portal\\\/#\\\/schema\\\/logo\\\/image\\\/\"},\"sameAs\":[\"https:\\\/\\\/www.facebook.com\\\/eldiario.bolivia\\\/\",\"https:\\\/\\\/x.com\\\/eldiario_net\"]},{\"@type\":\"Person\",\"@id\":\"https:\\\/\\\/www.eldiario.net\\\/portal\\\/#\\\/schema\\\/person\\\/f46445640444750d7d753ccd04ae01b7\",\"name\":\"Jeanette\",\"image\":{\"@type\":\"ImageObject\",\"inLanguage\":\"es\",\"@id\":\"https:\\\/\\\/secure.gravatar.com\\\/avatar\\\/3ea2118a5f7dad2b7138b1187a6b7ee55f160b9968b66013c3a3ef39dd7e5798?s=96&d=mm&r=g\",\"url\":\"https:\\\/\\\/secure.gravatar.com\\\/avatar\\\/3ea2118a5f7dad2b7138b1187a6b7ee55f160b9968b66013c3a3ef39dd7e5798?s=96&d=mm&r=g\",\"contentUrl\":\"https:\\\/\\\/secure.gravatar.com\\\/avatar\\\/3ea2118a5f7dad2b7138b1187a6b7ee55f160b9968b66013c3a3ef39dd7e5798?s=96&d=mm&r=g\",\"caption\":\"Jeanette\"},\"sameAs\":[\"https:\\\/\\\/www.eldiario.net\\\/portal\"],\"url\":\"https:\\\/\\\/www.eldiario.net\\\/portal\\\/author\\\/jeanette\\\/\"}]}<\/script>\n<!-- \/ Yoast SEO plugin. -->","yoast_head_json":{"title":"Regi\u00f3n de los valles enfrentan temperaturas bajo cero - El Diario - Bolivia","robots":{"index":"index","follow":"follow","max-snippet":"max-snippet:-1","max-image-preview":"max-image-preview:large","max-video-preview":"max-video-preview:-1"},"canonical":"https:\/\/www.eldiario.net\/portal\/2022\/06\/14\/region-de-los-valles-enfrentan-temperaturas-bajo-cero\/","og_locale":"es_ES","og_type":"article","og_title":"Regi\u00f3n de los valles enfrentan temperaturas bajo cero - El Diario - Bolivia","og_description":"Un intenso fr\u00edo viene afectando por varios d\u00edas a la regi\u00f3n de los valles del pa\u00eds, registr\u00e1ndose durante largos periodos temperaturas bajo cero, situaci\u00f3n climatol\u00f3gica que se prev\u00e9 se repita ma\u00f1ana, informaron expertos en meteorolog\u00eda. Ante esta situaci\u00f3n, los productores manifestaron que perdieron casi toda su siembra. Uno de los afectados es Emilio Pe\u00f1a, quien [&hellip;]","og_url":"https:\/\/www.eldiario.net\/portal\/2022\/06\/14\/region-de-los-valles-enfrentan-temperaturas-bajo-cero\/","og_site_name":"El Diario - Bolivia","article_publisher":"https:\/\/www.facebook.com\/eldiario.bolivia\/","article_published_time":"2022-06-14T09:51:21+00:00","author":"Jeanette","twitter_card":"summary_large_image","twitter_creator":"@eldiario_net","twitter_site":"@eldiario_net","twitter_misc":{"Escrito por":"Jeanette","Tiempo de lectura":"1 minuto"},"schema":{"@context":"https:\/\/schema.org","@graph":[{"@type":"Article","@id":"https:\/\/www.eldiario.net\/portal\/2022\/06\/14\/region-de-los-valles-enfrentan-temperaturas-bajo-cero\/#article","isPartOf":{"@id":"https:\/\/www.eldiario.net\/portal\/2022\/06\/14\/region-de-los-valles-enfrentan-temperaturas-bajo-cero\/"},"author":{"name":"Jeanette","@id":"https:\/\/www.eldiario.net\/portal\/#\/schema\/person\/f46445640444750d7d753ccd04ae01b7"},"headline":"Regi\u00f3n de los valles enfrentan temperaturas bajo cero","datePublished":"2022-06-14T09:51:21+00:00","mainEntityOfPage":{"@id":"https:\/\/www.eldiario.net\/portal\/2022\/06\/14\/region-de-los-valles-enfrentan-temperaturas-bajo-cero\/"},"wordCount":217,"publisher":{"@id":"https:\/\/www.eldiario.net\/portal\/#organization"},"image":{"@id":"https:\/\/www.eldiario.net\/portal\/2022\/06\/14\/region-de-los-valles-enfrentan-temperaturas-bajo-cero\/#primaryimage"},"thumbnailUrl":"","articleSection":["Nacional"],"inLanguage":"es"},{"@type":"WebPage","@id":"https:\/\/www.eldiario.net\/portal\/2022\/06\/14\/region-de-los-valles-enfrentan-temperaturas-bajo-cero\/","url":"https:\/\/www.eldiario.net\/portal\/2022\/06\/14\/region-de-los-valles-enfrentan-temperaturas-bajo-cero\/","name":"Regi\u00f3n de los valles enfrentan temperaturas bajo cero - El Diario - Bolivia","isPartOf":{"@id":"https:\/\/www.eldiario.net\/portal\/#website"},"primaryImageOfPage":{"@id":"https:\/\/www.eldiario.net\/portal\/2022\/06\/14\/region-de-los-valles-enfrentan-temperaturas-bajo-cero\/#primaryimage"},"image":{"@id":"https:\/\/www.eldiario.net\/portal\/2022\/06\/14\/region-de-los-valles-enfrentan-temperaturas-bajo-cero\/#primaryimage"},"thumbnailUrl":"","datePublished":"2022-06-14T09:51:21+00:00","breadcrumb":{"@id":"https:\/\/www.eldiario.net\/portal\/2022\/06\/14\/region-de-los-valles-enfrentan-temperaturas-bajo-cero\/#breadcrumb"},"inLanguage":"es","potentialAction":[{"@type":"ReadAction","target":["https:\/\/www.eldiario.net\/portal\/2022\/06\/14\/region-de-los-valles-enfrentan-temperaturas-bajo-cero\/"]}]},{"@type":"ImageObject","inLanguage":"es","@id":"https:\/\/www.eldiario.net\/portal\/2022\/06\/14\/region-de-los-valles-enfrentan-temperaturas-bajo-cero\/#primaryimage","url":"","contentUrl":""},{"@type":"BreadcrumbList","@id":"https:\/\/www.eldiario.net\/portal\/2022\/06\/14\/region-de-los-valles-enfrentan-temperaturas-bajo-cero\/#breadcrumb","itemListElement":[{"@type":"ListItem","position":1,"name":"Portada","item":"https:\/\/www.eldiario.net\/portal\/"},{"@type":"ListItem","position":2,"name":"Regi\u00f3n de los valles enfrentan temperaturas bajo cero"}]},{"@type":"WebSite","@id":"https:\/\/www.eldiario.net\/portal\/#website","url":"https:\/\/www.eldiario.net\/portal\/","name":"El Diario - Decano de la prensa nacional","description":"El Diario - Decano de la prensa nacional","publisher":{"@id":"https:\/\/www.eldiario.net\/portal\/#organization"},"potentialAction":[{"@type":"SearchAction","target":{"@type":"EntryPoint","urlTemplate":"https:\/\/www.eldiario.net\/portal\/?s={search_term_string}"},"query-input":{"@type":"PropertyValueSpecification","valueRequired":true,"valueName":"search_term_string"}}],"inLanguage":"es"},{"@type":"Organization","@id":"https:\/\/www.eldiario.net\/portal\/#organization","name":"El Diario - Decano de la prensa nacional","url":"https:\/\/www.eldiario.net\/portal\/","logo":{"@type":"ImageObject","inLanguage":"es","@id":"https:\/\/www.eldiario.net\/portal\/#\/schema\/logo\/image\/","url":"https:\/\/www.eldiario.net\/portal\/wp-content\/uploads\/2023\/07\/logo_ED.jpg","contentUrl":"https:\/\/www.eldiario.net\/portal\/wp-content\/uploads\/2023\/07\/logo_ED.jpg","width":272,"height":52,"caption":"El Diario - Decano de la prensa nacional"},"image":{"@id":"https:\/\/www.eldiario.net\/portal\/#\/schema\/logo\/image\/"},"sameAs":["https:\/\/www.facebook.com\/eldiario.bolivia\/","https:\/\/x.com\/eldiario_net"]},{"@type":"Person","@id":"https:\/\/www.eldiario.net\/portal\/#\/schema\/person\/f46445640444750d7d753ccd04ae01b7","name":"Jeanette","image":{"@type":"ImageObject","inLanguage":"es","@id":"https:\/\/secure.gravatar.com\/avatar\/3ea2118a5f7dad2b7138b1187a6b7ee55f160b9968b66013c3a3ef39dd7e5798?s=96&d=mm&r=g","url":"https:\/\/secure.gravatar.com\/avatar\/3ea2118a5f7dad2b7138b1187a6b7ee55f160b9968b66013c3a3ef39dd7e5798?s=96&d=mm&r=g","contentUrl":"https:\/\/secure.gravatar.com\/avatar\/3ea2118a5f7dad2b7138b1187a6b7ee55f160b9968b66013c3a3ef39dd7e5798?s=96&d=mm&r=g","caption":"Jeanette"},"sameAs":["https:\/\/www.eldiario.net\/portal"],"url":"https:\/\/www.eldiario.net\/portal\/author\/jeanette\/"}]}},"_links":{"self":[{"href":"https:\/\/www.eldiario.net\/portal\/wp-json\/wp\/v2\/posts\/90425","targetHints":{"allow":["GET"]}}],"collection":[{"href":"https:\/\/www.eldiario.net\/portal\/wp-json\/wp\/v2\/posts"}],"about":[{"href":"https:\/\/www.eldiario.net\/portal\/wp-json\/wp\/v2\/types\/post"}],"author":[{"embeddable":true,"href":"https:\/\/www.eldiario.net\/portal\/wp-json\/wp\/v2\/users\/1"}],"replies":[{"embeddable":true,"href":"https:\/\/www.eldiario.net\/portal\/wp-json\/wp\/v2\/comments?post=90425"}],"version-history":[{"count":0,"href":"https:\/\/www.eldiario.net\/portal\/wp-json\/wp\/v2\/posts\/90425\/revisions"}],"wp:attachment":[{"href":"https:\/\/www.eldiario.net\/portal\/wp-json\/wp\/v2\/media?parent=90425"}],"wp:term":[{"taxonomy":"category","embeddable":true,"href":"https:\/\/www.eldiario.net\/portal\/wp-json\/wp\/v2\/categories?post=90425"},{"taxonomy":"post_tag","embeddable":true,"href":"https:\/\/www.eldiario.net\/portal\/wp-json\/wp\/v2\/tags?post=90425"}],"curies":[{"name":"wp","href":"https:\/\/api.w.org\/{rel}","templated":true}]}}