{"id":90422,"date":"2022-06-14T05:50:27","date_gmt":"2022-06-14T09:50:27","guid":{"rendered":"https:\/\/www.eldiario.net\/portal\/?p=90422"},"modified":"2022-06-14T05:50:27","modified_gmt":"2022-06-14T09:50:27","slug":"mejoran-infraestructura-de-colegio-en-el-distrito-9-de-cochabamba","status":"publish","type":"post","link":"https:\/\/www.eldiario.net\/portal\/2022\/06\/14\/mejoran-infraestructura-de-colegio-en-el-distrito-9-de-cochabamba\/","title":{"rendered":"Mejoran infraestructura de colegio en el Distrito 9 de Cochabamba"},"content":{"rendered":"<p>La infraestructura de la unidad educativa \u201cEntre R\u00edos\u201d, ubicada en el Distrito 9 de la ciudad de Cochabamba, fue mejorada a trav\u00e9s de la implementaci\u00f3n de tres aulas y ba\u00f1os, trabajos que estuvieron a cargo del personal de Obras P\u00fablicas de la comuna cochabambina.<\/p>\n<p>\u201cLa educaci\u00f3n es el pilar fundamental para el desarrollo y crecimiento de un pueblo, por este motivo,\u00a0 estamos trabajado de la mano con ustedes, para que nuestros hijos tengan las oportunidades de trabajo y sigan con el progreso de nuestra Llajta. Estos cuatro a\u00f1os se avanzar\u00e1 en el desarrollo de nuestra ciudad\u201d, asever\u00f3 el alcalde de Cochabamba, Manfred Reyes Villa, al entregar las obras.<\/p>\n<p>El presidente de la OTB R\u00edo Seco, Wildert Ticona, dio la bienvenida al alcalde y le agradeci\u00f3 por cumplir su promesa \u201crealmente lo \u00fanico que quiero hacer es agradecerle por su trabajo, estas aulas eran una necesidad para nuestros ni\u00f1os, solo queda seguir trabajando y gestionando para que Cochabamba sea la mejor cuidad de Bolivia\u201d, coment\u00f3.<\/p>\n<p>Continuando con la entrega de obras para el Distrito 9, la autoridad edil hizo una parada en la mancomunidad \u201cEnca\u00f1ada\u201d para inaugurar el asfaltado en una de las v\u00edas troncales de esta zona. Personal de la Alcald\u00eda concluy\u00f3 con el emplazamiento de 10 mil metros cuadrados de carpeta asf\u00e1ltica as\u00ed como la iluminaci\u00f3n y se\u00f1alizaci\u00f3n respectivas.<\/p>\n<p>El presidente de la mancomunidad Enca\u00f1ada, Reynado Orellana, agradeci\u00f3 a las autoridades municipales por hacer la obra realidad \u201cesta es una inversi\u00f3n de m\u00e1s de un mill\u00f3n de bolivianos y estamos agradecidos por el trabajo que est\u00e1 haciendo, anteriores gestiones no se preocuparon por nosotros, ahora con usted, sabemos que todos nuestros proyectos anhelados se cumplir\u00e1n\u201d, dijo Orellana. (Cochabamba, con datos del GAMC)<\/p>\n","protected":false},"excerpt":{"rendered":"<p>La infraestructura de la unidad educativa \u201cEntre R\u00edos\u201d, ubicada en el Distrito 9 de la ciudad de Cochabamba, fue mejorada a trav\u00e9s de la implementaci\u00f3n de tres aulas y ba\u00f1os, trabajos que estuvieron a cargo del personal de Obras P\u00fablicas de la comuna cochabambina. \u201cLa educaci\u00f3n es el pilar fundamental para el desarrollo y crecimiento [&hellip;]<\/p>\n","protected":false},"author":1,"featured_media":90423,"comment_status":"closed","ping_status":"closed","sticky":false,"template":"","format":"standard","meta":{"_acf_changed":false,"footnotes":""},"categories":[12],"tags":[],"class_list":["post-90422","post","type-post","status-publish","format-standard","has-post-thumbnail","category-nacional"],"acf":{"antetitulo":""},"yoast_head":"<!-- This site is optimized with the Yoast SEO plugin v28.4 - https:\/\/yoast.com\/product\/yoast-seo-wordpress\/ -->\n<title>Mejoran infraestructura de colegio en el Distrito 9 de Cochabamba - El Diario - Bolivia<\/title>\n<meta name=\"robots\" content=\"index, follow, max-snippet:-1, max-image-preview:large, max-video-preview:-1\" \/>\n<link rel=\"canonical\" href=\"https:\/\/www.eldiario.net\/portal\/2022\/06\/14\/mejoran-infraestructura-de-colegio-en-el-distrito-9-de-cochabamba\/\" \/>\n<meta property=\"og:locale\" content=\"es_ES\" \/>\n<meta property=\"og:type\" content=\"article\" \/>\n<meta property=\"og:title\" content=\"Mejoran infraestructura de colegio en el Distrito 9 de Cochabamba - El Diario - Bolivia\" \/>\n<meta property=\"og:description\" content=\"La infraestructura de la unidad educativa \u201cEntre R\u00edos\u201d, ubicada en el Distrito 9 de la ciudad de Cochabamba, fue mejorada a trav\u00e9s de la implementaci\u00f3n de tres aulas y ba\u00f1os, trabajos que estuvieron a cargo del personal de Obras P\u00fablicas de la comuna cochabambina. \u201cLa educaci\u00f3n es el pilar fundamental para el desarrollo y crecimiento [&hellip;]\" \/>\n<meta property=\"og:url\" content=\"https:\/\/www.eldiario.net\/portal\/2022\/06\/14\/mejoran-infraestructura-de-colegio-en-el-distrito-9-de-cochabamba\/\" \/>\n<meta property=\"og:site_name\" content=\"El Diario - Bolivia\" \/>\n<meta property=\"article:publisher\" content=\"https:\/\/www.facebook.com\/eldiario.bolivia\/\" \/>\n<meta property=\"article:published_time\" content=\"2022-06-14T09:50:27+00:00\" \/>\n<meta name=\"author\" content=\"Jeanette\" \/>\n<meta name=\"twitter:card\" content=\"summary_large_image\" \/>\n<meta name=\"twitter:creator\" content=\"@eldiario_net\" \/>\n<meta name=\"twitter:site\" content=\"@eldiario_net\" \/>\n<meta name=\"twitter:label1\" content=\"Escrito por\" \/>\n\t<meta name=\"twitter:data1\" content=\"Jeanette\" \/>\n\t<meta name=\"twitter:label2\" content=\"Tiempo de lectura\" \/>\n\t<meta name=\"twitter:data2\" content=\"2 minutos\" \/>\n<script type=\"application\/ld+json\" class=\"yoast-schema-graph\">{\"@context\":\"https:\\\/\\\/schema.org\",\"@graph\":[{\"@type\":\"Article\",\"@id\":\"https:\\\/\\\/www.eldiario.net\\\/portal\\\/2022\\\/06\\\/14\\\/mejoran-infraestructura-de-colegio-en-el-distrito-9-de-cochabamba\\\/#article\",\"isPartOf\":{\"@id\":\"https:\\\/\\\/www.eldiario.net\\\/portal\\\/2022\\\/06\\\/14\\\/mejoran-infraestructura-de-colegio-en-el-distrito-9-de-cochabamba\\\/\"},\"author\":{\"name\":\"Jeanette\",\"@id\":\"https:\\\/\\\/www.eldiario.net\\\/portal\\\/#\\\/schema\\\/person\\\/f46445640444750d7d753ccd04ae01b7\"},\"headline\":\"Mejoran infraestructura de colegio en el Distrito 9 de Cochabamba\",\"datePublished\":\"2022-06-14T09:50:27+00:00\",\"mainEntityOfPage\":{\"@id\":\"https:\\\/\\\/www.eldiario.net\\\/portal\\\/2022\\\/06\\\/14\\\/mejoran-infraestructura-de-colegio-en-el-distrito-9-de-cochabamba\\\/\"},\"wordCount\":310,\"publisher\":{\"@id\":\"https:\\\/\\\/www.eldiario.net\\\/portal\\\/#organization\"},\"image\":{\"@id\":\"https:\\\/\\\/www.eldiario.net\\\/portal\\\/2022\\\/06\\\/14\\\/mejoran-infraestructura-de-colegio-en-el-distrito-9-de-cochabamba\\\/#primaryimage\"},\"thumbnailUrl\":\"\",\"articleSection\":[\"Nacional\"],\"inLanguage\":\"es\"},{\"@type\":\"WebPage\",\"@id\":\"https:\\\/\\\/www.eldiario.net\\\/portal\\\/2022\\\/06\\\/14\\\/mejoran-infraestructura-de-colegio-en-el-distrito-9-de-cochabamba\\\/\",\"url\":\"https:\\\/\\\/www.eldiario.net\\\/portal\\\/2022\\\/06\\\/14\\\/mejoran-infraestructura-de-colegio-en-el-distrito-9-de-cochabamba\\\/\",\"name\":\"Mejoran infraestructura de colegio en el Distrito 9 de Cochabamba - El Diario - Bolivia\",\"isPartOf\":{\"@id\":\"https:\\\/\\\/www.eldiario.net\\\/portal\\\/#website\"},\"primaryImageOfPage\":{\"@id\":\"https:\\\/\\\/www.eldiario.net\\\/portal\\\/2022\\\/06\\\/14\\\/mejoran-infraestructura-de-colegio-en-el-distrito-9-de-cochabamba\\\/#primaryimage\"},\"image\":{\"@id\":\"https:\\\/\\\/www.eldiario.net\\\/portal\\\/2022\\\/06\\\/14\\\/mejoran-infraestructura-de-colegio-en-el-distrito-9-de-cochabamba\\\/#primaryimage\"},\"thumbnailUrl\":\"\",\"datePublished\":\"2022-06-14T09:50:27+00:00\",\"breadcrumb\":{\"@id\":\"https:\\\/\\\/www.eldiario.net\\\/portal\\\/2022\\\/06\\\/14\\\/mejoran-infraestructura-de-colegio-en-el-distrito-9-de-cochabamba\\\/#breadcrumb\"},\"inLanguage\":\"es\",\"potentialAction\":[{\"@type\":\"ReadAction\",\"target\":[\"https:\\\/\\\/www.eldiario.net\\\/portal\\\/2022\\\/06\\\/14\\\/mejoran-infraestructura-de-colegio-en-el-distrito-9-de-cochabamba\\\/\"]}]},{\"@type\":\"ImageObject\",\"inLanguage\":\"es\",\"@id\":\"https:\\\/\\\/www.eldiario.net\\\/portal\\\/2022\\\/06\\\/14\\\/mejoran-infraestructura-de-colegio-en-el-distrito-9-de-cochabamba\\\/#primaryimage\",\"url\":\"\",\"contentUrl\":\"\"},{\"@type\":\"BreadcrumbList\",\"@id\":\"https:\\\/\\\/www.eldiario.net\\\/portal\\\/2022\\\/06\\\/14\\\/mejoran-infraestructura-de-colegio-en-el-distrito-9-de-cochabamba\\\/#breadcrumb\",\"itemListElement\":[{\"@type\":\"ListItem\",\"position\":1,\"name\":\"Portada\",\"item\":\"https:\\\/\\\/www.eldiario.net\\\/portal\\\/\"},{\"@type\":\"ListItem\",\"position\":2,\"name\":\"Mejoran infraestructura de colegio en el Distrito 9 de Cochabamba\"}]},{\"@type\":\"WebSite\",\"@id\":\"https:\\\/\\\/www.eldiario.net\\\/portal\\\/#website\",\"url\":\"https:\\\/\\\/www.eldiario.net\\\/portal\\\/\",\"name\":\"El Diario - Decano de la prensa nacional\",\"description\":\"El Diario - Decano de la prensa nacional\",\"publisher\":{\"@id\":\"https:\\\/\\\/www.eldiario.net\\\/portal\\\/#organization\"},\"potentialAction\":[{\"@type\":\"SearchAction\",\"target\":{\"@type\":\"EntryPoint\",\"urlTemplate\":\"https:\\\/\\\/www.eldiario.net\\\/portal\\\/?s={search_term_string}\"},\"query-input\":{\"@type\":\"PropertyValueSpecification\",\"valueRequired\":true,\"valueName\":\"search_term_string\"}}],\"inLanguage\":\"es\"},{\"@type\":\"Organization\",\"@id\":\"https:\\\/\\\/www.eldiario.net\\\/portal\\\/#organization\",\"name\":\"El Diario - Decano de la prensa nacional\",\"url\":\"https:\\\/\\\/www.eldiario.net\\\/portal\\\/\",\"logo\":{\"@type\":\"ImageObject\",\"inLanguage\":\"es\",\"@id\":\"https:\\\/\\\/www.eldiario.net\\\/portal\\\/#\\\/schema\\\/logo\\\/image\\\/\",\"url\":\"https:\\\/\\\/www.eldiario.net\\\/portal\\\/wp-content\\\/uploads\\\/2023\\\/07\\\/logo_ED.jpg\",\"contentUrl\":\"https:\\\/\\\/www.eldiario.net\\\/portal\\\/wp-content\\\/uploads\\\/2023\\\/07\\\/logo_ED.jpg\",\"width\":272,\"height\":52,\"caption\":\"El Diario - Decano de la prensa nacional\"},\"image\":{\"@id\":\"https:\\\/\\\/www.eldiario.net\\\/portal\\\/#\\\/schema\\\/logo\\\/image\\\/\"},\"sameAs\":[\"https:\\\/\\\/www.facebook.com\\\/eldiario.bolivia\\\/\",\"https:\\\/\\\/x.com\\\/eldiario_net\"]},{\"@type\":\"Person\",\"@id\":\"https:\\\/\\\/www.eldiario.net\\\/portal\\\/#\\\/schema\\\/person\\\/f46445640444750d7d753ccd04ae01b7\",\"name\":\"Jeanette\",\"image\":{\"@type\":\"ImageObject\",\"inLanguage\":\"es\",\"@id\":\"https:\\\/\\\/secure.gravatar.com\\\/avatar\\\/3ea2118a5f7dad2b7138b1187a6b7ee55f160b9968b66013c3a3ef39dd7e5798?s=96&d=mm&r=g\",\"url\":\"https:\\\/\\\/secure.gravatar.com\\\/avatar\\\/3ea2118a5f7dad2b7138b1187a6b7ee55f160b9968b66013c3a3ef39dd7e5798?s=96&d=mm&r=g\",\"contentUrl\":\"https:\\\/\\\/secure.gravatar.com\\\/avatar\\\/3ea2118a5f7dad2b7138b1187a6b7ee55f160b9968b66013c3a3ef39dd7e5798?s=96&d=mm&r=g\",\"caption\":\"Jeanette\"},\"sameAs\":[\"https:\\\/\\\/www.eldiario.net\\\/portal\"],\"url\":\"https:\\\/\\\/www.eldiario.net\\\/portal\\\/author\\\/jeanette\\\/\"}]}<\/script>\n<!-- \/ Yoast SEO plugin. -->","yoast_head_json":{"title":"Mejoran infraestructura de colegio en el Distrito 9 de Cochabamba - El Diario - Bolivia","robots":{"index":"index","follow":"follow","max-snippet":"max-snippet:-1","max-image-preview":"max-image-preview:large","max-video-preview":"max-video-preview:-1"},"canonical":"https:\/\/www.eldiario.net\/portal\/2022\/06\/14\/mejoran-infraestructura-de-colegio-en-el-distrito-9-de-cochabamba\/","og_locale":"es_ES","og_type":"article","og_title":"Mejoran infraestructura de colegio en el Distrito 9 de Cochabamba - El Diario - Bolivia","og_description":"La infraestructura de la unidad educativa \u201cEntre R\u00edos\u201d, ubicada en el Distrito 9 de la ciudad de Cochabamba, fue mejorada a trav\u00e9s de la implementaci\u00f3n de tres aulas y ba\u00f1os, trabajos que estuvieron a cargo del personal de Obras P\u00fablicas de la comuna cochabambina. \u201cLa educaci\u00f3n es el pilar fundamental para el desarrollo y crecimiento [&hellip;]","og_url":"https:\/\/www.eldiario.net\/portal\/2022\/06\/14\/mejoran-infraestructura-de-colegio-en-el-distrito-9-de-cochabamba\/","og_site_name":"El Diario - Bolivia","article_publisher":"https:\/\/www.facebook.com\/eldiario.bolivia\/","article_published_time":"2022-06-14T09:50:27+00:00","author":"Jeanette","twitter_card":"summary_large_image","twitter_creator":"@eldiario_net","twitter_site":"@eldiario_net","twitter_misc":{"Escrito por":"Jeanette","Tiempo de lectura":"2 minutos"},"schema":{"@context":"https:\/\/schema.org","@graph":[{"@type":"Article","@id":"https:\/\/www.eldiario.net\/portal\/2022\/06\/14\/mejoran-infraestructura-de-colegio-en-el-distrito-9-de-cochabamba\/#article","isPartOf":{"@id":"https:\/\/www.eldiario.net\/portal\/2022\/06\/14\/mejoran-infraestructura-de-colegio-en-el-distrito-9-de-cochabamba\/"},"author":{"name":"Jeanette","@id":"https:\/\/www.eldiario.net\/portal\/#\/schema\/person\/f46445640444750d7d753ccd04ae01b7"},"headline":"Mejoran infraestructura de colegio en el Distrito 9 de Cochabamba","datePublished":"2022-06-14T09:50:27+00:00","mainEntityOfPage":{"@id":"https:\/\/www.eldiario.net\/portal\/2022\/06\/14\/mejoran-infraestructura-de-colegio-en-el-distrito-9-de-cochabamba\/"},"wordCount":310,"publisher":{"@id":"https:\/\/www.eldiario.net\/portal\/#organization"},"image":{"@id":"https:\/\/www.eldiario.net\/portal\/2022\/06\/14\/mejoran-infraestructura-de-colegio-en-el-distrito-9-de-cochabamba\/#primaryimage"},"thumbnailUrl":"","articleSection":["Nacional"],"inLanguage":"es"},{"@type":"WebPage","@id":"https:\/\/www.eldiario.net\/portal\/2022\/06\/14\/mejoran-infraestructura-de-colegio-en-el-distrito-9-de-cochabamba\/","url":"https:\/\/www.eldiario.net\/portal\/2022\/06\/14\/mejoran-infraestructura-de-colegio-en-el-distrito-9-de-cochabamba\/","name":"Mejoran infraestructura de colegio en el Distrito 9 de Cochabamba - El Diario - Bolivia","isPartOf":{"@id":"https:\/\/www.eldiario.net\/portal\/#website"},"primaryImageOfPage":{"@id":"https:\/\/www.eldiario.net\/portal\/2022\/06\/14\/mejoran-infraestructura-de-colegio-en-el-distrito-9-de-cochabamba\/#primaryimage"},"image":{"@id":"https:\/\/www.eldiario.net\/portal\/2022\/06\/14\/mejoran-infraestructura-de-colegio-en-el-distrito-9-de-cochabamba\/#primaryimage"},"thumbnailUrl":"","datePublished":"2022-06-14T09:50:27+00:00","breadcrumb":{"@id":"https:\/\/www.eldiario.net\/portal\/2022\/06\/14\/mejoran-infraestructura-de-colegio-en-el-distrito-9-de-cochabamba\/#breadcrumb"},"inLanguage":"es","potentialAction":[{"@type":"ReadAction","target":["https:\/\/www.eldiario.net\/portal\/2022\/06\/14\/mejoran-infraestructura-de-colegio-en-el-distrito-9-de-cochabamba\/"]}]},{"@type":"ImageObject","inLanguage":"es","@id":"https:\/\/www.eldiario.net\/portal\/2022\/06\/14\/mejoran-infraestructura-de-colegio-en-el-distrito-9-de-cochabamba\/#primaryimage","url":"","contentUrl":""},{"@type":"BreadcrumbList","@id":"https:\/\/www.eldiario.net\/portal\/2022\/06\/14\/mejoran-infraestructura-de-colegio-en-el-distrito-9-de-cochabamba\/#breadcrumb","itemListElement":[{"@type":"ListItem","position":1,"name":"Portada","item":"https:\/\/www.eldiario.net\/portal\/"},{"@type":"ListItem","position":2,"name":"Mejoran infraestructura de colegio en el Distrito 9 de Cochabamba"}]},{"@type":"WebSite","@id":"https:\/\/www.eldiario.net\/portal\/#website","url":"https:\/\/www.eldiario.net\/portal\/","name":"El Diario - Decano de la prensa nacional","description":"El Diario - Decano de la prensa nacional","publisher":{"@id":"https:\/\/www.eldiario.net\/portal\/#organization"},"potentialAction":[{"@type":"SearchAction","target":{"@type":"EntryPoint","urlTemplate":"https:\/\/www.eldiario.net\/portal\/?s={search_term_string}"},"query-input":{"@type":"PropertyValueSpecification","valueRequired":true,"valueName":"search_term_string"}}],"inLanguage":"es"},{"@type":"Organization","@id":"https:\/\/www.eldiario.net\/portal\/#organization","name":"El Diario - Decano de la prensa nacional","url":"https:\/\/www.eldiario.net\/portal\/","logo":{"@type":"ImageObject","inLanguage":"es","@id":"https:\/\/www.eldiario.net\/portal\/#\/schema\/logo\/image\/","url":"https:\/\/www.eldiario.net\/portal\/wp-content\/uploads\/2023\/07\/logo_ED.jpg","contentUrl":"https:\/\/www.eldiario.net\/portal\/wp-content\/uploads\/2023\/07\/logo_ED.jpg","width":272,"height":52,"caption":"El Diario - Decano de la prensa nacional"},"image":{"@id":"https:\/\/www.eldiario.net\/portal\/#\/schema\/logo\/image\/"},"sameAs":["https:\/\/www.facebook.com\/eldiario.bolivia\/","https:\/\/x.com\/eldiario_net"]},{"@type":"Person","@id":"https:\/\/www.eldiario.net\/portal\/#\/schema\/person\/f46445640444750d7d753ccd04ae01b7","name":"Jeanette","image":{"@type":"ImageObject","inLanguage":"es","@id":"https:\/\/secure.gravatar.com\/avatar\/3ea2118a5f7dad2b7138b1187a6b7ee55f160b9968b66013c3a3ef39dd7e5798?s=96&d=mm&r=g","url":"https:\/\/secure.gravatar.com\/avatar\/3ea2118a5f7dad2b7138b1187a6b7ee55f160b9968b66013c3a3ef39dd7e5798?s=96&d=mm&r=g","contentUrl":"https:\/\/secure.gravatar.com\/avatar\/3ea2118a5f7dad2b7138b1187a6b7ee55f160b9968b66013c3a3ef39dd7e5798?s=96&d=mm&r=g","caption":"Jeanette"},"sameAs":["https:\/\/www.eldiario.net\/portal"],"url":"https:\/\/www.eldiario.net\/portal\/author\/jeanette\/"}]}},"_links":{"self":[{"href":"https:\/\/www.eldiario.net\/portal\/wp-json\/wp\/v2\/posts\/90422","targetHints":{"allow":["GET"]}}],"collection":[{"href":"https:\/\/www.eldiario.net\/portal\/wp-json\/wp\/v2\/posts"}],"about":[{"href":"https:\/\/www.eldiario.net\/portal\/wp-json\/wp\/v2\/types\/post"}],"author":[{"embeddable":true,"href":"https:\/\/www.eldiario.net\/portal\/wp-json\/wp\/v2\/users\/1"}],"replies":[{"embeddable":true,"href":"https:\/\/www.eldiario.net\/portal\/wp-json\/wp\/v2\/comments?post=90422"}],"version-history":[{"count":0,"href":"https:\/\/www.eldiario.net\/portal\/wp-json\/wp\/v2\/posts\/90422\/revisions"}],"wp:attachment":[{"href":"https:\/\/www.eldiario.net\/portal\/wp-json\/wp\/v2\/media?parent=90422"}],"wp:term":[{"taxonomy":"category","embeddable":true,"href":"https:\/\/www.eldiario.net\/portal\/wp-json\/wp\/v2\/categories?post=90422"},{"taxonomy":"post_tag","embeddable":true,"href":"https:\/\/www.eldiario.net\/portal\/wp-json\/wp\/v2\/tags?post=90422"}],"curies":[{"name":"wp","href":"https:\/\/api.w.org\/{rel}","templated":true}]}}