{"id":90418,"date":"2022-06-14T05:49:35","date_gmt":"2022-06-14T09:49:35","guid":{"rendered":"https:\/\/www.eldiario.net\/portal\/?p=90418"},"modified":"2022-06-14T05:49:35","modified_gmt":"2022-06-14T09:49:35","slug":"denuncian-que-medico-atendia-terapia-intensiva-en-estado-etilico","status":"publish","type":"post","link":"https:\/\/www.eldiario.net\/portal\/2022\/06\/14\/denuncian-que-medico-atendia-terapia-intensiva-en-estado-etilico\/","title":{"rendered":"Denuncian que m\u00e9dico atend\u00eda  terapia intensiva en estado et\u00edlico"},"content":{"rendered":"<p>Tras denuncia de familiares de pacientes, la Polic\u00eda arrest\u00f3 a un m\u00e9dico que atend\u00eda en presunto estado et\u00edlico la unidad de terapia intensiva de la Caja Nacional de Salud (CNS) de Cobija, en Pando.<\/p>\n<p>\u201cSe sinti\u00f3 su tufo fuerte\u201d, dijo una de las familiares. Cont\u00f3 que hab\u00eda conversado con el m\u00e9dico y hab\u00eda notado que estaba mareado.<\/p>\n<p>La mujer incluso asever\u00f3 que el m\u00e9dico la mand\u00f3 a cotizar unos medicamentos y, dependiendo el precio, le ofreci\u00f3 vend\u00e9rselos \u00e9l por un precio m\u00e1s barato.<\/p>\n<p>\u201cSe evidenci\u00f3 que el doctor estaba durmiendo en una sala de descanso y aparentemente se encontraba presuntamente en estado de ebriedad\u201d, corrobor\u00f3 el encargado de Transparencia de la CNS, seg\u00fan difundi\u00f3 TVU.<\/p>\n<p>El funcionario indic\u00f3 que la alcoholemia detect\u00f3 un grado alcoh\u00f3lico de 0,34 del m\u00e9dico, por lo cual se tomar\u00e1n acciones en su contra. Indic\u00f3 que el caso ha pasado al Ministerio P\u00fablico.<\/p>\n<p>El responsable de la CNS en la regi\u00f3n, Freddy Antezana, indic\u00f3 que este tipo de hechos no suele pasar en esta instituci\u00f3n.<\/p>\n<p>Se busc\u00f3 la manera de cubrir el espacio dejado por el m\u00e9dico denunciado. Antezana dijo que una internista estaba a cargo y que otro intensivista reforzar\u00eda la atenci\u00f3n en posturno. Lament\u00f3 que hay especialistas en la regi\u00f3n. (ANF)<\/p>\n","protected":false},"excerpt":{"rendered":"<p>Tras denuncia de familiares de pacientes, la Polic\u00eda arrest\u00f3 a un m\u00e9dico que atend\u00eda en presunto estado et\u00edlico la unidad de terapia intensiva de la Caja Nacional de Salud (CNS) de Cobija, en Pando. \u201cSe sinti\u00f3 su tufo fuerte\u201d, dijo una de las familiares. Cont\u00f3 que hab\u00eda conversado con el m\u00e9dico y hab\u00eda notado que [&hellip;]<\/p>\n","protected":false},"author":1,"featured_media":90419,"comment_status":"closed","ping_status":"closed","sticky":false,"template":"","format":"standard","meta":{"_acf_changed":false,"footnotes":""},"categories":[12],"tags":[],"class_list":["post-90418","post","type-post","status-publish","format-standard","has-post-thumbnail","category-nacional"],"acf":{"antetitulo":""},"yoast_head":"<!-- This site is optimized with the Yoast SEO plugin v28.4 - https:\/\/yoast.com\/product\/yoast-seo-wordpress\/ -->\n<title>Denuncian que m\u00e9dico atend\u00eda terapia intensiva en estado et\u00edlico - El Diario - Bolivia<\/title>\n<meta name=\"robots\" content=\"index, follow, max-snippet:-1, max-image-preview:large, max-video-preview:-1\" \/>\n<link rel=\"canonical\" href=\"https:\/\/www.eldiario.net\/portal\/2022\/06\/14\/denuncian-que-medico-atendia-terapia-intensiva-en-estado-etilico\/\" \/>\n<meta property=\"og:locale\" content=\"es_ES\" \/>\n<meta property=\"og:type\" content=\"article\" \/>\n<meta property=\"og:title\" content=\"Denuncian que m\u00e9dico atend\u00eda terapia intensiva en estado et\u00edlico - El Diario - Bolivia\" \/>\n<meta property=\"og:description\" content=\"Tras denuncia de familiares de pacientes, la Polic\u00eda arrest\u00f3 a un m\u00e9dico que atend\u00eda en presunto estado et\u00edlico la unidad de terapia intensiva de la Caja Nacional de Salud (CNS) de Cobija, en Pando. \u201cSe sinti\u00f3 su tufo fuerte\u201d, dijo una de las familiares. Cont\u00f3 que hab\u00eda conversado con el m\u00e9dico y hab\u00eda notado que [&hellip;]\" \/>\n<meta property=\"og:url\" content=\"https:\/\/www.eldiario.net\/portal\/2022\/06\/14\/denuncian-que-medico-atendia-terapia-intensiva-en-estado-etilico\/\" \/>\n<meta property=\"og:site_name\" content=\"El Diario - Bolivia\" \/>\n<meta property=\"article:publisher\" content=\"https:\/\/www.facebook.com\/eldiario.bolivia\/\" \/>\n<meta property=\"article:published_time\" content=\"2022-06-14T09:49:35+00:00\" \/>\n<meta name=\"author\" content=\"Jeanette\" \/>\n<meta name=\"twitter:card\" content=\"summary_large_image\" \/>\n<meta name=\"twitter:creator\" content=\"@eldiario_net\" \/>\n<meta name=\"twitter:site\" content=\"@eldiario_net\" \/>\n<meta name=\"twitter:label1\" content=\"Escrito por\" \/>\n\t<meta name=\"twitter:data1\" content=\"Jeanette\" \/>\n\t<meta name=\"twitter:label2\" content=\"Tiempo de lectura\" \/>\n\t<meta name=\"twitter:data2\" content=\"1 minuto\" \/>\n<script type=\"application\/ld+json\" class=\"yoast-schema-graph\">{\"@context\":\"https:\\\/\\\/schema.org\",\"@graph\":[{\"@type\":\"Article\",\"@id\":\"https:\\\/\\\/www.eldiario.net\\\/portal\\\/2022\\\/06\\\/14\\\/denuncian-que-medico-atendia-terapia-intensiva-en-estado-etilico\\\/#article\",\"isPartOf\":{\"@id\":\"https:\\\/\\\/www.eldiario.net\\\/portal\\\/2022\\\/06\\\/14\\\/denuncian-que-medico-atendia-terapia-intensiva-en-estado-etilico\\\/\"},\"author\":{\"name\":\"Jeanette\",\"@id\":\"https:\\\/\\\/www.eldiario.net\\\/portal\\\/#\\\/schema\\\/person\\\/f46445640444750d7d753ccd04ae01b7\"},\"headline\":\"Denuncian que m\u00e9dico atend\u00eda terapia intensiva en estado et\u00edlico\",\"datePublished\":\"2022-06-14T09:49:35+00:00\",\"mainEntityOfPage\":{\"@id\":\"https:\\\/\\\/www.eldiario.net\\\/portal\\\/2022\\\/06\\\/14\\\/denuncian-que-medico-atendia-terapia-intensiva-en-estado-etilico\\\/\"},\"wordCount\":239,\"publisher\":{\"@id\":\"https:\\\/\\\/www.eldiario.net\\\/portal\\\/#organization\"},\"image\":{\"@id\":\"https:\\\/\\\/www.eldiario.net\\\/portal\\\/2022\\\/06\\\/14\\\/denuncian-que-medico-atendia-terapia-intensiva-en-estado-etilico\\\/#primaryimage\"},\"thumbnailUrl\":\"\",\"articleSection\":[\"Nacional\"],\"inLanguage\":\"es\"},{\"@type\":\"WebPage\",\"@id\":\"https:\\\/\\\/www.eldiario.net\\\/portal\\\/2022\\\/06\\\/14\\\/denuncian-que-medico-atendia-terapia-intensiva-en-estado-etilico\\\/\",\"url\":\"https:\\\/\\\/www.eldiario.net\\\/portal\\\/2022\\\/06\\\/14\\\/denuncian-que-medico-atendia-terapia-intensiva-en-estado-etilico\\\/\",\"name\":\"Denuncian que m\u00e9dico atend\u00eda terapia intensiva en estado et\u00edlico - El Diario - Bolivia\",\"isPartOf\":{\"@id\":\"https:\\\/\\\/www.eldiario.net\\\/portal\\\/#website\"},\"primaryImageOfPage\":{\"@id\":\"https:\\\/\\\/www.eldiario.net\\\/portal\\\/2022\\\/06\\\/14\\\/denuncian-que-medico-atendia-terapia-intensiva-en-estado-etilico\\\/#primaryimage\"},\"image\":{\"@id\":\"https:\\\/\\\/www.eldiario.net\\\/portal\\\/2022\\\/06\\\/14\\\/denuncian-que-medico-atendia-terapia-intensiva-en-estado-etilico\\\/#primaryimage\"},\"thumbnailUrl\":\"\",\"datePublished\":\"2022-06-14T09:49:35+00:00\",\"breadcrumb\":{\"@id\":\"https:\\\/\\\/www.eldiario.net\\\/portal\\\/2022\\\/06\\\/14\\\/denuncian-que-medico-atendia-terapia-intensiva-en-estado-etilico\\\/#breadcrumb\"},\"inLanguage\":\"es\",\"potentialAction\":[{\"@type\":\"ReadAction\",\"target\":[\"https:\\\/\\\/www.eldiario.net\\\/portal\\\/2022\\\/06\\\/14\\\/denuncian-que-medico-atendia-terapia-intensiva-en-estado-etilico\\\/\"]}]},{\"@type\":\"ImageObject\",\"inLanguage\":\"es\",\"@id\":\"https:\\\/\\\/www.eldiario.net\\\/portal\\\/2022\\\/06\\\/14\\\/denuncian-que-medico-atendia-terapia-intensiva-en-estado-etilico\\\/#primaryimage\",\"url\":\"\",\"contentUrl\":\"\"},{\"@type\":\"BreadcrumbList\",\"@id\":\"https:\\\/\\\/www.eldiario.net\\\/portal\\\/2022\\\/06\\\/14\\\/denuncian-que-medico-atendia-terapia-intensiva-en-estado-etilico\\\/#breadcrumb\",\"itemListElement\":[{\"@type\":\"ListItem\",\"position\":1,\"name\":\"Portada\",\"item\":\"https:\\\/\\\/www.eldiario.net\\\/portal\\\/\"},{\"@type\":\"ListItem\",\"position\":2,\"name\":\"Denuncian que m\u00e9dico atend\u00eda terapia intensiva en estado et\u00edlico\"}]},{\"@type\":\"WebSite\",\"@id\":\"https:\\\/\\\/www.eldiario.net\\\/portal\\\/#website\",\"url\":\"https:\\\/\\\/www.eldiario.net\\\/portal\\\/\",\"name\":\"El Diario - Decano de la prensa nacional\",\"description\":\"El Diario - Decano de la prensa nacional\",\"publisher\":{\"@id\":\"https:\\\/\\\/www.eldiario.net\\\/portal\\\/#organization\"},\"potentialAction\":[{\"@type\":\"SearchAction\",\"target\":{\"@type\":\"EntryPoint\",\"urlTemplate\":\"https:\\\/\\\/www.eldiario.net\\\/portal\\\/?s={search_term_string}\"},\"query-input\":{\"@type\":\"PropertyValueSpecification\",\"valueRequired\":true,\"valueName\":\"search_term_string\"}}],\"inLanguage\":\"es\"},{\"@type\":\"Organization\",\"@id\":\"https:\\\/\\\/www.eldiario.net\\\/portal\\\/#organization\",\"name\":\"El Diario - Decano de la prensa nacional\",\"url\":\"https:\\\/\\\/www.eldiario.net\\\/portal\\\/\",\"logo\":{\"@type\":\"ImageObject\",\"inLanguage\":\"es\",\"@id\":\"https:\\\/\\\/www.eldiario.net\\\/portal\\\/#\\\/schema\\\/logo\\\/image\\\/\",\"url\":\"https:\\\/\\\/www.eldiario.net\\\/portal\\\/wp-content\\\/uploads\\\/2023\\\/07\\\/logo_ED.jpg\",\"contentUrl\":\"https:\\\/\\\/www.eldiario.net\\\/portal\\\/wp-content\\\/uploads\\\/2023\\\/07\\\/logo_ED.jpg\",\"width\":272,\"height\":52,\"caption\":\"El Diario - Decano de la prensa nacional\"},\"image\":{\"@id\":\"https:\\\/\\\/www.eldiario.net\\\/portal\\\/#\\\/schema\\\/logo\\\/image\\\/\"},\"sameAs\":[\"https:\\\/\\\/www.facebook.com\\\/eldiario.bolivia\\\/\",\"https:\\\/\\\/x.com\\\/eldiario_net\"]},{\"@type\":\"Person\",\"@id\":\"https:\\\/\\\/www.eldiario.net\\\/portal\\\/#\\\/schema\\\/person\\\/f46445640444750d7d753ccd04ae01b7\",\"name\":\"Jeanette\",\"image\":{\"@type\":\"ImageObject\",\"inLanguage\":\"es\",\"@id\":\"https:\\\/\\\/secure.gravatar.com\\\/avatar\\\/3ea2118a5f7dad2b7138b1187a6b7ee55f160b9968b66013c3a3ef39dd7e5798?s=96&d=mm&r=g\",\"url\":\"https:\\\/\\\/secure.gravatar.com\\\/avatar\\\/3ea2118a5f7dad2b7138b1187a6b7ee55f160b9968b66013c3a3ef39dd7e5798?s=96&d=mm&r=g\",\"contentUrl\":\"https:\\\/\\\/secure.gravatar.com\\\/avatar\\\/3ea2118a5f7dad2b7138b1187a6b7ee55f160b9968b66013c3a3ef39dd7e5798?s=96&d=mm&r=g\",\"caption\":\"Jeanette\"},\"sameAs\":[\"https:\\\/\\\/www.eldiario.net\\\/portal\"],\"url\":\"https:\\\/\\\/www.eldiario.net\\\/portal\\\/author\\\/jeanette\\\/\"}]}<\/script>\n<!-- \/ Yoast SEO plugin. -->","yoast_head_json":{"title":"Denuncian que m\u00e9dico atend\u00eda terapia intensiva en estado et\u00edlico - El Diario - Bolivia","robots":{"index":"index","follow":"follow","max-snippet":"max-snippet:-1","max-image-preview":"max-image-preview:large","max-video-preview":"max-video-preview:-1"},"canonical":"https:\/\/www.eldiario.net\/portal\/2022\/06\/14\/denuncian-que-medico-atendia-terapia-intensiva-en-estado-etilico\/","og_locale":"es_ES","og_type":"article","og_title":"Denuncian que m\u00e9dico atend\u00eda terapia intensiva en estado et\u00edlico - El Diario - Bolivia","og_description":"Tras denuncia de familiares de pacientes, la Polic\u00eda arrest\u00f3 a un m\u00e9dico que atend\u00eda en presunto estado et\u00edlico la unidad de terapia intensiva de la Caja Nacional de Salud (CNS) de Cobija, en Pando. \u201cSe sinti\u00f3 su tufo fuerte\u201d, dijo una de las familiares. Cont\u00f3 que hab\u00eda conversado con el m\u00e9dico y hab\u00eda notado que [&hellip;]","og_url":"https:\/\/www.eldiario.net\/portal\/2022\/06\/14\/denuncian-que-medico-atendia-terapia-intensiva-en-estado-etilico\/","og_site_name":"El Diario - Bolivia","article_publisher":"https:\/\/www.facebook.com\/eldiario.bolivia\/","article_published_time":"2022-06-14T09:49:35+00:00","author":"Jeanette","twitter_card":"summary_large_image","twitter_creator":"@eldiario_net","twitter_site":"@eldiario_net","twitter_misc":{"Escrito por":"Jeanette","Tiempo de lectura":"1 minuto"},"schema":{"@context":"https:\/\/schema.org","@graph":[{"@type":"Article","@id":"https:\/\/www.eldiario.net\/portal\/2022\/06\/14\/denuncian-que-medico-atendia-terapia-intensiva-en-estado-etilico\/#article","isPartOf":{"@id":"https:\/\/www.eldiario.net\/portal\/2022\/06\/14\/denuncian-que-medico-atendia-terapia-intensiva-en-estado-etilico\/"},"author":{"name":"Jeanette","@id":"https:\/\/www.eldiario.net\/portal\/#\/schema\/person\/f46445640444750d7d753ccd04ae01b7"},"headline":"Denuncian que m\u00e9dico atend\u00eda terapia intensiva en estado et\u00edlico","datePublished":"2022-06-14T09:49:35+00:00","mainEntityOfPage":{"@id":"https:\/\/www.eldiario.net\/portal\/2022\/06\/14\/denuncian-que-medico-atendia-terapia-intensiva-en-estado-etilico\/"},"wordCount":239,"publisher":{"@id":"https:\/\/www.eldiario.net\/portal\/#organization"},"image":{"@id":"https:\/\/www.eldiario.net\/portal\/2022\/06\/14\/denuncian-que-medico-atendia-terapia-intensiva-en-estado-etilico\/#primaryimage"},"thumbnailUrl":"","articleSection":["Nacional"],"inLanguage":"es"},{"@type":"WebPage","@id":"https:\/\/www.eldiario.net\/portal\/2022\/06\/14\/denuncian-que-medico-atendia-terapia-intensiva-en-estado-etilico\/","url":"https:\/\/www.eldiario.net\/portal\/2022\/06\/14\/denuncian-que-medico-atendia-terapia-intensiva-en-estado-etilico\/","name":"Denuncian que m\u00e9dico atend\u00eda terapia intensiva en estado et\u00edlico - El Diario - Bolivia","isPartOf":{"@id":"https:\/\/www.eldiario.net\/portal\/#website"},"primaryImageOfPage":{"@id":"https:\/\/www.eldiario.net\/portal\/2022\/06\/14\/denuncian-que-medico-atendia-terapia-intensiva-en-estado-etilico\/#primaryimage"},"image":{"@id":"https:\/\/www.eldiario.net\/portal\/2022\/06\/14\/denuncian-que-medico-atendia-terapia-intensiva-en-estado-etilico\/#primaryimage"},"thumbnailUrl":"","datePublished":"2022-06-14T09:49:35+00:00","breadcrumb":{"@id":"https:\/\/www.eldiario.net\/portal\/2022\/06\/14\/denuncian-que-medico-atendia-terapia-intensiva-en-estado-etilico\/#breadcrumb"},"inLanguage":"es","potentialAction":[{"@type":"ReadAction","target":["https:\/\/www.eldiario.net\/portal\/2022\/06\/14\/denuncian-que-medico-atendia-terapia-intensiva-en-estado-etilico\/"]}]},{"@type":"ImageObject","inLanguage":"es","@id":"https:\/\/www.eldiario.net\/portal\/2022\/06\/14\/denuncian-que-medico-atendia-terapia-intensiva-en-estado-etilico\/#primaryimage","url":"","contentUrl":""},{"@type":"BreadcrumbList","@id":"https:\/\/www.eldiario.net\/portal\/2022\/06\/14\/denuncian-que-medico-atendia-terapia-intensiva-en-estado-etilico\/#breadcrumb","itemListElement":[{"@type":"ListItem","position":1,"name":"Portada","item":"https:\/\/www.eldiario.net\/portal\/"},{"@type":"ListItem","position":2,"name":"Denuncian que m\u00e9dico atend\u00eda terapia intensiva en estado et\u00edlico"}]},{"@type":"WebSite","@id":"https:\/\/www.eldiario.net\/portal\/#website","url":"https:\/\/www.eldiario.net\/portal\/","name":"El Diario - Decano de la prensa nacional","description":"El Diario - Decano de la prensa nacional","publisher":{"@id":"https:\/\/www.eldiario.net\/portal\/#organization"},"potentialAction":[{"@type":"SearchAction","target":{"@type":"EntryPoint","urlTemplate":"https:\/\/www.eldiario.net\/portal\/?s={search_term_string}"},"query-input":{"@type":"PropertyValueSpecification","valueRequired":true,"valueName":"search_term_string"}}],"inLanguage":"es"},{"@type":"Organization","@id":"https:\/\/www.eldiario.net\/portal\/#organization","name":"El Diario - Decano de la prensa nacional","url":"https:\/\/www.eldiario.net\/portal\/","logo":{"@type":"ImageObject","inLanguage":"es","@id":"https:\/\/www.eldiario.net\/portal\/#\/schema\/logo\/image\/","url":"https:\/\/www.eldiario.net\/portal\/wp-content\/uploads\/2023\/07\/logo_ED.jpg","contentUrl":"https:\/\/www.eldiario.net\/portal\/wp-content\/uploads\/2023\/07\/logo_ED.jpg","width":272,"height":52,"caption":"El Diario - Decano de la prensa nacional"},"image":{"@id":"https:\/\/www.eldiario.net\/portal\/#\/schema\/logo\/image\/"},"sameAs":["https:\/\/www.facebook.com\/eldiario.bolivia\/","https:\/\/x.com\/eldiario_net"]},{"@type":"Person","@id":"https:\/\/www.eldiario.net\/portal\/#\/schema\/person\/f46445640444750d7d753ccd04ae01b7","name":"Jeanette","image":{"@type":"ImageObject","inLanguage":"es","@id":"https:\/\/secure.gravatar.com\/avatar\/3ea2118a5f7dad2b7138b1187a6b7ee55f160b9968b66013c3a3ef39dd7e5798?s=96&d=mm&r=g","url":"https:\/\/secure.gravatar.com\/avatar\/3ea2118a5f7dad2b7138b1187a6b7ee55f160b9968b66013c3a3ef39dd7e5798?s=96&d=mm&r=g","contentUrl":"https:\/\/secure.gravatar.com\/avatar\/3ea2118a5f7dad2b7138b1187a6b7ee55f160b9968b66013c3a3ef39dd7e5798?s=96&d=mm&r=g","caption":"Jeanette"},"sameAs":["https:\/\/www.eldiario.net\/portal"],"url":"https:\/\/www.eldiario.net\/portal\/author\/jeanette\/"}]}},"_links":{"self":[{"href":"https:\/\/www.eldiario.net\/portal\/wp-json\/wp\/v2\/posts\/90418","targetHints":{"allow":["GET"]}}],"collection":[{"href":"https:\/\/www.eldiario.net\/portal\/wp-json\/wp\/v2\/posts"}],"about":[{"href":"https:\/\/www.eldiario.net\/portal\/wp-json\/wp\/v2\/types\/post"}],"author":[{"embeddable":true,"href":"https:\/\/www.eldiario.net\/portal\/wp-json\/wp\/v2\/users\/1"}],"replies":[{"embeddable":true,"href":"https:\/\/www.eldiario.net\/portal\/wp-json\/wp\/v2\/comments?post=90418"}],"version-history":[{"count":0,"href":"https:\/\/www.eldiario.net\/portal\/wp-json\/wp\/v2\/posts\/90418\/revisions"}],"wp:attachment":[{"href":"https:\/\/www.eldiario.net\/portal\/wp-json\/wp\/v2\/media?parent=90418"}],"wp:term":[{"taxonomy":"category","embeddable":true,"href":"https:\/\/www.eldiario.net\/portal\/wp-json\/wp\/v2\/categories?post=90418"},{"taxonomy":"post_tag","embeddable":true,"href":"https:\/\/www.eldiario.net\/portal\/wp-json\/wp\/v2\/tags?post=90418"}],"curies":[{"name":"wp","href":"https:\/\/api.w.org\/{rel}","templated":true}]}}