{"id":90415,"date":"2022-06-14T05:48:40","date_gmt":"2022-06-14T09:48:40","guid":{"rendered":"https:\/\/www.eldiario.net\/portal\/?p=90415"},"modified":"2022-06-14T05:48:40","modified_gmt":"2022-06-14T09:48:40","slug":"el-nino-que-fue-victima-de-violacion-fue-enterrado-en-medio-de-pedidos-de-justicia","status":"publish","type":"post","link":"https:\/\/www.eldiario.net\/portal\/2022\/06\/14\/el-nino-que-fue-victima-de-violacion-fue-enterrado-en-medio-de-pedidos-de-justicia\/","title":{"rendered":"El ni\u00f1o que fue v\u00edctima de violaci\u00f3n fue  enterrado en medio de pedidos de justicia"},"content":{"rendered":"<p>La tarde de ayer, familiares, amigos y vecinos del ni\u00f1o de 10 a\u00f1os que falleci\u00f3 luego de haber sufrido violaci\u00f3n, acompa\u00f1aron al menor hasta su \u00faltima morada en el cementerio municipal de Yapacan\u00ed. Los pobladores pidieron justicia para la v\u00edctima.<\/p>\n<p>El f\u00e9retro en el que fue enterrado el peque\u00f1o es de color blanco, llevaba la figura de un hombre ara\u00f1a en la parte superior.<\/p>\n<p>El llanto de la madre y otros familiares al momento de su entierro era desgarrador. Varias personas portaban pancartas exigiendo que se haga justicia por la muerte del ni\u00f1o.<\/p>\n<p>\u201cSentencia y pena m\u00e1xima\u201d, dec\u00eda uno de los letreros que cargaba una persona que particip\u00f3 de la procesi\u00f3n para enterrar al menor.<\/p>\n<p>\u201cQueremos que se haga justicia, todos pedimos justicia\u201d, se\u00f1alaba otra persona que estaba en el lugar.<\/p>\n<p>El menor falleci\u00f3 la madrugada del s\u00e1bado en el Hospital de Ni\u00f1os de la capital cruce\u00f1a, ese d\u00eda fue trasladado a Yapacan\u00ed, donde fue velado y este lunes se realiz\u00f3 el entierro.<\/p>\n<p>Fueron varias las personas que se dieron cita al cortejo f\u00fanebre que recorri\u00f3 las principales calles y avenidas de Yapacan\u00ed, para finalmente dirigirse hasta el cementerio de este municipio. (Santa Cruz, Unitel)<\/p>\n","protected":false},"excerpt":{"rendered":"<p>La tarde de ayer, familiares, amigos y vecinos del ni\u00f1o de 10 a\u00f1os que falleci\u00f3 luego de haber sufrido violaci\u00f3n, acompa\u00f1aron al menor hasta su \u00faltima morada en el cementerio municipal de Yapacan\u00ed. Los pobladores pidieron justicia para la v\u00edctima. El f\u00e9retro en el que fue enterrado el peque\u00f1o es de color blanco, llevaba la [&hellip;]<\/p>\n","protected":false},"author":1,"featured_media":90416,"comment_status":"closed","ping_status":"closed","sticky":false,"template":"","format":"standard","meta":{"_acf_changed":false,"footnotes":""},"categories":[12],"tags":[],"class_list":["post-90415","post","type-post","status-publish","format-standard","has-post-thumbnail","category-nacional"],"acf":{"antetitulo":""},"yoast_head":"<!-- This site is optimized with the Yoast SEO plugin v28.4 - https:\/\/yoast.com\/product\/yoast-seo-wordpress\/ -->\n<title>El ni\u00f1o que fue v\u00edctima de violaci\u00f3n fue enterrado en medio de pedidos de justicia - El Diario - Bolivia<\/title>\n<meta name=\"robots\" content=\"index, follow, max-snippet:-1, max-image-preview:large, max-video-preview:-1\" \/>\n<link rel=\"canonical\" href=\"https:\/\/www.eldiario.net\/portal\/2022\/06\/14\/el-nino-que-fue-victima-de-violacion-fue-enterrado-en-medio-de-pedidos-de-justicia\/\" \/>\n<meta property=\"og:locale\" content=\"es_ES\" \/>\n<meta property=\"og:type\" content=\"article\" \/>\n<meta property=\"og:title\" content=\"El ni\u00f1o que fue v\u00edctima de violaci\u00f3n fue enterrado en medio de pedidos de justicia - El Diario - Bolivia\" \/>\n<meta property=\"og:description\" content=\"La tarde de ayer, familiares, amigos y vecinos del ni\u00f1o de 10 a\u00f1os que falleci\u00f3 luego de haber sufrido violaci\u00f3n, acompa\u00f1aron al menor hasta su \u00faltima morada en el cementerio municipal de Yapacan\u00ed. Los pobladores pidieron justicia para la v\u00edctima. El f\u00e9retro en el que fue enterrado el peque\u00f1o es de color blanco, llevaba la [&hellip;]\" \/>\n<meta property=\"og:url\" content=\"https:\/\/www.eldiario.net\/portal\/2022\/06\/14\/el-nino-que-fue-victima-de-violacion-fue-enterrado-en-medio-de-pedidos-de-justicia\/\" \/>\n<meta property=\"og:site_name\" content=\"El Diario - Bolivia\" \/>\n<meta property=\"article:publisher\" content=\"https:\/\/www.facebook.com\/eldiario.bolivia\/\" \/>\n<meta property=\"article:published_time\" content=\"2022-06-14T09:48:40+00:00\" \/>\n<meta name=\"author\" content=\"Jeanette\" \/>\n<meta name=\"twitter:card\" content=\"summary_large_image\" \/>\n<meta name=\"twitter:creator\" content=\"@eldiario_net\" \/>\n<meta name=\"twitter:site\" content=\"@eldiario_net\" \/>\n<meta name=\"twitter:label1\" content=\"Escrito por\" \/>\n\t<meta name=\"twitter:data1\" content=\"Jeanette\" \/>\n\t<meta name=\"twitter:label2\" content=\"Tiempo de lectura\" \/>\n\t<meta name=\"twitter:data2\" content=\"1 minuto\" \/>\n<script type=\"application\/ld+json\" class=\"yoast-schema-graph\">{\"@context\":\"https:\\\/\\\/schema.org\",\"@graph\":[{\"@type\":\"Article\",\"@id\":\"https:\\\/\\\/www.eldiario.net\\\/portal\\\/2022\\\/06\\\/14\\\/el-nino-que-fue-victima-de-violacion-fue-enterrado-en-medio-de-pedidos-de-justicia\\\/#article\",\"isPartOf\":{\"@id\":\"https:\\\/\\\/www.eldiario.net\\\/portal\\\/2022\\\/06\\\/14\\\/el-nino-que-fue-victima-de-violacion-fue-enterrado-en-medio-de-pedidos-de-justicia\\\/\"},\"author\":{\"name\":\"Jeanette\",\"@id\":\"https:\\\/\\\/www.eldiario.net\\\/portal\\\/#\\\/schema\\\/person\\\/f46445640444750d7d753ccd04ae01b7\"},\"headline\":\"El ni\u00f1o que fue v\u00edctima de violaci\u00f3n fue enterrado en medio de pedidos de justicia\",\"datePublished\":\"2022-06-14T09:48:40+00:00\",\"mainEntityOfPage\":{\"@id\":\"https:\\\/\\\/www.eldiario.net\\\/portal\\\/2022\\\/06\\\/14\\\/el-nino-que-fue-victima-de-violacion-fue-enterrado-en-medio-de-pedidos-de-justicia\\\/\"},\"wordCount\":230,\"publisher\":{\"@id\":\"https:\\\/\\\/www.eldiario.net\\\/portal\\\/#organization\"},\"image\":{\"@id\":\"https:\\\/\\\/www.eldiario.net\\\/portal\\\/2022\\\/06\\\/14\\\/el-nino-que-fue-victima-de-violacion-fue-enterrado-en-medio-de-pedidos-de-justicia\\\/#primaryimage\"},\"thumbnailUrl\":\"\",\"articleSection\":[\"Nacional\"],\"inLanguage\":\"es\"},{\"@type\":\"WebPage\",\"@id\":\"https:\\\/\\\/www.eldiario.net\\\/portal\\\/2022\\\/06\\\/14\\\/el-nino-que-fue-victima-de-violacion-fue-enterrado-en-medio-de-pedidos-de-justicia\\\/\",\"url\":\"https:\\\/\\\/www.eldiario.net\\\/portal\\\/2022\\\/06\\\/14\\\/el-nino-que-fue-victima-de-violacion-fue-enterrado-en-medio-de-pedidos-de-justicia\\\/\",\"name\":\"El ni\u00f1o que fue v\u00edctima de violaci\u00f3n fue enterrado en medio de pedidos de justicia - El Diario - Bolivia\",\"isPartOf\":{\"@id\":\"https:\\\/\\\/www.eldiario.net\\\/portal\\\/#website\"},\"primaryImageOfPage\":{\"@id\":\"https:\\\/\\\/www.eldiario.net\\\/portal\\\/2022\\\/06\\\/14\\\/el-nino-que-fue-victima-de-violacion-fue-enterrado-en-medio-de-pedidos-de-justicia\\\/#primaryimage\"},\"image\":{\"@id\":\"https:\\\/\\\/www.eldiario.net\\\/portal\\\/2022\\\/06\\\/14\\\/el-nino-que-fue-victima-de-violacion-fue-enterrado-en-medio-de-pedidos-de-justicia\\\/#primaryimage\"},\"thumbnailUrl\":\"\",\"datePublished\":\"2022-06-14T09:48:40+00:00\",\"breadcrumb\":{\"@id\":\"https:\\\/\\\/www.eldiario.net\\\/portal\\\/2022\\\/06\\\/14\\\/el-nino-que-fue-victima-de-violacion-fue-enterrado-en-medio-de-pedidos-de-justicia\\\/#breadcrumb\"},\"inLanguage\":\"es\",\"potentialAction\":[{\"@type\":\"ReadAction\",\"target\":[\"https:\\\/\\\/www.eldiario.net\\\/portal\\\/2022\\\/06\\\/14\\\/el-nino-que-fue-victima-de-violacion-fue-enterrado-en-medio-de-pedidos-de-justicia\\\/\"]}]},{\"@type\":\"ImageObject\",\"inLanguage\":\"es\",\"@id\":\"https:\\\/\\\/www.eldiario.net\\\/portal\\\/2022\\\/06\\\/14\\\/el-nino-que-fue-victima-de-violacion-fue-enterrado-en-medio-de-pedidos-de-justicia\\\/#primaryimage\",\"url\":\"\",\"contentUrl\":\"\"},{\"@type\":\"BreadcrumbList\",\"@id\":\"https:\\\/\\\/www.eldiario.net\\\/portal\\\/2022\\\/06\\\/14\\\/el-nino-que-fue-victima-de-violacion-fue-enterrado-en-medio-de-pedidos-de-justicia\\\/#breadcrumb\",\"itemListElement\":[{\"@type\":\"ListItem\",\"position\":1,\"name\":\"Portada\",\"item\":\"https:\\\/\\\/www.eldiario.net\\\/portal\\\/\"},{\"@type\":\"ListItem\",\"position\":2,\"name\":\"El ni\u00f1o que fue v\u00edctima de violaci\u00f3n fue enterrado en medio de pedidos de justicia\"}]},{\"@type\":\"WebSite\",\"@id\":\"https:\\\/\\\/www.eldiario.net\\\/portal\\\/#website\",\"url\":\"https:\\\/\\\/www.eldiario.net\\\/portal\\\/\",\"name\":\"El Diario - Decano de la prensa nacional\",\"description\":\"El Diario - Decano de la prensa nacional\",\"publisher\":{\"@id\":\"https:\\\/\\\/www.eldiario.net\\\/portal\\\/#organization\"},\"potentialAction\":[{\"@type\":\"SearchAction\",\"target\":{\"@type\":\"EntryPoint\",\"urlTemplate\":\"https:\\\/\\\/www.eldiario.net\\\/portal\\\/?s={search_term_string}\"},\"query-input\":{\"@type\":\"PropertyValueSpecification\",\"valueRequired\":true,\"valueName\":\"search_term_string\"}}],\"inLanguage\":\"es\"},{\"@type\":\"Organization\",\"@id\":\"https:\\\/\\\/www.eldiario.net\\\/portal\\\/#organization\",\"name\":\"El Diario - Decano de la prensa nacional\",\"url\":\"https:\\\/\\\/www.eldiario.net\\\/portal\\\/\",\"logo\":{\"@type\":\"ImageObject\",\"inLanguage\":\"es\",\"@id\":\"https:\\\/\\\/www.eldiario.net\\\/portal\\\/#\\\/schema\\\/logo\\\/image\\\/\",\"url\":\"https:\\\/\\\/www.eldiario.net\\\/portal\\\/wp-content\\\/uploads\\\/2023\\\/07\\\/logo_ED.jpg\",\"contentUrl\":\"https:\\\/\\\/www.eldiario.net\\\/portal\\\/wp-content\\\/uploads\\\/2023\\\/07\\\/logo_ED.jpg\",\"width\":272,\"height\":52,\"caption\":\"El Diario - Decano de la prensa nacional\"},\"image\":{\"@id\":\"https:\\\/\\\/www.eldiario.net\\\/portal\\\/#\\\/schema\\\/logo\\\/image\\\/\"},\"sameAs\":[\"https:\\\/\\\/www.facebook.com\\\/eldiario.bolivia\\\/\",\"https:\\\/\\\/x.com\\\/eldiario_net\"]},{\"@type\":\"Person\",\"@id\":\"https:\\\/\\\/www.eldiario.net\\\/portal\\\/#\\\/schema\\\/person\\\/f46445640444750d7d753ccd04ae01b7\",\"name\":\"Jeanette\",\"image\":{\"@type\":\"ImageObject\",\"inLanguage\":\"es\",\"@id\":\"https:\\\/\\\/secure.gravatar.com\\\/avatar\\\/3ea2118a5f7dad2b7138b1187a6b7ee55f160b9968b66013c3a3ef39dd7e5798?s=96&d=mm&r=g\",\"url\":\"https:\\\/\\\/secure.gravatar.com\\\/avatar\\\/3ea2118a5f7dad2b7138b1187a6b7ee55f160b9968b66013c3a3ef39dd7e5798?s=96&d=mm&r=g\",\"contentUrl\":\"https:\\\/\\\/secure.gravatar.com\\\/avatar\\\/3ea2118a5f7dad2b7138b1187a6b7ee55f160b9968b66013c3a3ef39dd7e5798?s=96&d=mm&r=g\",\"caption\":\"Jeanette\"},\"sameAs\":[\"https:\\\/\\\/www.eldiario.net\\\/portal\"],\"url\":\"https:\\\/\\\/www.eldiario.net\\\/portal\\\/author\\\/jeanette\\\/\"}]}<\/script>\n<!-- \/ Yoast SEO plugin. -->","yoast_head_json":{"title":"El ni\u00f1o que fue v\u00edctima de violaci\u00f3n fue enterrado en medio de pedidos de justicia - El Diario - Bolivia","robots":{"index":"index","follow":"follow","max-snippet":"max-snippet:-1","max-image-preview":"max-image-preview:large","max-video-preview":"max-video-preview:-1"},"canonical":"https:\/\/www.eldiario.net\/portal\/2022\/06\/14\/el-nino-que-fue-victima-de-violacion-fue-enterrado-en-medio-de-pedidos-de-justicia\/","og_locale":"es_ES","og_type":"article","og_title":"El ni\u00f1o que fue v\u00edctima de violaci\u00f3n fue enterrado en medio de pedidos de justicia - El Diario - Bolivia","og_description":"La tarde de ayer, familiares, amigos y vecinos del ni\u00f1o de 10 a\u00f1os que falleci\u00f3 luego de haber sufrido violaci\u00f3n, acompa\u00f1aron al menor hasta su \u00faltima morada en el cementerio municipal de Yapacan\u00ed. Los pobladores pidieron justicia para la v\u00edctima. El f\u00e9retro en el que fue enterrado el peque\u00f1o es de color blanco, llevaba la [&hellip;]","og_url":"https:\/\/www.eldiario.net\/portal\/2022\/06\/14\/el-nino-que-fue-victima-de-violacion-fue-enterrado-en-medio-de-pedidos-de-justicia\/","og_site_name":"El Diario - Bolivia","article_publisher":"https:\/\/www.facebook.com\/eldiario.bolivia\/","article_published_time":"2022-06-14T09:48:40+00:00","author":"Jeanette","twitter_card":"summary_large_image","twitter_creator":"@eldiario_net","twitter_site":"@eldiario_net","twitter_misc":{"Escrito por":"Jeanette","Tiempo de lectura":"1 minuto"},"schema":{"@context":"https:\/\/schema.org","@graph":[{"@type":"Article","@id":"https:\/\/www.eldiario.net\/portal\/2022\/06\/14\/el-nino-que-fue-victima-de-violacion-fue-enterrado-en-medio-de-pedidos-de-justicia\/#article","isPartOf":{"@id":"https:\/\/www.eldiario.net\/portal\/2022\/06\/14\/el-nino-que-fue-victima-de-violacion-fue-enterrado-en-medio-de-pedidos-de-justicia\/"},"author":{"name":"Jeanette","@id":"https:\/\/www.eldiario.net\/portal\/#\/schema\/person\/f46445640444750d7d753ccd04ae01b7"},"headline":"El ni\u00f1o que fue v\u00edctima de violaci\u00f3n fue enterrado en medio de pedidos de justicia","datePublished":"2022-06-14T09:48:40+00:00","mainEntityOfPage":{"@id":"https:\/\/www.eldiario.net\/portal\/2022\/06\/14\/el-nino-que-fue-victima-de-violacion-fue-enterrado-en-medio-de-pedidos-de-justicia\/"},"wordCount":230,"publisher":{"@id":"https:\/\/www.eldiario.net\/portal\/#organization"},"image":{"@id":"https:\/\/www.eldiario.net\/portal\/2022\/06\/14\/el-nino-que-fue-victima-de-violacion-fue-enterrado-en-medio-de-pedidos-de-justicia\/#primaryimage"},"thumbnailUrl":"","articleSection":["Nacional"],"inLanguage":"es"},{"@type":"WebPage","@id":"https:\/\/www.eldiario.net\/portal\/2022\/06\/14\/el-nino-que-fue-victima-de-violacion-fue-enterrado-en-medio-de-pedidos-de-justicia\/","url":"https:\/\/www.eldiario.net\/portal\/2022\/06\/14\/el-nino-que-fue-victima-de-violacion-fue-enterrado-en-medio-de-pedidos-de-justicia\/","name":"El ni\u00f1o que fue v\u00edctima de violaci\u00f3n fue enterrado en medio de pedidos de justicia - El Diario - Bolivia","isPartOf":{"@id":"https:\/\/www.eldiario.net\/portal\/#website"},"primaryImageOfPage":{"@id":"https:\/\/www.eldiario.net\/portal\/2022\/06\/14\/el-nino-que-fue-victima-de-violacion-fue-enterrado-en-medio-de-pedidos-de-justicia\/#primaryimage"},"image":{"@id":"https:\/\/www.eldiario.net\/portal\/2022\/06\/14\/el-nino-que-fue-victima-de-violacion-fue-enterrado-en-medio-de-pedidos-de-justicia\/#primaryimage"},"thumbnailUrl":"","datePublished":"2022-06-14T09:48:40+00:00","breadcrumb":{"@id":"https:\/\/www.eldiario.net\/portal\/2022\/06\/14\/el-nino-que-fue-victima-de-violacion-fue-enterrado-en-medio-de-pedidos-de-justicia\/#breadcrumb"},"inLanguage":"es","potentialAction":[{"@type":"ReadAction","target":["https:\/\/www.eldiario.net\/portal\/2022\/06\/14\/el-nino-que-fue-victima-de-violacion-fue-enterrado-en-medio-de-pedidos-de-justicia\/"]}]},{"@type":"ImageObject","inLanguage":"es","@id":"https:\/\/www.eldiario.net\/portal\/2022\/06\/14\/el-nino-que-fue-victima-de-violacion-fue-enterrado-en-medio-de-pedidos-de-justicia\/#primaryimage","url":"","contentUrl":""},{"@type":"BreadcrumbList","@id":"https:\/\/www.eldiario.net\/portal\/2022\/06\/14\/el-nino-que-fue-victima-de-violacion-fue-enterrado-en-medio-de-pedidos-de-justicia\/#breadcrumb","itemListElement":[{"@type":"ListItem","position":1,"name":"Portada","item":"https:\/\/www.eldiario.net\/portal\/"},{"@type":"ListItem","position":2,"name":"El ni\u00f1o que fue v\u00edctima de violaci\u00f3n fue enterrado en medio de pedidos de justicia"}]},{"@type":"WebSite","@id":"https:\/\/www.eldiario.net\/portal\/#website","url":"https:\/\/www.eldiario.net\/portal\/","name":"El Diario - Decano de la prensa nacional","description":"El Diario - Decano de la prensa nacional","publisher":{"@id":"https:\/\/www.eldiario.net\/portal\/#organization"},"potentialAction":[{"@type":"SearchAction","target":{"@type":"EntryPoint","urlTemplate":"https:\/\/www.eldiario.net\/portal\/?s={search_term_string}"},"query-input":{"@type":"PropertyValueSpecification","valueRequired":true,"valueName":"search_term_string"}}],"inLanguage":"es"},{"@type":"Organization","@id":"https:\/\/www.eldiario.net\/portal\/#organization","name":"El Diario - Decano de la prensa nacional","url":"https:\/\/www.eldiario.net\/portal\/","logo":{"@type":"ImageObject","inLanguage":"es","@id":"https:\/\/www.eldiario.net\/portal\/#\/schema\/logo\/image\/","url":"https:\/\/www.eldiario.net\/portal\/wp-content\/uploads\/2023\/07\/logo_ED.jpg","contentUrl":"https:\/\/www.eldiario.net\/portal\/wp-content\/uploads\/2023\/07\/logo_ED.jpg","width":272,"height":52,"caption":"El Diario - Decano de la prensa nacional"},"image":{"@id":"https:\/\/www.eldiario.net\/portal\/#\/schema\/logo\/image\/"},"sameAs":["https:\/\/www.facebook.com\/eldiario.bolivia\/","https:\/\/x.com\/eldiario_net"]},{"@type":"Person","@id":"https:\/\/www.eldiario.net\/portal\/#\/schema\/person\/f46445640444750d7d753ccd04ae01b7","name":"Jeanette","image":{"@type":"ImageObject","inLanguage":"es","@id":"https:\/\/secure.gravatar.com\/avatar\/3ea2118a5f7dad2b7138b1187a6b7ee55f160b9968b66013c3a3ef39dd7e5798?s=96&d=mm&r=g","url":"https:\/\/secure.gravatar.com\/avatar\/3ea2118a5f7dad2b7138b1187a6b7ee55f160b9968b66013c3a3ef39dd7e5798?s=96&d=mm&r=g","contentUrl":"https:\/\/secure.gravatar.com\/avatar\/3ea2118a5f7dad2b7138b1187a6b7ee55f160b9968b66013c3a3ef39dd7e5798?s=96&d=mm&r=g","caption":"Jeanette"},"sameAs":["https:\/\/www.eldiario.net\/portal"],"url":"https:\/\/www.eldiario.net\/portal\/author\/jeanette\/"}]}},"_links":{"self":[{"href":"https:\/\/www.eldiario.net\/portal\/wp-json\/wp\/v2\/posts\/90415","targetHints":{"allow":["GET"]}}],"collection":[{"href":"https:\/\/www.eldiario.net\/portal\/wp-json\/wp\/v2\/posts"}],"about":[{"href":"https:\/\/www.eldiario.net\/portal\/wp-json\/wp\/v2\/types\/post"}],"author":[{"embeddable":true,"href":"https:\/\/www.eldiario.net\/portal\/wp-json\/wp\/v2\/users\/1"}],"replies":[{"embeddable":true,"href":"https:\/\/www.eldiario.net\/portal\/wp-json\/wp\/v2\/comments?post=90415"}],"version-history":[{"count":0,"href":"https:\/\/www.eldiario.net\/portal\/wp-json\/wp\/v2\/posts\/90415\/revisions"}],"wp:attachment":[{"href":"https:\/\/www.eldiario.net\/portal\/wp-json\/wp\/v2\/media?parent=90415"}],"wp:term":[{"taxonomy":"category","embeddable":true,"href":"https:\/\/www.eldiario.net\/portal\/wp-json\/wp\/v2\/categories?post=90415"},{"taxonomy":"post_tag","embeddable":true,"href":"https:\/\/www.eldiario.net\/portal\/wp-json\/wp\/v2\/tags?post=90415"}],"curies":[{"name":"wp","href":"https:\/\/api.w.org\/{rel}","templated":true}]}}