{"id":90411,"date":"2022-06-14T05:47:30","date_gmt":"2022-06-14T09:47:30","guid":{"rendered":"https:\/\/www.eldiario.net\/portal\/?p=90411"},"modified":"2022-06-14T05:47:30","modified_gmt":"2022-06-14T09:47:30","slug":"policia-de-ucrania-estima-mas-de-12-000-civiles-muertos","status":"publish","type":"post","link":"https:\/\/www.eldiario.net\/portal\/2022\/06\/14\/policia-de-ucrania-estima-mas-de-12-000-civiles-muertos\/","title":{"rendered":"Polic\u00eda de Ucrania estima  m\u00e1s de 12.000 civiles muertos"},"content":{"rendered":"<p>Kiev.- El jefe de la Polic\u00eda ucraniana, Ihor Klimenko, inform\u00f3 ayer que m\u00e1s de 12.000 civiles murieron desde el inicio del conflicto por la invasi\u00f3n rusa del pasado 24 de febrero.<\/p>\n<p>El jefe policial explic\u00f3 que se estima que cerca del 75 por ciento de las v\u00edctimas son hombres, el dos por ciento ni\u00f1os y el resto, en torno al 23 por ciento, mujeres, tal y como ha informado en una entrevista concedida a la agencia de noticias Interfax.<\/p>\n<p>\u00abSon civiles. Son personas que no ten\u00edan nada que ver con el Ej\u00e9rcito ni con el restablecimiento del orden\u00bb, destac\u00f3 antes de recalcar que unas 1.200 v\u00edctimas no han sido identificadas a\u00fan.<\/p>\n<p>M\u00e1s de 1.500 cuerpos han sido hallados en las \u00e1reas cercanas a la capital ucraniana, Kiev, despu\u00e9s de que las tropas rusas se retiraran de la zona a finales de marzo. El hallazgo de fosas comunes en la ciudad de Bucha ha provocado cr\u00edticas desde la comunidad internacional.<\/p>\n<p>\u00abEn Bucha, Irpin, Gostomel y Borodyanka hab\u00eda gente muerta y tirada en la calle. Les dispararon francotiradores desde los tanques, desde carros de combate, a pesar de llevar brazaletes, tal y como les oblig\u00f3 el Ej\u00e9rcito ruso\u00bb, relat\u00f3 Klimenko.<\/p>\n<p>Datos de la ONU cifran en unos 4.300 los civiles muertos desde el inicio del conflicto armado el pasado 24 de febrero. (Europa Press)<\/p>\n","protected":false},"excerpt":{"rendered":"<p>Kiev.- El jefe de la Polic\u00eda ucraniana, Ihor Klimenko, inform\u00f3 ayer que m\u00e1s de 12.000 civiles murieron desde el inicio del conflicto por la invasi\u00f3n rusa del pasado 24 de febrero. El jefe policial explic\u00f3 que se estima que cerca del 75 por ciento de las v\u00edctimas son hombres, el dos por ciento ni\u00f1os y [&hellip;]<\/p>\n","protected":false},"author":1,"featured_media":90412,"comment_status":"closed","ping_status":"closed","sticky":false,"template":"","format":"standard","meta":{"_acf_changed":false,"footnotes":""},"categories":[3],"tags":[],"class_list":["post-90411","post","type-post","status-publish","format-standard","has-post-thumbnail","category-internacional"],"acf":{"antetitulo":""},"yoast_head":"<!-- This site is optimized with the Yoast SEO plugin v28.4 - https:\/\/yoast.com\/product\/yoast-seo-wordpress\/ -->\n<title>Polic\u00eda de Ucrania estima m\u00e1s de 12.000 civiles muertos - El Diario - Bolivia<\/title>\n<meta name=\"robots\" content=\"index, follow, max-snippet:-1, max-image-preview:large, max-video-preview:-1\" \/>\n<link rel=\"canonical\" href=\"https:\/\/www.eldiario.net\/portal\/2022\/06\/14\/policia-de-ucrania-estima-mas-de-12-000-civiles-muertos\/\" \/>\n<meta property=\"og:locale\" content=\"es_ES\" \/>\n<meta property=\"og:type\" content=\"article\" \/>\n<meta property=\"og:title\" content=\"Polic\u00eda de Ucrania estima m\u00e1s de 12.000 civiles muertos - El Diario - Bolivia\" \/>\n<meta property=\"og:description\" content=\"Kiev.- El jefe de la Polic\u00eda ucraniana, Ihor Klimenko, inform\u00f3 ayer que m\u00e1s de 12.000 civiles murieron desde el inicio del conflicto por la invasi\u00f3n rusa del pasado 24 de febrero. El jefe policial explic\u00f3 que se estima que cerca del 75 por ciento de las v\u00edctimas son hombres, el dos por ciento ni\u00f1os y [&hellip;]\" \/>\n<meta property=\"og:url\" content=\"https:\/\/www.eldiario.net\/portal\/2022\/06\/14\/policia-de-ucrania-estima-mas-de-12-000-civiles-muertos\/\" \/>\n<meta property=\"og:site_name\" content=\"El Diario - Bolivia\" \/>\n<meta property=\"article:publisher\" content=\"https:\/\/www.facebook.com\/eldiario.bolivia\/\" \/>\n<meta property=\"article:published_time\" content=\"2022-06-14T09:47:30+00:00\" \/>\n<meta name=\"author\" content=\"Jeanette\" \/>\n<meta name=\"twitter:card\" content=\"summary_large_image\" \/>\n<meta name=\"twitter:creator\" content=\"@eldiario_net\" \/>\n<meta name=\"twitter:site\" content=\"@eldiario_net\" \/>\n<meta name=\"twitter:label1\" content=\"Escrito por\" \/>\n\t<meta name=\"twitter:data1\" content=\"Jeanette\" \/>\n\t<meta name=\"twitter:label2\" content=\"Tiempo de lectura\" \/>\n\t<meta name=\"twitter:data2\" content=\"2 minutos\" \/>\n<script type=\"application\/ld+json\" class=\"yoast-schema-graph\">{\"@context\":\"https:\\\/\\\/schema.org\",\"@graph\":[{\"@type\":\"Article\",\"@id\":\"https:\\\/\\\/www.eldiario.net\\\/portal\\\/2022\\\/06\\\/14\\\/policia-de-ucrania-estima-mas-de-12-000-civiles-muertos\\\/#article\",\"isPartOf\":{\"@id\":\"https:\\\/\\\/www.eldiario.net\\\/portal\\\/2022\\\/06\\\/14\\\/policia-de-ucrania-estima-mas-de-12-000-civiles-muertos\\\/\"},\"author\":{\"name\":\"Jeanette\",\"@id\":\"https:\\\/\\\/www.eldiario.net\\\/portal\\\/#\\\/schema\\\/person\\\/f46445640444750d7d753ccd04ae01b7\"},\"headline\":\"Polic\u00eda de Ucrania estima m\u00e1s de 12.000 civiles muertos\",\"datePublished\":\"2022-06-14T09:47:30+00:00\",\"mainEntityOfPage\":{\"@id\":\"https:\\\/\\\/www.eldiario.net\\\/portal\\\/2022\\\/06\\\/14\\\/policia-de-ucrania-estima-mas-de-12-000-civiles-muertos\\\/\"},\"wordCount\":239,\"publisher\":{\"@id\":\"https:\\\/\\\/www.eldiario.net\\\/portal\\\/#organization\"},\"image\":{\"@id\":\"https:\\\/\\\/www.eldiario.net\\\/portal\\\/2022\\\/06\\\/14\\\/policia-de-ucrania-estima-mas-de-12-000-civiles-muertos\\\/#primaryimage\"},\"thumbnailUrl\":\"\",\"articleSection\":[\"Internacional\"],\"inLanguage\":\"es\"},{\"@type\":\"WebPage\",\"@id\":\"https:\\\/\\\/www.eldiario.net\\\/portal\\\/2022\\\/06\\\/14\\\/policia-de-ucrania-estima-mas-de-12-000-civiles-muertos\\\/\",\"url\":\"https:\\\/\\\/www.eldiario.net\\\/portal\\\/2022\\\/06\\\/14\\\/policia-de-ucrania-estima-mas-de-12-000-civiles-muertos\\\/\",\"name\":\"Polic\u00eda de Ucrania estima m\u00e1s de 12.000 civiles muertos - El Diario - Bolivia\",\"isPartOf\":{\"@id\":\"https:\\\/\\\/www.eldiario.net\\\/portal\\\/#website\"},\"primaryImageOfPage\":{\"@id\":\"https:\\\/\\\/www.eldiario.net\\\/portal\\\/2022\\\/06\\\/14\\\/policia-de-ucrania-estima-mas-de-12-000-civiles-muertos\\\/#primaryimage\"},\"image\":{\"@id\":\"https:\\\/\\\/www.eldiario.net\\\/portal\\\/2022\\\/06\\\/14\\\/policia-de-ucrania-estima-mas-de-12-000-civiles-muertos\\\/#primaryimage\"},\"thumbnailUrl\":\"\",\"datePublished\":\"2022-06-14T09:47:30+00:00\",\"breadcrumb\":{\"@id\":\"https:\\\/\\\/www.eldiario.net\\\/portal\\\/2022\\\/06\\\/14\\\/policia-de-ucrania-estima-mas-de-12-000-civiles-muertos\\\/#breadcrumb\"},\"inLanguage\":\"es\",\"potentialAction\":[{\"@type\":\"ReadAction\",\"target\":[\"https:\\\/\\\/www.eldiario.net\\\/portal\\\/2022\\\/06\\\/14\\\/policia-de-ucrania-estima-mas-de-12-000-civiles-muertos\\\/\"]}]},{\"@type\":\"ImageObject\",\"inLanguage\":\"es\",\"@id\":\"https:\\\/\\\/www.eldiario.net\\\/portal\\\/2022\\\/06\\\/14\\\/policia-de-ucrania-estima-mas-de-12-000-civiles-muertos\\\/#primaryimage\",\"url\":\"\",\"contentUrl\":\"\"},{\"@type\":\"BreadcrumbList\",\"@id\":\"https:\\\/\\\/www.eldiario.net\\\/portal\\\/2022\\\/06\\\/14\\\/policia-de-ucrania-estima-mas-de-12-000-civiles-muertos\\\/#breadcrumb\",\"itemListElement\":[{\"@type\":\"ListItem\",\"position\":1,\"name\":\"Portada\",\"item\":\"https:\\\/\\\/www.eldiario.net\\\/portal\\\/\"},{\"@type\":\"ListItem\",\"position\":2,\"name\":\"Polic\u00eda de Ucrania estima m\u00e1s de 12.000 civiles muertos\"}]},{\"@type\":\"WebSite\",\"@id\":\"https:\\\/\\\/www.eldiario.net\\\/portal\\\/#website\",\"url\":\"https:\\\/\\\/www.eldiario.net\\\/portal\\\/\",\"name\":\"El Diario - Decano de la prensa nacional\",\"description\":\"El Diario - Decano de la prensa nacional\",\"publisher\":{\"@id\":\"https:\\\/\\\/www.eldiario.net\\\/portal\\\/#organization\"},\"potentialAction\":[{\"@type\":\"SearchAction\",\"target\":{\"@type\":\"EntryPoint\",\"urlTemplate\":\"https:\\\/\\\/www.eldiario.net\\\/portal\\\/?s={search_term_string}\"},\"query-input\":{\"@type\":\"PropertyValueSpecification\",\"valueRequired\":true,\"valueName\":\"search_term_string\"}}],\"inLanguage\":\"es\"},{\"@type\":\"Organization\",\"@id\":\"https:\\\/\\\/www.eldiario.net\\\/portal\\\/#organization\",\"name\":\"El Diario - Decano de la prensa nacional\",\"url\":\"https:\\\/\\\/www.eldiario.net\\\/portal\\\/\",\"logo\":{\"@type\":\"ImageObject\",\"inLanguage\":\"es\",\"@id\":\"https:\\\/\\\/www.eldiario.net\\\/portal\\\/#\\\/schema\\\/logo\\\/image\\\/\",\"url\":\"https:\\\/\\\/www.eldiario.net\\\/portal\\\/wp-content\\\/uploads\\\/2023\\\/07\\\/logo_ED.jpg\",\"contentUrl\":\"https:\\\/\\\/www.eldiario.net\\\/portal\\\/wp-content\\\/uploads\\\/2023\\\/07\\\/logo_ED.jpg\",\"width\":272,\"height\":52,\"caption\":\"El Diario - Decano de la prensa nacional\"},\"image\":{\"@id\":\"https:\\\/\\\/www.eldiario.net\\\/portal\\\/#\\\/schema\\\/logo\\\/image\\\/\"},\"sameAs\":[\"https:\\\/\\\/www.facebook.com\\\/eldiario.bolivia\\\/\",\"https:\\\/\\\/x.com\\\/eldiario_net\"]},{\"@type\":\"Person\",\"@id\":\"https:\\\/\\\/www.eldiario.net\\\/portal\\\/#\\\/schema\\\/person\\\/f46445640444750d7d753ccd04ae01b7\",\"name\":\"Jeanette\",\"image\":{\"@type\":\"ImageObject\",\"inLanguage\":\"es\",\"@id\":\"https:\\\/\\\/secure.gravatar.com\\\/avatar\\\/3ea2118a5f7dad2b7138b1187a6b7ee55f160b9968b66013c3a3ef39dd7e5798?s=96&d=mm&r=g\",\"url\":\"https:\\\/\\\/secure.gravatar.com\\\/avatar\\\/3ea2118a5f7dad2b7138b1187a6b7ee55f160b9968b66013c3a3ef39dd7e5798?s=96&d=mm&r=g\",\"contentUrl\":\"https:\\\/\\\/secure.gravatar.com\\\/avatar\\\/3ea2118a5f7dad2b7138b1187a6b7ee55f160b9968b66013c3a3ef39dd7e5798?s=96&d=mm&r=g\",\"caption\":\"Jeanette\"},\"sameAs\":[\"https:\\\/\\\/www.eldiario.net\\\/portal\"],\"url\":\"https:\\\/\\\/www.eldiario.net\\\/portal\\\/author\\\/jeanette\\\/\"}]}<\/script>\n<!-- \/ Yoast SEO plugin. -->","yoast_head_json":{"title":"Polic\u00eda de Ucrania estima m\u00e1s de 12.000 civiles muertos - El Diario - Bolivia","robots":{"index":"index","follow":"follow","max-snippet":"max-snippet:-1","max-image-preview":"max-image-preview:large","max-video-preview":"max-video-preview:-1"},"canonical":"https:\/\/www.eldiario.net\/portal\/2022\/06\/14\/policia-de-ucrania-estima-mas-de-12-000-civiles-muertos\/","og_locale":"es_ES","og_type":"article","og_title":"Polic\u00eda de Ucrania estima m\u00e1s de 12.000 civiles muertos - El Diario - Bolivia","og_description":"Kiev.- El jefe de la Polic\u00eda ucraniana, Ihor Klimenko, inform\u00f3 ayer que m\u00e1s de 12.000 civiles murieron desde el inicio del conflicto por la invasi\u00f3n rusa del pasado 24 de febrero. El jefe policial explic\u00f3 que se estima que cerca del 75 por ciento de las v\u00edctimas son hombres, el dos por ciento ni\u00f1os y [&hellip;]","og_url":"https:\/\/www.eldiario.net\/portal\/2022\/06\/14\/policia-de-ucrania-estima-mas-de-12-000-civiles-muertos\/","og_site_name":"El Diario - Bolivia","article_publisher":"https:\/\/www.facebook.com\/eldiario.bolivia\/","article_published_time":"2022-06-14T09:47:30+00:00","author":"Jeanette","twitter_card":"summary_large_image","twitter_creator":"@eldiario_net","twitter_site":"@eldiario_net","twitter_misc":{"Escrito por":"Jeanette","Tiempo de lectura":"2 minutos"},"schema":{"@context":"https:\/\/schema.org","@graph":[{"@type":"Article","@id":"https:\/\/www.eldiario.net\/portal\/2022\/06\/14\/policia-de-ucrania-estima-mas-de-12-000-civiles-muertos\/#article","isPartOf":{"@id":"https:\/\/www.eldiario.net\/portal\/2022\/06\/14\/policia-de-ucrania-estima-mas-de-12-000-civiles-muertos\/"},"author":{"name":"Jeanette","@id":"https:\/\/www.eldiario.net\/portal\/#\/schema\/person\/f46445640444750d7d753ccd04ae01b7"},"headline":"Polic\u00eda de Ucrania estima m\u00e1s de 12.000 civiles muertos","datePublished":"2022-06-14T09:47:30+00:00","mainEntityOfPage":{"@id":"https:\/\/www.eldiario.net\/portal\/2022\/06\/14\/policia-de-ucrania-estima-mas-de-12-000-civiles-muertos\/"},"wordCount":239,"publisher":{"@id":"https:\/\/www.eldiario.net\/portal\/#organization"},"image":{"@id":"https:\/\/www.eldiario.net\/portal\/2022\/06\/14\/policia-de-ucrania-estima-mas-de-12-000-civiles-muertos\/#primaryimage"},"thumbnailUrl":"","articleSection":["Internacional"],"inLanguage":"es"},{"@type":"WebPage","@id":"https:\/\/www.eldiario.net\/portal\/2022\/06\/14\/policia-de-ucrania-estima-mas-de-12-000-civiles-muertos\/","url":"https:\/\/www.eldiario.net\/portal\/2022\/06\/14\/policia-de-ucrania-estima-mas-de-12-000-civiles-muertos\/","name":"Polic\u00eda de Ucrania estima m\u00e1s de 12.000 civiles muertos - El Diario - Bolivia","isPartOf":{"@id":"https:\/\/www.eldiario.net\/portal\/#website"},"primaryImageOfPage":{"@id":"https:\/\/www.eldiario.net\/portal\/2022\/06\/14\/policia-de-ucrania-estima-mas-de-12-000-civiles-muertos\/#primaryimage"},"image":{"@id":"https:\/\/www.eldiario.net\/portal\/2022\/06\/14\/policia-de-ucrania-estima-mas-de-12-000-civiles-muertos\/#primaryimage"},"thumbnailUrl":"","datePublished":"2022-06-14T09:47:30+00:00","breadcrumb":{"@id":"https:\/\/www.eldiario.net\/portal\/2022\/06\/14\/policia-de-ucrania-estima-mas-de-12-000-civiles-muertos\/#breadcrumb"},"inLanguage":"es","potentialAction":[{"@type":"ReadAction","target":["https:\/\/www.eldiario.net\/portal\/2022\/06\/14\/policia-de-ucrania-estima-mas-de-12-000-civiles-muertos\/"]}]},{"@type":"ImageObject","inLanguage":"es","@id":"https:\/\/www.eldiario.net\/portal\/2022\/06\/14\/policia-de-ucrania-estima-mas-de-12-000-civiles-muertos\/#primaryimage","url":"","contentUrl":""},{"@type":"BreadcrumbList","@id":"https:\/\/www.eldiario.net\/portal\/2022\/06\/14\/policia-de-ucrania-estima-mas-de-12-000-civiles-muertos\/#breadcrumb","itemListElement":[{"@type":"ListItem","position":1,"name":"Portada","item":"https:\/\/www.eldiario.net\/portal\/"},{"@type":"ListItem","position":2,"name":"Polic\u00eda de Ucrania estima m\u00e1s de 12.000 civiles muertos"}]},{"@type":"WebSite","@id":"https:\/\/www.eldiario.net\/portal\/#website","url":"https:\/\/www.eldiario.net\/portal\/","name":"El Diario - Decano de la prensa nacional","description":"El Diario - Decano de la prensa nacional","publisher":{"@id":"https:\/\/www.eldiario.net\/portal\/#organization"},"potentialAction":[{"@type":"SearchAction","target":{"@type":"EntryPoint","urlTemplate":"https:\/\/www.eldiario.net\/portal\/?s={search_term_string}"},"query-input":{"@type":"PropertyValueSpecification","valueRequired":true,"valueName":"search_term_string"}}],"inLanguage":"es"},{"@type":"Organization","@id":"https:\/\/www.eldiario.net\/portal\/#organization","name":"El Diario - Decano de la prensa nacional","url":"https:\/\/www.eldiario.net\/portal\/","logo":{"@type":"ImageObject","inLanguage":"es","@id":"https:\/\/www.eldiario.net\/portal\/#\/schema\/logo\/image\/","url":"https:\/\/www.eldiario.net\/portal\/wp-content\/uploads\/2023\/07\/logo_ED.jpg","contentUrl":"https:\/\/www.eldiario.net\/portal\/wp-content\/uploads\/2023\/07\/logo_ED.jpg","width":272,"height":52,"caption":"El Diario - Decano de la prensa nacional"},"image":{"@id":"https:\/\/www.eldiario.net\/portal\/#\/schema\/logo\/image\/"},"sameAs":["https:\/\/www.facebook.com\/eldiario.bolivia\/","https:\/\/x.com\/eldiario_net"]},{"@type":"Person","@id":"https:\/\/www.eldiario.net\/portal\/#\/schema\/person\/f46445640444750d7d753ccd04ae01b7","name":"Jeanette","image":{"@type":"ImageObject","inLanguage":"es","@id":"https:\/\/secure.gravatar.com\/avatar\/3ea2118a5f7dad2b7138b1187a6b7ee55f160b9968b66013c3a3ef39dd7e5798?s=96&d=mm&r=g","url":"https:\/\/secure.gravatar.com\/avatar\/3ea2118a5f7dad2b7138b1187a6b7ee55f160b9968b66013c3a3ef39dd7e5798?s=96&d=mm&r=g","contentUrl":"https:\/\/secure.gravatar.com\/avatar\/3ea2118a5f7dad2b7138b1187a6b7ee55f160b9968b66013c3a3ef39dd7e5798?s=96&d=mm&r=g","caption":"Jeanette"},"sameAs":["https:\/\/www.eldiario.net\/portal"],"url":"https:\/\/www.eldiario.net\/portal\/author\/jeanette\/"}]}},"_links":{"self":[{"href":"https:\/\/www.eldiario.net\/portal\/wp-json\/wp\/v2\/posts\/90411","targetHints":{"allow":["GET"]}}],"collection":[{"href":"https:\/\/www.eldiario.net\/portal\/wp-json\/wp\/v2\/posts"}],"about":[{"href":"https:\/\/www.eldiario.net\/portal\/wp-json\/wp\/v2\/types\/post"}],"author":[{"embeddable":true,"href":"https:\/\/www.eldiario.net\/portal\/wp-json\/wp\/v2\/users\/1"}],"replies":[{"embeddable":true,"href":"https:\/\/www.eldiario.net\/portal\/wp-json\/wp\/v2\/comments?post=90411"}],"version-history":[{"count":0,"href":"https:\/\/www.eldiario.net\/portal\/wp-json\/wp\/v2\/posts\/90411\/revisions"}],"wp:attachment":[{"href":"https:\/\/www.eldiario.net\/portal\/wp-json\/wp\/v2\/media?parent=90411"}],"wp:term":[{"taxonomy":"category","embeddable":true,"href":"https:\/\/www.eldiario.net\/portal\/wp-json\/wp\/v2\/categories?post=90411"},{"taxonomy":"post_tag","embeddable":true,"href":"https:\/\/www.eldiario.net\/portal\/wp-json\/wp\/v2\/tags?post=90411"}],"curies":[{"name":"wp","href":"https:\/\/api.w.org\/{rel}","templated":true}]}}