{"id":90408,"date":"2022-06-14T05:46:41","date_gmt":"2022-06-14T09:46:41","guid":{"rendered":"https:\/\/www.eldiario.net\/portal\/?p=90408"},"modified":"2022-06-14T05:46:41","modified_gmt":"2022-06-14T09:46:41","slug":"encuentran-cadaveres-de-periodista-britanico-e-indigenista-en-amazonia","status":"publish","type":"post","link":"https:\/\/www.eldiario.net\/portal\/2022\/06\/14\/encuentran-cadaveres-de-periodista-britanico-e-indigenista-en-amazonia\/","title":{"rendered":"Encuentran cad\u00e1veres de periodista  brit\u00e1nico e indigenista en Amazonia"},"content":{"rendered":"<p>Brasilia.- Los cuerpos del del periodista brit\u00e1nico Dom Phillips y del indigenista Bruno Pereira fueron hallados en la amazonia brasile\u00f1a, asegur\u00f3 la esposa del reportero Alessandra Sampaio.<\/p>\n<p>Por el momento, ni las autoridades brasile\u00f1as, ni la Fundaci\u00f3n Nacional del Indio (Funai) que denunci\u00f3 la desaparici\u00f3n de ambos, han confirmado que los cuerpos hallados sean los de Phillips y Pereira.<\/p>\n<p>Sin embargo, Sampaio ha revelado que la Polic\u00eda Federal le ha confirmado que los cuerpos son los de su esposo y el compa\u00f1ero de este, mientras que la Embajada brit\u00e1nica se habr\u00eda ya puesto en contacto con los hermanos de Phillips para comunicarles la noticias, inform\u00f3 el portal G1 del diario O Globo.<\/p>\n<p>Ambos hab\u00edan sido vistos por \u00faltima vez el pasado 5 de junio en la comunidad de Sao Rafael -dentro de las tierras ind\u00edgenas del Valle del Javari-, desde donde partieron hacia Atalaia del Norte, aunque finalmente no llegaron a su destino.<\/p>\n<p>El pasado domingo, los equipos de b\u00fasqueda encontraron una mochila y otras pertenencias que pertenecer\u00edan supuestamente a los desaparecidos cerca del domicilio de Amarildo Costa de Oliveira, uno de los sospechosos de la desaparici\u00f3n, quien se encuentra desde hace unos d\u00edas en prisi\u00f3n preventiva.<\/p>\n<p>La zona en la que ambos desaparecieron es conocida por ser una de las m\u00e1s inaccesibles de la regi\u00f3n, hogar no solo para la mayor concentraci\u00f3n de pueblos ind\u00edgenas sin contactar, sino tambi\u00e9n escenario de una de las mayores rutas por las que circula la coca\u00edna que llega desde Per\u00fa para ser distribuida a Europa. (Europa Press)<\/p>\n<p>&nbsp;<\/p>\n","protected":false},"excerpt":{"rendered":"<p>Brasilia.- Los cuerpos del del periodista brit\u00e1nico Dom Phillips y del indigenista Bruno Pereira fueron hallados en la amazonia brasile\u00f1a, asegur\u00f3 la esposa del reportero Alessandra Sampaio. Por el momento, ni las autoridades brasile\u00f1as, ni la Fundaci\u00f3n Nacional del Indio (Funai) que denunci\u00f3 la desaparici\u00f3n de ambos, han confirmado que los cuerpos hallados sean los [&hellip;]<\/p>\n","protected":false},"author":1,"featured_media":90409,"comment_status":"closed","ping_status":"closed","sticky":false,"template":"","format":"standard","meta":{"_acf_changed":false,"footnotes":""},"categories":[3],"tags":[],"class_list":["post-90408","post","type-post","status-publish","format-standard","has-post-thumbnail","category-internacional"],"acf":{"antetitulo":""},"yoast_head":"<!-- This site is optimized with the Yoast SEO plugin v28.4 - https:\/\/yoast.com\/product\/yoast-seo-wordpress\/ -->\n<title>Encuentran cad\u00e1veres de periodista brit\u00e1nico e indigenista en Amazonia - El Diario - Bolivia<\/title>\n<meta name=\"robots\" content=\"index, follow, max-snippet:-1, max-image-preview:large, max-video-preview:-1\" \/>\n<link rel=\"canonical\" href=\"https:\/\/www.eldiario.net\/portal\/2022\/06\/14\/encuentran-cadaveres-de-periodista-britanico-e-indigenista-en-amazonia\/\" \/>\n<meta property=\"og:locale\" content=\"es_ES\" \/>\n<meta property=\"og:type\" content=\"article\" \/>\n<meta property=\"og:title\" content=\"Encuentran cad\u00e1veres de periodista brit\u00e1nico e indigenista en Amazonia - El Diario - Bolivia\" \/>\n<meta property=\"og:description\" content=\"Brasilia.- Los cuerpos del del periodista brit\u00e1nico Dom Phillips y del indigenista Bruno Pereira fueron hallados en la amazonia brasile\u00f1a, asegur\u00f3 la esposa del reportero Alessandra Sampaio. Por el momento, ni las autoridades brasile\u00f1as, ni la Fundaci\u00f3n Nacional del Indio (Funai) que denunci\u00f3 la desaparici\u00f3n de ambos, han confirmado que los cuerpos hallados sean los [&hellip;]\" \/>\n<meta property=\"og:url\" content=\"https:\/\/www.eldiario.net\/portal\/2022\/06\/14\/encuentran-cadaveres-de-periodista-britanico-e-indigenista-en-amazonia\/\" \/>\n<meta property=\"og:site_name\" content=\"El Diario - Bolivia\" \/>\n<meta property=\"article:publisher\" content=\"https:\/\/www.facebook.com\/eldiario.bolivia\/\" \/>\n<meta property=\"article:published_time\" content=\"2022-06-14T09:46:41+00:00\" \/>\n<meta name=\"author\" content=\"Jeanette\" \/>\n<meta name=\"twitter:card\" content=\"summary_large_image\" \/>\n<meta name=\"twitter:creator\" content=\"@eldiario_net\" \/>\n<meta name=\"twitter:site\" content=\"@eldiario_net\" \/>\n<meta name=\"twitter:label1\" content=\"Escrito por\" \/>\n\t<meta name=\"twitter:data1\" content=\"Jeanette\" \/>\n\t<meta name=\"twitter:label2\" content=\"Tiempo de lectura\" \/>\n\t<meta name=\"twitter:data2\" content=\"2 minutos\" \/>\n<script type=\"application\/ld+json\" class=\"yoast-schema-graph\">{\"@context\":\"https:\\\/\\\/schema.org\",\"@graph\":[{\"@type\":\"Article\",\"@id\":\"https:\\\/\\\/www.eldiario.net\\\/portal\\\/2022\\\/06\\\/14\\\/encuentran-cadaveres-de-periodista-britanico-e-indigenista-en-amazonia\\\/#article\",\"isPartOf\":{\"@id\":\"https:\\\/\\\/www.eldiario.net\\\/portal\\\/2022\\\/06\\\/14\\\/encuentran-cadaveres-de-periodista-britanico-e-indigenista-en-amazonia\\\/\"},\"author\":{\"name\":\"Jeanette\",\"@id\":\"https:\\\/\\\/www.eldiario.net\\\/portal\\\/#\\\/schema\\\/person\\\/f46445640444750d7d753ccd04ae01b7\"},\"headline\":\"Encuentran cad\u00e1veres de periodista brit\u00e1nico e indigenista en Amazonia\",\"datePublished\":\"2022-06-14T09:46:41+00:00\",\"mainEntityOfPage\":{\"@id\":\"https:\\\/\\\/www.eldiario.net\\\/portal\\\/2022\\\/06\\\/14\\\/encuentran-cadaveres-de-periodista-britanico-e-indigenista-en-amazonia\\\/\"},\"wordCount\":288,\"publisher\":{\"@id\":\"https:\\\/\\\/www.eldiario.net\\\/portal\\\/#organization\"},\"image\":{\"@id\":\"https:\\\/\\\/www.eldiario.net\\\/portal\\\/2022\\\/06\\\/14\\\/encuentran-cadaveres-de-periodista-britanico-e-indigenista-en-amazonia\\\/#primaryimage\"},\"thumbnailUrl\":\"\",\"articleSection\":[\"Internacional\"],\"inLanguage\":\"es\"},{\"@type\":\"WebPage\",\"@id\":\"https:\\\/\\\/www.eldiario.net\\\/portal\\\/2022\\\/06\\\/14\\\/encuentran-cadaveres-de-periodista-britanico-e-indigenista-en-amazonia\\\/\",\"url\":\"https:\\\/\\\/www.eldiario.net\\\/portal\\\/2022\\\/06\\\/14\\\/encuentran-cadaveres-de-periodista-britanico-e-indigenista-en-amazonia\\\/\",\"name\":\"Encuentran cad\u00e1veres de periodista brit\u00e1nico e indigenista en Amazonia - El Diario - Bolivia\",\"isPartOf\":{\"@id\":\"https:\\\/\\\/www.eldiario.net\\\/portal\\\/#website\"},\"primaryImageOfPage\":{\"@id\":\"https:\\\/\\\/www.eldiario.net\\\/portal\\\/2022\\\/06\\\/14\\\/encuentran-cadaveres-de-periodista-britanico-e-indigenista-en-amazonia\\\/#primaryimage\"},\"image\":{\"@id\":\"https:\\\/\\\/www.eldiario.net\\\/portal\\\/2022\\\/06\\\/14\\\/encuentran-cadaveres-de-periodista-britanico-e-indigenista-en-amazonia\\\/#primaryimage\"},\"thumbnailUrl\":\"\",\"datePublished\":\"2022-06-14T09:46:41+00:00\",\"breadcrumb\":{\"@id\":\"https:\\\/\\\/www.eldiario.net\\\/portal\\\/2022\\\/06\\\/14\\\/encuentran-cadaveres-de-periodista-britanico-e-indigenista-en-amazonia\\\/#breadcrumb\"},\"inLanguage\":\"es\",\"potentialAction\":[{\"@type\":\"ReadAction\",\"target\":[\"https:\\\/\\\/www.eldiario.net\\\/portal\\\/2022\\\/06\\\/14\\\/encuentran-cadaveres-de-periodista-britanico-e-indigenista-en-amazonia\\\/\"]}]},{\"@type\":\"ImageObject\",\"inLanguage\":\"es\",\"@id\":\"https:\\\/\\\/www.eldiario.net\\\/portal\\\/2022\\\/06\\\/14\\\/encuentran-cadaveres-de-periodista-britanico-e-indigenista-en-amazonia\\\/#primaryimage\",\"url\":\"\",\"contentUrl\":\"\"},{\"@type\":\"BreadcrumbList\",\"@id\":\"https:\\\/\\\/www.eldiario.net\\\/portal\\\/2022\\\/06\\\/14\\\/encuentran-cadaveres-de-periodista-britanico-e-indigenista-en-amazonia\\\/#breadcrumb\",\"itemListElement\":[{\"@type\":\"ListItem\",\"position\":1,\"name\":\"Portada\",\"item\":\"https:\\\/\\\/www.eldiario.net\\\/portal\\\/\"},{\"@type\":\"ListItem\",\"position\":2,\"name\":\"Encuentran cad\u00e1veres de periodista brit\u00e1nico e indigenista en Amazonia\"}]},{\"@type\":\"WebSite\",\"@id\":\"https:\\\/\\\/www.eldiario.net\\\/portal\\\/#website\",\"url\":\"https:\\\/\\\/www.eldiario.net\\\/portal\\\/\",\"name\":\"El Diario - Decano de la prensa nacional\",\"description\":\"El Diario - Decano de la prensa nacional\",\"publisher\":{\"@id\":\"https:\\\/\\\/www.eldiario.net\\\/portal\\\/#organization\"},\"potentialAction\":[{\"@type\":\"SearchAction\",\"target\":{\"@type\":\"EntryPoint\",\"urlTemplate\":\"https:\\\/\\\/www.eldiario.net\\\/portal\\\/?s={search_term_string}\"},\"query-input\":{\"@type\":\"PropertyValueSpecification\",\"valueRequired\":true,\"valueName\":\"search_term_string\"}}],\"inLanguage\":\"es\"},{\"@type\":\"Organization\",\"@id\":\"https:\\\/\\\/www.eldiario.net\\\/portal\\\/#organization\",\"name\":\"El Diario - Decano de la prensa nacional\",\"url\":\"https:\\\/\\\/www.eldiario.net\\\/portal\\\/\",\"logo\":{\"@type\":\"ImageObject\",\"inLanguage\":\"es\",\"@id\":\"https:\\\/\\\/www.eldiario.net\\\/portal\\\/#\\\/schema\\\/logo\\\/image\\\/\",\"url\":\"https:\\\/\\\/www.eldiario.net\\\/portal\\\/wp-content\\\/uploads\\\/2023\\\/07\\\/logo_ED.jpg\",\"contentUrl\":\"https:\\\/\\\/www.eldiario.net\\\/portal\\\/wp-content\\\/uploads\\\/2023\\\/07\\\/logo_ED.jpg\",\"width\":272,\"height\":52,\"caption\":\"El Diario - Decano de la prensa nacional\"},\"image\":{\"@id\":\"https:\\\/\\\/www.eldiario.net\\\/portal\\\/#\\\/schema\\\/logo\\\/image\\\/\"},\"sameAs\":[\"https:\\\/\\\/www.facebook.com\\\/eldiario.bolivia\\\/\",\"https:\\\/\\\/x.com\\\/eldiario_net\"]},{\"@type\":\"Person\",\"@id\":\"https:\\\/\\\/www.eldiario.net\\\/portal\\\/#\\\/schema\\\/person\\\/f46445640444750d7d753ccd04ae01b7\",\"name\":\"Jeanette\",\"image\":{\"@type\":\"ImageObject\",\"inLanguage\":\"es\",\"@id\":\"https:\\\/\\\/secure.gravatar.com\\\/avatar\\\/3ea2118a5f7dad2b7138b1187a6b7ee55f160b9968b66013c3a3ef39dd7e5798?s=96&d=mm&r=g\",\"url\":\"https:\\\/\\\/secure.gravatar.com\\\/avatar\\\/3ea2118a5f7dad2b7138b1187a6b7ee55f160b9968b66013c3a3ef39dd7e5798?s=96&d=mm&r=g\",\"contentUrl\":\"https:\\\/\\\/secure.gravatar.com\\\/avatar\\\/3ea2118a5f7dad2b7138b1187a6b7ee55f160b9968b66013c3a3ef39dd7e5798?s=96&d=mm&r=g\",\"caption\":\"Jeanette\"},\"sameAs\":[\"https:\\\/\\\/www.eldiario.net\\\/portal\"],\"url\":\"https:\\\/\\\/www.eldiario.net\\\/portal\\\/author\\\/jeanette\\\/\"}]}<\/script>\n<!-- \/ Yoast SEO plugin. -->","yoast_head_json":{"title":"Encuentran cad\u00e1veres de periodista brit\u00e1nico e indigenista en Amazonia - El Diario - Bolivia","robots":{"index":"index","follow":"follow","max-snippet":"max-snippet:-1","max-image-preview":"max-image-preview:large","max-video-preview":"max-video-preview:-1"},"canonical":"https:\/\/www.eldiario.net\/portal\/2022\/06\/14\/encuentran-cadaveres-de-periodista-britanico-e-indigenista-en-amazonia\/","og_locale":"es_ES","og_type":"article","og_title":"Encuentran cad\u00e1veres de periodista brit\u00e1nico e indigenista en Amazonia - El Diario - Bolivia","og_description":"Brasilia.- Los cuerpos del del periodista brit\u00e1nico Dom Phillips y del indigenista Bruno Pereira fueron hallados en la amazonia brasile\u00f1a, asegur\u00f3 la esposa del reportero Alessandra Sampaio. Por el momento, ni las autoridades brasile\u00f1as, ni la Fundaci\u00f3n Nacional del Indio (Funai) que denunci\u00f3 la desaparici\u00f3n de ambos, han confirmado que los cuerpos hallados sean los [&hellip;]","og_url":"https:\/\/www.eldiario.net\/portal\/2022\/06\/14\/encuentran-cadaveres-de-periodista-britanico-e-indigenista-en-amazonia\/","og_site_name":"El Diario - Bolivia","article_publisher":"https:\/\/www.facebook.com\/eldiario.bolivia\/","article_published_time":"2022-06-14T09:46:41+00:00","author":"Jeanette","twitter_card":"summary_large_image","twitter_creator":"@eldiario_net","twitter_site":"@eldiario_net","twitter_misc":{"Escrito por":"Jeanette","Tiempo de lectura":"2 minutos"},"schema":{"@context":"https:\/\/schema.org","@graph":[{"@type":"Article","@id":"https:\/\/www.eldiario.net\/portal\/2022\/06\/14\/encuentran-cadaveres-de-periodista-britanico-e-indigenista-en-amazonia\/#article","isPartOf":{"@id":"https:\/\/www.eldiario.net\/portal\/2022\/06\/14\/encuentran-cadaveres-de-periodista-britanico-e-indigenista-en-amazonia\/"},"author":{"name":"Jeanette","@id":"https:\/\/www.eldiario.net\/portal\/#\/schema\/person\/f46445640444750d7d753ccd04ae01b7"},"headline":"Encuentran cad\u00e1veres de periodista brit\u00e1nico e indigenista en Amazonia","datePublished":"2022-06-14T09:46:41+00:00","mainEntityOfPage":{"@id":"https:\/\/www.eldiario.net\/portal\/2022\/06\/14\/encuentran-cadaveres-de-periodista-britanico-e-indigenista-en-amazonia\/"},"wordCount":288,"publisher":{"@id":"https:\/\/www.eldiario.net\/portal\/#organization"},"image":{"@id":"https:\/\/www.eldiario.net\/portal\/2022\/06\/14\/encuentran-cadaveres-de-periodista-britanico-e-indigenista-en-amazonia\/#primaryimage"},"thumbnailUrl":"","articleSection":["Internacional"],"inLanguage":"es"},{"@type":"WebPage","@id":"https:\/\/www.eldiario.net\/portal\/2022\/06\/14\/encuentran-cadaveres-de-periodista-britanico-e-indigenista-en-amazonia\/","url":"https:\/\/www.eldiario.net\/portal\/2022\/06\/14\/encuentran-cadaveres-de-periodista-britanico-e-indigenista-en-amazonia\/","name":"Encuentran cad\u00e1veres de periodista brit\u00e1nico e indigenista en Amazonia - El Diario - Bolivia","isPartOf":{"@id":"https:\/\/www.eldiario.net\/portal\/#website"},"primaryImageOfPage":{"@id":"https:\/\/www.eldiario.net\/portal\/2022\/06\/14\/encuentran-cadaveres-de-periodista-britanico-e-indigenista-en-amazonia\/#primaryimage"},"image":{"@id":"https:\/\/www.eldiario.net\/portal\/2022\/06\/14\/encuentran-cadaveres-de-periodista-britanico-e-indigenista-en-amazonia\/#primaryimage"},"thumbnailUrl":"","datePublished":"2022-06-14T09:46:41+00:00","breadcrumb":{"@id":"https:\/\/www.eldiario.net\/portal\/2022\/06\/14\/encuentran-cadaveres-de-periodista-britanico-e-indigenista-en-amazonia\/#breadcrumb"},"inLanguage":"es","potentialAction":[{"@type":"ReadAction","target":["https:\/\/www.eldiario.net\/portal\/2022\/06\/14\/encuentran-cadaveres-de-periodista-britanico-e-indigenista-en-amazonia\/"]}]},{"@type":"ImageObject","inLanguage":"es","@id":"https:\/\/www.eldiario.net\/portal\/2022\/06\/14\/encuentran-cadaveres-de-periodista-britanico-e-indigenista-en-amazonia\/#primaryimage","url":"","contentUrl":""},{"@type":"BreadcrumbList","@id":"https:\/\/www.eldiario.net\/portal\/2022\/06\/14\/encuentran-cadaveres-de-periodista-britanico-e-indigenista-en-amazonia\/#breadcrumb","itemListElement":[{"@type":"ListItem","position":1,"name":"Portada","item":"https:\/\/www.eldiario.net\/portal\/"},{"@type":"ListItem","position":2,"name":"Encuentran cad\u00e1veres de periodista brit\u00e1nico e indigenista en Amazonia"}]},{"@type":"WebSite","@id":"https:\/\/www.eldiario.net\/portal\/#website","url":"https:\/\/www.eldiario.net\/portal\/","name":"El Diario - Decano de la prensa nacional","description":"El Diario - Decano de la prensa nacional","publisher":{"@id":"https:\/\/www.eldiario.net\/portal\/#organization"},"potentialAction":[{"@type":"SearchAction","target":{"@type":"EntryPoint","urlTemplate":"https:\/\/www.eldiario.net\/portal\/?s={search_term_string}"},"query-input":{"@type":"PropertyValueSpecification","valueRequired":true,"valueName":"search_term_string"}}],"inLanguage":"es"},{"@type":"Organization","@id":"https:\/\/www.eldiario.net\/portal\/#organization","name":"El Diario - Decano de la prensa nacional","url":"https:\/\/www.eldiario.net\/portal\/","logo":{"@type":"ImageObject","inLanguage":"es","@id":"https:\/\/www.eldiario.net\/portal\/#\/schema\/logo\/image\/","url":"https:\/\/www.eldiario.net\/portal\/wp-content\/uploads\/2023\/07\/logo_ED.jpg","contentUrl":"https:\/\/www.eldiario.net\/portal\/wp-content\/uploads\/2023\/07\/logo_ED.jpg","width":272,"height":52,"caption":"El Diario - Decano de la prensa nacional"},"image":{"@id":"https:\/\/www.eldiario.net\/portal\/#\/schema\/logo\/image\/"},"sameAs":["https:\/\/www.facebook.com\/eldiario.bolivia\/","https:\/\/x.com\/eldiario_net"]},{"@type":"Person","@id":"https:\/\/www.eldiario.net\/portal\/#\/schema\/person\/f46445640444750d7d753ccd04ae01b7","name":"Jeanette","image":{"@type":"ImageObject","inLanguage":"es","@id":"https:\/\/secure.gravatar.com\/avatar\/3ea2118a5f7dad2b7138b1187a6b7ee55f160b9968b66013c3a3ef39dd7e5798?s=96&d=mm&r=g","url":"https:\/\/secure.gravatar.com\/avatar\/3ea2118a5f7dad2b7138b1187a6b7ee55f160b9968b66013c3a3ef39dd7e5798?s=96&d=mm&r=g","contentUrl":"https:\/\/secure.gravatar.com\/avatar\/3ea2118a5f7dad2b7138b1187a6b7ee55f160b9968b66013c3a3ef39dd7e5798?s=96&d=mm&r=g","caption":"Jeanette"},"sameAs":["https:\/\/www.eldiario.net\/portal"],"url":"https:\/\/www.eldiario.net\/portal\/author\/jeanette\/"}]}},"_links":{"self":[{"href":"https:\/\/www.eldiario.net\/portal\/wp-json\/wp\/v2\/posts\/90408","targetHints":{"allow":["GET"]}}],"collection":[{"href":"https:\/\/www.eldiario.net\/portal\/wp-json\/wp\/v2\/posts"}],"about":[{"href":"https:\/\/www.eldiario.net\/portal\/wp-json\/wp\/v2\/types\/post"}],"author":[{"embeddable":true,"href":"https:\/\/www.eldiario.net\/portal\/wp-json\/wp\/v2\/users\/1"}],"replies":[{"embeddable":true,"href":"https:\/\/www.eldiario.net\/portal\/wp-json\/wp\/v2\/comments?post=90408"}],"version-history":[{"count":0,"href":"https:\/\/www.eldiario.net\/portal\/wp-json\/wp\/v2\/posts\/90408\/revisions"}],"wp:attachment":[{"href":"https:\/\/www.eldiario.net\/portal\/wp-json\/wp\/v2\/media?parent=90408"}],"wp:term":[{"taxonomy":"category","embeddable":true,"href":"https:\/\/www.eldiario.net\/portal\/wp-json\/wp\/v2\/categories?post=90408"},{"taxonomy":"post_tag","embeddable":true,"href":"https:\/\/www.eldiario.net\/portal\/wp-json\/wp\/v2\/tags?post=90408"}],"curies":[{"name":"wp","href":"https:\/\/api.w.org\/{rel}","templated":true}]}}