{"id":90404,"date":"2022-06-14T05:44:41","date_gmt":"2022-06-14T09:44:41","guid":{"rendered":"https:\/\/www.eldiario.net\/portal\/?p=90404"},"modified":"2022-06-14T05:44:41","modified_gmt":"2022-06-14T09:44:41","slug":"bruselas-reactiva-proceso-contra-reino-unido","status":"publish","type":"post","link":"https:\/\/www.eldiario.net\/portal\/2022\/06\/14\/bruselas-reactiva-proceso-contra-reino-unido\/","title":{"rendered":"Bruselas reactiva proceso  contra Reino Unido"},"content":{"rendered":"<p>Bruselas.- La Comisi\u00f3n Europea reactivar\u00e1 la v\u00eda judicial contra Reino Unido por violar las disposiciones del protocolo para Irlanda del Norte negociado entre las partes para mitigar el impacto del Brexit en el \u00dalster, despu\u00e9s de que el Gobierno de Boris Johnson presentara formalmente este lunes una ley que en la pr\u00e1ctica suspende de manera unilateral el pacto.<\/p>\n<p>\u00abLa Comisi\u00f3n considerar\u00e1 continuar el procedimiento de infracci\u00f3n abierto en marzo de 2021 contra el Gobierno de Reino Unido. Suspendimos esa medida en un esp\u00edritu constructivo de cooperaci\u00f3n para dar espacio a la b\u00fasqueda de soluciones conjuntas, pero la acci\u00f3n unilateral de Reino Unido va directamente contra ello\u00bb, dijo desde Bruselas el vicepresidente del Ejecutivo comunitario responsable de las relaciones con Reino Unido, Maros Sefcovic.<\/p>\n<p>\u00abNuestra reacci\u00f3n a acciones unilaterales por parte de Reino Unido reflejar\u00e1 la voluntad (de hacer cumplir el protocolo) y ser\u00e1 proporcionada\u00bb, a\u00f1adi\u00f3 el responsable comunitario, en una comparecencia sin preguntas.<\/p>\n<p>Bruselas inici\u00f3 ese primer expediente sancionador contra Reino Unido al constatar los primeros incumplimientos brit\u00e1nicos del protocolo, pero meses despu\u00e9s opt\u00f3 por paralizar el proceso para favorecer una soluci\u00f3n negociada, sin que haya habido resultados tangibles desde entonces.<\/p>\n<p>Un procedimiento de infracci\u00f3n prev\u00e9 dos fases de di\u00e1logo con el pa\u00eds infractor para solucionar las irregularidades, pero, a falta de acuerdo, en \u00faltimo t\u00e9rmino el caso puede ser elevado ante el Tribunal de Justicia de la UE para que decida si el pa\u00eds debe ser sancionado.<\/p>\n<p>Ahora, los servicios comunitarios reactivar\u00e1n este expediente y eval\u00faan la nueva ley brit\u00e1nica para valorar si procede iniciar otros procedimientos de infracci\u00f3n que aborden espec\u00edficamente los \u00abriesgos para el Mercado \u00danico creados por la violaci\u00f3n del protocolo\u00bb, ha explicado Sefcovic, que tambi\u00e9n ha dejado claro que \u00abno es realista\u00bb pensar que la UE aceptar\u00e1 \u00abrenegociar\u00bb el acuerdo.<\/p>\n<p>Sefcovic hab\u00eda hablado ya a primera hora de este lunes con la ministra de Exteriores brit\u00e1nica, Liz Truss, en un intercambio telef\u00f3nico durante el que ella ha defendido la necesidad de esta nueva norma para resolver \u00abproblemas\u00bb de aplicaci\u00f3n del protocolo, al tiempo que asegur\u00f3 que no afectar\u00e1 al Mercado \u00danico ni obliga a reintroducir una frontera f\u00edsica entre las dos irlandas.<\/p>\n<p>El vicepresidente comunitario, por su parte, ha replicado a Truss que las medidas unilaterales solo sirven para \u00abda\u00f1ar la confianza\u00bb entre las partes y a crear mayor incertidumbre. (Europa Press)<\/p>\n","protected":false},"excerpt":{"rendered":"<p>Bruselas.- La Comisi\u00f3n Europea reactivar\u00e1 la v\u00eda judicial contra Reino Unido por violar las disposiciones del protocolo para Irlanda del Norte negociado entre las partes para mitigar el impacto del Brexit en el \u00dalster, despu\u00e9s de que el Gobierno de Boris Johnson presentara formalmente este lunes una ley que en la pr\u00e1ctica suspende de manera [&hellip;]<\/p>\n","protected":false},"author":1,"featured_media":90405,"comment_status":"closed","ping_status":"closed","sticky":false,"template":"","format":"standard","meta":{"_acf_changed":false,"footnotes":""},"categories":[3],"tags":[],"class_list":["post-90404","post","type-post","status-publish","format-standard","has-post-thumbnail","category-internacional"],"acf":{"antetitulo":""},"yoast_head":"<!-- This site is optimized with the Yoast SEO plugin v28.4 - https:\/\/yoast.com\/product\/yoast-seo-wordpress\/ -->\n<title>Bruselas reactiva proceso contra Reino Unido - El Diario - Bolivia<\/title>\n<meta name=\"robots\" content=\"index, follow, max-snippet:-1, max-image-preview:large, max-video-preview:-1\" \/>\n<link rel=\"canonical\" href=\"https:\/\/www.eldiario.net\/portal\/2022\/06\/14\/bruselas-reactiva-proceso-contra-reino-unido\/\" \/>\n<meta property=\"og:locale\" content=\"es_ES\" \/>\n<meta property=\"og:type\" content=\"article\" \/>\n<meta property=\"og:title\" content=\"Bruselas reactiva proceso contra Reino Unido - El Diario - Bolivia\" \/>\n<meta property=\"og:description\" content=\"Bruselas.- La Comisi\u00f3n Europea reactivar\u00e1 la v\u00eda judicial contra Reino Unido por violar las disposiciones del protocolo para Irlanda del Norte negociado entre las partes para mitigar el impacto del Brexit en el \u00dalster, despu\u00e9s de que el Gobierno de Boris Johnson presentara formalmente este lunes una ley que en la pr\u00e1ctica suspende de manera [&hellip;]\" \/>\n<meta property=\"og:url\" content=\"https:\/\/www.eldiario.net\/portal\/2022\/06\/14\/bruselas-reactiva-proceso-contra-reino-unido\/\" \/>\n<meta property=\"og:site_name\" content=\"El Diario - Bolivia\" \/>\n<meta property=\"article:publisher\" content=\"https:\/\/www.facebook.com\/eldiario.bolivia\/\" \/>\n<meta property=\"article:published_time\" content=\"2022-06-14T09:44:41+00:00\" \/>\n<meta name=\"author\" content=\"Jeanette\" \/>\n<meta name=\"twitter:card\" content=\"summary_large_image\" \/>\n<meta name=\"twitter:creator\" content=\"@eldiario_net\" \/>\n<meta name=\"twitter:site\" content=\"@eldiario_net\" \/>\n<meta name=\"twitter:label1\" content=\"Escrito por\" \/>\n\t<meta name=\"twitter:data1\" content=\"Jeanette\" \/>\n\t<meta name=\"twitter:label2\" content=\"Tiempo de lectura\" \/>\n\t<meta name=\"twitter:data2\" content=\"2 minutos\" \/>\n<script type=\"application\/ld+json\" class=\"yoast-schema-graph\">{\"@context\":\"https:\\\/\\\/schema.org\",\"@graph\":[{\"@type\":\"Article\",\"@id\":\"https:\\\/\\\/www.eldiario.net\\\/portal\\\/2022\\\/06\\\/14\\\/bruselas-reactiva-proceso-contra-reino-unido\\\/#article\",\"isPartOf\":{\"@id\":\"https:\\\/\\\/www.eldiario.net\\\/portal\\\/2022\\\/06\\\/14\\\/bruselas-reactiva-proceso-contra-reino-unido\\\/\"},\"author\":{\"name\":\"Jeanette\",\"@id\":\"https:\\\/\\\/www.eldiario.net\\\/portal\\\/#\\\/schema\\\/person\\\/f46445640444750d7d753ccd04ae01b7\"},\"headline\":\"Bruselas reactiva proceso contra Reino Unido\",\"datePublished\":\"2022-06-14T09:44:41+00:00\",\"mainEntityOfPage\":{\"@id\":\"https:\\\/\\\/www.eldiario.net\\\/portal\\\/2022\\\/06\\\/14\\\/bruselas-reactiva-proceso-contra-reino-unido\\\/\"},\"wordCount\":426,\"publisher\":{\"@id\":\"https:\\\/\\\/www.eldiario.net\\\/portal\\\/#organization\"},\"image\":{\"@id\":\"https:\\\/\\\/www.eldiario.net\\\/portal\\\/2022\\\/06\\\/14\\\/bruselas-reactiva-proceso-contra-reino-unido\\\/#primaryimage\"},\"thumbnailUrl\":\"\",\"articleSection\":[\"Internacional\"],\"inLanguage\":\"es\"},{\"@type\":\"WebPage\",\"@id\":\"https:\\\/\\\/www.eldiario.net\\\/portal\\\/2022\\\/06\\\/14\\\/bruselas-reactiva-proceso-contra-reino-unido\\\/\",\"url\":\"https:\\\/\\\/www.eldiario.net\\\/portal\\\/2022\\\/06\\\/14\\\/bruselas-reactiva-proceso-contra-reino-unido\\\/\",\"name\":\"Bruselas reactiva proceso contra Reino Unido - El Diario - Bolivia\",\"isPartOf\":{\"@id\":\"https:\\\/\\\/www.eldiario.net\\\/portal\\\/#website\"},\"primaryImageOfPage\":{\"@id\":\"https:\\\/\\\/www.eldiario.net\\\/portal\\\/2022\\\/06\\\/14\\\/bruselas-reactiva-proceso-contra-reino-unido\\\/#primaryimage\"},\"image\":{\"@id\":\"https:\\\/\\\/www.eldiario.net\\\/portal\\\/2022\\\/06\\\/14\\\/bruselas-reactiva-proceso-contra-reino-unido\\\/#primaryimage\"},\"thumbnailUrl\":\"\",\"datePublished\":\"2022-06-14T09:44:41+00:00\",\"breadcrumb\":{\"@id\":\"https:\\\/\\\/www.eldiario.net\\\/portal\\\/2022\\\/06\\\/14\\\/bruselas-reactiva-proceso-contra-reino-unido\\\/#breadcrumb\"},\"inLanguage\":\"es\",\"potentialAction\":[{\"@type\":\"ReadAction\",\"target\":[\"https:\\\/\\\/www.eldiario.net\\\/portal\\\/2022\\\/06\\\/14\\\/bruselas-reactiva-proceso-contra-reino-unido\\\/\"]}]},{\"@type\":\"ImageObject\",\"inLanguage\":\"es\",\"@id\":\"https:\\\/\\\/www.eldiario.net\\\/portal\\\/2022\\\/06\\\/14\\\/bruselas-reactiva-proceso-contra-reino-unido\\\/#primaryimage\",\"url\":\"\",\"contentUrl\":\"\"},{\"@type\":\"BreadcrumbList\",\"@id\":\"https:\\\/\\\/www.eldiario.net\\\/portal\\\/2022\\\/06\\\/14\\\/bruselas-reactiva-proceso-contra-reino-unido\\\/#breadcrumb\",\"itemListElement\":[{\"@type\":\"ListItem\",\"position\":1,\"name\":\"Portada\",\"item\":\"https:\\\/\\\/www.eldiario.net\\\/portal\\\/\"},{\"@type\":\"ListItem\",\"position\":2,\"name\":\"Bruselas reactiva proceso contra Reino Unido\"}]},{\"@type\":\"WebSite\",\"@id\":\"https:\\\/\\\/www.eldiario.net\\\/portal\\\/#website\",\"url\":\"https:\\\/\\\/www.eldiario.net\\\/portal\\\/\",\"name\":\"El Diario - Decano de la prensa nacional\",\"description\":\"El Diario - Decano de la prensa nacional\",\"publisher\":{\"@id\":\"https:\\\/\\\/www.eldiario.net\\\/portal\\\/#organization\"},\"potentialAction\":[{\"@type\":\"SearchAction\",\"target\":{\"@type\":\"EntryPoint\",\"urlTemplate\":\"https:\\\/\\\/www.eldiario.net\\\/portal\\\/?s={search_term_string}\"},\"query-input\":{\"@type\":\"PropertyValueSpecification\",\"valueRequired\":true,\"valueName\":\"search_term_string\"}}],\"inLanguage\":\"es\"},{\"@type\":\"Organization\",\"@id\":\"https:\\\/\\\/www.eldiario.net\\\/portal\\\/#organization\",\"name\":\"El Diario - Decano de la prensa nacional\",\"url\":\"https:\\\/\\\/www.eldiario.net\\\/portal\\\/\",\"logo\":{\"@type\":\"ImageObject\",\"inLanguage\":\"es\",\"@id\":\"https:\\\/\\\/www.eldiario.net\\\/portal\\\/#\\\/schema\\\/logo\\\/image\\\/\",\"url\":\"https:\\\/\\\/www.eldiario.net\\\/portal\\\/wp-content\\\/uploads\\\/2023\\\/07\\\/logo_ED.jpg\",\"contentUrl\":\"https:\\\/\\\/www.eldiario.net\\\/portal\\\/wp-content\\\/uploads\\\/2023\\\/07\\\/logo_ED.jpg\",\"width\":272,\"height\":52,\"caption\":\"El Diario - Decano de la prensa nacional\"},\"image\":{\"@id\":\"https:\\\/\\\/www.eldiario.net\\\/portal\\\/#\\\/schema\\\/logo\\\/image\\\/\"},\"sameAs\":[\"https:\\\/\\\/www.facebook.com\\\/eldiario.bolivia\\\/\",\"https:\\\/\\\/x.com\\\/eldiario_net\"]},{\"@type\":\"Person\",\"@id\":\"https:\\\/\\\/www.eldiario.net\\\/portal\\\/#\\\/schema\\\/person\\\/f46445640444750d7d753ccd04ae01b7\",\"name\":\"Jeanette\",\"image\":{\"@type\":\"ImageObject\",\"inLanguage\":\"es\",\"@id\":\"https:\\\/\\\/secure.gravatar.com\\\/avatar\\\/3ea2118a5f7dad2b7138b1187a6b7ee55f160b9968b66013c3a3ef39dd7e5798?s=96&d=mm&r=g\",\"url\":\"https:\\\/\\\/secure.gravatar.com\\\/avatar\\\/3ea2118a5f7dad2b7138b1187a6b7ee55f160b9968b66013c3a3ef39dd7e5798?s=96&d=mm&r=g\",\"contentUrl\":\"https:\\\/\\\/secure.gravatar.com\\\/avatar\\\/3ea2118a5f7dad2b7138b1187a6b7ee55f160b9968b66013c3a3ef39dd7e5798?s=96&d=mm&r=g\",\"caption\":\"Jeanette\"},\"sameAs\":[\"https:\\\/\\\/www.eldiario.net\\\/portal\"],\"url\":\"https:\\\/\\\/www.eldiario.net\\\/portal\\\/author\\\/jeanette\\\/\"}]}<\/script>\n<!-- \/ Yoast SEO plugin. -->","yoast_head_json":{"title":"Bruselas reactiva proceso contra Reino Unido - El Diario - Bolivia","robots":{"index":"index","follow":"follow","max-snippet":"max-snippet:-1","max-image-preview":"max-image-preview:large","max-video-preview":"max-video-preview:-1"},"canonical":"https:\/\/www.eldiario.net\/portal\/2022\/06\/14\/bruselas-reactiva-proceso-contra-reino-unido\/","og_locale":"es_ES","og_type":"article","og_title":"Bruselas reactiva proceso contra Reino Unido - El Diario - Bolivia","og_description":"Bruselas.- La Comisi\u00f3n Europea reactivar\u00e1 la v\u00eda judicial contra Reino Unido por violar las disposiciones del protocolo para Irlanda del Norte negociado entre las partes para mitigar el impacto del Brexit en el \u00dalster, despu\u00e9s de que el Gobierno de Boris Johnson presentara formalmente este lunes una ley que en la pr\u00e1ctica suspende de manera [&hellip;]","og_url":"https:\/\/www.eldiario.net\/portal\/2022\/06\/14\/bruselas-reactiva-proceso-contra-reino-unido\/","og_site_name":"El Diario - Bolivia","article_publisher":"https:\/\/www.facebook.com\/eldiario.bolivia\/","article_published_time":"2022-06-14T09:44:41+00:00","author":"Jeanette","twitter_card":"summary_large_image","twitter_creator":"@eldiario_net","twitter_site":"@eldiario_net","twitter_misc":{"Escrito por":"Jeanette","Tiempo de lectura":"2 minutos"},"schema":{"@context":"https:\/\/schema.org","@graph":[{"@type":"Article","@id":"https:\/\/www.eldiario.net\/portal\/2022\/06\/14\/bruselas-reactiva-proceso-contra-reino-unido\/#article","isPartOf":{"@id":"https:\/\/www.eldiario.net\/portal\/2022\/06\/14\/bruselas-reactiva-proceso-contra-reino-unido\/"},"author":{"name":"Jeanette","@id":"https:\/\/www.eldiario.net\/portal\/#\/schema\/person\/f46445640444750d7d753ccd04ae01b7"},"headline":"Bruselas reactiva proceso contra Reino Unido","datePublished":"2022-06-14T09:44:41+00:00","mainEntityOfPage":{"@id":"https:\/\/www.eldiario.net\/portal\/2022\/06\/14\/bruselas-reactiva-proceso-contra-reino-unido\/"},"wordCount":426,"publisher":{"@id":"https:\/\/www.eldiario.net\/portal\/#organization"},"image":{"@id":"https:\/\/www.eldiario.net\/portal\/2022\/06\/14\/bruselas-reactiva-proceso-contra-reino-unido\/#primaryimage"},"thumbnailUrl":"","articleSection":["Internacional"],"inLanguage":"es"},{"@type":"WebPage","@id":"https:\/\/www.eldiario.net\/portal\/2022\/06\/14\/bruselas-reactiva-proceso-contra-reino-unido\/","url":"https:\/\/www.eldiario.net\/portal\/2022\/06\/14\/bruselas-reactiva-proceso-contra-reino-unido\/","name":"Bruselas reactiva proceso contra Reino Unido - El Diario - Bolivia","isPartOf":{"@id":"https:\/\/www.eldiario.net\/portal\/#website"},"primaryImageOfPage":{"@id":"https:\/\/www.eldiario.net\/portal\/2022\/06\/14\/bruselas-reactiva-proceso-contra-reino-unido\/#primaryimage"},"image":{"@id":"https:\/\/www.eldiario.net\/portal\/2022\/06\/14\/bruselas-reactiva-proceso-contra-reino-unido\/#primaryimage"},"thumbnailUrl":"","datePublished":"2022-06-14T09:44:41+00:00","breadcrumb":{"@id":"https:\/\/www.eldiario.net\/portal\/2022\/06\/14\/bruselas-reactiva-proceso-contra-reino-unido\/#breadcrumb"},"inLanguage":"es","potentialAction":[{"@type":"ReadAction","target":["https:\/\/www.eldiario.net\/portal\/2022\/06\/14\/bruselas-reactiva-proceso-contra-reino-unido\/"]}]},{"@type":"ImageObject","inLanguage":"es","@id":"https:\/\/www.eldiario.net\/portal\/2022\/06\/14\/bruselas-reactiva-proceso-contra-reino-unido\/#primaryimage","url":"","contentUrl":""},{"@type":"BreadcrumbList","@id":"https:\/\/www.eldiario.net\/portal\/2022\/06\/14\/bruselas-reactiva-proceso-contra-reino-unido\/#breadcrumb","itemListElement":[{"@type":"ListItem","position":1,"name":"Portada","item":"https:\/\/www.eldiario.net\/portal\/"},{"@type":"ListItem","position":2,"name":"Bruselas reactiva proceso contra Reino Unido"}]},{"@type":"WebSite","@id":"https:\/\/www.eldiario.net\/portal\/#website","url":"https:\/\/www.eldiario.net\/portal\/","name":"El Diario - Decano de la prensa nacional","description":"El Diario - Decano de la prensa nacional","publisher":{"@id":"https:\/\/www.eldiario.net\/portal\/#organization"},"potentialAction":[{"@type":"SearchAction","target":{"@type":"EntryPoint","urlTemplate":"https:\/\/www.eldiario.net\/portal\/?s={search_term_string}"},"query-input":{"@type":"PropertyValueSpecification","valueRequired":true,"valueName":"search_term_string"}}],"inLanguage":"es"},{"@type":"Organization","@id":"https:\/\/www.eldiario.net\/portal\/#organization","name":"El Diario - Decano de la prensa nacional","url":"https:\/\/www.eldiario.net\/portal\/","logo":{"@type":"ImageObject","inLanguage":"es","@id":"https:\/\/www.eldiario.net\/portal\/#\/schema\/logo\/image\/","url":"https:\/\/www.eldiario.net\/portal\/wp-content\/uploads\/2023\/07\/logo_ED.jpg","contentUrl":"https:\/\/www.eldiario.net\/portal\/wp-content\/uploads\/2023\/07\/logo_ED.jpg","width":272,"height":52,"caption":"El Diario - Decano de la prensa nacional"},"image":{"@id":"https:\/\/www.eldiario.net\/portal\/#\/schema\/logo\/image\/"},"sameAs":["https:\/\/www.facebook.com\/eldiario.bolivia\/","https:\/\/x.com\/eldiario_net"]},{"@type":"Person","@id":"https:\/\/www.eldiario.net\/portal\/#\/schema\/person\/f46445640444750d7d753ccd04ae01b7","name":"Jeanette","image":{"@type":"ImageObject","inLanguage":"es","@id":"https:\/\/secure.gravatar.com\/avatar\/3ea2118a5f7dad2b7138b1187a6b7ee55f160b9968b66013c3a3ef39dd7e5798?s=96&d=mm&r=g","url":"https:\/\/secure.gravatar.com\/avatar\/3ea2118a5f7dad2b7138b1187a6b7ee55f160b9968b66013c3a3ef39dd7e5798?s=96&d=mm&r=g","contentUrl":"https:\/\/secure.gravatar.com\/avatar\/3ea2118a5f7dad2b7138b1187a6b7ee55f160b9968b66013c3a3ef39dd7e5798?s=96&d=mm&r=g","caption":"Jeanette"},"sameAs":["https:\/\/www.eldiario.net\/portal"],"url":"https:\/\/www.eldiario.net\/portal\/author\/jeanette\/"}]}},"_links":{"self":[{"href":"https:\/\/www.eldiario.net\/portal\/wp-json\/wp\/v2\/posts\/90404","targetHints":{"allow":["GET"]}}],"collection":[{"href":"https:\/\/www.eldiario.net\/portal\/wp-json\/wp\/v2\/posts"}],"about":[{"href":"https:\/\/www.eldiario.net\/portal\/wp-json\/wp\/v2\/types\/post"}],"author":[{"embeddable":true,"href":"https:\/\/www.eldiario.net\/portal\/wp-json\/wp\/v2\/users\/1"}],"replies":[{"embeddable":true,"href":"https:\/\/www.eldiario.net\/portal\/wp-json\/wp\/v2\/comments?post=90404"}],"version-history":[{"count":0,"href":"https:\/\/www.eldiario.net\/portal\/wp-json\/wp\/v2\/posts\/90404\/revisions"}],"wp:attachment":[{"href":"https:\/\/www.eldiario.net\/portal\/wp-json\/wp\/v2\/media?parent=90404"}],"wp:term":[{"taxonomy":"category","embeddable":true,"href":"https:\/\/www.eldiario.net\/portal\/wp-json\/wp\/v2\/categories?post=90404"},{"taxonomy":"post_tag","embeddable":true,"href":"https:\/\/www.eldiario.net\/portal\/wp-json\/wp\/v2\/tags?post=90404"}],"curies":[{"name":"wp","href":"https:\/\/api.w.org\/{rel}","templated":true}]}}