{"id":90401,"date":"2022-06-14T05:43:48","date_gmt":"2022-06-14T09:43:48","guid":{"rendered":"https:\/\/www.eldiario.net\/portal\/?p=90401"},"modified":"2022-06-14T05:43:48","modified_gmt":"2022-06-14T09:43:48","slug":"exdirector-de-campana-de-trump-no-asiste-a-audiencia","status":"publish","type":"post","link":"https:\/\/www.eldiario.net\/portal\/2022\/06\/14\/exdirector-de-campana-de-trump-no-asiste-a-audiencia\/","title":{"rendered":"Exdirector de campa\u00f1a de Trump no asiste a audiencia"},"content":{"rendered":"<p>Washington.- El exdirector de campa\u00f1a del expresidente Donald Trump, William Stepien, un testigo clave no asisti\u00f3 ayer a una audiencia de la comisi\u00f3n del Congreso estadounidense que investiga el ataque al Capitolio del 6 de enero de 2021.<\/p>\n<p>La audiencia comenz\u00f3 con unos 45 minutos de retraso despu\u00e9s de que William Stepien, director de la campa\u00f1a de Trump en los \u00faltimos meses de la carrera a la Casa Blanca, se excus\u00f3 a \u00faltimo minuto, alegando una emergencia familiar.<\/p>\n<p>La sesi\u00f3n, la segunda de las seis audiencias p\u00fablicas que se esperan este mes, se centrar\u00e1 en la anterior insistencia de Trump de que su derrota en las elecciones de 2020 fue el resultado de un fraude generalizado, una acusaci\u00f3n infundada conocida como la \u00abGran Mentira\u00bb.<\/p>\n<p>El panel est\u00e1 celebrando las audiencias para discutir las conclusiones iniciales de su investigaci\u00f3n sobre lo ocurrido el 6 de enero, cuando miles de partidarios de Trump atacaron el Capitolio mientras el vicepresidente Mike Pence y los legisladores se reun\u00edan para certificar la derrota del republicano ante el dem\u00f3crata Joe Biden.<\/p>\n<p>La sesi\u00f3n del lunes sigui\u00f3 a una audiencia del jueves por la noche en la que se presentaron testimonios que mostraban que aliados cercanos a Trump -incluso su hija Ivanka- rechazaban sus falsas afirmaciones de fraude electoral. Casi 20 millones de estadounidenses vieron la inusual sesi\u00f3n emitida en las horas de m\u00e1xima audiencia televisiva.<\/p>\n<p>Trump neg\u00f3 haber actuado mal y tanto \u00e9l como sus partidarios tachan al Comit\u00e9 Selecto, dirigido por los dem\u00f3cratas, de caza de brujas pol\u00edtica.<\/p>\n<p>Entre los testigos restantes figura Chris Stirewalt, exeditor pol\u00edtico de Fox News, que inicialmente estaba previsto que compareciera junto a Stepien.<\/p>\n<p>Los testigos de ayer tambi\u00e9n iban a incluir al abogado electoral republicano Ben Ginsberg, a Byung J. \u00abBJay\u00bb Pak, que dimiti\u00f3 como fiscal federal de Atlanta cuando los aliados de Trump cuestionaron los resultados electorales de Georgia, y a Al Schmidt, el \u00fanico republicano de la junta electoral de Filadelfia que se convirti\u00f3 en blanco de ataques despu\u00e9s de defender la integridad de la votaci\u00f3n de 2020.<\/p>\n<p>Georgia y Pensilvania fueron algunos de los estados que apoyaron a Trump en las elecciones de 2016, pero se decantaron por Biden en 2020. Han sido un foco de las afirmaciones infundadas sobre fraude electoral.<\/p>\n<p>Cuatro personas murieron el d\u00eda del ataque, una de ellas por disparos de la polic\u00eda y las otras por causas naturales. Unos 140 polic\u00edas resultaron heridos, y uno muri\u00f3 al d\u00eda siguiente. Cuatro agentes murieron posteriormente por suicidio. (Reuters)<\/p>\n<p>&nbsp;<\/p>\n","protected":false},"excerpt":{"rendered":"<p>Washington.- El exdirector de campa\u00f1a del expresidente Donald Trump, William Stepien, un testigo clave no asisti\u00f3 ayer a una audiencia de la comisi\u00f3n del Congreso estadounidense que investiga el ataque al Capitolio del 6 de enero de 2021. La audiencia comenz\u00f3 con unos 45 minutos de retraso despu\u00e9s de que William Stepien, director de la [&hellip;]<\/p>\n","protected":false},"author":1,"featured_media":90402,"comment_status":"closed","ping_status":"closed","sticky":false,"template":"","format":"standard","meta":{"_acf_changed":false,"footnotes":""},"categories":[3],"tags":[],"class_list":["post-90401","post","type-post","status-publish","format-standard","has-post-thumbnail","category-internacional"],"acf":{"antetitulo":""},"yoast_head":"<!-- This site is optimized with the Yoast SEO plugin v28.4 - https:\/\/yoast.com\/product\/yoast-seo-wordpress\/ -->\n<title>Exdirector de campa\u00f1a de Trump no asiste a audiencia - El Diario - Bolivia<\/title>\n<meta name=\"robots\" content=\"index, follow, max-snippet:-1, max-image-preview:large, max-video-preview:-1\" \/>\n<link rel=\"canonical\" href=\"https:\/\/www.eldiario.net\/portal\/2022\/06\/14\/exdirector-de-campana-de-trump-no-asiste-a-audiencia\/\" \/>\n<meta property=\"og:locale\" content=\"es_ES\" \/>\n<meta property=\"og:type\" content=\"article\" \/>\n<meta property=\"og:title\" content=\"Exdirector de campa\u00f1a de Trump no asiste a audiencia - El Diario - Bolivia\" \/>\n<meta property=\"og:description\" content=\"Washington.- El exdirector de campa\u00f1a del expresidente Donald Trump, William Stepien, un testigo clave no asisti\u00f3 ayer a una audiencia de la comisi\u00f3n del Congreso estadounidense que investiga el ataque al Capitolio del 6 de enero de 2021. La audiencia comenz\u00f3 con unos 45 minutos de retraso despu\u00e9s de que William Stepien, director de la [&hellip;]\" \/>\n<meta property=\"og:url\" content=\"https:\/\/www.eldiario.net\/portal\/2022\/06\/14\/exdirector-de-campana-de-trump-no-asiste-a-audiencia\/\" \/>\n<meta property=\"og:site_name\" content=\"El Diario - Bolivia\" \/>\n<meta property=\"article:publisher\" content=\"https:\/\/www.facebook.com\/eldiario.bolivia\/\" \/>\n<meta property=\"article:published_time\" content=\"2022-06-14T09:43:48+00:00\" \/>\n<meta name=\"author\" content=\"Jeanette\" \/>\n<meta name=\"twitter:card\" content=\"summary_large_image\" \/>\n<meta name=\"twitter:creator\" content=\"@eldiario_net\" \/>\n<meta name=\"twitter:site\" content=\"@eldiario_net\" \/>\n<meta name=\"twitter:label1\" content=\"Escrito por\" \/>\n\t<meta name=\"twitter:data1\" content=\"Jeanette\" \/>\n\t<meta name=\"twitter:label2\" content=\"Tiempo de lectura\" \/>\n\t<meta name=\"twitter:data2\" content=\"2 minutos\" \/>\n<script type=\"application\/ld+json\" class=\"yoast-schema-graph\">{\"@context\":\"https:\\\/\\\/schema.org\",\"@graph\":[{\"@type\":\"Article\",\"@id\":\"https:\\\/\\\/www.eldiario.net\\\/portal\\\/2022\\\/06\\\/14\\\/exdirector-de-campana-de-trump-no-asiste-a-audiencia\\\/#article\",\"isPartOf\":{\"@id\":\"https:\\\/\\\/www.eldiario.net\\\/portal\\\/2022\\\/06\\\/14\\\/exdirector-de-campana-de-trump-no-asiste-a-audiencia\\\/\"},\"author\":{\"name\":\"Jeanette\",\"@id\":\"https:\\\/\\\/www.eldiario.net\\\/portal\\\/#\\\/schema\\\/person\\\/f46445640444750d7d753ccd04ae01b7\"},\"headline\":\"Exdirector de campa\u00f1a de Trump no asiste a audiencia\",\"datePublished\":\"2022-06-14T09:43:48+00:00\",\"mainEntityOfPage\":{\"@id\":\"https:\\\/\\\/www.eldiario.net\\\/portal\\\/2022\\\/06\\\/14\\\/exdirector-de-campana-de-trump-no-asiste-a-audiencia\\\/\"},\"wordCount\":440,\"publisher\":{\"@id\":\"https:\\\/\\\/www.eldiario.net\\\/portal\\\/#organization\"},\"image\":{\"@id\":\"https:\\\/\\\/www.eldiario.net\\\/portal\\\/2022\\\/06\\\/14\\\/exdirector-de-campana-de-trump-no-asiste-a-audiencia\\\/#primaryimage\"},\"thumbnailUrl\":\"\",\"articleSection\":[\"Internacional\"],\"inLanguage\":\"es\"},{\"@type\":\"WebPage\",\"@id\":\"https:\\\/\\\/www.eldiario.net\\\/portal\\\/2022\\\/06\\\/14\\\/exdirector-de-campana-de-trump-no-asiste-a-audiencia\\\/\",\"url\":\"https:\\\/\\\/www.eldiario.net\\\/portal\\\/2022\\\/06\\\/14\\\/exdirector-de-campana-de-trump-no-asiste-a-audiencia\\\/\",\"name\":\"Exdirector de campa\u00f1a de Trump no asiste a audiencia - El Diario - Bolivia\",\"isPartOf\":{\"@id\":\"https:\\\/\\\/www.eldiario.net\\\/portal\\\/#website\"},\"primaryImageOfPage\":{\"@id\":\"https:\\\/\\\/www.eldiario.net\\\/portal\\\/2022\\\/06\\\/14\\\/exdirector-de-campana-de-trump-no-asiste-a-audiencia\\\/#primaryimage\"},\"image\":{\"@id\":\"https:\\\/\\\/www.eldiario.net\\\/portal\\\/2022\\\/06\\\/14\\\/exdirector-de-campana-de-trump-no-asiste-a-audiencia\\\/#primaryimage\"},\"thumbnailUrl\":\"\",\"datePublished\":\"2022-06-14T09:43:48+00:00\",\"breadcrumb\":{\"@id\":\"https:\\\/\\\/www.eldiario.net\\\/portal\\\/2022\\\/06\\\/14\\\/exdirector-de-campana-de-trump-no-asiste-a-audiencia\\\/#breadcrumb\"},\"inLanguage\":\"es\",\"potentialAction\":[{\"@type\":\"ReadAction\",\"target\":[\"https:\\\/\\\/www.eldiario.net\\\/portal\\\/2022\\\/06\\\/14\\\/exdirector-de-campana-de-trump-no-asiste-a-audiencia\\\/\"]}]},{\"@type\":\"ImageObject\",\"inLanguage\":\"es\",\"@id\":\"https:\\\/\\\/www.eldiario.net\\\/portal\\\/2022\\\/06\\\/14\\\/exdirector-de-campana-de-trump-no-asiste-a-audiencia\\\/#primaryimage\",\"url\":\"\",\"contentUrl\":\"\"},{\"@type\":\"BreadcrumbList\",\"@id\":\"https:\\\/\\\/www.eldiario.net\\\/portal\\\/2022\\\/06\\\/14\\\/exdirector-de-campana-de-trump-no-asiste-a-audiencia\\\/#breadcrumb\",\"itemListElement\":[{\"@type\":\"ListItem\",\"position\":1,\"name\":\"Portada\",\"item\":\"https:\\\/\\\/www.eldiario.net\\\/portal\\\/\"},{\"@type\":\"ListItem\",\"position\":2,\"name\":\"Exdirector de campa\u00f1a de Trump no asiste a audiencia\"}]},{\"@type\":\"WebSite\",\"@id\":\"https:\\\/\\\/www.eldiario.net\\\/portal\\\/#website\",\"url\":\"https:\\\/\\\/www.eldiario.net\\\/portal\\\/\",\"name\":\"El Diario - Decano de la prensa nacional\",\"description\":\"El Diario - Decano de la prensa nacional\",\"publisher\":{\"@id\":\"https:\\\/\\\/www.eldiario.net\\\/portal\\\/#organization\"},\"potentialAction\":[{\"@type\":\"SearchAction\",\"target\":{\"@type\":\"EntryPoint\",\"urlTemplate\":\"https:\\\/\\\/www.eldiario.net\\\/portal\\\/?s={search_term_string}\"},\"query-input\":{\"@type\":\"PropertyValueSpecification\",\"valueRequired\":true,\"valueName\":\"search_term_string\"}}],\"inLanguage\":\"es\"},{\"@type\":\"Organization\",\"@id\":\"https:\\\/\\\/www.eldiario.net\\\/portal\\\/#organization\",\"name\":\"El Diario - Decano de la prensa nacional\",\"url\":\"https:\\\/\\\/www.eldiario.net\\\/portal\\\/\",\"logo\":{\"@type\":\"ImageObject\",\"inLanguage\":\"es\",\"@id\":\"https:\\\/\\\/www.eldiario.net\\\/portal\\\/#\\\/schema\\\/logo\\\/image\\\/\",\"url\":\"https:\\\/\\\/www.eldiario.net\\\/portal\\\/wp-content\\\/uploads\\\/2023\\\/07\\\/logo_ED.jpg\",\"contentUrl\":\"https:\\\/\\\/www.eldiario.net\\\/portal\\\/wp-content\\\/uploads\\\/2023\\\/07\\\/logo_ED.jpg\",\"width\":272,\"height\":52,\"caption\":\"El Diario - Decano de la prensa nacional\"},\"image\":{\"@id\":\"https:\\\/\\\/www.eldiario.net\\\/portal\\\/#\\\/schema\\\/logo\\\/image\\\/\"},\"sameAs\":[\"https:\\\/\\\/www.facebook.com\\\/eldiario.bolivia\\\/\",\"https:\\\/\\\/x.com\\\/eldiario_net\"]},{\"@type\":\"Person\",\"@id\":\"https:\\\/\\\/www.eldiario.net\\\/portal\\\/#\\\/schema\\\/person\\\/f46445640444750d7d753ccd04ae01b7\",\"name\":\"Jeanette\",\"image\":{\"@type\":\"ImageObject\",\"inLanguage\":\"es\",\"@id\":\"https:\\\/\\\/secure.gravatar.com\\\/avatar\\\/3ea2118a5f7dad2b7138b1187a6b7ee55f160b9968b66013c3a3ef39dd7e5798?s=96&d=mm&r=g\",\"url\":\"https:\\\/\\\/secure.gravatar.com\\\/avatar\\\/3ea2118a5f7dad2b7138b1187a6b7ee55f160b9968b66013c3a3ef39dd7e5798?s=96&d=mm&r=g\",\"contentUrl\":\"https:\\\/\\\/secure.gravatar.com\\\/avatar\\\/3ea2118a5f7dad2b7138b1187a6b7ee55f160b9968b66013c3a3ef39dd7e5798?s=96&d=mm&r=g\",\"caption\":\"Jeanette\"},\"sameAs\":[\"https:\\\/\\\/www.eldiario.net\\\/portal\"],\"url\":\"https:\\\/\\\/www.eldiario.net\\\/portal\\\/author\\\/jeanette\\\/\"}]}<\/script>\n<!-- \/ Yoast SEO plugin. -->","yoast_head_json":{"title":"Exdirector de campa\u00f1a de Trump no asiste a audiencia - El Diario - Bolivia","robots":{"index":"index","follow":"follow","max-snippet":"max-snippet:-1","max-image-preview":"max-image-preview:large","max-video-preview":"max-video-preview:-1"},"canonical":"https:\/\/www.eldiario.net\/portal\/2022\/06\/14\/exdirector-de-campana-de-trump-no-asiste-a-audiencia\/","og_locale":"es_ES","og_type":"article","og_title":"Exdirector de campa\u00f1a de Trump no asiste a audiencia - El Diario - Bolivia","og_description":"Washington.- El exdirector de campa\u00f1a del expresidente Donald Trump, William Stepien, un testigo clave no asisti\u00f3 ayer a una audiencia de la comisi\u00f3n del Congreso estadounidense que investiga el ataque al Capitolio del 6 de enero de 2021. La audiencia comenz\u00f3 con unos 45 minutos de retraso despu\u00e9s de que William Stepien, director de la [&hellip;]","og_url":"https:\/\/www.eldiario.net\/portal\/2022\/06\/14\/exdirector-de-campana-de-trump-no-asiste-a-audiencia\/","og_site_name":"El Diario - Bolivia","article_publisher":"https:\/\/www.facebook.com\/eldiario.bolivia\/","article_published_time":"2022-06-14T09:43:48+00:00","author":"Jeanette","twitter_card":"summary_large_image","twitter_creator":"@eldiario_net","twitter_site":"@eldiario_net","twitter_misc":{"Escrito por":"Jeanette","Tiempo de lectura":"2 minutos"},"schema":{"@context":"https:\/\/schema.org","@graph":[{"@type":"Article","@id":"https:\/\/www.eldiario.net\/portal\/2022\/06\/14\/exdirector-de-campana-de-trump-no-asiste-a-audiencia\/#article","isPartOf":{"@id":"https:\/\/www.eldiario.net\/portal\/2022\/06\/14\/exdirector-de-campana-de-trump-no-asiste-a-audiencia\/"},"author":{"name":"Jeanette","@id":"https:\/\/www.eldiario.net\/portal\/#\/schema\/person\/f46445640444750d7d753ccd04ae01b7"},"headline":"Exdirector de campa\u00f1a de Trump no asiste a audiencia","datePublished":"2022-06-14T09:43:48+00:00","mainEntityOfPage":{"@id":"https:\/\/www.eldiario.net\/portal\/2022\/06\/14\/exdirector-de-campana-de-trump-no-asiste-a-audiencia\/"},"wordCount":440,"publisher":{"@id":"https:\/\/www.eldiario.net\/portal\/#organization"},"image":{"@id":"https:\/\/www.eldiario.net\/portal\/2022\/06\/14\/exdirector-de-campana-de-trump-no-asiste-a-audiencia\/#primaryimage"},"thumbnailUrl":"","articleSection":["Internacional"],"inLanguage":"es"},{"@type":"WebPage","@id":"https:\/\/www.eldiario.net\/portal\/2022\/06\/14\/exdirector-de-campana-de-trump-no-asiste-a-audiencia\/","url":"https:\/\/www.eldiario.net\/portal\/2022\/06\/14\/exdirector-de-campana-de-trump-no-asiste-a-audiencia\/","name":"Exdirector de campa\u00f1a de Trump no asiste a audiencia - El Diario - Bolivia","isPartOf":{"@id":"https:\/\/www.eldiario.net\/portal\/#website"},"primaryImageOfPage":{"@id":"https:\/\/www.eldiario.net\/portal\/2022\/06\/14\/exdirector-de-campana-de-trump-no-asiste-a-audiencia\/#primaryimage"},"image":{"@id":"https:\/\/www.eldiario.net\/portal\/2022\/06\/14\/exdirector-de-campana-de-trump-no-asiste-a-audiencia\/#primaryimage"},"thumbnailUrl":"","datePublished":"2022-06-14T09:43:48+00:00","breadcrumb":{"@id":"https:\/\/www.eldiario.net\/portal\/2022\/06\/14\/exdirector-de-campana-de-trump-no-asiste-a-audiencia\/#breadcrumb"},"inLanguage":"es","potentialAction":[{"@type":"ReadAction","target":["https:\/\/www.eldiario.net\/portal\/2022\/06\/14\/exdirector-de-campana-de-trump-no-asiste-a-audiencia\/"]}]},{"@type":"ImageObject","inLanguage":"es","@id":"https:\/\/www.eldiario.net\/portal\/2022\/06\/14\/exdirector-de-campana-de-trump-no-asiste-a-audiencia\/#primaryimage","url":"","contentUrl":""},{"@type":"BreadcrumbList","@id":"https:\/\/www.eldiario.net\/portal\/2022\/06\/14\/exdirector-de-campana-de-trump-no-asiste-a-audiencia\/#breadcrumb","itemListElement":[{"@type":"ListItem","position":1,"name":"Portada","item":"https:\/\/www.eldiario.net\/portal\/"},{"@type":"ListItem","position":2,"name":"Exdirector de campa\u00f1a de Trump no asiste a audiencia"}]},{"@type":"WebSite","@id":"https:\/\/www.eldiario.net\/portal\/#website","url":"https:\/\/www.eldiario.net\/portal\/","name":"El Diario - Decano de la prensa nacional","description":"El Diario - Decano de la prensa nacional","publisher":{"@id":"https:\/\/www.eldiario.net\/portal\/#organization"},"potentialAction":[{"@type":"SearchAction","target":{"@type":"EntryPoint","urlTemplate":"https:\/\/www.eldiario.net\/portal\/?s={search_term_string}"},"query-input":{"@type":"PropertyValueSpecification","valueRequired":true,"valueName":"search_term_string"}}],"inLanguage":"es"},{"@type":"Organization","@id":"https:\/\/www.eldiario.net\/portal\/#organization","name":"El Diario - Decano de la prensa nacional","url":"https:\/\/www.eldiario.net\/portal\/","logo":{"@type":"ImageObject","inLanguage":"es","@id":"https:\/\/www.eldiario.net\/portal\/#\/schema\/logo\/image\/","url":"https:\/\/www.eldiario.net\/portal\/wp-content\/uploads\/2023\/07\/logo_ED.jpg","contentUrl":"https:\/\/www.eldiario.net\/portal\/wp-content\/uploads\/2023\/07\/logo_ED.jpg","width":272,"height":52,"caption":"El Diario - Decano de la prensa nacional"},"image":{"@id":"https:\/\/www.eldiario.net\/portal\/#\/schema\/logo\/image\/"},"sameAs":["https:\/\/www.facebook.com\/eldiario.bolivia\/","https:\/\/x.com\/eldiario_net"]},{"@type":"Person","@id":"https:\/\/www.eldiario.net\/portal\/#\/schema\/person\/f46445640444750d7d753ccd04ae01b7","name":"Jeanette","image":{"@type":"ImageObject","inLanguage":"es","@id":"https:\/\/secure.gravatar.com\/avatar\/3ea2118a5f7dad2b7138b1187a6b7ee55f160b9968b66013c3a3ef39dd7e5798?s=96&d=mm&r=g","url":"https:\/\/secure.gravatar.com\/avatar\/3ea2118a5f7dad2b7138b1187a6b7ee55f160b9968b66013c3a3ef39dd7e5798?s=96&d=mm&r=g","contentUrl":"https:\/\/secure.gravatar.com\/avatar\/3ea2118a5f7dad2b7138b1187a6b7ee55f160b9968b66013c3a3ef39dd7e5798?s=96&d=mm&r=g","caption":"Jeanette"},"sameAs":["https:\/\/www.eldiario.net\/portal"],"url":"https:\/\/www.eldiario.net\/portal\/author\/jeanette\/"}]}},"_links":{"self":[{"href":"https:\/\/www.eldiario.net\/portal\/wp-json\/wp\/v2\/posts\/90401","targetHints":{"allow":["GET"]}}],"collection":[{"href":"https:\/\/www.eldiario.net\/portal\/wp-json\/wp\/v2\/posts"}],"about":[{"href":"https:\/\/www.eldiario.net\/portal\/wp-json\/wp\/v2\/types\/post"}],"author":[{"embeddable":true,"href":"https:\/\/www.eldiario.net\/portal\/wp-json\/wp\/v2\/users\/1"}],"replies":[{"embeddable":true,"href":"https:\/\/www.eldiario.net\/portal\/wp-json\/wp\/v2\/comments?post=90401"}],"version-history":[{"count":0,"href":"https:\/\/www.eldiario.net\/portal\/wp-json\/wp\/v2\/posts\/90401\/revisions"}],"wp:attachment":[{"href":"https:\/\/www.eldiario.net\/portal\/wp-json\/wp\/v2\/media?parent=90401"}],"wp:term":[{"taxonomy":"category","embeddable":true,"href":"https:\/\/www.eldiario.net\/portal\/wp-json\/wp\/v2\/categories?post=90401"},{"taxonomy":"post_tag","embeddable":true,"href":"https:\/\/www.eldiario.net\/portal\/wp-json\/wp\/v2\/tags?post=90401"}],"curies":[{"name":"wp","href":"https:\/\/api.w.org\/{rel}","templated":true}]}}