{"id":90398,"date":"2022-06-14T05:42:24","date_gmt":"2022-06-14T09:42:24","guid":{"rendered":"https:\/\/www.eldiario.net\/portal\/?p=90398"},"modified":"2022-06-14T05:42:24","modified_gmt":"2022-06-14T09:42:24","slug":"interpol-emite-orden-de-detencion-contra-exministro-de-transportes-de-peru","status":"publish","type":"post","link":"https:\/\/www.eldiario.net\/portal\/2022\/06\/14\/interpol-emite-orden-de-detencion-contra-exministro-de-transportes-de-peru\/","title":{"rendered":"Interpol emite orden de detenci\u00f3n contra  exministro de Transportes de Per\u00fa"},"content":{"rendered":"<p>Lima.- La Interpol emite una orden internacional de busca y captura contra el exministro de Transportes y Comunicaciones, Juan Silva Villegas, acusado de participar en una organizaci\u00f3n criminal para favorecer a una serie de empresas en la licitaci\u00f3n de contratos de obras p\u00fablicas, informaron fuentes oficiales.<\/p>\n<p>El nuevo ministro de Interior de Per\u00fa, Dimitri Senmache, ha informado de que la orden de detenci\u00f3n fue tramitada el s\u00e1bado 11 de junio, apenas tres d\u00edas despu\u00e9s de que la Fiscal\u00eda General ordenara su arresto, cuenta el diario &#8216;La Rep\u00fablica&#8217;.<\/p>\n<p>\u00abHemos estado detr\u00e1s de esta orden de Interpol para que 194 pa\u00edses puedan tener presente que esta persona est\u00e1 siendo buscada a nivel mundial\u00bb, explic\u00f3 Senmache en una entrevista para la cadena Latina.<\/p>\n<p>Senmache ha se\u00f1alado que el objetivo de las autoridades es evitar que Silva Villegas abandone Per\u00fa, pues conf\u00edan en que todav\u00eda siga en territorio nacional. \u00abNosotros pensamos que s\u00ed y estamos haciendo la b\u00fasqueda dentro del pa\u00eds\u00bb, dijo.<\/p>\n<p>Silva Villegas no es el \u00fanico antiguo alto cargo del Gobierno peruano que est\u00e1 en paradero desconocido despu\u00e9s de ser acusado de corrupci\u00f3n, tambi\u00e9n es el caso del exsecretario general de la Presidencia Bruno Pacheco; as\u00ed como dos sobrinos del presidente, Pedro Castillo, Fray V\u00e1squez Castillo y Gianmarco Castillo.<\/p>\n<p>Las autoridades peruanas perdieron la pista de Silva Villegas el pasado 4 de junio, despu\u00e9s de que dos d\u00edas antes no acudiera a declarar ante la Fiscal\u00eda, que ha ofrecido una recompensa de 50.000 soles (m\u00e1s de 12.6000 euros) a quien pudiera dar informaci\u00f3n que facilite su arresto.<\/p>\n<p>Seg\u00fan la Fiscal\u00eda, dentro del Ministerio de Transportes y Comunicaciones, Silva Villegas formar\u00eda parte de una organizaci\u00f3n criminal liderada por el presidente Castillo, con la participaci\u00f3n de otros funcionarios del Despacho Presidencial y de Prov\u00edas Nacional y Prov\u00edas Descentralizado, y empresarios, para favorecer al consorcio Puente Tarata III y a otras compa\u00f1\u00edas en procesos de licitaci\u00f3n p\u00fablica.<\/p>\n<p>El caso aborda la adjudicaci\u00f3n de un contrato p\u00fablico valorado en 232,5 millones de soles (52 millones de euros) a este consorcio, despu\u00e9s de que una oficina del Ministerio de Transportes se\u00f1alara que no cumpl\u00eda con los criterios t\u00e9cnicos necesarios. (Europa Press)<\/p>\n","protected":false},"excerpt":{"rendered":"<p>Lima.- La Interpol emite una orden internacional de busca y captura contra el exministro de Transportes y Comunicaciones, Juan Silva Villegas, acusado de participar en una organizaci\u00f3n criminal para favorecer a una serie de empresas en la licitaci\u00f3n de contratos de obras p\u00fablicas, informaron fuentes oficiales. El nuevo ministro de Interior de Per\u00fa, Dimitri Senmache, [&hellip;]<\/p>\n","protected":false},"author":1,"featured_media":90399,"comment_status":"closed","ping_status":"closed","sticky":false,"template":"","format":"standard","meta":{"_acf_changed":false,"footnotes":""},"categories":[3],"tags":[],"class_list":["post-90398","post","type-post","status-publish","format-standard","has-post-thumbnail","category-internacional"],"acf":{"antetitulo":""},"yoast_head":"<!-- This site is optimized with the Yoast SEO plugin v28.4 - https:\/\/yoast.com\/product\/yoast-seo-wordpress\/ -->\n<title>Interpol emite orden de detenci\u00f3n contra exministro de Transportes de Per\u00fa - El Diario - Bolivia<\/title>\n<meta name=\"robots\" content=\"index, follow, max-snippet:-1, max-image-preview:large, max-video-preview:-1\" \/>\n<link rel=\"canonical\" href=\"https:\/\/www.eldiario.net\/portal\/2022\/06\/14\/interpol-emite-orden-de-detencion-contra-exministro-de-transportes-de-peru\/\" \/>\n<meta property=\"og:locale\" content=\"es_ES\" \/>\n<meta property=\"og:type\" content=\"article\" \/>\n<meta property=\"og:title\" content=\"Interpol emite orden de detenci\u00f3n contra exministro de Transportes de Per\u00fa - El Diario - Bolivia\" \/>\n<meta property=\"og:description\" content=\"Lima.- La Interpol emite una orden internacional de busca y captura contra el exministro de Transportes y Comunicaciones, Juan Silva Villegas, acusado de participar en una organizaci\u00f3n criminal para favorecer a una serie de empresas en la licitaci\u00f3n de contratos de obras p\u00fablicas, informaron fuentes oficiales. El nuevo ministro de Interior de Per\u00fa, Dimitri Senmache, [&hellip;]\" \/>\n<meta property=\"og:url\" content=\"https:\/\/www.eldiario.net\/portal\/2022\/06\/14\/interpol-emite-orden-de-detencion-contra-exministro-de-transportes-de-peru\/\" \/>\n<meta property=\"og:site_name\" content=\"El Diario - Bolivia\" \/>\n<meta property=\"article:publisher\" content=\"https:\/\/www.facebook.com\/eldiario.bolivia\/\" \/>\n<meta property=\"article:published_time\" content=\"2022-06-14T09:42:24+00:00\" \/>\n<meta name=\"author\" content=\"Jeanette\" \/>\n<meta name=\"twitter:card\" content=\"summary_large_image\" \/>\n<meta name=\"twitter:creator\" content=\"@eldiario_net\" \/>\n<meta name=\"twitter:site\" content=\"@eldiario_net\" \/>\n<meta name=\"twitter:label1\" content=\"Escrito por\" \/>\n\t<meta name=\"twitter:data1\" content=\"Jeanette\" \/>\n\t<meta name=\"twitter:label2\" content=\"Tiempo de lectura\" \/>\n\t<meta name=\"twitter:data2\" content=\"2 minutos\" \/>\n<script type=\"application\/ld+json\" class=\"yoast-schema-graph\">{\"@context\":\"https:\\\/\\\/schema.org\",\"@graph\":[{\"@type\":\"Article\",\"@id\":\"https:\\\/\\\/www.eldiario.net\\\/portal\\\/2022\\\/06\\\/14\\\/interpol-emite-orden-de-detencion-contra-exministro-de-transportes-de-peru\\\/#article\",\"isPartOf\":{\"@id\":\"https:\\\/\\\/www.eldiario.net\\\/portal\\\/2022\\\/06\\\/14\\\/interpol-emite-orden-de-detencion-contra-exministro-de-transportes-de-peru\\\/\"},\"author\":{\"name\":\"Jeanette\",\"@id\":\"https:\\\/\\\/www.eldiario.net\\\/portal\\\/#\\\/schema\\\/person\\\/f46445640444750d7d753ccd04ae01b7\"},\"headline\":\"Interpol emite orden de detenci\u00f3n contra exministro de Transportes de Per\u00fa\",\"datePublished\":\"2022-06-14T09:42:24+00:00\",\"mainEntityOfPage\":{\"@id\":\"https:\\\/\\\/www.eldiario.net\\\/portal\\\/2022\\\/06\\\/14\\\/interpol-emite-orden-de-detencion-contra-exministro-de-transportes-de-peru\\\/\"},\"wordCount\":401,\"publisher\":{\"@id\":\"https:\\\/\\\/www.eldiario.net\\\/portal\\\/#organization\"},\"image\":{\"@id\":\"https:\\\/\\\/www.eldiario.net\\\/portal\\\/2022\\\/06\\\/14\\\/interpol-emite-orden-de-detencion-contra-exministro-de-transportes-de-peru\\\/#primaryimage\"},\"thumbnailUrl\":\"\",\"articleSection\":[\"Internacional\"],\"inLanguage\":\"es\"},{\"@type\":\"WebPage\",\"@id\":\"https:\\\/\\\/www.eldiario.net\\\/portal\\\/2022\\\/06\\\/14\\\/interpol-emite-orden-de-detencion-contra-exministro-de-transportes-de-peru\\\/\",\"url\":\"https:\\\/\\\/www.eldiario.net\\\/portal\\\/2022\\\/06\\\/14\\\/interpol-emite-orden-de-detencion-contra-exministro-de-transportes-de-peru\\\/\",\"name\":\"Interpol emite orden de detenci\u00f3n contra exministro de Transportes de Per\u00fa - El Diario - Bolivia\",\"isPartOf\":{\"@id\":\"https:\\\/\\\/www.eldiario.net\\\/portal\\\/#website\"},\"primaryImageOfPage\":{\"@id\":\"https:\\\/\\\/www.eldiario.net\\\/portal\\\/2022\\\/06\\\/14\\\/interpol-emite-orden-de-detencion-contra-exministro-de-transportes-de-peru\\\/#primaryimage\"},\"image\":{\"@id\":\"https:\\\/\\\/www.eldiario.net\\\/portal\\\/2022\\\/06\\\/14\\\/interpol-emite-orden-de-detencion-contra-exministro-de-transportes-de-peru\\\/#primaryimage\"},\"thumbnailUrl\":\"\",\"datePublished\":\"2022-06-14T09:42:24+00:00\",\"breadcrumb\":{\"@id\":\"https:\\\/\\\/www.eldiario.net\\\/portal\\\/2022\\\/06\\\/14\\\/interpol-emite-orden-de-detencion-contra-exministro-de-transportes-de-peru\\\/#breadcrumb\"},\"inLanguage\":\"es\",\"potentialAction\":[{\"@type\":\"ReadAction\",\"target\":[\"https:\\\/\\\/www.eldiario.net\\\/portal\\\/2022\\\/06\\\/14\\\/interpol-emite-orden-de-detencion-contra-exministro-de-transportes-de-peru\\\/\"]}]},{\"@type\":\"ImageObject\",\"inLanguage\":\"es\",\"@id\":\"https:\\\/\\\/www.eldiario.net\\\/portal\\\/2022\\\/06\\\/14\\\/interpol-emite-orden-de-detencion-contra-exministro-de-transportes-de-peru\\\/#primaryimage\",\"url\":\"\",\"contentUrl\":\"\"},{\"@type\":\"BreadcrumbList\",\"@id\":\"https:\\\/\\\/www.eldiario.net\\\/portal\\\/2022\\\/06\\\/14\\\/interpol-emite-orden-de-detencion-contra-exministro-de-transportes-de-peru\\\/#breadcrumb\",\"itemListElement\":[{\"@type\":\"ListItem\",\"position\":1,\"name\":\"Portada\",\"item\":\"https:\\\/\\\/www.eldiario.net\\\/portal\\\/\"},{\"@type\":\"ListItem\",\"position\":2,\"name\":\"Interpol emite orden de detenci\u00f3n contra exministro de Transportes de Per\u00fa\"}]},{\"@type\":\"WebSite\",\"@id\":\"https:\\\/\\\/www.eldiario.net\\\/portal\\\/#website\",\"url\":\"https:\\\/\\\/www.eldiario.net\\\/portal\\\/\",\"name\":\"El Diario - Decano de la prensa nacional\",\"description\":\"El Diario - Decano de la prensa nacional\",\"publisher\":{\"@id\":\"https:\\\/\\\/www.eldiario.net\\\/portal\\\/#organization\"},\"potentialAction\":[{\"@type\":\"SearchAction\",\"target\":{\"@type\":\"EntryPoint\",\"urlTemplate\":\"https:\\\/\\\/www.eldiario.net\\\/portal\\\/?s={search_term_string}\"},\"query-input\":{\"@type\":\"PropertyValueSpecification\",\"valueRequired\":true,\"valueName\":\"search_term_string\"}}],\"inLanguage\":\"es\"},{\"@type\":\"Organization\",\"@id\":\"https:\\\/\\\/www.eldiario.net\\\/portal\\\/#organization\",\"name\":\"El Diario - Decano de la prensa nacional\",\"url\":\"https:\\\/\\\/www.eldiario.net\\\/portal\\\/\",\"logo\":{\"@type\":\"ImageObject\",\"inLanguage\":\"es\",\"@id\":\"https:\\\/\\\/www.eldiario.net\\\/portal\\\/#\\\/schema\\\/logo\\\/image\\\/\",\"url\":\"https:\\\/\\\/www.eldiario.net\\\/portal\\\/wp-content\\\/uploads\\\/2023\\\/07\\\/logo_ED.jpg\",\"contentUrl\":\"https:\\\/\\\/www.eldiario.net\\\/portal\\\/wp-content\\\/uploads\\\/2023\\\/07\\\/logo_ED.jpg\",\"width\":272,\"height\":52,\"caption\":\"El Diario - Decano de la prensa nacional\"},\"image\":{\"@id\":\"https:\\\/\\\/www.eldiario.net\\\/portal\\\/#\\\/schema\\\/logo\\\/image\\\/\"},\"sameAs\":[\"https:\\\/\\\/www.facebook.com\\\/eldiario.bolivia\\\/\",\"https:\\\/\\\/x.com\\\/eldiario_net\"]},{\"@type\":\"Person\",\"@id\":\"https:\\\/\\\/www.eldiario.net\\\/portal\\\/#\\\/schema\\\/person\\\/f46445640444750d7d753ccd04ae01b7\",\"name\":\"Jeanette\",\"image\":{\"@type\":\"ImageObject\",\"inLanguage\":\"es\",\"@id\":\"https:\\\/\\\/secure.gravatar.com\\\/avatar\\\/3ea2118a5f7dad2b7138b1187a6b7ee55f160b9968b66013c3a3ef39dd7e5798?s=96&d=mm&r=g\",\"url\":\"https:\\\/\\\/secure.gravatar.com\\\/avatar\\\/3ea2118a5f7dad2b7138b1187a6b7ee55f160b9968b66013c3a3ef39dd7e5798?s=96&d=mm&r=g\",\"contentUrl\":\"https:\\\/\\\/secure.gravatar.com\\\/avatar\\\/3ea2118a5f7dad2b7138b1187a6b7ee55f160b9968b66013c3a3ef39dd7e5798?s=96&d=mm&r=g\",\"caption\":\"Jeanette\"},\"sameAs\":[\"https:\\\/\\\/www.eldiario.net\\\/portal\"],\"url\":\"https:\\\/\\\/www.eldiario.net\\\/portal\\\/author\\\/jeanette\\\/\"}]}<\/script>\n<!-- \/ Yoast SEO plugin. -->","yoast_head_json":{"title":"Interpol emite orden de detenci\u00f3n contra exministro de Transportes de Per\u00fa - El Diario - Bolivia","robots":{"index":"index","follow":"follow","max-snippet":"max-snippet:-1","max-image-preview":"max-image-preview:large","max-video-preview":"max-video-preview:-1"},"canonical":"https:\/\/www.eldiario.net\/portal\/2022\/06\/14\/interpol-emite-orden-de-detencion-contra-exministro-de-transportes-de-peru\/","og_locale":"es_ES","og_type":"article","og_title":"Interpol emite orden de detenci\u00f3n contra exministro de Transportes de Per\u00fa - El Diario - Bolivia","og_description":"Lima.- La Interpol emite una orden internacional de busca y captura contra el exministro de Transportes y Comunicaciones, Juan Silva Villegas, acusado de participar en una organizaci\u00f3n criminal para favorecer a una serie de empresas en la licitaci\u00f3n de contratos de obras p\u00fablicas, informaron fuentes oficiales. El nuevo ministro de Interior de Per\u00fa, Dimitri Senmache, [&hellip;]","og_url":"https:\/\/www.eldiario.net\/portal\/2022\/06\/14\/interpol-emite-orden-de-detencion-contra-exministro-de-transportes-de-peru\/","og_site_name":"El Diario - Bolivia","article_publisher":"https:\/\/www.facebook.com\/eldiario.bolivia\/","article_published_time":"2022-06-14T09:42:24+00:00","author":"Jeanette","twitter_card":"summary_large_image","twitter_creator":"@eldiario_net","twitter_site":"@eldiario_net","twitter_misc":{"Escrito por":"Jeanette","Tiempo de lectura":"2 minutos"},"schema":{"@context":"https:\/\/schema.org","@graph":[{"@type":"Article","@id":"https:\/\/www.eldiario.net\/portal\/2022\/06\/14\/interpol-emite-orden-de-detencion-contra-exministro-de-transportes-de-peru\/#article","isPartOf":{"@id":"https:\/\/www.eldiario.net\/portal\/2022\/06\/14\/interpol-emite-orden-de-detencion-contra-exministro-de-transportes-de-peru\/"},"author":{"name":"Jeanette","@id":"https:\/\/www.eldiario.net\/portal\/#\/schema\/person\/f46445640444750d7d753ccd04ae01b7"},"headline":"Interpol emite orden de detenci\u00f3n contra exministro de Transportes de Per\u00fa","datePublished":"2022-06-14T09:42:24+00:00","mainEntityOfPage":{"@id":"https:\/\/www.eldiario.net\/portal\/2022\/06\/14\/interpol-emite-orden-de-detencion-contra-exministro-de-transportes-de-peru\/"},"wordCount":401,"publisher":{"@id":"https:\/\/www.eldiario.net\/portal\/#organization"},"image":{"@id":"https:\/\/www.eldiario.net\/portal\/2022\/06\/14\/interpol-emite-orden-de-detencion-contra-exministro-de-transportes-de-peru\/#primaryimage"},"thumbnailUrl":"","articleSection":["Internacional"],"inLanguage":"es"},{"@type":"WebPage","@id":"https:\/\/www.eldiario.net\/portal\/2022\/06\/14\/interpol-emite-orden-de-detencion-contra-exministro-de-transportes-de-peru\/","url":"https:\/\/www.eldiario.net\/portal\/2022\/06\/14\/interpol-emite-orden-de-detencion-contra-exministro-de-transportes-de-peru\/","name":"Interpol emite orden de detenci\u00f3n contra exministro de Transportes de Per\u00fa - El Diario - Bolivia","isPartOf":{"@id":"https:\/\/www.eldiario.net\/portal\/#website"},"primaryImageOfPage":{"@id":"https:\/\/www.eldiario.net\/portal\/2022\/06\/14\/interpol-emite-orden-de-detencion-contra-exministro-de-transportes-de-peru\/#primaryimage"},"image":{"@id":"https:\/\/www.eldiario.net\/portal\/2022\/06\/14\/interpol-emite-orden-de-detencion-contra-exministro-de-transportes-de-peru\/#primaryimage"},"thumbnailUrl":"","datePublished":"2022-06-14T09:42:24+00:00","breadcrumb":{"@id":"https:\/\/www.eldiario.net\/portal\/2022\/06\/14\/interpol-emite-orden-de-detencion-contra-exministro-de-transportes-de-peru\/#breadcrumb"},"inLanguage":"es","potentialAction":[{"@type":"ReadAction","target":["https:\/\/www.eldiario.net\/portal\/2022\/06\/14\/interpol-emite-orden-de-detencion-contra-exministro-de-transportes-de-peru\/"]}]},{"@type":"ImageObject","inLanguage":"es","@id":"https:\/\/www.eldiario.net\/portal\/2022\/06\/14\/interpol-emite-orden-de-detencion-contra-exministro-de-transportes-de-peru\/#primaryimage","url":"","contentUrl":""},{"@type":"BreadcrumbList","@id":"https:\/\/www.eldiario.net\/portal\/2022\/06\/14\/interpol-emite-orden-de-detencion-contra-exministro-de-transportes-de-peru\/#breadcrumb","itemListElement":[{"@type":"ListItem","position":1,"name":"Portada","item":"https:\/\/www.eldiario.net\/portal\/"},{"@type":"ListItem","position":2,"name":"Interpol emite orden de detenci\u00f3n contra exministro de Transportes de Per\u00fa"}]},{"@type":"WebSite","@id":"https:\/\/www.eldiario.net\/portal\/#website","url":"https:\/\/www.eldiario.net\/portal\/","name":"El Diario - Decano de la prensa nacional","description":"El Diario - Decano de la prensa nacional","publisher":{"@id":"https:\/\/www.eldiario.net\/portal\/#organization"},"potentialAction":[{"@type":"SearchAction","target":{"@type":"EntryPoint","urlTemplate":"https:\/\/www.eldiario.net\/portal\/?s={search_term_string}"},"query-input":{"@type":"PropertyValueSpecification","valueRequired":true,"valueName":"search_term_string"}}],"inLanguage":"es"},{"@type":"Organization","@id":"https:\/\/www.eldiario.net\/portal\/#organization","name":"El Diario - Decano de la prensa nacional","url":"https:\/\/www.eldiario.net\/portal\/","logo":{"@type":"ImageObject","inLanguage":"es","@id":"https:\/\/www.eldiario.net\/portal\/#\/schema\/logo\/image\/","url":"https:\/\/www.eldiario.net\/portal\/wp-content\/uploads\/2023\/07\/logo_ED.jpg","contentUrl":"https:\/\/www.eldiario.net\/portal\/wp-content\/uploads\/2023\/07\/logo_ED.jpg","width":272,"height":52,"caption":"El Diario - Decano de la prensa nacional"},"image":{"@id":"https:\/\/www.eldiario.net\/portal\/#\/schema\/logo\/image\/"},"sameAs":["https:\/\/www.facebook.com\/eldiario.bolivia\/","https:\/\/x.com\/eldiario_net"]},{"@type":"Person","@id":"https:\/\/www.eldiario.net\/portal\/#\/schema\/person\/f46445640444750d7d753ccd04ae01b7","name":"Jeanette","image":{"@type":"ImageObject","inLanguage":"es","@id":"https:\/\/secure.gravatar.com\/avatar\/3ea2118a5f7dad2b7138b1187a6b7ee55f160b9968b66013c3a3ef39dd7e5798?s=96&d=mm&r=g","url":"https:\/\/secure.gravatar.com\/avatar\/3ea2118a5f7dad2b7138b1187a6b7ee55f160b9968b66013c3a3ef39dd7e5798?s=96&d=mm&r=g","contentUrl":"https:\/\/secure.gravatar.com\/avatar\/3ea2118a5f7dad2b7138b1187a6b7ee55f160b9968b66013c3a3ef39dd7e5798?s=96&d=mm&r=g","caption":"Jeanette"},"sameAs":["https:\/\/www.eldiario.net\/portal"],"url":"https:\/\/www.eldiario.net\/portal\/author\/jeanette\/"}]}},"_links":{"self":[{"href":"https:\/\/www.eldiario.net\/portal\/wp-json\/wp\/v2\/posts\/90398","targetHints":{"allow":["GET"]}}],"collection":[{"href":"https:\/\/www.eldiario.net\/portal\/wp-json\/wp\/v2\/posts"}],"about":[{"href":"https:\/\/www.eldiario.net\/portal\/wp-json\/wp\/v2\/types\/post"}],"author":[{"embeddable":true,"href":"https:\/\/www.eldiario.net\/portal\/wp-json\/wp\/v2\/users\/1"}],"replies":[{"embeddable":true,"href":"https:\/\/www.eldiario.net\/portal\/wp-json\/wp\/v2\/comments?post=90398"}],"version-history":[{"count":0,"href":"https:\/\/www.eldiario.net\/portal\/wp-json\/wp\/v2\/posts\/90398\/revisions"}],"wp:attachment":[{"href":"https:\/\/www.eldiario.net\/portal\/wp-json\/wp\/v2\/media?parent=90398"}],"wp:term":[{"taxonomy":"category","embeddable":true,"href":"https:\/\/www.eldiario.net\/portal\/wp-json\/wp\/v2\/categories?post=90398"},{"taxonomy":"post_tag","embeddable":true,"href":"https:\/\/www.eldiario.net\/portal\/wp-json\/wp\/v2\/tags?post=90398"}],"curies":[{"name":"wp","href":"https:\/\/api.w.org\/{rel}","templated":true}]}}