{"id":90396,"date":"2022-06-14T05:40:20","date_gmt":"2022-06-14T09:40:20","guid":{"rendered":"https:\/\/www.eldiario.net\/portal\/?p=90396"},"modified":"2022-06-14T05:40:20","modified_gmt":"2022-06-14T09:40:20","slug":"urgencias-que-no-admiten-esperas","status":"publish","type":"post","link":"https:\/\/www.eldiario.net\/portal\/2022\/06\/14\/urgencias-que-no-admiten-esperas\/","title":{"rendered":"Urgencias que no admiten esperas"},"content":{"rendered":"<p>Pasados los tiempos cr\u00edticos del coronavirus, seguramente se presentar\u00e1n situaciones que requieran atenci\u00f3n y soluciones r\u00e1pidas, como ser\u00eda el caso de Ucrania que debe enfrentar las secuelas del bombardeo a sus ciudades, en las que se debe recoger heridos, atender a sobrevivientes y, si es posible, colocar los soportes necesarios para evitar m\u00e1s desgracias. La pandemia, soportada en todo el mundo, deja como saldo mucho por sufrir a\u00fan: heridas profundas y muertes; se abandona lo que resulta remanente porque ello implica l\u00e1grimas, dolor y luto por los fallecidos, seres gratos en toda familia y nada compensar\u00e1 su partida.<\/p>\n<p>En cada lugar, en hogares, pueblos o ciudades quedan como despojos destrozos, dolor y luto, destrucci\u00f3n y anulaci\u00f3n de lo que implic\u00f3 altos costos y mucho trabajo para poblaciones que, con muchas dificultades, han erigido lo que pose\u00edan. Ante estas situaciones, no queda m\u00e1s que hacer acopio de energ\u00edas, fuerza de voluntades y prop\u00f3sitos para no rendirse ante lo sufrido y m\u00e1s dolor.<\/p>\n<p>Cada pa\u00eds, en conjunci\u00f3n con sus pueblos, villorios y comunidades, deber\u00e1 encarar consecuencias no previstas, desgracias nunca imaginadas y p\u00e9rdidas de lo irremplazable; pero, con voluntad y coraje, debe acopiar paciencia y resignaci\u00f3n no solo para reducir el dolor sino para cooperar con quienes hayan sufrido p\u00e9rdida de seres queridos.<\/p>\n<p>No se puede ignorar que, adem\u00e1s de las p\u00e9rdidas materiales, edificios y otros bienes p\u00fablicos y privados, est\u00e1n las pertenencias de la colectividad que, en su mayor\u00eda, deben ser gratos al recuerdo y calor familiar. Todo precisar\u00e1 que gobierno y organizaciones religiosas e instituciones otorguen compensaciones morales a toda la gente y lo que resulta imprescindible tendr\u00e1 acogida en el recuerdo y los sentimientos. Causantes de todo lo perdido y hoy a\u00f1orado deben tener carga de conciencia muy pesada que solo el tiempo aliviar\u00e1.<\/p>\n<p>Pese a todo lo que se diga, no se puede soslayar la guerra de las enfermedades, hambre y urgencias que vive la poblaci\u00f3n. Esos males son padecidos en todo el mundo y lo m\u00e1s lamentable es que no siempre existen paliativos para evitarlos, porque la mayor parte de los pa\u00edses ricos y desarrollados hacen abstracci\u00f3n de todo sentimiento en pro de millones de seres que sufren los padecimientos causantes de pobreza. Lo que lamenta la humanidad es que, por ejemplo, hay multimillonarios que cuentan con mucho dinero y muchos medios y solo los invierten para ganar m\u00e1s dinero, cuando la realidad muestra que ellos, tan solo invirtiendo un 2 o 3 por ciento m\u00ednimo de lo que poseen, podr\u00edan dar alivio a millones de seres que padecen todo tipo de males. Es tiempo para que estas personas se adentren en su coraz\u00f3n y sentimientos y vean las necesidades de los que sufren y palien de alguna manera las amarguras que padecen millones de familias.<\/p>\n","protected":false},"excerpt":{"rendered":"<p>Pasados los tiempos cr\u00edticos del coronavirus, seguramente se presentar\u00e1n situaciones que requieran atenci\u00f3n y soluciones r\u00e1pidas, como ser\u00eda el caso de Ucrania que debe enfrentar las secuelas del bombardeo a sus ciudades, en las que se debe recoger heridos, atender a sobrevivientes y, si es posible, colocar los soportes necesarios para evitar m\u00e1s desgracias. La [&hellip;]<\/p>\n","protected":false},"author":1,"featured_media":0,"comment_status":"closed","ping_status":"closed","sticky":false,"template":"","format":"standard","meta":{"_acf_changed":false,"footnotes":""},"categories":[4],"tags":[],"class_list":["post-90396","post","type-post","status-publish","format-standard","category-editorial"],"acf":{"antetitulo":""},"yoast_head":"<!-- This site is optimized with the Yoast SEO plugin v28.4 - https:\/\/yoast.com\/product\/yoast-seo-wordpress\/ -->\n<title>Urgencias que no admiten esperas - El Diario - Bolivia<\/title>\n<meta name=\"robots\" content=\"index, follow, max-snippet:-1, max-image-preview:large, max-video-preview:-1\" \/>\n<link rel=\"canonical\" href=\"https:\/\/www.eldiario.net\/portal\/2022\/06\/14\/urgencias-que-no-admiten-esperas\/\" \/>\n<meta property=\"og:locale\" content=\"es_ES\" \/>\n<meta property=\"og:type\" content=\"article\" \/>\n<meta property=\"og:title\" content=\"Urgencias que no admiten esperas - El Diario - Bolivia\" \/>\n<meta property=\"og:description\" content=\"Pasados los tiempos cr\u00edticos del coronavirus, seguramente se presentar\u00e1n situaciones que requieran atenci\u00f3n y soluciones r\u00e1pidas, como ser\u00eda el caso de Ucrania que debe enfrentar las secuelas del bombardeo a sus ciudades, en las que se debe recoger heridos, atender a sobrevivientes y, si es posible, colocar los soportes necesarios para evitar m\u00e1s desgracias. La [&hellip;]\" \/>\n<meta property=\"og:url\" content=\"https:\/\/www.eldiario.net\/portal\/2022\/06\/14\/urgencias-que-no-admiten-esperas\/\" \/>\n<meta property=\"og:site_name\" content=\"El Diario - Bolivia\" \/>\n<meta property=\"article:publisher\" content=\"https:\/\/www.facebook.com\/eldiario.bolivia\/\" \/>\n<meta property=\"article:published_time\" content=\"2022-06-14T09:40:20+00:00\" \/>\n<meta name=\"author\" content=\"Jeanette\" \/>\n<meta name=\"twitter:card\" content=\"summary_large_image\" \/>\n<meta name=\"twitter:creator\" content=\"@eldiario_net\" \/>\n<meta name=\"twitter:site\" content=\"@eldiario_net\" \/>\n<meta name=\"twitter:label1\" content=\"Escrito por\" \/>\n\t<meta name=\"twitter:data1\" content=\"Jeanette\" \/>\n\t<meta name=\"twitter:label2\" content=\"Tiempo de lectura\" \/>\n\t<meta name=\"twitter:data2\" content=\"3 minutos\" \/>\n<script type=\"application\/ld+json\" class=\"yoast-schema-graph\">{\"@context\":\"https:\\\/\\\/schema.org\",\"@graph\":[{\"@type\":\"Article\",\"@id\":\"https:\\\/\\\/www.eldiario.net\\\/portal\\\/2022\\\/06\\\/14\\\/urgencias-que-no-admiten-esperas\\\/#article\",\"isPartOf\":{\"@id\":\"https:\\\/\\\/www.eldiario.net\\\/portal\\\/2022\\\/06\\\/14\\\/urgencias-que-no-admiten-esperas\\\/\"},\"author\":{\"name\":\"Jeanette\",\"@id\":\"https:\\\/\\\/www.eldiario.net\\\/portal\\\/#\\\/schema\\\/person\\\/f46445640444750d7d753ccd04ae01b7\"},\"headline\":\"Urgencias que no admiten esperas\",\"datePublished\":\"2022-06-14T09:40:20+00:00\",\"mainEntityOfPage\":{\"@id\":\"https:\\\/\\\/www.eldiario.net\\\/portal\\\/2022\\\/06\\\/14\\\/urgencias-que-no-admiten-esperas\\\/\"},\"wordCount\":496,\"publisher\":{\"@id\":\"https:\\\/\\\/www.eldiario.net\\\/portal\\\/#organization\"},\"articleSection\":[\"Editorial\"],\"inLanguage\":\"es\"},{\"@type\":\"WebPage\",\"@id\":\"https:\\\/\\\/www.eldiario.net\\\/portal\\\/2022\\\/06\\\/14\\\/urgencias-que-no-admiten-esperas\\\/\",\"url\":\"https:\\\/\\\/www.eldiario.net\\\/portal\\\/2022\\\/06\\\/14\\\/urgencias-que-no-admiten-esperas\\\/\",\"name\":\"Urgencias que no admiten esperas - El Diario - Bolivia\",\"isPartOf\":{\"@id\":\"https:\\\/\\\/www.eldiario.net\\\/portal\\\/#website\"},\"datePublished\":\"2022-06-14T09:40:20+00:00\",\"breadcrumb\":{\"@id\":\"https:\\\/\\\/www.eldiario.net\\\/portal\\\/2022\\\/06\\\/14\\\/urgencias-que-no-admiten-esperas\\\/#breadcrumb\"},\"inLanguage\":\"es\",\"potentialAction\":[{\"@type\":\"ReadAction\",\"target\":[\"https:\\\/\\\/www.eldiario.net\\\/portal\\\/2022\\\/06\\\/14\\\/urgencias-que-no-admiten-esperas\\\/\"]}]},{\"@type\":\"BreadcrumbList\",\"@id\":\"https:\\\/\\\/www.eldiario.net\\\/portal\\\/2022\\\/06\\\/14\\\/urgencias-que-no-admiten-esperas\\\/#breadcrumb\",\"itemListElement\":[{\"@type\":\"ListItem\",\"position\":1,\"name\":\"Portada\",\"item\":\"https:\\\/\\\/www.eldiario.net\\\/portal\\\/\"},{\"@type\":\"ListItem\",\"position\":2,\"name\":\"Urgencias que no admiten esperas\"}]},{\"@type\":\"WebSite\",\"@id\":\"https:\\\/\\\/www.eldiario.net\\\/portal\\\/#website\",\"url\":\"https:\\\/\\\/www.eldiario.net\\\/portal\\\/\",\"name\":\"El Diario - Decano de la prensa nacional\",\"description\":\"El Diario - Decano de la prensa nacional\",\"publisher\":{\"@id\":\"https:\\\/\\\/www.eldiario.net\\\/portal\\\/#organization\"},\"potentialAction\":[{\"@type\":\"SearchAction\",\"target\":{\"@type\":\"EntryPoint\",\"urlTemplate\":\"https:\\\/\\\/www.eldiario.net\\\/portal\\\/?s={search_term_string}\"},\"query-input\":{\"@type\":\"PropertyValueSpecification\",\"valueRequired\":true,\"valueName\":\"search_term_string\"}}],\"inLanguage\":\"es\"},{\"@type\":\"Organization\",\"@id\":\"https:\\\/\\\/www.eldiario.net\\\/portal\\\/#organization\",\"name\":\"El Diario - Decano de la prensa nacional\",\"url\":\"https:\\\/\\\/www.eldiario.net\\\/portal\\\/\",\"logo\":{\"@type\":\"ImageObject\",\"inLanguage\":\"es\",\"@id\":\"https:\\\/\\\/www.eldiario.net\\\/portal\\\/#\\\/schema\\\/logo\\\/image\\\/\",\"url\":\"https:\\\/\\\/www.eldiario.net\\\/portal\\\/wp-content\\\/uploads\\\/2023\\\/07\\\/logo_ED.jpg\",\"contentUrl\":\"https:\\\/\\\/www.eldiario.net\\\/portal\\\/wp-content\\\/uploads\\\/2023\\\/07\\\/logo_ED.jpg\",\"width\":272,\"height\":52,\"caption\":\"El Diario - Decano de la prensa nacional\"},\"image\":{\"@id\":\"https:\\\/\\\/www.eldiario.net\\\/portal\\\/#\\\/schema\\\/logo\\\/image\\\/\"},\"sameAs\":[\"https:\\\/\\\/www.facebook.com\\\/eldiario.bolivia\\\/\",\"https:\\\/\\\/x.com\\\/eldiario_net\"]},{\"@type\":\"Person\",\"@id\":\"https:\\\/\\\/www.eldiario.net\\\/portal\\\/#\\\/schema\\\/person\\\/f46445640444750d7d753ccd04ae01b7\",\"name\":\"Jeanette\",\"image\":{\"@type\":\"ImageObject\",\"inLanguage\":\"es\",\"@id\":\"https:\\\/\\\/secure.gravatar.com\\\/avatar\\\/3ea2118a5f7dad2b7138b1187a6b7ee55f160b9968b66013c3a3ef39dd7e5798?s=96&d=mm&r=g\",\"url\":\"https:\\\/\\\/secure.gravatar.com\\\/avatar\\\/3ea2118a5f7dad2b7138b1187a6b7ee55f160b9968b66013c3a3ef39dd7e5798?s=96&d=mm&r=g\",\"contentUrl\":\"https:\\\/\\\/secure.gravatar.com\\\/avatar\\\/3ea2118a5f7dad2b7138b1187a6b7ee55f160b9968b66013c3a3ef39dd7e5798?s=96&d=mm&r=g\",\"caption\":\"Jeanette\"},\"sameAs\":[\"https:\\\/\\\/www.eldiario.net\\\/portal\"],\"url\":\"https:\\\/\\\/www.eldiario.net\\\/portal\\\/author\\\/jeanette\\\/\"}]}<\/script>\n<!-- \/ Yoast SEO plugin. -->","yoast_head_json":{"title":"Urgencias que no admiten esperas - El Diario - Bolivia","robots":{"index":"index","follow":"follow","max-snippet":"max-snippet:-1","max-image-preview":"max-image-preview:large","max-video-preview":"max-video-preview:-1"},"canonical":"https:\/\/www.eldiario.net\/portal\/2022\/06\/14\/urgencias-que-no-admiten-esperas\/","og_locale":"es_ES","og_type":"article","og_title":"Urgencias que no admiten esperas - El Diario - Bolivia","og_description":"Pasados los tiempos cr\u00edticos del coronavirus, seguramente se presentar\u00e1n situaciones que requieran atenci\u00f3n y soluciones r\u00e1pidas, como ser\u00eda el caso de Ucrania que debe enfrentar las secuelas del bombardeo a sus ciudades, en las que se debe recoger heridos, atender a sobrevivientes y, si es posible, colocar los soportes necesarios para evitar m\u00e1s desgracias. La [&hellip;]","og_url":"https:\/\/www.eldiario.net\/portal\/2022\/06\/14\/urgencias-que-no-admiten-esperas\/","og_site_name":"El Diario - Bolivia","article_publisher":"https:\/\/www.facebook.com\/eldiario.bolivia\/","article_published_time":"2022-06-14T09:40:20+00:00","author":"Jeanette","twitter_card":"summary_large_image","twitter_creator":"@eldiario_net","twitter_site":"@eldiario_net","twitter_misc":{"Escrito por":"Jeanette","Tiempo de lectura":"3 minutos"},"schema":{"@context":"https:\/\/schema.org","@graph":[{"@type":"Article","@id":"https:\/\/www.eldiario.net\/portal\/2022\/06\/14\/urgencias-que-no-admiten-esperas\/#article","isPartOf":{"@id":"https:\/\/www.eldiario.net\/portal\/2022\/06\/14\/urgencias-que-no-admiten-esperas\/"},"author":{"name":"Jeanette","@id":"https:\/\/www.eldiario.net\/portal\/#\/schema\/person\/f46445640444750d7d753ccd04ae01b7"},"headline":"Urgencias que no admiten esperas","datePublished":"2022-06-14T09:40:20+00:00","mainEntityOfPage":{"@id":"https:\/\/www.eldiario.net\/portal\/2022\/06\/14\/urgencias-que-no-admiten-esperas\/"},"wordCount":496,"publisher":{"@id":"https:\/\/www.eldiario.net\/portal\/#organization"},"articleSection":["Editorial"],"inLanguage":"es"},{"@type":"WebPage","@id":"https:\/\/www.eldiario.net\/portal\/2022\/06\/14\/urgencias-que-no-admiten-esperas\/","url":"https:\/\/www.eldiario.net\/portal\/2022\/06\/14\/urgencias-que-no-admiten-esperas\/","name":"Urgencias que no admiten esperas - El Diario - Bolivia","isPartOf":{"@id":"https:\/\/www.eldiario.net\/portal\/#website"},"datePublished":"2022-06-14T09:40:20+00:00","breadcrumb":{"@id":"https:\/\/www.eldiario.net\/portal\/2022\/06\/14\/urgencias-que-no-admiten-esperas\/#breadcrumb"},"inLanguage":"es","potentialAction":[{"@type":"ReadAction","target":["https:\/\/www.eldiario.net\/portal\/2022\/06\/14\/urgencias-que-no-admiten-esperas\/"]}]},{"@type":"BreadcrumbList","@id":"https:\/\/www.eldiario.net\/portal\/2022\/06\/14\/urgencias-que-no-admiten-esperas\/#breadcrumb","itemListElement":[{"@type":"ListItem","position":1,"name":"Portada","item":"https:\/\/www.eldiario.net\/portal\/"},{"@type":"ListItem","position":2,"name":"Urgencias que no admiten esperas"}]},{"@type":"WebSite","@id":"https:\/\/www.eldiario.net\/portal\/#website","url":"https:\/\/www.eldiario.net\/portal\/","name":"El Diario - Decano de la prensa nacional","description":"El Diario - Decano de la prensa nacional","publisher":{"@id":"https:\/\/www.eldiario.net\/portal\/#organization"},"potentialAction":[{"@type":"SearchAction","target":{"@type":"EntryPoint","urlTemplate":"https:\/\/www.eldiario.net\/portal\/?s={search_term_string}"},"query-input":{"@type":"PropertyValueSpecification","valueRequired":true,"valueName":"search_term_string"}}],"inLanguage":"es"},{"@type":"Organization","@id":"https:\/\/www.eldiario.net\/portal\/#organization","name":"El Diario - Decano de la prensa nacional","url":"https:\/\/www.eldiario.net\/portal\/","logo":{"@type":"ImageObject","inLanguage":"es","@id":"https:\/\/www.eldiario.net\/portal\/#\/schema\/logo\/image\/","url":"https:\/\/www.eldiario.net\/portal\/wp-content\/uploads\/2023\/07\/logo_ED.jpg","contentUrl":"https:\/\/www.eldiario.net\/portal\/wp-content\/uploads\/2023\/07\/logo_ED.jpg","width":272,"height":52,"caption":"El Diario - Decano de la prensa nacional"},"image":{"@id":"https:\/\/www.eldiario.net\/portal\/#\/schema\/logo\/image\/"},"sameAs":["https:\/\/www.facebook.com\/eldiario.bolivia\/","https:\/\/x.com\/eldiario_net"]},{"@type":"Person","@id":"https:\/\/www.eldiario.net\/portal\/#\/schema\/person\/f46445640444750d7d753ccd04ae01b7","name":"Jeanette","image":{"@type":"ImageObject","inLanguage":"es","@id":"https:\/\/secure.gravatar.com\/avatar\/3ea2118a5f7dad2b7138b1187a6b7ee55f160b9968b66013c3a3ef39dd7e5798?s=96&d=mm&r=g","url":"https:\/\/secure.gravatar.com\/avatar\/3ea2118a5f7dad2b7138b1187a6b7ee55f160b9968b66013c3a3ef39dd7e5798?s=96&d=mm&r=g","contentUrl":"https:\/\/secure.gravatar.com\/avatar\/3ea2118a5f7dad2b7138b1187a6b7ee55f160b9968b66013c3a3ef39dd7e5798?s=96&d=mm&r=g","caption":"Jeanette"},"sameAs":["https:\/\/www.eldiario.net\/portal"],"url":"https:\/\/www.eldiario.net\/portal\/author\/jeanette\/"}]}},"_links":{"self":[{"href":"https:\/\/www.eldiario.net\/portal\/wp-json\/wp\/v2\/posts\/90396","targetHints":{"allow":["GET"]}}],"collection":[{"href":"https:\/\/www.eldiario.net\/portal\/wp-json\/wp\/v2\/posts"}],"about":[{"href":"https:\/\/www.eldiario.net\/portal\/wp-json\/wp\/v2\/types\/post"}],"author":[{"embeddable":true,"href":"https:\/\/www.eldiario.net\/portal\/wp-json\/wp\/v2\/users\/1"}],"replies":[{"embeddable":true,"href":"https:\/\/www.eldiario.net\/portal\/wp-json\/wp\/v2\/comments?post=90396"}],"version-history":[{"count":0,"href":"https:\/\/www.eldiario.net\/portal\/wp-json\/wp\/v2\/posts\/90396\/revisions"}],"wp:attachment":[{"href":"https:\/\/www.eldiario.net\/portal\/wp-json\/wp\/v2\/media?parent=90396"}],"wp:term":[{"taxonomy":"category","embeddable":true,"href":"https:\/\/www.eldiario.net\/portal\/wp-json\/wp\/v2\/categories?post=90396"},{"taxonomy":"post_tag","embeddable":true,"href":"https:\/\/www.eldiario.net\/portal\/wp-json\/wp\/v2\/tags?post=90396"}],"curies":[{"name":"wp","href":"https:\/\/api.w.org\/{rel}","templated":true}]}}