{"id":90390,"date":"2022-06-14T05:38:28","date_gmt":"2022-06-14T09:38:28","guid":{"rendered":"https:\/\/www.eldiario.net\/portal\/?p=90390"},"modified":"2022-06-14T05:38:28","modified_gmt":"2022-06-14T09:38:28","slug":"sentencia-a-jeanine-es-al-soberano-por-defensa-del-voto-ante-el-fraude-de-2019","status":"publish","type":"post","link":"https:\/\/www.eldiario.net\/portal\/2022\/06\/14\/sentencia-a-jeanine-es-al-soberano-por-defensa-del-voto-ante-el-fraude-de-2019\/","title":{"rendered":"Sentencia a Jeanine es al Soberano por defensa del voto ante el fraude de 2019"},"content":{"rendered":"<p>La Constituci\u00f3n Pol\u00edtica del Estado establece en el Art\u00edculo 169.I que \u201cEn caso de impedimento o ausencia definitiva de la Presidenta o del Presidente del Estado, ser\u00e1 reemplazada o reemplazado en el cargo por la Vicepresidenta o el Vicepresidente y, a falta de \u00e9sta o \u00e9ste, por la Presidenta o el Presidente del Senado, y a falta de \u00e9sta o \u00e9ste por la Presidente o el Presidente de la C\u00e1mara de Diputados. En este \u00faltimo caso, se convocar\u00e1 a nuevas elecciones en el plazo m\u00e1ximo de noventa d\u00edas\u201d.<\/p>\n<p>El Soberano alz\u00f3 la voz desde el a\u00f1o 2016, cuando desconocieron su voto del 21de Febrero. Por ello sali\u00f3 a las calles y se declar\u00f3 paro indefinido, exigiendo respeto a la voluntad del Soberano, lo que no hizo Morales con el MEGAFRAUDE de 2019. Ante esa convulsi\u00f3n desatada, el presidente Morales, el vicepresidente Garc\u00eda Linera y los presidentes del Senado y Diputados RENUNCIARON y huyeron de Bolivia y otros se escondieron en la embajada de M\u00e9xico. Por tanto, ellos deb\u00edan ser juzgados por abandono de funciones, al dejar un vac\u00edo de poder, ante el cual la senadora Jeanine A\u00f1ez asume el poder \u201cipso facto\u201d porque el pa\u00eds no pod\u00eda quedar descabezado.<\/p>\n<p>La justicia actu\u00f3 como brazo operativo del MAS, organiz\u00f3 un proceso ficticio para desconocer la lucha leg\u00edtima del pueblo en contra del fraude electoral de Evo Morales. A Jeanine no se le garantiz\u00f3 el debido proceso, existe ausencia de fundamentos en las acusaciones por las que se juzga a la ex mandataria, lo que se consolida la judicializaci\u00f3n de la democracia y la prostituci\u00f3n que reina en todo el sistema judicial. Con estos hechos nefastos, el masismo trata de ocultar el fraude realizado por Morales, una verdad comprobada por la OEA en su Informe de las elecciones de 2019 y ratificado por la Uni\u00f3n Europea.<\/p>\n<p>A Jeanine A\u00f1ez, segunda Presidenta Constitucional de Bolivia, MUJER detenida por m\u00e1s de 1 a\u00f1o y 2 meses, se le viol\u00f3 sus derechos humanos al impedirle consultar con sus abogados durante las audiencias, fue dopada y no se le permiti\u00f3 presenciar su Sentencia de 10 A\u00f1os de c\u00e1rcel en el caso golpe II, por PRESUNTOS delitos de resoluciones contrarias a la Constituci\u00f3n, las leyes e incumplimiento de deberes. No tomaron en cuenta las pruebas contundentes en las que se demuestra que la Asamblea Legislativa Plurinacional, con 2\/3 del MAS, mediante Ley 1.270 de 20 de enero 2020 dio curso a la \u201cpr\u00f3rroga de mandato\u201d &#8211;evitando vac\u00edo de poder&#8211; de los legisladores nacionales del MAS y la oposici\u00f3n, de alcaldes, concejales, gobernadores y asamble\u00edstas departamentales. Sancionaron y promulgaron esa pr\u00f3rroga la presidenta del Senado, Eva Copa y la presidenta de Bolivia, Jeanine A\u00f1ez, con aval del Tribunal Constitucional Plurinacional, gobernando conjuntamente y aprobando la ley de la convocatoria a elecciones de 2020.<\/p>\n<p>Al sentenciar a Jeanine por el supuesto \u201cgolpe\u201d, el masismo comete un CRIMEN infame contra el Soberano, muestra c\u00f3mo el sistema judicial es servil al MAS, por condenar sin pruebas ni delitos a la ex presidenta Jeanine A\u00f1ez, por tanto, las acciones realizadas durante su mandato ser\u00e1n declaradas NULAS de pleno derecho, as\u00ed como las elecciones de 2020 en las que ganaron Luis Arce y David Choquehuanca. Entonces, es un gobierno \u201cILEGAL\u201d y todos sus parlamentarios ser\u00edan nulos, ya que con el supuesto \u201cgolpe\u201d se abre la puerta para que Morales pueda reclamar la presidencia y adem\u00e1s la Sentencia Constitucional 0084\/2017 est\u00e1 vigente, lo que le permite quedarse ETERNAMENTE en el poder, dando cumplimiento al Ademdum del ALBA, que define en el apartado 1.3. LIDERAZGO: \u201cSolo l\u00edderes como nosotros pueden concebir varios productos y asignar a cada entidad una sola funci\u00f3n dentro del mecanismo gubernamental. Para administrar eficientemente un pa\u00eds, el gobierno debe estar en manos de UNA sola persona. Sin el despotismo absoluto, el orden en nuestros pueblos es imposible. El populacho es b\u00e1rbaro y as\u00ed se mueve siempre en cuanto el pueblo cree que ha conquistado la libertad, se desbanda hacia la anarqu\u00eda, que es la representaci\u00f3n de la barbarie\u201d.<\/p>\n<p>Es el plan A de Morales, que insiste en volver al Palacio para quedarse, no quiere esperar las elecciones de 2025 y no solo pide la cabeza del ministro Castillo, sino que se hace el \u201canalista econ\u00f3mico\u201d y critica las pol\u00edticas del presidente Arce.<\/p>\n<p>&nbsp;<\/p>\n<p><em>Ang\u00e9lica Siles Parrado, Abogada, Economista, ex Asamble\u00edsta Constituyente.<\/em><\/p>\n","protected":false},"excerpt":{"rendered":"<p>La Constituci\u00f3n Pol\u00edtica del Estado establece en el Art\u00edculo 169.I que \u201cEn caso de impedimento o ausencia definitiva de la Presidenta o del Presidente del Estado, ser\u00e1 reemplazada o reemplazado en el cargo por la Vicepresidenta o el Vicepresidente y, a falta de \u00e9sta o \u00e9ste, por la Presidenta o el Presidente del Senado, y [&hellip;]<\/p>\n","protected":false},"author":1,"featured_media":2714,"comment_status":"closed","ping_status":"closed","sticky":false,"template":"","format":"standard","meta":{"_acf_changed":false,"footnotes":""},"categories":[9],"tags":[],"class_list":["post-90390","post","type-post","status-publish","format-standard","has-post-thumbnail","category-opinion"],"acf":{"antetitulo":""},"yoast_head":"<!-- This site is optimized with the Yoast SEO plugin v28.4 - https:\/\/yoast.com\/product\/yoast-seo-wordpress\/ -->\n<title>Sentencia a Jeanine es al Soberano por defensa del voto ante el fraude de 2019 - El Diario - Bolivia<\/title>\n<meta name=\"robots\" content=\"index, follow, max-snippet:-1, max-image-preview:large, max-video-preview:-1\" \/>\n<link rel=\"canonical\" href=\"https:\/\/www.eldiario.net\/portal\/2022\/06\/14\/sentencia-a-jeanine-es-al-soberano-por-defensa-del-voto-ante-el-fraude-de-2019\/\" \/>\n<meta property=\"og:locale\" content=\"es_ES\" \/>\n<meta property=\"og:type\" content=\"article\" \/>\n<meta property=\"og:title\" content=\"Sentencia a Jeanine es al Soberano por defensa del voto ante el fraude de 2019 - El Diario - Bolivia\" \/>\n<meta property=\"og:description\" content=\"La Constituci\u00f3n Pol\u00edtica del Estado establece en el Art\u00edculo 169.I que \u201cEn caso de impedimento o ausencia definitiva de la Presidenta o del Presidente del Estado, ser\u00e1 reemplazada o reemplazado en el cargo por la Vicepresidenta o el Vicepresidente y, a falta de \u00e9sta o \u00e9ste, por la Presidenta o el Presidente del Senado, y [&hellip;]\" \/>\n<meta property=\"og:url\" content=\"https:\/\/www.eldiario.net\/portal\/2022\/06\/14\/sentencia-a-jeanine-es-al-soberano-por-defensa-del-voto-ante-el-fraude-de-2019\/\" \/>\n<meta property=\"og:site_name\" content=\"El Diario - Bolivia\" \/>\n<meta property=\"article:publisher\" content=\"https:\/\/www.facebook.com\/eldiario.bolivia\/\" \/>\n<meta property=\"article:published_time\" content=\"2022-06-14T09:38:28+00:00\" \/>\n<meta property=\"og:image\" content=\"https:\/\/www.eldiario.net\/portal\/wp-content\/uploads\/2021\/04\/angelica_siles-1.jpg\" \/>\n\t<meta property=\"og:image:width\" content=\"1200\" \/>\n\t<meta property=\"og:image:height\" content=\"628\" \/>\n\t<meta property=\"og:image:type\" content=\"image\/jpeg\" \/>\n<meta name=\"author\" content=\"Jeanette\" \/>\n<meta name=\"twitter:card\" content=\"summary_large_image\" \/>\n<meta name=\"twitter:creator\" content=\"@eldiario_net\" \/>\n<meta name=\"twitter:site\" content=\"@eldiario_net\" \/>\n<meta name=\"twitter:label1\" content=\"Escrito por\" \/>\n\t<meta name=\"twitter:data1\" content=\"Jeanette\" \/>\n\t<meta name=\"twitter:label2\" content=\"Tiempo de lectura\" \/>\n\t<meta name=\"twitter:data2\" content=\"4 minutos\" \/>\n<script type=\"application\/ld+json\" class=\"yoast-schema-graph\">{\"@context\":\"https:\\\/\\\/schema.org\",\"@graph\":[{\"@type\":\"Article\",\"@id\":\"https:\\\/\\\/www.eldiario.net\\\/portal\\\/2022\\\/06\\\/14\\\/sentencia-a-jeanine-es-al-soberano-por-defensa-del-voto-ante-el-fraude-de-2019\\\/#article\",\"isPartOf\":{\"@id\":\"https:\\\/\\\/www.eldiario.net\\\/portal\\\/2022\\\/06\\\/14\\\/sentencia-a-jeanine-es-al-soberano-por-defensa-del-voto-ante-el-fraude-de-2019\\\/\"},\"author\":{\"name\":\"Jeanette\",\"@id\":\"https:\\\/\\\/www.eldiario.net\\\/portal\\\/#\\\/schema\\\/person\\\/f46445640444750d7d753ccd04ae01b7\"},\"headline\":\"Sentencia a Jeanine es al Soberano por defensa del voto ante el fraude de 2019\",\"datePublished\":\"2022-06-14T09:38:28+00:00\",\"mainEntityOfPage\":{\"@id\":\"https:\\\/\\\/www.eldiario.net\\\/portal\\\/2022\\\/06\\\/14\\\/sentencia-a-jeanine-es-al-soberano-por-defensa-del-voto-ante-el-fraude-de-2019\\\/\"},\"wordCount\":765,\"publisher\":{\"@id\":\"https:\\\/\\\/www.eldiario.net\\\/portal\\\/#organization\"},\"image\":{\"@id\":\"https:\\\/\\\/www.eldiario.net\\\/portal\\\/2022\\\/06\\\/14\\\/sentencia-a-jeanine-es-al-soberano-por-defensa-del-voto-ante-el-fraude-de-2019\\\/#primaryimage\"},\"thumbnailUrl\":\"https:\\\/\\\/www.eldiario.net\\\/portal\\\/wp-content\\\/uploads\\\/2021\\\/04\\\/angelica_siles-1.jpg\",\"articleSection\":[\"Opini\u00f3n\"],\"inLanguage\":\"es\"},{\"@type\":\"WebPage\",\"@id\":\"https:\\\/\\\/www.eldiario.net\\\/portal\\\/2022\\\/06\\\/14\\\/sentencia-a-jeanine-es-al-soberano-por-defensa-del-voto-ante-el-fraude-de-2019\\\/\",\"url\":\"https:\\\/\\\/www.eldiario.net\\\/portal\\\/2022\\\/06\\\/14\\\/sentencia-a-jeanine-es-al-soberano-por-defensa-del-voto-ante-el-fraude-de-2019\\\/\",\"name\":\"Sentencia a Jeanine es al Soberano por defensa del voto ante el fraude de 2019 - El Diario - Bolivia\",\"isPartOf\":{\"@id\":\"https:\\\/\\\/www.eldiario.net\\\/portal\\\/#website\"},\"primaryImageOfPage\":{\"@id\":\"https:\\\/\\\/www.eldiario.net\\\/portal\\\/2022\\\/06\\\/14\\\/sentencia-a-jeanine-es-al-soberano-por-defensa-del-voto-ante-el-fraude-de-2019\\\/#primaryimage\"},\"image\":{\"@id\":\"https:\\\/\\\/www.eldiario.net\\\/portal\\\/2022\\\/06\\\/14\\\/sentencia-a-jeanine-es-al-soberano-por-defensa-del-voto-ante-el-fraude-de-2019\\\/#primaryimage\"},\"thumbnailUrl\":\"https:\\\/\\\/www.eldiario.net\\\/portal\\\/wp-content\\\/uploads\\\/2021\\\/04\\\/angelica_siles-1.jpg\",\"datePublished\":\"2022-06-14T09:38:28+00:00\",\"breadcrumb\":{\"@id\":\"https:\\\/\\\/www.eldiario.net\\\/portal\\\/2022\\\/06\\\/14\\\/sentencia-a-jeanine-es-al-soberano-por-defensa-del-voto-ante-el-fraude-de-2019\\\/#breadcrumb\"},\"inLanguage\":\"es\",\"potentialAction\":[{\"@type\":\"ReadAction\",\"target\":[\"https:\\\/\\\/www.eldiario.net\\\/portal\\\/2022\\\/06\\\/14\\\/sentencia-a-jeanine-es-al-soberano-por-defensa-del-voto-ante-el-fraude-de-2019\\\/\"]}]},{\"@type\":\"ImageObject\",\"inLanguage\":\"es\",\"@id\":\"https:\\\/\\\/www.eldiario.net\\\/portal\\\/2022\\\/06\\\/14\\\/sentencia-a-jeanine-es-al-soberano-por-defensa-del-voto-ante-el-fraude-de-2019\\\/#primaryimage\",\"url\":\"https:\\\/\\\/www.eldiario.net\\\/portal\\\/wp-content\\\/uploads\\\/2021\\\/04\\\/angelica_siles-1.jpg\",\"contentUrl\":\"https:\\\/\\\/www.eldiario.net\\\/portal\\\/wp-content\\\/uploads\\\/2021\\\/04\\\/angelica_siles-1.jpg\",\"width\":1200,\"height\":628},{\"@type\":\"BreadcrumbList\",\"@id\":\"https:\\\/\\\/www.eldiario.net\\\/portal\\\/2022\\\/06\\\/14\\\/sentencia-a-jeanine-es-al-soberano-por-defensa-del-voto-ante-el-fraude-de-2019\\\/#breadcrumb\",\"itemListElement\":[{\"@type\":\"ListItem\",\"position\":1,\"name\":\"Portada\",\"item\":\"https:\\\/\\\/www.eldiario.net\\\/portal\\\/\"},{\"@type\":\"ListItem\",\"position\":2,\"name\":\"Sentencia a Jeanine es al Soberano por defensa del voto ante el fraude de 2019\"}]},{\"@type\":\"WebSite\",\"@id\":\"https:\\\/\\\/www.eldiario.net\\\/portal\\\/#website\",\"url\":\"https:\\\/\\\/www.eldiario.net\\\/portal\\\/\",\"name\":\"El Diario - Decano de la prensa nacional\",\"description\":\"El Diario - Decano de la prensa nacional\",\"publisher\":{\"@id\":\"https:\\\/\\\/www.eldiario.net\\\/portal\\\/#organization\"},\"potentialAction\":[{\"@type\":\"SearchAction\",\"target\":{\"@type\":\"EntryPoint\",\"urlTemplate\":\"https:\\\/\\\/www.eldiario.net\\\/portal\\\/?s={search_term_string}\"},\"query-input\":{\"@type\":\"PropertyValueSpecification\",\"valueRequired\":true,\"valueName\":\"search_term_string\"}}],\"inLanguage\":\"es\"},{\"@type\":\"Organization\",\"@id\":\"https:\\\/\\\/www.eldiario.net\\\/portal\\\/#organization\",\"name\":\"El Diario - Decano de la prensa nacional\",\"url\":\"https:\\\/\\\/www.eldiario.net\\\/portal\\\/\",\"logo\":{\"@type\":\"ImageObject\",\"inLanguage\":\"es\",\"@id\":\"https:\\\/\\\/www.eldiario.net\\\/portal\\\/#\\\/schema\\\/logo\\\/image\\\/\",\"url\":\"https:\\\/\\\/www.eldiario.net\\\/portal\\\/wp-content\\\/uploads\\\/2023\\\/07\\\/logo_ED.jpg\",\"contentUrl\":\"https:\\\/\\\/www.eldiario.net\\\/portal\\\/wp-content\\\/uploads\\\/2023\\\/07\\\/logo_ED.jpg\",\"width\":272,\"height\":52,\"caption\":\"El Diario - Decano de la prensa nacional\"},\"image\":{\"@id\":\"https:\\\/\\\/www.eldiario.net\\\/portal\\\/#\\\/schema\\\/logo\\\/image\\\/\"},\"sameAs\":[\"https:\\\/\\\/www.facebook.com\\\/eldiario.bolivia\\\/\",\"https:\\\/\\\/x.com\\\/eldiario_net\"]},{\"@type\":\"Person\",\"@id\":\"https:\\\/\\\/www.eldiario.net\\\/portal\\\/#\\\/schema\\\/person\\\/f46445640444750d7d753ccd04ae01b7\",\"name\":\"Jeanette\",\"image\":{\"@type\":\"ImageObject\",\"inLanguage\":\"es\",\"@id\":\"https:\\\/\\\/secure.gravatar.com\\\/avatar\\\/3ea2118a5f7dad2b7138b1187a6b7ee55f160b9968b66013c3a3ef39dd7e5798?s=96&d=mm&r=g\",\"url\":\"https:\\\/\\\/secure.gravatar.com\\\/avatar\\\/3ea2118a5f7dad2b7138b1187a6b7ee55f160b9968b66013c3a3ef39dd7e5798?s=96&d=mm&r=g\",\"contentUrl\":\"https:\\\/\\\/secure.gravatar.com\\\/avatar\\\/3ea2118a5f7dad2b7138b1187a6b7ee55f160b9968b66013c3a3ef39dd7e5798?s=96&d=mm&r=g\",\"caption\":\"Jeanette\"},\"sameAs\":[\"https:\\\/\\\/www.eldiario.net\\\/portal\"],\"url\":\"https:\\\/\\\/www.eldiario.net\\\/portal\\\/author\\\/jeanette\\\/\"}]}<\/script>\n<!-- \/ Yoast SEO plugin. -->","yoast_head_json":{"title":"Sentencia a Jeanine es al Soberano por defensa del voto ante el fraude de 2019 - El Diario - Bolivia","robots":{"index":"index","follow":"follow","max-snippet":"max-snippet:-1","max-image-preview":"max-image-preview:large","max-video-preview":"max-video-preview:-1"},"canonical":"https:\/\/www.eldiario.net\/portal\/2022\/06\/14\/sentencia-a-jeanine-es-al-soberano-por-defensa-del-voto-ante-el-fraude-de-2019\/","og_locale":"es_ES","og_type":"article","og_title":"Sentencia a Jeanine es al Soberano por defensa del voto ante el fraude de 2019 - El Diario - Bolivia","og_description":"La Constituci\u00f3n Pol\u00edtica del Estado establece en el Art\u00edculo 169.I que \u201cEn caso de impedimento o ausencia definitiva de la Presidenta o del Presidente del Estado, ser\u00e1 reemplazada o reemplazado en el cargo por la Vicepresidenta o el Vicepresidente y, a falta de \u00e9sta o \u00e9ste, por la Presidenta o el Presidente del Senado, y [&hellip;]","og_url":"https:\/\/www.eldiario.net\/portal\/2022\/06\/14\/sentencia-a-jeanine-es-al-soberano-por-defensa-del-voto-ante-el-fraude-de-2019\/","og_site_name":"El Diario - Bolivia","article_publisher":"https:\/\/www.facebook.com\/eldiario.bolivia\/","article_published_time":"2022-06-14T09:38:28+00:00","og_image":[{"width":1200,"height":628,"url":"https:\/\/www.eldiario.net\/portal\/wp-content\/uploads\/2021\/04\/angelica_siles-1.jpg","type":"image\/jpeg"}],"author":"Jeanette","twitter_card":"summary_large_image","twitter_creator":"@eldiario_net","twitter_site":"@eldiario_net","twitter_misc":{"Escrito por":"Jeanette","Tiempo de lectura":"4 minutos"},"schema":{"@context":"https:\/\/schema.org","@graph":[{"@type":"Article","@id":"https:\/\/www.eldiario.net\/portal\/2022\/06\/14\/sentencia-a-jeanine-es-al-soberano-por-defensa-del-voto-ante-el-fraude-de-2019\/#article","isPartOf":{"@id":"https:\/\/www.eldiario.net\/portal\/2022\/06\/14\/sentencia-a-jeanine-es-al-soberano-por-defensa-del-voto-ante-el-fraude-de-2019\/"},"author":{"name":"Jeanette","@id":"https:\/\/www.eldiario.net\/portal\/#\/schema\/person\/f46445640444750d7d753ccd04ae01b7"},"headline":"Sentencia a Jeanine es al Soberano por defensa del voto ante el fraude de 2019","datePublished":"2022-06-14T09:38:28+00:00","mainEntityOfPage":{"@id":"https:\/\/www.eldiario.net\/portal\/2022\/06\/14\/sentencia-a-jeanine-es-al-soberano-por-defensa-del-voto-ante-el-fraude-de-2019\/"},"wordCount":765,"publisher":{"@id":"https:\/\/www.eldiario.net\/portal\/#organization"},"image":{"@id":"https:\/\/www.eldiario.net\/portal\/2022\/06\/14\/sentencia-a-jeanine-es-al-soberano-por-defensa-del-voto-ante-el-fraude-de-2019\/#primaryimage"},"thumbnailUrl":"https:\/\/www.eldiario.net\/portal\/wp-content\/uploads\/2021\/04\/angelica_siles-1.jpg","articleSection":["Opini\u00f3n"],"inLanguage":"es"},{"@type":"WebPage","@id":"https:\/\/www.eldiario.net\/portal\/2022\/06\/14\/sentencia-a-jeanine-es-al-soberano-por-defensa-del-voto-ante-el-fraude-de-2019\/","url":"https:\/\/www.eldiario.net\/portal\/2022\/06\/14\/sentencia-a-jeanine-es-al-soberano-por-defensa-del-voto-ante-el-fraude-de-2019\/","name":"Sentencia a Jeanine es al Soberano por defensa del voto ante el fraude de 2019 - El Diario - Bolivia","isPartOf":{"@id":"https:\/\/www.eldiario.net\/portal\/#website"},"primaryImageOfPage":{"@id":"https:\/\/www.eldiario.net\/portal\/2022\/06\/14\/sentencia-a-jeanine-es-al-soberano-por-defensa-del-voto-ante-el-fraude-de-2019\/#primaryimage"},"image":{"@id":"https:\/\/www.eldiario.net\/portal\/2022\/06\/14\/sentencia-a-jeanine-es-al-soberano-por-defensa-del-voto-ante-el-fraude-de-2019\/#primaryimage"},"thumbnailUrl":"https:\/\/www.eldiario.net\/portal\/wp-content\/uploads\/2021\/04\/angelica_siles-1.jpg","datePublished":"2022-06-14T09:38:28+00:00","breadcrumb":{"@id":"https:\/\/www.eldiario.net\/portal\/2022\/06\/14\/sentencia-a-jeanine-es-al-soberano-por-defensa-del-voto-ante-el-fraude-de-2019\/#breadcrumb"},"inLanguage":"es","potentialAction":[{"@type":"ReadAction","target":["https:\/\/www.eldiario.net\/portal\/2022\/06\/14\/sentencia-a-jeanine-es-al-soberano-por-defensa-del-voto-ante-el-fraude-de-2019\/"]}]},{"@type":"ImageObject","inLanguage":"es","@id":"https:\/\/www.eldiario.net\/portal\/2022\/06\/14\/sentencia-a-jeanine-es-al-soberano-por-defensa-del-voto-ante-el-fraude-de-2019\/#primaryimage","url":"https:\/\/www.eldiario.net\/portal\/wp-content\/uploads\/2021\/04\/angelica_siles-1.jpg","contentUrl":"https:\/\/www.eldiario.net\/portal\/wp-content\/uploads\/2021\/04\/angelica_siles-1.jpg","width":1200,"height":628},{"@type":"BreadcrumbList","@id":"https:\/\/www.eldiario.net\/portal\/2022\/06\/14\/sentencia-a-jeanine-es-al-soberano-por-defensa-del-voto-ante-el-fraude-de-2019\/#breadcrumb","itemListElement":[{"@type":"ListItem","position":1,"name":"Portada","item":"https:\/\/www.eldiario.net\/portal\/"},{"@type":"ListItem","position":2,"name":"Sentencia a Jeanine es al Soberano por defensa del voto ante el fraude de 2019"}]},{"@type":"WebSite","@id":"https:\/\/www.eldiario.net\/portal\/#website","url":"https:\/\/www.eldiario.net\/portal\/","name":"El Diario - Decano de la prensa nacional","description":"El Diario - Decano de la prensa nacional","publisher":{"@id":"https:\/\/www.eldiario.net\/portal\/#organization"},"potentialAction":[{"@type":"SearchAction","target":{"@type":"EntryPoint","urlTemplate":"https:\/\/www.eldiario.net\/portal\/?s={search_term_string}"},"query-input":{"@type":"PropertyValueSpecification","valueRequired":true,"valueName":"search_term_string"}}],"inLanguage":"es"},{"@type":"Organization","@id":"https:\/\/www.eldiario.net\/portal\/#organization","name":"El Diario - Decano de la prensa nacional","url":"https:\/\/www.eldiario.net\/portal\/","logo":{"@type":"ImageObject","inLanguage":"es","@id":"https:\/\/www.eldiario.net\/portal\/#\/schema\/logo\/image\/","url":"https:\/\/www.eldiario.net\/portal\/wp-content\/uploads\/2023\/07\/logo_ED.jpg","contentUrl":"https:\/\/www.eldiario.net\/portal\/wp-content\/uploads\/2023\/07\/logo_ED.jpg","width":272,"height":52,"caption":"El Diario - Decano de la prensa nacional"},"image":{"@id":"https:\/\/www.eldiario.net\/portal\/#\/schema\/logo\/image\/"},"sameAs":["https:\/\/www.facebook.com\/eldiario.bolivia\/","https:\/\/x.com\/eldiario_net"]},{"@type":"Person","@id":"https:\/\/www.eldiario.net\/portal\/#\/schema\/person\/f46445640444750d7d753ccd04ae01b7","name":"Jeanette","image":{"@type":"ImageObject","inLanguage":"es","@id":"https:\/\/secure.gravatar.com\/avatar\/3ea2118a5f7dad2b7138b1187a6b7ee55f160b9968b66013c3a3ef39dd7e5798?s=96&d=mm&r=g","url":"https:\/\/secure.gravatar.com\/avatar\/3ea2118a5f7dad2b7138b1187a6b7ee55f160b9968b66013c3a3ef39dd7e5798?s=96&d=mm&r=g","contentUrl":"https:\/\/secure.gravatar.com\/avatar\/3ea2118a5f7dad2b7138b1187a6b7ee55f160b9968b66013c3a3ef39dd7e5798?s=96&d=mm&r=g","caption":"Jeanette"},"sameAs":["https:\/\/www.eldiario.net\/portal"],"url":"https:\/\/www.eldiario.net\/portal\/author\/jeanette\/"}]}},"_links":{"self":[{"href":"https:\/\/www.eldiario.net\/portal\/wp-json\/wp\/v2\/posts\/90390","targetHints":{"allow":["GET"]}}],"collection":[{"href":"https:\/\/www.eldiario.net\/portal\/wp-json\/wp\/v2\/posts"}],"about":[{"href":"https:\/\/www.eldiario.net\/portal\/wp-json\/wp\/v2\/types\/post"}],"author":[{"embeddable":true,"href":"https:\/\/www.eldiario.net\/portal\/wp-json\/wp\/v2\/users\/1"}],"replies":[{"embeddable":true,"href":"https:\/\/www.eldiario.net\/portal\/wp-json\/wp\/v2\/comments?post=90390"}],"version-history":[{"count":0,"href":"https:\/\/www.eldiario.net\/portal\/wp-json\/wp\/v2\/posts\/90390\/revisions"}],"wp:featuredmedia":[{"embeddable":true,"href":"https:\/\/www.eldiario.net\/portal\/wp-json\/wp\/v2\/media\/2714"}],"wp:attachment":[{"href":"https:\/\/www.eldiario.net\/portal\/wp-json\/wp\/v2\/media?parent=90390"}],"wp:term":[{"taxonomy":"category","embeddable":true,"href":"https:\/\/www.eldiario.net\/portal\/wp-json\/wp\/v2\/categories?post=90390"},{"taxonomy":"post_tag","embeddable":true,"href":"https:\/\/www.eldiario.net\/portal\/wp-json\/wp\/v2\/tags?post=90390"}],"curies":[{"name":"wp","href":"https:\/\/api.w.org\/{rel}","templated":true}]}}