{"id":90387,"date":"2022-06-14T05:37:19","date_gmt":"2022-06-14T09:37:19","guid":{"rendered":"https:\/\/www.eldiario.net\/portal\/?p=90387"},"modified":"2022-06-14T05:37:19","modified_gmt":"2022-06-14T09:37:19","slug":"relato-sobre-mi-experiencia-de-vuelo-de-ida-y-vuelta-con-boa","status":"publish","type":"post","link":"https:\/\/www.eldiario.net\/portal\/2022\/06\/14\/relato-sobre-mi-experiencia-de-vuelo-de-ida-y-vuelta-con-boa\/","title":{"rendered":"Relato sobre mi experiencia de vuelo de ida y vuelta con BoA"},"content":{"rendered":"<p>Como todos saben, en el caso de vuelos internacionales, es mejor adquirir con tiempo pasajes de ida y vuelta. Adem\u00e1s, deben organizarse todas las conexiones hasta destino final. Con esta previsi\u00f3n de ahorra bastante dinero y se asegura el cumplimiento de los calendarios establecidos, sin embargo, pr\u00e1cticamente dos semanas antes del viaje tuvimos nuestra primera rabieta. Resulta que BoA en forma unilateral y arbitraria cambi\u00f3 las fechas de ida y vuelta. Para la ida adelantaron un d\u00eda, del 3 de agosto al 2 de agosto 2021 y de vuelta cambiaron del 7 al 9 de septiembre. Esos dos cambios obligaron a la reprogramaci\u00f3n de los vuelos y transportes terrestres en ambos extremos con un costo de m\u00e1s de E 300. Obviamente hasta ahora no encontr\u00e9 manera de recuperar esos recursos.<\/p>\n<p>El d\u00eda martes 2 de agosto de 2021, aproximadamente a las 15:30, mi esposa Roc\u00edo, Sergio nuestro hijo y yo, llegamos al aeropuerto de El Alto para iniciar nuestro vuelo con destino final en la ciudad de Berl\u00edn. Dado que entre la hora de llegada a Madrid y salida a Berl\u00edn solo hab\u00edan 90 minutos, ya desde el momento de iniciar &#8211;en counter de BoA&#8211; el correspondiente papeleo para el posterior abordaje, insistimos para que nuestras 4 valijas fueran consignadas hasta el destino final. Copia de los tickets en las valijas y entregados a mi persona indicaban La Paz-Berl\u00edn y, en consecuencia, quedamos conformes, pero algo intranquilos.<\/p>\n<p>El vuelo a Santa Cruz fue normal y transcurri\u00f3 sin novedad. Llegamos en tr\u00e1nsito a las 17:25 y la salida del vuelo OB680 a Madrid estaba programada para las 20:45 con supuesta llegada a Barajas a las 17:25 del 3 de agosto. Lo curioso es que, teniendo tres horas para abordar seg\u00fan normas para vuelos internacionales, el proceso se inici\u00f3 reci\u00e9n una hora antes.<\/p>\n<p>Una nueva eventualidad ocurri\u00f3 en el ingreso al avi\u00f3n.\u00a0 All\u00ed se produjo un taco causado por media docena de polic\u00edas con tres perros que, con excesiva energ\u00eda (como en un cuartel) ordenaron formar fila a la izquierda, previa colocaci\u00f3n del equipaje de mano, frente a cada pasajero a la derecha del t\u00fanel. Estoy consciente de que los susodichos estaban haciendo su trabajo. Pero, \u00bfpor qu\u00e9 no lo hacen con tiempo? La explicaci\u00f3n de BoA es que ellos siempre llegan tarde\u2026 y punto. Consecuencia: Aterrizamos en Barajas 45 minutos tarde y solo quedaban 45 para abordar el vuelo FR2528 de Ryan Air a Berl\u00edn.<\/p>\n<p>En el avi\u00f3n, desde el despegue hasta la llegada a Madrid insist\u00ed al jefe de cabina que no se olviden de entregar nuestras valijas directamente a Ryan Air, ya que no ten\u00edamos tiempo de pasar por las tomamesas para buscar el equipaje.<\/p>\n<p>La atenci\u00f3n de BoA fue desastrosa. En casi 12 horas de vuelo solo nos dieron una bolsa de pl\u00e1stico horrible con una peque\u00f1a caja de jugo, una botella de agua y un bocadillo feo, casi incomible. No proporcionaron frazadas, almohadas y todo lo que deb\u00edan entregar, a pesar de que hac\u00eda mucho fr\u00edo.<\/p>\n<p>Ya en sue\u00f1o espa\u00f1ol, en el momento de abordar la nave de BoA el jefe de cabina dijo: \u201cVayan tranquilos que su equipaje ser\u00e1 entregado a tiempo\u201d.<\/p>\n<p>La situaci\u00f3n se torn\u00f3 cr\u00edtica por dos razones principales: 1) Debido a la pandemia, si perd\u00edamos la conexi\u00f3n, autom\u00e1ticamente sobrepas\u00e1bamos las 24 horas l\u00edmite para permanecer en Espa\u00f1a. No hab\u00eda otro vuelo hasta el d\u00eda siguiente y hubi\u00e9ramos tenido que quedarnos diez d\u00edas en cuarentena y eso era inadmisible, puesto que \u00edbamos a la boda de nuestra hija llevando regalos, trajes y otros objetos insustituibles. 2)\u00a0 Por problemas de artrosis de cadera, me condujeron en silla de ruedas los aproximadamente 30 Km de la terminal 4S a la terminal 1, desde donde part\u00eda mi conexi\u00f3n. Los funcionarios encargados del traslado aseguraron que perder\u00edamos el vuelo si pas\u00e1bamos a buscar el equipaje.<\/p>\n<p>Reconozco el gran trabajo realizado por varios j\u00f3venes que me trasladaron, junto a mi esposa, desde el gate de llegada al de salida. Para tal efecto utilizaron varias rutas alternativas y como tres veh\u00edculos diferentes. El traslado fue cordial y seguro. Todos manifestaron que estaban haciendo su trabajo y que no pod\u00edan recibir ning\u00fan pago ni propina.<\/p>\n<p>Llegamos al counter de Ryan Air cuando estaban a punto de cerrar el vuelo y no qued\u00f3 otra que abordar con mucha prisa. La pregunta de rigor fue: \u00bfBoA les entreg\u00f3 nuestro equipaje? Como buenos alemanes, muy lac\u00f3nicamente dijeron: \u00bfQu\u00e9 dice, usted? No tenemos alg\u00fan acuerdo con esa l\u00ednea a\u00e9rea y nunca nos entregan equipajes. Ustedes deb\u00edan haber pasado a recoger sus valijas. Mi esposa alarmada pregunt\u00f3 qu\u00e9 pod\u00edamos hacer y la respuesta fue: \u201cNada, si no abordan pierden el vuelo, pueden reclamar su equipaje por internet\u201d.<\/p>\n<p>Para hacer corta esta larga historia, puedo decir que fueron ocho d\u00edas de tortura hasta recuperar el equipaje. Llamamos cada d\u00eda durante horas a Madrid y viajamos en tren durante 90 minutos de ida y 90 minutos de retorno m\u00e1s de seis veces desde Spandau hasta el aeropuerto de Berl\u00edn. All\u00ed chocamos con un muro dif\u00edcil de vencer, puesto que Madrid ped\u00eda un n\u00famero de reclamo de Ryan Air y esta aerol\u00ednea no quer\u00eda emitir ning\u00fan documento porque de hacerlo asum\u00edan la responsabilidad de un hecho sobre el cual no ten\u00edan culpa alguna. De BoA Barajas recibimos un p\u00e9simo trato telef\u00f3nico, incluso cortaron la llamada en varias ocasiones.<\/p>\n<p>Despu\u00e9s de interminables gestiones, pesimismo y malos tratos, finalmente una gentil dama del aeropuerto en Berl\u00edn decidi\u00f3 ayudarnos. Llam\u00f3 a Madrid y despu\u00e9s de casi una hora de charla logr\u00f3 convencer para que busquen las cuatro maletas. A los ocho d\u00edas las hallaron y enviaron por Avianca que tiene convenio con BoA. Fue toda una carrera de obst\u00e1culos para hallar nuestras maletas en Avianca Berl\u00edn. Por fortuna mi esposa las hab\u00eda marcado de manera que fue posible distinguirlas entre miles de equipajes extraviados que se hallaban amontonados en un enorme galp\u00f3n. Gracias a Dios nada se perdi\u00f3. Fuera de tener que comprar ropa, art\u00edculos de aseo y otras cosas, finalmente pudimos asistir a la boda. Reitero que en nuestro equipaje se encontraba el traje de la novia y la ropa nuestra.<\/p>\n<p>Al retorno desde Berl\u00edn yo ten\u00eda varias horas en Madrid para abordar el avi\u00f3n de BoA, esta vez a Cochabamba. Con mi recurrente silla de ruedas no tuve mayores inconvenientes que la larga espera. El problema fue ya en el avi\u00f3n. Yo estaba ubicado en la segunda fila tras de 8 asientos vac\u00edos. Una vez que todos los pasajeros abordaron y estaban ya en sus respectivos asientos, y casi a la hora de despegar, aparecieron 8 tripulantes de BoA que retornaban a Bolivia despu\u00e9s de alg\u00fan asunto en Espa\u00f1a. Entraron hablando fuerte y se notaba que eran personas importantes. Estos 8 sujetos se acomodaron delante de m\u00ed en la fila vac\u00eda. Ya en el aire repartieron la bolsa horrible de pl\u00e1stico, con la cajita de jugo, el agua mineral y un snack un poco mejor que el del anterior vuelo. Luego, para mi sorpresa, la azafata delante de todos los pasajeros reparti\u00f3 entre los tripulantes y para cada uno: 1 frazada, 1 almohada, cena caliente a elecci\u00f3n y 1 lata de cerveza. Obviamente hicieron escarnio de su situaci\u00f3n de seres superiores y no se percataron de una gran cantidad de personas que miraban con incredulidad este claro acto de discriminaci\u00f3n. Yo hice un peque\u00f1o alboroto reiterando a voz en cuello que los que pagamos sueldos, vi\u00e1ticos y lujos de estos individuos somos los pasajeros. Lo \u00fanico que consegu\u00ed, como si fuera un favor especial, fue una frazada.<\/p>\n<p>Recomiendo ampliamente no volar en BoA debido al trato inhumano, discriminatorio y abusivo de esta deficiente l\u00ednea a\u00e9rea.<\/p>\n","protected":false},"excerpt":{"rendered":"<p>Como todos saben, en el caso de vuelos internacionales, es mejor adquirir con tiempo pasajes de ida y vuelta. Adem\u00e1s, deben organizarse todas las conexiones hasta destino final. Con esta previsi\u00f3n de ahorra bastante dinero y se asegura el cumplimiento de los calendarios establecidos, sin embargo, pr\u00e1cticamente dos semanas antes del viaje tuvimos nuestra primera [&hellip;]<\/p>\n","protected":false},"author":1,"featured_media":0,"comment_status":"closed","ping_status":"closed","sticky":false,"template":"","format":"standard","meta":{"_acf_changed":false,"footnotes":""},"categories":[9],"tags":[],"class_list":["post-90387","post","type-post","status-publish","format-standard","category-opinion"],"acf":{"antetitulo":""},"yoast_head":"<!-- This site is optimized with the Yoast SEO plugin v28.4 - https:\/\/yoast.com\/product\/yoast-seo-wordpress\/ -->\n<title>Relato sobre mi experiencia de vuelo de ida y vuelta con BoA - El Diario - Bolivia<\/title>\n<meta name=\"robots\" content=\"index, follow, max-snippet:-1, max-image-preview:large, max-video-preview:-1\" \/>\n<link rel=\"canonical\" href=\"https:\/\/www.eldiario.net\/portal\/2022\/06\/14\/relato-sobre-mi-experiencia-de-vuelo-de-ida-y-vuelta-con-boa\/\" \/>\n<meta property=\"og:locale\" content=\"es_ES\" \/>\n<meta property=\"og:type\" content=\"article\" \/>\n<meta property=\"og:title\" content=\"Relato sobre mi experiencia de vuelo de ida y vuelta con BoA - El Diario - Bolivia\" \/>\n<meta property=\"og:description\" content=\"Como todos saben, en el caso de vuelos internacionales, es mejor adquirir con tiempo pasajes de ida y vuelta. Adem\u00e1s, deben organizarse todas las conexiones hasta destino final. Con esta previsi\u00f3n de ahorra bastante dinero y se asegura el cumplimiento de los calendarios establecidos, sin embargo, pr\u00e1cticamente dos semanas antes del viaje tuvimos nuestra primera [&hellip;]\" \/>\n<meta property=\"og:url\" content=\"https:\/\/www.eldiario.net\/portal\/2022\/06\/14\/relato-sobre-mi-experiencia-de-vuelo-de-ida-y-vuelta-con-boa\/\" \/>\n<meta property=\"og:site_name\" content=\"El Diario - Bolivia\" \/>\n<meta property=\"article:publisher\" content=\"https:\/\/www.facebook.com\/eldiario.bolivia\/\" \/>\n<meta property=\"article:published_time\" content=\"2022-06-14T09:37:19+00:00\" \/>\n<meta name=\"author\" content=\"Jeanette\" \/>\n<meta name=\"twitter:card\" content=\"summary_large_image\" \/>\n<meta name=\"twitter:creator\" content=\"@eldiario_net\" \/>\n<meta name=\"twitter:site\" content=\"@eldiario_net\" \/>\n<meta name=\"twitter:label1\" content=\"Escrito por\" \/>\n\t<meta name=\"twitter:data1\" content=\"Jeanette\" \/>\n\t<meta name=\"twitter:label2\" content=\"Tiempo de lectura\" \/>\n\t<meta name=\"twitter:data2\" content=\"6 minutos\" \/>\n<script type=\"application\/ld+json\" class=\"yoast-schema-graph\">{\"@context\":\"https:\\\/\\\/schema.org\",\"@graph\":[{\"@type\":\"Article\",\"@id\":\"https:\\\/\\\/www.eldiario.net\\\/portal\\\/2022\\\/06\\\/14\\\/relato-sobre-mi-experiencia-de-vuelo-de-ida-y-vuelta-con-boa\\\/#article\",\"isPartOf\":{\"@id\":\"https:\\\/\\\/www.eldiario.net\\\/portal\\\/2022\\\/06\\\/14\\\/relato-sobre-mi-experiencia-de-vuelo-de-ida-y-vuelta-con-boa\\\/\"},\"author\":{\"name\":\"Jeanette\",\"@id\":\"https:\\\/\\\/www.eldiario.net\\\/portal\\\/#\\\/schema\\\/person\\\/f46445640444750d7d753ccd04ae01b7\"},\"headline\":\"Relato sobre mi experiencia de vuelo de ida y vuelta con BoA\",\"datePublished\":\"2022-06-14T09:37:19+00:00\",\"mainEntityOfPage\":{\"@id\":\"https:\\\/\\\/www.eldiario.net\\\/portal\\\/2022\\\/06\\\/14\\\/relato-sobre-mi-experiencia-de-vuelo-de-ida-y-vuelta-con-boa\\\/\"},\"wordCount\":1354,\"publisher\":{\"@id\":\"https:\\\/\\\/www.eldiario.net\\\/portal\\\/#organization\"},\"articleSection\":[\"Opini\u00f3n\"],\"inLanguage\":\"es\"},{\"@type\":\"WebPage\",\"@id\":\"https:\\\/\\\/www.eldiario.net\\\/portal\\\/2022\\\/06\\\/14\\\/relato-sobre-mi-experiencia-de-vuelo-de-ida-y-vuelta-con-boa\\\/\",\"url\":\"https:\\\/\\\/www.eldiario.net\\\/portal\\\/2022\\\/06\\\/14\\\/relato-sobre-mi-experiencia-de-vuelo-de-ida-y-vuelta-con-boa\\\/\",\"name\":\"Relato sobre mi experiencia de vuelo de ida y vuelta con BoA - El Diario - Bolivia\",\"isPartOf\":{\"@id\":\"https:\\\/\\\/www.eldiario.net\\\/portal\\\/#website\"},\"datePublished\":\"2022-06-14T09:37:19+00:00\",\"breadcrumb\":{\"@id\":\"https:\\\/\\\/www.eldiario.net\\\/portal\\\/2022\\\/06\\\/14\\\/relato-sobre-mi-experiencia-de-vuelo-de-ida-y-vuelta-con-boa\\\/#breadcrumb\"},\"inLanguage\":\"es\",\"potentialAction\":[{\"@type\":\"ReadAction\",\"target\":[\"https:\\\/\\\/www.eldiario.net\\\/portal\\\/2022\\\/06\\\/14\\\/relato-sobre-mi-experiencia-de-vuelo-de-ida-y-vuelta-con-boa\\\/\"]}]},{\"@type\":\"BreadcrumbList\",\"@id\":\"https:\\\/\\\/www.eldiario.net\\\/portal\\\/2022\\\/06\\\/14\\\/relato-sobre-mi-experiencia-de-vuelo-de-ida-y-vuelta-con-boa\\\/#breadcrumb\",\"itemListElement\":[{\"@type\":\"ListItem\",\"position\":1,\"name\":\"Portada\",\"item\":\"https:\\\/\\\/www.eldiario.net\\\/portal\\\/\"},{\"@type\":\"ListItem\",\"position\":2,\"name\":\"Relato sobre mi experiencia de vuelo de ida y vuelta con BoA\"}]},{\"@type\":\"WebSite\",\"@id\":\"https:\\\/\\\/www.eldiario.net\\\/portal\\\/#website\",\"url\":\"https:\\\/\\\/www.eldiario.net\\\/portal\\\/\",\"name\":\"El Diario - Decano de la prensa nacional\",\"description\":\"El Diario - Decano de la prensa nacional\",\"publisher\":{\"@id\":\"https:\\\/\\\/www.eldiario.net\\\/portal\\\/#organization\"},\"potentialAction\":[{\"@type\":\"SearchAction\",\"target\":{\"@type\":\"EntryPoint\",\"urlTemplate\":\"https:\\\/\\\/www.eldiario.net\\\/portal\\\/?s={search_term_string}\"},\"query-input\":{\"@type\":\"PropertyValueSpecification\",\"valueRequired\":true,\"valueName\":\"search_term_string\"}}],\"inLanguage\":\"es\"},{\"@type\":\"Organization\",\"@id\":\"https:\\\/\\\/www.eldiario.net\\\/portal\\\/#organization\",\"name\":\"El Diario - Decano de la prensa nacional\",\"url\":\"https:\\\/\\\/www.eldiario.net\\\/portal\\\/\",\"logo\":{\"@type\":\"ImageObject\",\"inLanguage\":\"es\",\"@id\":\"https:\\\/\\\/www.eldiario.net\\\/portal\\\/#\\\/schema\\\/logo\\\/image\\\/\",\"url\":\"https:\\\/\\\/www.eldiario.net\\\/portal\\\/wp-content\\\/uploads\\\/2023\\\/07\\\/logo_ED.jpg\",\"contentUrl\":\"https:\\\/\\\/www.eldiario.net\\\/portal\\\/wp-content\\\/uploads\\\/2023\\\/07\\\/logo_ED.jpg\",\"width\":272,\"height\":52,\"caption\":\"El Diario - Decano de la prensa nacional\"},\"image\":{\"@id\":\"https:\\\/\\\/www.eldiario.net\\\/portal\\\/#\\\/schema\\\/logo\\\/image\\\/\"},\"sameAs\":[\"https:\\\/\\\/www.facebook.com\\\/eldiario.bolivia\\\/\",\"https:\\\/\\\/x.com\\\/eldiario_net\"]},{\"@type\":\"Person\",\"@id\":\"https:\\\/\\\/www.eldiario.net\\\/portal\\\/#\\\/schema\\\/person\\\/f46445640444750d7d753ccd04ae01b7\",\"name\":\"Jeanette\",\"image\":{\"@type\":\"ImageObject\",\"inLanguage\":\"es\",\"@id\":\"https:\\\/\\\/secure.gravatar.com\\\/avatar\\\/3ea2118a5f7dad2b7138b1187a6b7ee55f160b9968b66013c3a3ef39dd7e5798?s=96&d=mm&r=g\",\"url\":\"https:\\\/\\\/secure.gravatar.com\\\/avatar\\\/3ea2118a5f7dad2b7138b1187a6b7ee55f160b9968b66013c3a3ef39dd7e5798?s=96&d=mm&r=g\",\"contentUrl\":\"https:\\\/\\\/secure.gravatar.com\\\/avatar\\\/3ea2118a5f7dad2b7138b1187a6b7ee55f160b9968b66013c3a3ef39dd7e5798?s=96&d=mm&r=g\",\"caption\":\"Jeanette\"},\"sameAs\":[\"https:\\\/\\\/www.eldiario.net\\\/portal\"],\"url\":\"https:\\\/\\\/www.eldiario.net\\\/portal\\\/author\\\/jeanette\\\/\"}]}<\/script>\n<!-- \/ Yoast SEO plugin. -->","yoast_head_json":{"title":"Relato sobre mi experiencia de vuelo de ida y vuelta con BoA - El Diario - Bolivia","robots":{"index":"index","follow":"follow","max-snippet":"max-snippet:-1","max-image-preview":"max-image-preview:large","max-video-preview":"max-video-preview:-1"},"canonical":"https:\/\/www.eldiario.net\/portal\/2022\/06\/14\/relato-sobre-mi-experiencia-de-vuelo-de-ida-y-vuelta-con-boa\/","og_locale":"es_ES","og_type":"article","og_title":"Relato sobre mi experiencia de vuelo de ida y vuelta con BoA - El Diario - Bolivia","og_description":"Como todos saben, en el caso de vuelos internacionales, es mejor adquirir con tiempo pasajes de ida y vuelta. Adem\u00e1s, deben organizarse todas las conexiones hasta destino final. Con esta previsi\u00f3n de ahorra bastante dinero y se asegura el cumplimiento de los calendarios establecidos, sin embargo, pr\u00e1cticamente dos semanas antes del viaje tuvimos nuestra primera [&hellip;]","og_url":"https:\/\/www.eldiario.net\/portal\/2022\/06\/14\/relato-sobre-mi-experiencia-de-vuelo-de-ida-y-vuelta-con-boa\/","og_site_name":"El Diario - Bolivia","article_publisher":"https:\/\/www.facebook.com\/eldiario.bolivia\/","article_published_time":"2022-06-14T09:37:19+00:00","author":"Jeanette","twitter_card":"summary_large_image","twitter_creator":"@eldiario_net","twitter_site":"@eldiario_net","twitter_misc":{"Escrito por":"Jeanette","Tiempo de lectura":"6 minutos"},"schema":{"@context":"https:\/\/schema.org","@graph":[{"@type":"Article","@id":"https:\/\/www.eldiario.net\/portal\/2022\/06\/14\/relato-sobre-mi-experiencia-de-vuelo-de-ida-y-vuelta-con-boa\/#article","isPartOf":{"@id":"https:\/\/www.eldiario.net\/portal\/2022\/06\/14\/relato-sobre-mi-experiencia-de-vuelo-de-ida-y-vuelta-con-boa\/"},"author":{"name":"Jeanette","@id":"https:\/\/www.eldiario.net\/portal\/#\/schema\/person\/f46445640444750d7d753ccd04ae01b7"},"headline":"Relato sobre mi experiencia de vuelo de ida y vuelta con BoA","datePublished":"2022-06-14T09:37:19+00:00","mainEntityOfPage":{"@id":"https:\/\/www.eldiario.net\/portal\/2022\/06\/14\/relato-sobre-mi-experiencia-de-vuelo-de-ida-y-vuelta-con-boa\/"},"wordCount":1354,"publisher":{"@id":"https:\/\/www.eldiario.net\/portal\/#organization"},"articleSection":["Opini\u00f3n"],"inLanguage":"es"},{"@type":"WebPage","@id":"https:\/\/www.eldiario.net\/portal\/2022\/06\/14\/relato-sobre-mi-experiencia-de-vuelo-de-ida-y-vuelta-con-boa\/","url":"https:\/\/www.eldiario.net\/portal\/2022\/06\/14\/relato-sobre-mi-experiencia-de-vuelo-de-ida-y-vuelta-con-boa\/","name":"Relato sobre mi experiencia de vuelo de ida y vuelta con BoA - El Diario - Bolivia","isPartOf":{"@id":"https:\/\/www.eldiario.net\/portal\/#website"},"datePublished":"2022-06-14T09:37:19+00:00","breadcrumb":{"@id":"https:\/\/www.eldiario.net\/portal\/2022\/06\/14\/relato-sobre-mi-experiencia-de-vuelo-de-ida-y-vuelta-con-boa\/#breadcrumb"},"inLanguage":"es","potentialAction":[{"@type":"ReadAction","target":["https:\/\/www.eldiario.net\/portal\/2022\/06\/14\/relato-sobre-mi-experiencia-de-vuelo-de-ida-y-vuelta-con-boa\/"]}]},{"@type":"BreadcrumbList","@id":"https:\/\/www.eldiario.net\/portal\/2022\/06\/14\/relato-sobre-mi-experiencia-de-vuelo-de-ida-y-vuelta-con-boa\/#breadcrumb","itemListElement":[{"@type":"ListItem","position":1,"name":"Portada","item":"https:\/\/www.eldiario.net\/portal\/"},{"@type":"ListItem","position":2,"name":"Relato sobre mi experiencia de vuelo de ida y vuelta con BoA"}]},{"@type":"WebSite","@id":"https:\/\/www.eldiario.net\/portal\/#website","url":"https:\/\/www.eldiario.net\/portal\/","name":"El Diario - Decano de la prensa nacional","description":"El Diario - Decano de la prensa nacional","publisher":{"@id":"https:\/\/www.eldiario.net\/portal\/#organization"},"potentialAction":[{"@type":"SearchAction","target":{"@type":"EntryPoint","urlTemplate":"https:\/\/www.eldiario.net\/portal\/?s={search_term_string}"},"query-input":{"@type":"PropertyValueSpecification","valueRequired":true,"valueName":"search_term_string"}}],"inLanguage":"es"},{"@type":"Organization","@id":"https:\/\/www.eldiario.net\/portal\/#organization","name":"El Diario - Decano de la prensa nacional","url":"https:\/\/www.eldiario.net\/portal\/","logo":{"@type":"ImageObject","inLanguage":"es","@id":"https:\/\/www.eldiario.net\/portal\/#\/schema\/logo\/image\/","url":"https:\/\/www.eldiario.net\/portal\/wp-content\/uploads\/2023\/07\/logo_ED.jpg","contentUrl":"https:\/\/www.eldiario.net\/portal\/wp-content\/uploads\/2023\/07\/logo_ED.jpg","width":272,"height":52,"caption":"El Diario - Decano de la prensa nacional"},"image":{"@id":"https:\/\/www.eldiario.net\/portal\/#\/schema\/logo\/image\/"},"sameAs":["https:\/\/www.facebook.com\/eldiario.bolivia\/","https:\/\/x.com\/eldiario_net"]},{"@type":"Person","@id":"https:\/\/www.eldiario.net\/portal\/#\/schema\/person\/f46445640444750d7d753ccd04ae01b7","name":"Jeanette","image":{"@type":"ImageObject","inLanguage":"es","@id":"https:\/\/secure.gravatar.com\/avatar\/3ea2118a5f7dad2b7138b1187a6b7ee55f160b9968b66013c3a3ef39dd7e5798?s=96&d=mm&r=g","url":"https:\/\/secure.gravatar.com\/avatar\/3ea2118a5f7dad2b7138b1187a6b7ee55f160b9968b66013c3a3ef39dd7e5798?s=96&d=mm&r=g","contentUrl":"https:\/\/secure.gravatar.com\/avatar\/3ea2118a5f7dad2b7138b1187a6b7ee55f160b9968b66013c3a3ef39dd7e5798?s=96&d=mm&r=g","caption":"Jeanette"},"sameAs":["https:\/\/www.eldiario.net\/portal"],"url":"https:\/\/www.eldiario.net\/portal\/author\/jeanette\/"}]}},"_links":{"self":[{"href":"https:\/\/www.eldiario.net\/portal\/wp-json\/wp\/v2\/posts\/90387","targetHints":{"allow":["GET"]}}],"collection":[{"href":"https:\/\/www.eldiario.net\/portal\/wp-json\/wp\/v2\/posts"}],"about":[{"href":"https:\/\/www.eldiario.net\/portal\/wp-json\/wp\/v2\/types\/post"}],"author":[{"embeddable":true,"href":"https:\/\/www.eldiario.net\/portal\/wp-json\/wp\/v2\/users\/1"}],"replies":[{"embeddable":true,"href":"https:\/\/www.eldiario.net\/portal\/wp-json\/wp\/v2\/comments?post=90387"}],"version-history":[{"count":0,"href":"https:\/\/www.eldiario.net\/portal\/wp-json\/wp\/v2\/posts\/90387\/revisions"}],"wp:attachment":[{"href":"https:\/\/www.eldiario.net\/portal\/wp-json\/wp\/v2\/media?parent=90387"}],"wp:term":[{"taxonomy":"category","embeddable":true,"href":"https:\/\/www.eldiario.net\/portal\/wp-json\/wp\/v2\/categories?post=90387"},{"taxonomy":"post_tag","embeddable":true,"href":"https:\/\/www.eldiario.net\/portal\/wp-json\/wp\/v2\/tags?post=90387"}],"curies":[{"name":"wp","href":"https:\/\/api.w.org\/{rel}","templated":true}]}}