{"id":90380,"date":"2022-06-14T05:35:00","date_gmt":"2022-06-14T09:35:00","guid":{"rendered":"https:\/\/www.eldiario.net\/portal\/?p=90380"},"modified":"2022-06-14T05:35:00","modified_gmt":"2022-06-14T09:35:00","slug":"el-embalse-de-la-central-belo-monte-triplico-las-emisiones-locales-de-gases-de-efecto-invernadero","status":"publish","type":"post","link":"https:\/\/www.eldiario.net\/portal\/2022\/06\/14\/el-embalse-de-la-central-belo-monte-triplico-las-emisiones-locales-de-gases-de-efecto-invernadero\/","title":{"rendered":"El embalse de la central Belo Monte triplic\u00f3 las emisiones locales de gases de efecto invernadero"},"content":{"rendered":"<p>La construcci\u00f3n de la central hidroel\u00e9ctrica Belo Monte en la localidad de Altamira (estado de Par\u00e1, Brasil) triplic\u00f3 las emisiones de gases de efecto invernadero en el lugar donde actualmente se encuentra su embalse. Esta es la conclusi\u00f3n que se desprende de un estudio publicado en la revista <em>Science Advances<\/em> por un grupo internacional de cient\u00edficos.<\/p>\n<p>Se midieron las emisiones en distintos puntos de la central antes, durante y despu\u00e9s de su construcci\u00f3n. La conclusi\u00f3n de este estudio tard\u00f3 alrededor de diez a\u00f1os.<\/p>\n<p>\u201cLa justificaci\u00f3n para la construcci\u00f3n de Belo Monte part\u00eda de la premisa de que las centrales hidroel\u00e9ctricas generan energ\u00eda con bajas emisiones y a un costo menor que otras fuentes renovables. Pero actualmente este argumento est\u00e1 cayendo por tierra, tal como lo demostramos en nuestro estudio\u201d, dice Dailson Bertassoli Jr., investigador del Instituto de Geociencias de la Universidad de Sao Paulo (IGc-USP) y coautor del trabajo.<\/p>\n<p>El cient\u00edfico explica que en la regi\u00f3n amaz\u00f3nica hay centrales hidroel\u00e9ctricas que emiten m\u00e1s que otras. Las emisiones de la central de Balbina (en el estado de Amazonas), por ejemplo, que fue inaugurada en la d\u00e9cada de 1980, son superiores a las de las usinas termoel\u00e9ctricas que producen una cantidad similar de energ\u00eda. \u201cEn el caso de Belo Monte, la mayor central hidroel\u00e9ctrica amaz\u00f3nica, la emisi\u00f3n equivalente se ubica entre los 15 y los 55 kilos de CO2 [di\u00f3xido de carbono] por megavatio-hora producido [existe una variaci\u00f3n entre las estaciones del a\u00f1o]. Esto corresponde a una fracci\u00f3n de lo que ser\u00eda emitido por centrales termoel\u00e9ctricas, pero, aun as\u00ed, no es para nada despreciable\u201d, afirma.<\/p>\n<p>&nbsp;<\/p>\n<p>La represa de Belo Monte posee la mayor capacidad instalada entre las centrales del tipo de hilo de agua existentes en el mundo. A diferencia de las usinas con embalse de acumulaci\u00f3n, las de hilo de agua disponen de un embalse menor. En el caso de Belo Monte, son dos, interconectados por un canal de 20 Km de extensi\u00f3n. El principal, formado en el r\u00edo Xing\u00fa, es de 359 Km2. En tanto, el intermediario, con sus 119 Km2, cuenta con 28 diques y canales de transposici\u00f3n.<\/p>\n<p>Los investigadores pusieron en marcha las primeras mediciones de la emisi\u00f3n de gases de efecto invernadero en el \u00e1rea de Belo Monte en el a\u00f1o 2011, antes de la construcci\u00f3n del dique y de la central hidroel\u00e9ctrica. En el transcurso de los a\u00f1os, se concretaron otras tres mediciones en los mismos puntos. Participaron cient\u00edficos de la <em>Link\u00f6ping University<\/em> (Suecia), de la <em>University of Washington<\/em> (Estados Unidos) y de la Universidad Federal de Par\u00e1 (UFPA) con sede en Altamira (Brasil). Este trabajo cont\u00f3 con el apoyo de la FAPESP en el marco de nueve proyectos\u2026<\/p>\n<p>&nbsp;<\/p>\n<p><strong>EMISIONES DESIGUALES<\/strong><\/p>\n<p>Un hallazgo importante de la investigaci\u00f3n reside en la heterogeneidad de las emisiones en la regi\u00f3n amaz\u00f3nica e incluso entre distintos puntos de un mismo embalse. La medici\u00f3n en diferentes partes de la represa y en \u00e1reas que fueron inundadas para la construcci\u00f3n de la usina hidroel\u00e9ctrica Belo Monte mostr\u00f3 que algunas zonas emiten m\u00e1s gases de efecto invernadero que otras.<\/p>\n<p>Esta constataci\u00f3n pone en jaque la aplicaci\u00f3n de modelos de emisiones \u2013tales como los que estipula el Grupo Intergubernamental de Expertos sobre el Cambio Clim\u00e1tico (IPCC), basados en centrales hidroel\u00e9ctricas construidas en zonas templadas, por ejemplo\u2013, que se emplean para la realizaci\u00f3n de estudios de impacto previos o incluso para la venta de cr\u00e9ditos de carbono.<\/p>\n<p>&nbsp;<\/p>\n<p>\u201cLa comprensi\u00f3n de c\u00f3mo transcurren las emisiones de gases de efecto invernadero con base en el embalse de Belo Monte resulta esencial para realizar una planificaci\u00f3n estrat\u00e9gica eficiente de la expansi\u00f3n de la red de generaci\u00f3n de energ\u00eda el\u00e9ctrica en Brasil. Sin embargo, esto es tan heterog\u00e9neo que no es posible generalizar y hacer referencia a \u2018las emisiones de las hidroel\u00e9ctricas\u2019. Cada central tiene las suyas y debe evalu\u00e1rselas caso por caso\u201d, le dice Bertassoli Jr. a Agencia FAPESP.<\/p>\n<p>Seg\u00fan el investigador, uno de los principales factores que contribuyen con las emisiones desde las centrales hidroel\u00e9ctricas es la generaci\u00f3n de metano (CH4) provocada por la degradaci\u00f3n de material org\u00e1nico retenido en el lecho de los embalses.<\/p>\n<p>Henrique Sawakuchi, investigador de la <em>Link\u00f6ping University<\/em> y responsable de las primeras mediciones del estudio, explica que esta alta variabilidad de las emisiones de distintas centrales hidroel\u00e9ctricas obedece a factores tales como los tipos de vegetaci\u00f3n y de suelos, la temperatura y el clima, las caracter\u00edsticas de la actividad microbiana y el tipo de embalse.<\/p>\n<p>\u201cA diferencia de las zonas templadas y boreales, las altas temperaturas que se registran durante todo el a\u00f1o en las \u00e1reas tropicales redundan en una intensa actividad microbiana y, por consiguiente, en una mayor producci\u00f3n de metano y de di\u00f3xido de carbono\u201d, explica el investigador.<\/p>\n<p>&nbsp;<\/p>\n<p><strong>DESVIACI\u00d3N T\u00cdPICA<\/strong><\/p>\n<p>En el caso de las emisiones de metano, la materia org\u00e1nica que genera este gas proviene de la cuenca de drenaje situada r\u00edo arriba y se acumula en el embalse. Tambi\u00e9n pueden producirla en la columna de agua las algas que all\u00ed viven.<\/p>\n<p>\u201cEstos dos factores var\u00edan mucho entre los r\u00edos de la Amazonia. El Xing\u00fa, por ejemplo, es un r\u00edo de agua clara, lo que hace posible una mayor penetraci\u00f3n de la luz del Sol. Por eso hay una mayor producci\u00f3n de algas, que luego se convierten en materia org\u00e1nica y generan metano. A otros r\u00edos, como el Madeira, se los conoce como de agua blanca, es decir que la luz casi no penetra en la columna de agua. Por eso existe en ellos un menor crecimiento de algas\u201d, dice Andr\u00e9 Sawakuchi, docente del Instituto de Geociencias de la USP y tambi\u00e9n autor del estudio.<\/p>\n<p>Otro factor de variabilidad es la profundidad del embalse. \u201cEn las \u00e1reas m\u00e1s profundas, el agua del lecho puede estar menos oxigenada, lo que favorece la generaci\u00f3n de metano\u201d, explica el investigador.<\/p>\n<p>Los cient\u00edficos observaron tambi\u00e9n que dependiendo del tipo de suelo o de vegetaci\u00f3n inundada durante la construcci\u00f3n de los embalses existe m\u00e1s material org\u00e1nico disponible para la biodegradaci\u00f3n y la generaci\u00f3n de metano y di\u00f3xido de carbono. De esta forma, las \u00e1reas con pastizales que no se remueven, tal como s\u00ed se lo hace en el caso de la vegetaci\u00f3n forestal, sorprendentemente tambi\u00e9n mostraron emisiones significativas.<\/p>\n<p>\u201cLa parte superior del suelo tambi\u00e9n posee mucha materia org\u00e1nica que se convierte en materia prima para la producci\u00f3n de metano. Son estos tipos de variaciones los que marcan la diferencia a la hora de cerrar la cuenta de las emisiones totales de un embalse. En ocasiones, el pastizal se encuentra en un tipo de suelo que posee m\u00e1s materia org\u00e1nica, mientras que la selva est\u00e1 en un suelo que casi no la tiene. Var\u00eda mucho y todo eso debe computarse a la hora de medir los impactos de una central hidroel\u00e9ctrica\u201d, afirma Andr\u00e9 Sawakuchi.<\/p>\n<p>De acuerdo con los investigadores, estos resultados refuerzan a importancia de considerar todas esas variables de heterogeneidad en los estudios de impacto ambiental de las centrales hidroel\u00e9ctricas, aun cuando sean del tipo de hilo de agua, tal como es el caso de Belo Monte.<\/p>\n<p>\u201cDeber\u00eda ser obligatorio realizar un seguimiento de las emisiones antes, durante y por un largo tiempo despu\u00e9s de la construcci\u00f3n de los embalses de las centrales hidroel\u00e9ctricas. Fundamentalmente en las ubicadas en el r\u00edo Madeira, que est\u00e1n vendiendo cr\u00e9ditos de carbono y las emisiones no han sido bien estimadas. Es probable que est\u00e9n vendiendo cr\u00e9ditos de carbono que no est\u00e1n mitigando\u201d, sostiene Henrique Sawakuchi\u2026<\/p>\n<p>(Agencia FAPESP)<\/p>\n","protected":false},"excerpt":{"rendered":"<p>La construcci\u00f3n de la central hidroel\u00e9ctrica Belo Monte en la localidad de Altamira (estado de Par\u00e1, Brasil) triplic\u00f3 las emisiones de gases de efecto invernadero en el lugar donde actualmente se encuentra su embalse. Esta es la conclusi\u00f3n que se desprende de un estudio publicado en la revista Science Advances por un grupo internacional de [&hellip;]<\/p>\n","protected":false},"author":1,"featured_media":0,"comment_status":"closed","ping_status":"closed","sticky":false,"template":"","format":"standard","meta":{"_acf_changed":false,"footnotes":""},"categories":[9],"tags":[],"class_list":["post-90380","post","type-post","status-publish","format-standard","category-opinion"],"acf":{"antetitulo":""},"yoast_head":"<!-- This site is optimized with the Yoast SEO plugin v28.4 - https:\/\/yoast.com\/product\/yoast-seo-wordpress\/ -->\n<title>El embalse de la central Belo Monte triplic\u00f3 las emisiones locales de gases de efecto invernadero - El Diario - Bolivia<\/title>\n<meta name=\"robots\" content=\"index, follow, max-snippet:-1, max-image-preview:large, max-video-preview:-1\" \/>\n<link rel=\"canonical\" href=\"https:\/\/www.eldiario.net\/portal\/2022\/06\/14\/el-embalse-de-la-central-belo-monte-triplico-las-emisiones-locales-de-gases-de-efecto-invernadero\/\" \/>\n<meta property=\"og:locale\" content=\"es_ES\" \/>\n<meta property=\"og:type\" content=\"article\" \/>\n<meta property=\"og:title\" content=\"El embalse de la central Belo Monte triplic\u00f3 las emisiones locales de gases de efecto invernadero - El Diario - Bolivia\" \/>\n<meta property=\"og:description\" content=\"La construcci\u00f3n de la central hidroel\u00e9ctrica Belo Monte en la localidad de Altamira (estado de Par\u00e1, Brasil) triplic\u00f3 las emisiones de gases de efecto invernadero en el lugar donde actualmente se encuentra su embalse. Esta es la conclusi\u00f3n que se desprende de un estudio publicado en la revista Science Advances por un grupo internacional de [&hellip;]\" \/>\n<meta property=\"og:url\" content=\"https:\/\/www.eldiario.net\/portal\/2022\/06\/14\/el-embalse-de-la-central-belo-monte-triplico-las-emisiones-locales-de-gases-de-efecto-invernadero\/\" \/>\n<meta property=\"og:site_name\" content=\"El Diario - Bolivia\" \/>\n<meta property=\"article:publisher\" content=\"https:\/\/www.facebook.com\/eldiario.bolivia\/\" \/>\n<meta property=\"article:published_time\" content=\"2022-06-14T09:35:00+00:00\" \/>\n<meta name=\"author\" content=\"Jeanette\" \/>\n<meta name=\"twitter:card\" content=\"summary_large_image\" \/>\n<meta name=\"twitter:creator\" content=\"@eldiario_net\" \/>\n<meta name=\"twitter:site\" content=\"@eldiario_net\" \/>\n<meta name=\"twitter:label1\" content=\"Escrito por\" \/>\n\t<meta name=\"twitter:data1\" content=\"Jeanette\" \/>\n\t<meta name=\"twitter:label2\" content=\"Tiempo de lectura\" \/>\n\t<meta name=\"twitter:data2\" content=\"7 minutos\" \/>\n<script type=\"application\/ld+json\" class=\"yoast-schema-graph\">{\"@context\":\"https:\\\/\\\/schema.org\",\"@graph\":[{\"@type\":\"Article\",\"@id\":\"https:\\\/\\\/www.eldiario.net\\\/portal\\\/2022\\\/06\\\/14\\\/el-embalse-de-la-central-belo-monte-triplico-las-emisiones-locales-de-gases-de-efecto-invernadero\\\/#article\",\"isPartOf\":{\"@id\":\"https:\\\/\\\/www.eldiario.net\\\/portal\\\/2022\\\/06\\\/14\\\/el-embalse-de-la-central-belo-monte-triplico-las-emisiones-locales-de-gases-de-efecto-invernadero\\\/\"},\"author\":{\"name\":\"Jeanette\",\"@id\":\"https:\\\/\\\/www.eldiario.net\\\/portal\\\/#\\\/schema\\\/person\\\/f46445640444750d7d753ccd04ae01b7\"},\"headline\":\"El embalse de la central Belo Monte triplic\u00f3 las emisiones locales de gases de efecto invernadero\",\"datePublished\":\"2022-06-14T09:35:00+00:00\",\"mainEntityOfPage\":{\"@id\":\"https:\\\/\\\/www.eldiario.net\\\/portal\\\/2022\\\/06\\\/14\\\/el-embalse-de-la-central-belo-monte-triplico-las-emisiones-locales-de-gases-de-efecto-invernadero\\\/\"},\"wordCount\":1362,\"publisher\":{\"@id\":\"https:\\\/\\\/www.eldiario.net\\\/portal\\\/#organization\"},\"articleSection\":[\"Opini\u00f3n\"],\"inLanguage\":\"es\"},{\"@type\":\"WebPage\",\"@id\":\"https:\\\/\\\/www.eldiario.net\\\/portal\\\/2022\\\/06\\\/14\\\/el-embalse-de-la-central-belo-monte-triplico-las-emisiones-locales-de-gases-de-efecto-invernadero\\\/\",\"url\":\"https:\\\/\\\/www.eldiario.net\\\/portal\\\/2022\\\/06\\\/14\\\/el-embalse-de-la-central-belo-monte-triplico-las-emisiones-locales-de-gases-de-efecto-invernadero\\\/\",\"name\":\"El embalse de la central Belo Monte triplic\u00f3 las emisiones locales de gases de efecto invernadero - El Diario - Bolivia\",\"isPartOf\":{\"@id\":\"https:\\\/\\\/www.eldiario.net\\\/portal\\\/#website\"},\"datePublished\":\"2022-06-14T09:35:00+00:00\",\"breadcrumb\":{\"@id\":\"https:\\\/\\\/www.eldiario.net\\\/portal\\\/2022\\\/06\\\/14\\\/el-embalse-de-la-central-belo-monte-triplico-las-emisiones-locales-de-gases-de-efecto-invernadero\\\/#breadcrumb\"},\"inLanguage\":\"es\",\"potentialAction\":[{\"@type\":\"ReadAction\",\"target\":[\"https:\\\/\\\/www.eldiario.net\\\/portal\\\/2022\\\/06\\\/14\\\/el-embalse-de-la-central-belo-monte-triplico-las-emisiones-locales-de-gases-de-efecto-invernadero\\\/\"]}]},{\"@type\":\"BreadcrumbList\",\"@id\":\"https:\\\/\\\/www.eldiario.net\\\/portal\\\/2022\\\/06\\\/14\\\/el-embalse-de-la-central-belo-monte-triplico-las-emisiones-locales-de-gases-de-efecto-invernadero\\\/#breadcrumb\",\"itemListElement\":[{\"@type\":\"ListItem\",\"position\":1,\"name\":\"Portada\",\"item\":\"https:\\\/\\\/www.eldiario.net\\\/portal\\\/\"},{\"@type\":\"ListItem\",\"position\":2,\"name\":\"El embalse de la central Belo Monte triplic\u00f3 las emisiones locales de gases de efecto invernadero\"}]},{\"@type\":\"WebSite\",\"@id\":\"https:\\\/\\\/www.eldiario.net\\\/portal\\\/#website\",\"url\":\"https:\\\/\\\/www.eldiario.net\\\/portal\\\/\",\"name\":\"El Diario - Decano de la prensa nacional\",\"description\":\"El Diario - Decano de la prensa nacional\",\"publisher\":{\"@id\":\"https:\\\/\\\/www.eldiario.net\\\/portal\\\/#organization\"},\"potentialAction\":[{\"@type\":\"SearchAction\",\"target\":{\"@type\":\"EntryPoint\",\"urlTemplate\":\"https:\\\/\\\/www.eldiario.net\\\/portal\\\/?s={search_term_string}\"},\"query-input\":{\"@type\":\"PropertyValueSpecification\",\"valueRequired\":true,\"valueName\":\"search_term_string\"}}],\"inLanguage\":\"es\"},{\"@type\":\"Organization\",\"@id\":\"https:\\\/\\\/www.eldiario.net\\\/portal\\\/#organization\",\"name\":\"El Diario - Decano de la prensa nacional\",\"url\":\"https:\\\/\\\/www.eldiario.net\\\/portal\\\/\",\"logo\":{\"@type\":\"ImageObject\",\"inLanguage\":\"es\",\"@id\":\"https:\\\/\\\/www.eldiario.net\\\/portal\\\/#\\\/schema\\\/logo\\\/image\\\/\",\"url\":\"https:\\\/\\\/www.eldiario.net\\\/portal\\\/wp-content\\\/uploads\\\/2023\\\/07\\\/logo_ED.jpg\",\"contentUrl\":\"https:\\\/\\\/www.eldiario.net\\\/portal\\\/wp-content\\\/uploads\\\/2023\\\/07\\\/logo_ED.jpg\",\"width\":272,\"height\":52,\"caption\":\"El Diario - Decano de la prensa nacional\"},\"image\":{\"@id\":\"https:\\\/\\\/www.eldiario.net\\\/portal\\\/#\\\/schema\\\/logo\\\/image\\\/\"},\"sameAs\":[\"https:\\\/\\\/www.facebook.com\\\/eldiario.bolivia\\\/\",\"https:\\\/\\\/x.com\\\/eldiario_net\"]},{\"@type\":\"Person\",\"@id\":\"https:\\\/\\\/www.eldiario.net\\\/portal\\\/#\\\/schema\\\/person\\\/f46445640444750d7d753ccd04ae01b7\",\"name\":\"Jeanette\",\"image\":{\"@type\":\"ImageObject\",\"inLanguage\":\"es\",\"@id\":\"https:\\\/\\\/secure.gravatar.com\\\/avatar\\\/3ea2118a5f7dad2b7138b1187a6b7ee55f160b9968b66013c3a3ef39dd7e5798?s=96&d=mm&r=g\",\"url\":\"https:\\\/\\\/secure.gravatar.com\\\/avatar\\\/3ea2118a5f7dad2b7138b1187a6b7ee55f160b9968b66013c3a3ef39dd7e5798?s=96&d=mm&r=g\",\"contentUrl\":\"https:\\\/\\\/secure.gravatar.com\\\/avatar\\\/3ea2118a5f7dad2b7138b1187a6b7ee55f160b9968b66013c3a3ef39dd7e5798?s=96&d=mm&r=g\",\"caption\":\"Jeanette\"},\"sameAs\":[\"https:\\\/\\\/www.eldiario.net\\\/portal\"],\"url\":\"https:\\\/\\\/www.eldiario.net\\\/portal\\\/author\\\/jeanette\\\/\"}]}<\/script>\n<!-- \/ Yoast SEO plugin. -->","yoast_head_json":{"title":"El embalse de la central Belo Monte triplic\u00f3 las emisiones locales de gases de efecto invernadero - El Diario - Bolivia","robots":{"index":"index","follow":"follow","max-snippet":"max-snippet:-1","max-image-preview":"max-image-preview:large","max-video-preview":"max-video-preview:-1"},"canonical":"https:\/\/www.eldiario.net\/portal\/2022\/06\/14\/el-embalse-de-la-central-belo-monte-triplico-las-emisiones-locales-de-gases-de-efecto-invernadero\/","og_locale":"es_ES","og_type":"article","og_title":"El embalse de la central Belo Monte triplic\u00f3 las emisiones locales de gases de efecto invernadero - El Diario - Bolivia","og_description":"La construcci\u00f3n de la central hidroel\u00e9ctrica Belo Monte en la localidad de Altamira (estado de Par\u00e1, Brasil) triplic\u00f3 las emisiones de gases de efecto invernadero en el lugar donde actualmente se encuentra su embalse. Esta es la conclusi\u00f3n que se desprende de un estudio publicado en la revista Science Advances por un grupo internacional de [&hellip;]","og_url":"https:\/\/www.eldiario.net\/portal\/2022\/06\/14\/el-embalse-de-la-central-belo-monte-triplico-las-emisiones-locales-de-gases-de-efecto-invernadero\/","og_site_name":"El Diario - Bolivia","article_publisher":"https:\/\/www.facebook.com\/eldiario.bolivia\/","article_published_time":"2022-06-14T09:35:00+00:00","author":"Jeanette","twitter_card":"summary_large_image","twitter_creator":"@eldiario_net","twitter_site":"@eldiario_net","twitter_misc":{"Escrito por":"Jeanette","Tiempo de lectura":"7 minutos"},"schema":{"@context":"https:\/\/schema.org","@graph":[{"@type":"Article","@id":"https:\/\/www.eldiario.net\/portal\/2022\/06\/14\/el-embalse-de-la-central-belo-monte-triplico-las-emisiones-locales-de-gases-de-efecto-invernadero\/#article","isPartOf":{"@id":"https:\/\/www.eldiario.net\/portal\/2022\/06\/14\/el-embalse-de-la-central-belo-monte-triplico-las-emisiones-locales-de-gases-de-efecto-invernadero\/"},"author":{"name":"Jeanette","@id":"https:\/\/www.eldiario.net\/portal\/#\/schema\/person\/f46445640444750d7d753ccd04ae01b7"},"headline":"El embalse de la central Belo Monte triplic\u00f3 las emisiones locales de gases de efecto invernadero","datePublished":"2022-06-14T09:35:00+00:00","mainEntityOfPage":{"@id":"https:\/\/www.eldiario.net\/portal\/2022\/06\/14\/el-embalse-de-la-central-belo-monte-triplico-las-emisiones-locales-de-gases-de-efecto-invernadero\/"},"wordCount":1362,"publisher":{"@id":"https:\/\/www.eldiario.net\/portal\/#organization"},"articleSection":["Opini\u00f3n"],"inLanguage":"es"},{"@type":"WebPage","@id":"https:\/\/www.eldiario.net\/portal\/2022\/06\/14\/el-embalse-de-la-central-belo-monte-triplico-las-emisiones-locales-de-gases-de-efecto-invernadero\/","url":"https:\/\/www.eldiario.net\/portal\/2022\/06\/14\/el-embalse-de-la-central-belo-monte-triplico-las-emisiones-locales-de-gases-de-efecto-invernadero\/","name":"El embalse de la central Belo Monte triplic\u00f3 las emisiones locales de gases de efecto invernadero - El Diario - Bolivia","isPartOf":{"@id":"https:\/\/www.eldiario.net\/portal\/#website"},"datePublished":"2022-06-14T09:35:00+00:00","breadcrumb":{"@id":"https:\/\/www.eldiario.net\/portal\/2022\/06\/14\/el-embalse-de-la-central-belo-monte-triplico-las-emisiones-locales-de-gases-de-efecto-invernadero\/#breadcrumb"},"inLanguage":"es","potentialAction":[{"@type":"ReadAction","target":["https:\/\/www.eldiario.net\/portal\/2022\/06\/14\/el-embalse-de-la-central-belo-monte-triplico-las-emisiones-locales-de-gases-de-efecto-invernadero\/"]}]},{"@type":"BreadcrumbList","@id":"https:\/\/www.eldiario.net\/portal\/2022\/06\/14\/el-embalse-de-la-central-belo-monte-triplico-las-emisiones-locales-de-gases-de-efecto-invernadero\/#breadcrumb","itemListElement":[{"@type":"ListItem","position":1,"name":"Portada","item":"https:\/\/www.eldiario.net\/portal\/"},{"@type":"ListItem","position":2,"name":"El embalse de la central Belo Monte triplic\u00f3 las emisiones locales de gases de efecto invernadero"}]},{"@type":"WebSite","@id":"https:\/\/www.eldiario.net\/portal\/#website","url":"https:\/\/www.eldiario.net\/portal\/","name":"El Diario - Decano de la prensa nacional","description":"El Diario - Decano de la prensa nacional","publisher":{"@id":"https:\/\/www.eldiario.net\/portal\/#organization"},"potentialAction":[{"@type":"SearchAction","target":{"@type":"EntryPoint","urlTemplate":"https:\/\/www.eldiario.net\/portal\/?s={search_term_string}"},"query-input":{"@type":"PropertyValueSpecification","valueRequired":true,"valueName":"search_term_string"}}],"inLanguage":"es"},{"@type":"Organization","@id":"https:\/\/www.eldiario.net\/portal\/#organization","name":"El Diario - Decano de la prensa nacional","url":"https:\/\/www.eldiario.net\/portal\/","logo":{"@type":"ImageObject","inLanguage":"es","@id":"https:\/\/www.eldiario.net\/portal\/#\/schema\/logo\/image\/","url":"https:\/\/www.eldiario.net\/portal\/wp-content\/uploads\/2023\/07\/logo_ED.jpg","contentUrl":"https:\/\/www.eldiario.net\/portal\/wp-content\/uploads\/2023\/07\/logo_ED.jpg","width":272,"height":52,"caption":"El Diario - Decano de la prensa nacional"},"image":{"@id":"https:\/\/www.eldiario.net\/portal\/#\/schema\/logo\/image\/"},"sameAs":["https:\/\/www.facebook.com\/eldiario.bolivia\/","https:\/\/x.com\/eldiario_net"]},{"@type":"Person","@id":"https:\/\/www.eldiario.net\/portal\/#\/schema\/person\/f46445640444750d7d753ccd04ae01b7","name":"Jeanette","image":{"@type":"ImageObject","inLanguage":"es","@id":"https:\/\/secure.gravatar.com\/avatar\/3ea2118a5f7dad2b7138b1187a6b7ee55f160b9968b66013c3a3ef39dd7e5798?s=96&d=mm&r=g","url":"https:\/\/secure.gravatar.com\/avatar\/3ea2118a5f7dad2b7138b1187a6b7ee55f160b9968b66013c3a3ef39dd7e5798?s=96&d=mm&r=g","contentUrl":"https:\/\/secure.gravatar.com\/avatar\/3ea2118a5f7dad2b7138b1187a6b7ee55f160b9968b66013c3a3ef39dd7e5798?s=96&d=mm&r=g","caption":"Jeanette"},"sameAs":["https:\/\/www.eldiario.net\/portal"],"url":"https:\/\/www.eldiario.net\/portal\/author\/jeanette\/"}]}},"_links":{"self":[{"href":"https:\/\/www.eldiario.net\/portal\/wp-json\/wp\/v2\/posts\/90380","targetHints":{"allow":["GET"]}}],"collection":[{"href":"https:\/\/www.eldiario.net\/portal\/wp-json\/wp\/v2\/posts"}],"about":[{"href":"https:\/\/www.eldiario.net\/portal\/wp-json\/wp\/v2\/types\/post"}],"author":[{"embeddable":true,"href":"https:\/\/www.eldiario.net\/portal\/wp-json\/wp\/v2\/users\/1"}],"replies":[{"embeddable":true,"href":"https:\/\/www.eldiario.net\/portal\/wp-json\/wp\/v2\/comments?post=90380"}],"version-history":[{"count":0,"href":"https:\/\/www.eldiario.net\/portal\/wp-json\/wp\/v2\/posts\/90380\/revisions"}],"wp:attachment":[{"href":"https:\/\/www.eldiario.net\/portal\/wp-json\/wp\/v2\/media?parent=90380"}],"wp:term":[{"taxonomy":"category","embeddable":true,"href":"https:\/\/www.eldiario.net\/portal\/wp-json\/wp\/v2\/categories?post=90380"},{"taxonomy":"post_tag","embeddable":true,"href":"https:\/\/www.eldiario.net\/portal\/wp-json\/wp\/v2\/tags?post=90380"}],"curies":[{"name":"wp","href":"https:\/\/api.w.org\/{rel}","templated":true}]}}