{"id":90375,"date":"2022-06-13T17:14:16","date_gmt":"2022-06-13T21:14:16","guid":{"rendered":"https:\/\/www.eldiario.net\/portal\/?p=90375"},"modified":"2022-06-13T17:14:16","modified_gmt":"2022-06-13T21:14:16","slug":"manana-estrena-s11-gaming-bolivia-en-la-liga-latam","status":"publish","type":"post","link":"https:\/\/www.eldiario.net\/portal\/2022\/06\/13\/manana-estrena-s11-gaming-bolivia-en-la-liga-latam\/","title":{"rendered":"Ma\u00f1ana estrena S11 Gaming Bolivia en la Liga Latam!"},"content":{"rendered":"<p>Su primera partida ser\u00e1 contra el experiente equipo brasilero DreamMax, y luego tendr\u00e1 que enfrentarse a Ravenz de Per\u00fa y New Wave de M\u00e9xico. Estos enfrentamientos ser\u00e1n todos al mejor de 1, y los dos mejores posicionados pasar\u00e1n a la llave superior, y los otros a la llave inferior.<br \/>\nEn vivo en los canales de Mobile Legends en Espa\u00f1ol a partir de las 14hs<\/p>\n<p><a href=\"https:\/\/www.eldiario.net\/portal\/wp-content\/uploads\/2022\/06\/gaming2.jpg\"><img loading=\"lazy\" decoding=\"async\" class=\"aligncenter size-full wp-image-90376\" src=\"https:\/\/www.eldiario.net\/portal\/wp-content\/uploads\/2022\/06\/gaming2.jpg\" alt=\"\" width=\"750\" height=\"1000\" \/><\/a><\/p>\n","protected":false},"excerpt":{"rendered":"<p>Su primera partida ser\u00e1 contra el experiente equipo brasilero DreamMax, y luego tendr\u00e1 que enfrentarse a Ravenz de Per\u00fa y New Wave de M\u00e9xico. Estos enfrentamientos ser\u00e1n todos al mejor de 1, y los dos mejores posicionados pasar\u00e1n a la llave superior, y los otros a la llave inferior. En vivo en los canales de [&hellip;]<\/p>\n","protected":false},"author":1,"featured_media":90377,"comment_status":"closed","ping_status":"closed","sticky":false,"template":"","format":"standard","meta":{"_acf_changed":false,"footnotes":""},"categories":[15],"tags":[],"class_list":["post-90375","post","type-post","status-publish","format-standard","has-post-thumbnail","category-portada"],"acf":{"antetitulo":""},"yoast_head":"<!-- This site is optimized with the Yoast SEO plugin v28.4 - https:\/\/yoast.com\/product\/yoast-seo-wordpress\/ -->\n<title>Ma\u00f1ana estrena S11 Gaming Bolivia en la Liga Latam! - El Diario - Bolivia<\/title>\n<meta name=\"robots\" content=\"index, follow, max-snippet:-1, max-image-preview:large, max-video-preview:-1\" \/>\n<link rel=\"canonical\" href=\"https:\/\/www.eldiario.net\/portal\/2022\/06\/13\/manana-estrena-s11-gaming-bolivia-en-la-liga-latam\/\" \/>\n<meta property=\"og:locale\" content=\"es_ES\" \/>\n<meta property=\"og:type\" content=\"article\" \/>\n<meta property=\"og:title\" content=\"Ma\u00f1ana estrena S11 Gaming Bolivia en la Liga Latam! - El Diario - Bolivia\" \/>\n<meta property=\"og:description\" content=\"Su primera partida ser\u00e1 contra el experiente equipo brasilero DreamMax, y luego tendr\u00e1 que enfrentarse a Ravenz de Per\u00fa y New Wave de M\u00e9xico. Estos enfrentamientos ser\u00e1n todos al mejor de 1, y los dos mejores posicionados pasar\u00e1n a la llave superior, y los otros a la llave inferior. En vivo en los canales de [&hellip;]\" \/>\n<meta property=\"og:url\" content=\"https:\/\/www.eldiario.net\/portal\/2022\/06\/13\/manana-estrena-s11-gaming-bolivia-en-la-liga-latam\/\" \/>\n<meta property=\"og:site_name\" content=\"El Diario - Bolivia\" \/>\n<meta property=\"article:publisher\" content=\"https:\/\/www.facebook.com\/eldiario.bolivia\/\" \/>\n<meta property=\"article:published_time\" content=\"2022-06-13T21:14:16+00:00\" \/>\n<meta property=\"og:image\" content=\"https:\/\/www.eldiario.net\/portal\/wp-content\/uploads\/2022\/06\/gaming1-1024x860.png\" \/>\n\t<meta property=\"og:image:width\" content=\"1024\" \/>\n\t<meta property=\"og:image:height\" content=\"860\" \/>\n\t<meta property=\"og:image:type\" content=\"image\/png\" \/>\n<meta name=\"author\" content=\"Jeanette\" \/>\n<meta name=\"twitter:card\" content=\"summary_large_image\" \/>\n<meta name=\"twitter:creator\" content=\"@eldiario_net\" \/>\n<meta name=\"twitter:site\" content=\"@eldiario_net\" \/>\n<meta name=\"twitter:label1\" content=\"Escrito por\" \/>\n\t<meta name=\"twitter:data1\" content=\"Jeanette\" \/>\n\t<meta name=\"twitter:label2\" content=\"Tiempo de lectura\" \/>\n\t<meta name=\"twitter:data2\" content=\"1 minuto\" \/>\n<script type=\"application\/ld+json\" class=\"yoast-schema-graph\">{\"@context\":\"https:\\\/\\\/schema.org\",\"@graph\":[{\"@type\":\"Article\",\"@id\":\"https:\\\/\\\/www.eldiario.net\\\/portal\\\/2022\\\/06\\\/13\\\/manana-estrena-s11-gaming-bolivia-en-la-liga-latam\\\/#article\",\"isPartOf\":{\"@id\":\"https:\\\/\\\/www.eldiario.net\\\/portal\\\/2022\\\/06\\\/13\\\/manana-estrena-s11-gaming-bolivia-en-la-liga-latam\\\/\"},\"author\":{\"name\":\"Jeanette\",\"@id\":\"https:\\\/\\\/www.eldiario.net\\\/portal\\\/#\\\/schema\\\/person\\\/f46445640444750d7d753ccd04ae01b7\"},\"headline\":\"Ma\u00f1ana estrena S11 Gaming Bolivia en la Liga Latam!\",\"datePublished\":\"2022-06-13T21:14:16+00:00\",\"mainEntityOfPage\":{\"@id\":\"https:\\\/\\\/www.eldiario.net\\\/portal\\\/2022\\\/06\\\/13\\\/manana-estrena-s11-gaming-bolivia-en-la-liga-latam\\\/\"},\"wordCount\":77,\"publisher\":{\"@id\":\"https:\\\/\\\/www.eldiario.net\\\/portal\\\/#organization\"},\"image\":{\"@id\":\"https:\\\/\\\/www.eldiario.net\\\/portal\\\/2022\\\/06\\\/13\\\/manana-estrena-s11-gaming-bolivia-en-la-liga-latam\\\/#primaryimage\"},\"thumbnailUrl\":\"https:\\\/\\\/www.eldiario.net\\\/portal\\\/wp-content\\\/uploads\\\/2022\\\/06\\\/gaming1.png\",\"articleSection\":[\"Portada\"],\"inLanguage\":\"es\"},{\"@type\":\"WebPage\",\"@id\":\"https:\\\/\\\/www.eldiario.net\\\/portal\\\/2022\\\/06\\\/13\\\/manana-estrena-s11-gaming-bolivia-en-la-liga-latam\\\/\",\"url\":\"https:\\\/\\\/www.eldiario.net\\\/portal\\\/2022\\\/06\\\/13\\\/manana-estrena-s11-gaming-bolivia-en-la-liga-latam\\\/\",\"name\":\"Ma\u00f1ana estrena S11 Gaming Bolivia en la Liga Latam! - El Diario - Bolivia\",\"isPartOf\":{\"@id\":\"https:\\\/\\\/www.eldiario.net\\\/portal\\\/#website\"},\"primaryImageOfPage\":{\"@id\":\"https:\\\/\\\/www.eldiario.net\\\/portal\\\/2022\\\/06\\\/13\\\/manana-estrena-s11-gaming-bolivia-en-la-liga-latam\\\/#primaryimage\"},\"image\":{\"@id\":\"https:\\\/\\\/www.eldiario.net\\\/portal\\\/2022\\\/06\\\/13\\\/manana-estrena-s11-gaming-bolivia-en-la-liga-latam\\\/#primaryimage\"},\"thumbnailUrl\":\"https:\\\/\\\/www.eldiario.net\\\/portal\\\/wp-content\\\/uploads\\\/2022\\\/06\\\/gaming1.png\",\"datePublished\":\"2022-06-13T21:14:16+00:00\",\"breadcrumb\":{\"@id\":\"https:\\\/\\\/www.eldiario.net\\\/portal\\\/2022\\\/06\\\/13\\\/manana-estrena-s11-gaming-bolivia-en-la-liga-latam\\\/#breadcrumb\"},\"inLanguage\":\"es\",\"potentialAction\":[{\"@type\":\"ReadAction\",\"target\":[\"https:\\\/\\\/www.eldiario.net\\\/portal\\\/2022\\\/06\\\/13\\\/manana-estrena-s11-gaming-bolivia-en-la-liga-latam\\\/\"]}]},{\"@type\":\"ImageObject\",\"inLanguage\":\"es\",\"@id\":\"https:\\\/\\\/www.eldiario.net\\\/portal\\\/2022\\\/06\\\/13\\\/manana-estrena-s11-gaming-bolivia-en-la-liga-latam\\\/#primaryimage\",\"url\":\"https:\\\/\\\/www.eldiario.net\\\/portal\\\/wp-content\\\/uploads\\\/2022\\\/06\\\/gaming1.png\",\"contentUrl\":\"https:\\\/\\\/www.eldiario.net\\\/portal\\\/wp-content\\\/uploads\\\/2022\\\/06\\\/gaming1.png\",\"width\":1152,\"height\":968},{\"@type\":\"BreadcrumbList\",\"@id\":\"https:\\\/\\\/www.eldiario.net\\\/portal\\\/2022\\\/06\\\/13\\\/manana-estrena-s11-gaming-bolivia-en-la-liga-latam\\\/#breadcrumb\",\"itemListElement\":[{\"@type\":\"ListItem\",\"position\":1,\"name\":\"Portada\",\"item\":\"https:\\\/\\\/www.eldiario.net\\\/portal\\\/\"},{\"@type\":\"ListItem\",\"position\":2,\"name\":\"Ma\u00f1ana estrena S11 Gaming Bolivia en la Liga Latam!\"}]},{\"@type\":\"WebSite\",\"@id\":\"https:\\\/\\\/www.eldiario.net\\\/portal\\\/#website\",\"url\":\"https:\\\/\\\/www.eldiario.net\\\/portal\\\/\",\"name\":\"El Diario - Decano de la prensa nacional\",\"description\":\"El Diario - Decano de la prensa nacional\",\"publisher\":{\"@id\":\"https:\\\/\\\/www.eldiario.net\\\/portal\\\/#organization\"},\"potentialAction\":[{\"@type\":\"SearchAction\",\"target\":{\"@type\":\"EntryPoint\",\"urlTemplate\":\"https:\\\/\\\/www.eldiario.net\\\/portal\\\/?s={search_term_string}\"},\"query-input\":{\"@type\":\"PropertyValueSpecification\",\"valueRequired\":true,\"valueName\":\"search_term_string\"}}],\"inLanguage\":\"es\"},{\"@type\":\"Organization\",\"@id\":\"https:\\\/\\\/www.eldiario.net\\\/portal\\\/#organization\",\"name\":\"El Diario - Decano de la prensa nacional\",\"url\":\"https:\\\/\\\/www.eldiario.net\\\/portal\\\/\",\"logo\":{\"@type\":\"ImageObject\",\"inLanguage\":\"es\",\"@id\":\"https:\\\/\\\/www.eldiario.net\\\/portal\\\/#\\\/schema\\\/logo\\\/image\\\/\",\"url\":\"https:\\\/\\\/www.eldiario.net\\\/portal\\\/wp-content\\\/uploads\\\/2023\\\/07\\\/logo_ED.jpg\",\"contentUrl\":\"https:\\\/\\\/www.eldiario.net\\\/portal\\\/wp-content\\\/uploads\\\/2023\\\/07\\\/logo_ED.jpg\",\"width\":272,\"height\":52,\"caption\":\"El Diario - Decano de la prensa nacional\"},\"image\":{\"@id\":\"https:\\\/\\\/www.eldiario.net\\\/portal\\\/#\\\/schema\\\/logo\\\/image\\\/\"},\"sameAs\":[\"https:\\\/\\\/www.facebook.com\\\/eldiario.bolivia\\\/\",\"https:\\\/\\\/x.com\\\/eldiario_net\"]},{\"@type\":\"Person\",\"@id\":\"https:\\\/\\\/www.eldiario.net\\\/portal\\\/#\\\/schema\\\/person\\\/f46445640444750d7d753ccd04ae01b7\",\"name\":\"Jeanette\",\"image\":{\"@type\":\"ImageObject\",\"inLanguage\":\"es\",\"@id\":\"https:\\\/\\\/secure.gravatar.com\\\/avatar\\\/3ea2118a5f7dad2b7138b1187a6b7ee55f160b9968b66013c3a3ef39dd7e5798?s=96&d=mm&r=g\",\"url\":\"https:\\\/\\\/secure.gravatar.com\\\/avatar\\\/3ea2118a5f7dad2b7138b1187a6b7ee55f160b9968b66013c3a3ef39dd7e5798?s=96&d=mm&r=g\",\"contentUrl\":\"https:\\\/\\\/secure.gravatar.com\\\/avatar\\\/3ea2118a5f7dad2b7138b1187a6b7ee55f160b9968b66013c3a3ef39dd7e5798?s=96&d=mm&r=g\",\"caption\":\"Jeanette\"},\"sameAs\":[\"https:\\\/\\\/www.eldiario.net\\\/portal\"],\"url\":\"https:\\\/\\\/www.eldiario.net\\\/portal\\\/author\\\/jeanette\\\/\"}]}<\/script>\n<!-- \/ Yoast SEO plugin. -->","yoast_head_json":{"title":"Ma\u00f1ana estrena S11 Gaming Bolivia en la Liga Latam! - El Diario - Bolivia","robots":{"index":"index","follow":"follow","max-snippet":"max-snippet:-1","max-image-preview":"max-image-preview:large","max-video-preview":"max-video-preview:-1"},"canonical":"https:\/\/www.eldiario.net\/portal\/2022\/06\/13\/manana-estrena-s11-gaming-bolivia-en-la-liga-latam\/","og_locale":"es_ES","og_type":"article","og_title":"Ma\u00f1ana estrena S11 Gaming Bolivia en la Liga Latam! - El Diario - Bolivia","og_description":"Su primera partida ser\u00e1 contra el experiente equipo brasilero DreamMax, y luego tendr\u00e1 que enfrentarse a Ravenz de Per\u00fa y New Wave de M\u00e9xico. Estos enfrentamientos ser\u00e1n todos al mejor de 1, y los dos mejores posicionados pasar\u00e1n a la llave superior, y los otros a la llave inferior. En vivo en los canales de [&hellip;]","og_url":"https:\/\/www.eldiario.net\/portal\/2022\/06\/13\/manana-estrena-s11-gaming-bolivia-en-la-liga-latam\/","og_site_name":"El Diario - Bolivia","article_publisher":"https:\/\/www.facebook.com\/eldiario.bolivia\/","article_published_time":"2022-06-13T21:14:16+00:00","og_image":[{"width":1024,"height":860,"url":"https:\/\/www.eldiario.net\/portal\/wp-content\/uploads\/2022\/06\/gaming1-1024x860.png","type":"image\/png"}],"author":"Jeanette","twitter_card":"summary_large_image","twitter_creator":"@eldiario_net","twitter_site":"@eldiario_net","twitter_misc":{"Escrito por":"Jeanette","Tiempo de lectura":"1 minuto"},"schema":{"@context":"https:\/\/schema.org","@graph":[{"@type":"Article","@id":"https:\/\/www.eldiario.net\/portal\/2022\/06\/13\/manana-estrena-s11-gaming-bolivia-en-la-liga-latam\/#article","isPartOf":{"@id":"https:\/\/www.eldiario.net\/portal\/2022\/06\/13\/manana-estrena-s11-gaming-bolivia-en-la-liga-latam\/"},"author":{"name":"Jeanette","@id":"https:\/\/www.eldiario.net\/portal\/#\/schema\/person\/f46445640444750d7d753ccd04ae01b7"},"headline":"Ma\u00f1ana estrena S11 Gaming Bolivia en la Liga Latam!","datePublished":"2022-06-13T21:14:16+00:00","mainEntityOfPage":{"@id":"https:\/\/www.eldiario.net\/portal\/2022\/06\/13\/manana-estrena-s11-gaming-bolivia-en-la-liga-latam\/"},"wordCount":77,"publisher":{"@id":"https:\/\/www.eldiario.net\/portal\/#organization"},"image":{"@id":"https:\/\/www.eldiario.net\/portal\/2022\/06\/13\/manana-estrena-s11-gaming-bolivia-en-la-liga-latam\/#primaryimage"},"thumbnailUrl":"https:\/\/www.eldiario.net\/portal\/wp-content\/uploads\/2022\/06\/gaming1.png","articleSection":["Portada"],"inLanguage":"es"},{"@type":"WebPage","@id":"https:\/\/www.eldiario.net\/portal\/2022\/06\/13\/manana-estrena-s11-gaming-bolivia-en-la-liga-latam\/","url":"https:\/\/www.eldiario.net\/portal\/2022\/06\/13\/manana-estrena-s11-gaming-bolivia-en-la-liga-latam\/","name":"Ma\u00f1ana estrena S11 Gaming Bolivia en la Liga Latam! - El Diario - Bolivia","isPartOf":{"@id":"https:\/\/www.eldiario.net\/portal\/#website"},"primaryImageOfPage":{"@id":"https:\/\/www.eldiario.net\/portal\/2022\/06\/13\/manana-estrena-s11-gaming-bolivia-en-la-liga-latam\/#primaryimage"},"image":{"@id":"https:\/\/www.eldiario.net\/portal\/2022\/06\/13\/manana-estrena-s11-gaming-bolivia-en-la-liga-latam\/#primaryimage"},"thumbnailUrl":"https:\/\/www.eldiario.net\/portal\/wp-content\/uploads\/2022\/06\/gaming1.png","datePublished":"2022-06-13T21:14:16+00:00","breadcrumb":{"@id":"https:\/\/www.eldiario.net\/portal\/2022\/06\/13\/manana-estrena-s11-gaming-bolivia-en-la-liga-latam\/#breadcrumb"},"inLanguage":"es","potentialAction":[{"@type":"ReadAction","target":["https:\/\/www.eldiario.net\/portal\/2022\/06\/13\/manana-estrena-s11-gaming-bolivia-en-la-liga-latam\/"]}]},{"@type":"ImageObject","inLanguage":"es","@id":"https:\/\/www.eldiario.net\/portal\/2022\/06\/13\/manana-estrena-s11-gaming-bolivia-en-la-liga-latam\/#primaryimage","url":"https:\/\/www.eldiario.net\/portal\/wp-content\/uploads\/2022\/06\/gaming1.png","contentUrl":"https:\/\/www.eldiario.net\/portal\/wp-content\/uploads\/2022\/06\/gaming1.png","width":1152,"height":968},{"@type":"BreadcrumbList","@id":"https:\/\/www.eldiario.net\/portal\/2022\/06\/13\/manana-estrena-s11-gaming-bolivia-en-la-liga-latam\/#breadcrumb","itemListElement":[{"@type":"ListItem","position":1,"name":"Portada","item":"https:\/\/www.eldiario.net\/portal\/"},{"@type":"ListItem","position":2,"name":"Ma\u00f1ana estrena S11 Gaming Bolivia en la Liga Latam!"}]},{"@type":"WebSite","@id":"https:\/\/www.eldiario.net\/portal\/#website","url":"https:\/\/www.eldiario.net\/portal\/","name":"El Diario - Decano de la prensa nacional","description":"El Diario - Decano de la prensa nacional","publisher":{"@id":"https:\/\/www.eldiario.net\/portal\/#organization"},"potentialAction":[{"@type":"SearchAction","target":{"@type":"EntryPoint","urlTemplate":"https:\/\/www.eldiario.net\/portal\/?s={search_term_string}"},"query-input":{"@type":"PropertyValueSpecification","valueRequired":true,"valueName":"search_term_string"}}],"inLanguage":"es"},{"@type":"Organization","@id":"https:\/\/www.eldiario.net\/portal\/#organization","name":"El Diario - Decano de la prensa nacional","url":"https:\/\/www.eldiario.net\/portal\/","logo":{"@type":"ImageObject","inLanguage":"es","@id":"https:\/\/www.eldiario.net\/portal\/#\/schema\/logo\/image\/","url":"https:\/\/www.eldiario.net\/portal\/wp-content\/uploads\/2023\/07\/logo_ED.jpg","contentUrl":"https:\/\/www.eldiario.net\/portal\/wp-content\/uploads\/2023\/07\/logo_ED.jpg","width":272,"height":52,"caption":"El Diario - Decano de la prensa nacional"},"image":{"@id":"https:\/\/www.eldiario.net\/portal\/#\/schema\/logo\/image\/"},"sameAs":["https:\/\/www.facebook.com\/eldiario.bolivia\/","https:\/\/x.com\/eldiario_net"]},{"@type":"Person","@id":"https:\/\/www.eldiario.net\/portal\/#\/schema\/person\/f46445640444750d7d753ccd04ae01b7","name":"Jeanette","image":{"@type":"ImageObject","inLanguage":"es","@id":"https:\/\/secure.gravatar.com\/avatar\/3ea2118a5f7dad2b7138b1187a6b7ee55f160b9968b66013c3a3ef39dd7e5798?s=96&d=mm&r=g","url":"https:\/\/secure.gravatar.com\/avatar\/3ea2118a5f7dad2b7138b1187a6b7ee55f160b9968b66013c3a3ef39dd7e5798?s=96&d=mm&r=g","contentUrl":"https:\/\/secure.gravatar.com\/avatar\/3ea2118a5f7dad2b7138b1187a6b7ee55f160b9968b66013c3a3ef39dd7e5798?s=96&d=mm&r=g","caption":"Jeanette"},"sameAs":["https:\/\/www.eldiario.net\/portal"],"url":"https:\/\/www.eldiario.net\/portal\/author\/jeanette\/"}]}},"_links":{"self":[{"href":"https:\/\/www.eldiario.net\/portal\/wp-json\/wp\/v2\/posts\/90375","targetHints":{"allow":["GET"]}}],"collection":[{"href":"https:\/\/www.eldiario.net\/portal\/wp-json\/wp\/v2\/posts"}],"about":[{"href":"https:\/\/www.eldiario.net\/portal\/wp-json\/wp\/v2\/types\/post"}],"author":[{"embeddable":true,"href":"https:\/\/www.eldiario.net\/portal\/wp-json\/wp\/v2\/users\/1"}],"replies":[{"embeddable":true,"href":"https:\/\/www.eldiario.net\/portal\/wp-json\/wp\/v2\/comments?post=90375"}],"version-history":[{"count":0,"href":"https:\/\/www.eldiario.net\/portal\/wp-json\/wp\/v2\/posts\/90375\/revisions"}],"wp:featuredmedia":[{"embeddable":true,"href":"https:\/\/www.eldiario.net\/portal\/wp-json\/wp\/v2\/media\/90377"}],"wp:attachment":[{"href":"https:\/\/www.eldiario.net\/portal\/wp-json\/wp\/v2\/media?parent=90375"}],"wp:term":[{"taxonomy":"category","embeddable":true,"href":"https:\/\/www.eldiario.net\/portal\/wp-json\/wp\/v2\/categories?post=90375"},{"taxonomy":"post_tag","embeddable":true,"href":"https:\/\/www.eldiario.net\/portal\/wp-json\/wp\/v2\/tags?post=90375"}],"curies":[{"name":"wp","href":"https:\/\/api.w.org\/{rel}","templated":true}]}}