{"id":9035,"date":"2021-06-08T05:34:11","date_gmt":"2021-06-08T09:34:11","guid":{"rendered":"https:\/\/www.eldiario.net\/portal\/?p=9035"},"modified":"2021-06-08T05:34:11","modified_gmt":"2021-06-08T09:34:11","slug":"feliz-dia-del-maestro","status":"publish","type":"post","link":"https:\/\/www.eldiario.net\/portal\/2021\/06\/08\/feliz-dia-del-maestro\/","title":{"rendered":"Feliz d\u00eda del maestro"},"content":{"rendered":"<p>El 6 de junio rendimos un sentido homenaje al maestro, cuya vocaci\u00f3n de servicio hace de esta noble y \u201cdistinguida profesi\u00f3n\u201d un verdadero \u201coficio divino\u201d.<\/p>\n<p>Desde ya, resulta dificultoso proclamar en su justa dimensi\u00f3n, la gratitud e infinita admiraci\u00f3n hacia aquellos \u201cseres extraordinarios\u201d que eligieron el m\u00e1s insigne y honorable encargo de la ense\u00f1anza y el amor por el conocimiento; labor de inmaculada pureza, integridad, paciencia, solvencia e idoneidad que engalanan honrosamente ese ilustre \u201cministerio de ense\u00f1ar\u201d y, cual sembradores de fe, amor y esperanza, generosamente invitan a sus estudiantes a escudri\u00f1ar el vasto campo del discernimiento, la ciencia e innovaci\u00f3n.<\/p>\n<p>El acto sublime de la ense\u00f1anza est\u00e1 reservado para aquellos hombres y mujeres que dedican horas adicionales para seguir aprendiendo y transmitiendo saberes de incalculable valor a una y otra generaci\u00f3n de estudiantes \u00e1vidos de conocimiento. Dicha labor demanda desvelos extenuantes e interminables, al margen de las sesiones de clase a las que suelen asistir, acompa\u00f1ados de una actitud y esp\u00edritu febril, optimista y j\u00fabilo cifrado en el poder de la educaci\u00f3n, que representa el \u00fanico camino para elevar la cultura y el conocimiento de una naci\u00f3n, as\u00ed como la formaci\u00f3n de buenos profesionales y mejores seres humanos.<\/p>\n<p>Quedan grabadas, en la memoria colectiva, las muestras de afecto y congratulaci\u00f3n exteriorizadas en aquellas horas c\u00edvicas y agasajos en honor a quienes decidieron dedicar su vida a la educaci\u00f3n; asumiendo que su deber de ense\u00f1anza y abnegada instrucci\u00f3n de los hijos, queda extendida tambi\u00e9n hacia sus educandos. De hecho, las acciones habituales desplegadas en las aulas, nunca est\u00e1n restringidas exclusivamente a la ense\u00f1anza y transmisi\u00f3n de contenidos a los estudiantes; pues tambi\u00e9n refleja en todo momento, su sensibilidad y humanidad traducida en el amor fraternal profesado; inspirando en ellos, la motivaci\u00f3n hacia el aprendizaje, la perseverancia y la superaci\u00f3n para ser gente de bien, que contribuya al desarrollo y transformaci\u00f3n de su comunidad y la sociedad en general.<\/p>\n<p>Al igual que todas las profesiones, la crisis sanitaria tambi\u00e9n ha afectado las pr\u00e1cticas pedag\u00f3gicas usuales que sol\u00edan desempe\u00f1ar en las aulas, desafi\u00e1ndolos a replantear sustancialmente el desarrollo de contenidos mediatizados por las plataformas educativas virtuales que, en un corto periodo, han experimentado un uso intensivo ante la imposibilidad de retornar a las clases presenciales. Ello ha significado adaptarse a los nuevos contextos de la educaci\u00f3n online y a distancia, promoviendo nuevos aprendizajes, as\u00ed como el desarrollo de capacidades y destrezas para administrar plataformas virtuales.<\/p>\n<p>Sin embargo, no estuvieron exentos de afrontar situaciones imprevisibles, dado que este nuevo escenario exigi\u00f3 lidiar con las desigualdades e inequidades de acceso a internet de gran parte de las familias de los estudiantes. Ello se traduce en situaciones y consecuencias negativas para la continuidad de aprendizajes, la ausencia y rezago, brind\u00e1ndoles atenci\u00f3n adicional para evitar el incremento de la probabilidad de abandono escolar. Punto alto merece la predisposici\u00f3n y r\u00e1pida adaptaci\u00f3n a las exigencias de la formaci\u00f3n virtual que, definitivamente abre nuevos contextos alternativos para su permanente utilizaci\u00f3n; la mejora y perfeccionamiento de la calidad de aplicaci\u00f3n; el redimensionamiento de pr\u00e1cticas pedag\u00f3gicas a trav\u00e9s de la interconectividad y, principalmente, la constituci\u00f3n de comunidades educativas en esta sociedad digital y sus m\u00faltiples desarrollos que ofrece.<\/p>\n<p>Lo cierto es que un d\u00eda es insuficiente para agradecer al maestro su insigne compromiso y dedicaci\u00f3n por dejar huellas indelebles en la vida de las personas; cultivando en ellos el amor por la sabidur\u00eda y su incansable esfuerzo por legar a las nuevas generaciones el tesoro m\u00e1s valioso que existe: la \u201ceducaci\u00f3n\u201d.<\/p>\n<p>&nbsp;<\/p>\n<p><em>MGR. Marcelo Chinche Calisaya, docente e investigador.<\/em><\/p>\n","protected":false},"excerpt":{"rendered":"<p>El 6 de junio rendimos un sentido homenaje al maestro, cuya vocaci\u00f3n de servicio hace de esta noble y \u201cdistinguida profesi\u00f3n\u201d un verdadero \u201coficio divino\u201d. Desde ya, resulta dificultoso proclamar en su justa dimensi\u00f3n, la gratitud e infinita admiraci\u00f3n hacia aquellos \u201cseres extraordinarios\u201d que eligieron el m\u00e1s insigne y honorable encargo de la ense\u00f1anza y [&hellip;]<\/p>\n","protected":false},"author":1,"featured_media":3357,"comment_status":"closed","ping_status":"closed","sticky":false,"template":"","format":"standard","meta":{"_acf_changed":false,"footnotes":""},"categories":[9],"tags":[],"class_list":["post-9035","post","type-post","status-publish","format-standard","has-post-thumbnail","category-opinion"],"acf":{"antetitulo":""},"yoast_head":"<!-- This site is optimized with the Yoast SEO plugin v28.4 - https:\/\/yoast.com\/product\/yoast-seo-wordpress\/ -->\n<title>Feliz d\u00eda del maestro - El Diario - Bolivia<\/title>\n<meta name=\"robots\" content=\"index, follow, max-snippet:-1, max-image-preview:large, max-video-preview:-1\" \/>\n<link rel=\"canonical\" href=\"https:\/\/www.eldiario.net\/portal\/2021\/06\/08\/feliz-dia-del-maestro\/\" \/>\n<meta property=\"og:locale\" content=\"es_ES\" \/>\n<meta property=\"og:type\" content=\"article\" \/>\n<meta property=\"og:title\" content=\"Feliz d\u00eda del maestro - El Diario - Bolivia\" \/>\n<meta property=\"og:description\" content=\"El 6 de junio rendimos un sentido homenaje al maestro, cuya vocaci\u00f3n de servicio hace de esta noble y \u201cdistinguida profesi\u00f3n\u201d un verdadero \u201coficio divino\u201d. Desde ya, resulta dificultoso proclamar en su justa dimensi\u00f3n, la gratitud e infinita admiraci\u00f3n hacia aquellos \u201cseres extraordinarios\u201d que eligieron el m\u00e1s insigne y honorable encargo de la ense\u00f1anza y [&hellip;]\" \/>\n<meta property=\"og:url\" content=\"https:\/\/www.eldiario.net\/portal\/2021\/06\/08\/feliz-dia-del-maestro\/\" \/>\n<meta property=\"og:site_name\" content=\"El Diario - Bolivia\" \/>\n<meta property=\"article:publisher\" content=\"https:\/\/www.facebook.com\/eldiario.bolivia\/\" \/>\n<meta property=\"article:published_time\" content=\"2021-06-08T09:34:11+00:00\" \/>\n<meta name=\"author\" content=\"Jeanette\" \/>\n<meta name=\"twitter:card\" content=\"summary_large_image\" \/>\n<meta name=\"twitter:creator\" content=\"@eldiario_net\" \/>\n<meta name=\"twitter:site\" content=\"@eldiario_net\" \/>\n<meta name=\"twitter:label1\" content=\"Escrito por\" \/>\n\t<meta name=\"twitter:data1\" content=\"Jeanette\" \/>\n\t<meta name=\"twitter:label2\" content=\"Tiempo de lectura\" \/>\n\t<meta name=\"twitter:data2\" content=\"3 minutos\" \/>\n<script type=\"application\/ld+json\" class=\"yoast-schema-graph\">{\"@context\":\"https:\\\/\\\/schema.org\",\"@graph\":[{\"@type\":\"Article\",\"@id\":\"https:\\\/\\\/www.eldiario.net\\\/portal\\\/2021\\\/06\\\/08\\\/feliz-dia-del-maestro\\\/#article\",\"isPartOf\":{\"@id\":\"https:\\\/\\\/www.eldiario.net\\\/portal\\\/2021\\\/06\\\/08\\\/feliz-dia-del-maestro\\\/\"},\"author\":{\"name\":\"Jeanette\",\"@id\":\"https:\\\/\\\/www.eldiario.net\\\/portal\\\/#\\\/schema\\\/person\\\/f46445640444750d7d753ccd04ae01b7\"},\"headline\":\"Feliz d\u00eda del maestro\",\"datePublished\":\"2021-06-08T09:34:11+00:00\",\"mainEntityOfPage\":{\"@id\":\"https:\\\/\\\/www.eldiario.net\\\/portal\\\/2021\\\/06\\\/08\\\/feliz-dia-del-maestro\\\/\"},\"wordCount\":648,\"publisher\":{\"@id\":\"https:\\\/\\\/www.eldiario.net\\\/portal\\\/#organization\"},\"image\":{\"@id\":\"https:\\\/\\\/www.eldiario.net\\\/portal\\\/2021\\\/06\\\/08\\\/feliz-dia-del-maestro\\\/#primaryimage\"},\"thumbnailUrl\":\"\",\"articleSection\":[\"Opini\u00f3n\"],\"inLanguage\":\"es\"},{\"@type\":\"WebPage\",\"@id\":\"https:\\\/\\\/www.eldiario.net\\\/portal\\\/2021\\\/06\\\/08\\\/feliz-dia-del-maestro\\\/\",\"url\":\"https:\\\/\\\/www.eldiario.net\\\/portal\\\/2021\\\/06\\\/08\\\/feliz-dia-del-maestro\\\/\",\"name\":\"Feliz d\u00eda del maestro - El Diario - Bolivia\",\"isPartOf\":{\"@id\":\"https:\\\/\\\/www.eldiario.net\\\/portal\\\/#website\"},\"primaryImageOfPage\":{\"@id\":\"https:\\\/\\\/www.eldiario.net\\\/portal\\\/2021\\\/06\\\/08\\\/feliz-dia-del-maestro\\\/#primaryimage\"},\"image\":{\"@id\":\"https:\\\/\\\/www.eldiario.net\\\/portal\\\/2021\\\/06\\\/08\\\/feliz-dia-del-maestro\\\/#primaryimage\"},\"thumbnailUrl\":\"\",\"datePublished\":\"2021-06-08T09:34:11+00:00\",\"breadcrumb\":{\"@id\":\"https:\\\/\\\/www.eldiario.net\\\/portal\\\/2021\\\/06\\\/08\\\/feliz-dia-del-maestro\\\/#breadcrumb\"},\"inLanguage\":\"es\",\"potentialAction\":[{\"@type\":\"ReadAction\",\"target\":[\"https:\\\/\\\/www.eldiario.net\\\/portal\\\/2021\\\/06\\\/08\\\/feliz-dia-del-maestro\\\/\"]}]},{\"@type\":\"ImageObject\",\"inLanguage\":\"es\",\"@id\":\"https:\\\/\\\/www.eldiario.net\\\/portal\\\/2021\\\/06\\\/08\\\/feliz-dia-del-maestro\\\/#primaryimage\",\"url\":\"\",\"contentUrl\":\"\"},{\"@type\":\"BreadcrumbList\",\"@id\":\"https:\\\/\\\/www.eldiario.net\\\/portal\\\/2021\\\/06\\\/08\\\/feliz-dia-del-maestro\\\/#breadcrumb\",\"itemListElement\":[{\"@type\":\"ListItem\",\"position\":1,\"name\":\"Portada\",\"item\":\"https:\\\/\\\/www.eldiario.net\\\/portal\\\/\"},{\"@type\":\"ListItem\",\"position\":2,\"name\":\"Feliz d\u00eda del maestro\"}]},{\"@type\":\"WebSite\",\"@id\":\"https:\\\/\\\/www.eldiario.net\\\/portal\\\/#website\",\"url\":\"https:\\\/\\\/www.eldiario.net\\\/portal\\\/\",\"name\":\"El Diario - Decano de la prensa nacional\",\"description\":\"El Diario - Decano de la prensa nacional\",\"publisher\":{\"@id\":\"https:\\\/\\\/www.eldiario.net\\\/portal\\\/#organization\"},\"potentialAction\":[{\"@type\":\"SearchAction\",\"target\":{\"@type\":\"EntryPoint\",\"urlTemplate\":\"https:\\\/\\\/www.eldiario.net\\\/portal\\\/?s={search_term_string}\"},\"query-input\":{\"@type\":\"PropertyValueSpecification\",\"valueRequired\":true,\"valueName\":\"search_term_string\"}}],\"inLanguage\":\"es\"},{\"@type\":\"Organization\",\"@id\":\"https:\\\/\\\/www.eldiario.net\\\/portal\\\/#organization\",\"name\":\"El Diario - Decano de la prensa nacional\",\"url\":\"https:\\\/\\\/www.eldiario.net\\\/portal\\\/\",\"logo\":{\"@type\":\"ImageObject\",\"inLanguage\":\"es\",\"@id\":\"https:\\\/\\\/www.eldiario.net\\\/portal\\\/#\\\/schema\\\/logo\\\/image\\\/\",\"url\":\"https:\\\/\\\/www.eldiario.net\\\/portal\\\/wp-content\\\/uploads\\\/2023\\\/07\\\/logo_ED.jpg\",\"contentUrl\":\"https:\\\/\\\/www.eldiario.net\\\/portal\\\/wp-content\\\/uploads\\\/2023\\\/07\\\/logo_ED.jpg\",\"width\":272,\"height\":52,\"caption\":\"El Diario - Decano de la prensa nacional\"},\"image\":{\"@id\":\"https:\\\/\\\/www.eldiario.net\\\/portal\\\/#\\\/schema\\\/logo\\\/image\\\/\"},\"sameAs\":[\"https:\\\/\\\/www.facebook.com\\\/eldiario.bolivia\\\/\",\"https:\\\/\\\/x.com\\\/eldiario_net\"]},{\"@type\":\"Person\",\"@id\":\"https:\\\/\\\/www.eldiario.net\\\/portal\\\/#\\\/schema\\\/person\\\/f46445640444750d7d753ccd04ae01b7\",\"name\":\"Jeanette\",\"image\":{\"@type\":\"ImageObject\",\"inLanguage\":\"es\",\"@id\":\"https:\\\/\\\/secure.gravatar.com\\\/avatar\\\/3ea2118a5f7dad2b7138b1187a6b7ee55f160b9968b66013c3a3ef39dd7e5798?s=96&d=mm&r=g\",\"url\":\"https:\\\/\\\/secure.gravatar.com\\\/avatar\\\/3ea2118a5f7dad2b7138b1187a6b7ee55f160b9968b66013c3a3ef39dd7e5798?s=96&d=mm&r=g\",\"contentUrl\":\"https:\\\/\\\/secure.gravatar.com\\\/avatar\\\/3ea2118a5f7dad2b7138b1187a6b7ee55f160b9968b66013c3a3ef39dd7e5798?s=96&d=mm&r=g\",\"caption\":\"Jeanette\"},\"sameAs\":[\"https:\\\/\\\/www.eldiario.net\\\/portal\"],\"url\":\"https:\\\/\\\/www.eldiario.net\\\/portal\\\/author\\\/jeanette\\\/\"}]}<\/script>\n<!-- \/ Yoast SEO plugin. -->","yoast_head_json":{"title":"Feliz d\u00eda del maestro - El Diario - Bolivia","robots":{"index":"index","follow":"follow","max-snippet":"max-snippet:-1","max-image-preview":"max-image-preview:large","max-video-preview":"max-video-preview:-1"},"canonical":"https:\/\/www.eldiario.net\/portal\/2021\/06\/08\/feliz-dia-del-maestro\/","og_locale":"es_ES","og_type":"article","og_title":"Feliz d\u00eda del maestro - El Diario - Bolivia","og_description":"El 6 de junio rendimos un sentido homenaje al maestro, cuya vocaci\u00f3n de servicio hace de esta noble y \u201cdistinguida profesi\u00f3n\u201d un verdadero \u201coficio divino\u201d. Desde ya, resulta dificultoso proclamar en su justa dimensi\u00f3n, la gratitud e infinita admiraci\u00f3n hacia aquellos \u201cseres extraordinarios\u201d que eligieron el m\u00e1s insigne y honorable encargo de la ense\u00f1anza y [&hellip;]","og_url":"https:\/\/www.eldiario.net\/portal\/2021\/06\/08\/feliz-dia-del-maestro\/","og_site_name":"El Diario - Bolivia","article_publisher":"https:\/\/www.facebook.com\/eldiario.bolivia\/","article_published_time":"2021-06-08T09:34:11+00:00","author":"Jeanette","twitter_card":"summary_large_image","twitter_creator":"@eldiario_net","twitter_site":"@eldiario_net","twitter_misc":{"Escrito por":"Jeanette","Tiempo de lectura":"3 minutos"},"schema":{"@context":"https:\/\/schema.org","@graph":[{"@type":"Article","@id":"https:\/\/www.eldiario.net\/portal\/2021\/06\/08\/feliz-dia-del-maestro\/#article","isPartOf":{"@id":"https:\/\/www.eldiario.net\/portal\/2021\/06\/08\/feliz-dia-del-maestro\/"},"author":{"name":"Jeanette","@id":"https:\/\/www.eldiario.net\/portal\/#\/schema\/person\/f46445640444750d7d753ccd04ae01b7"},"headline":"Feliz d\u00eda del maestro","datePublished":"2021-06-08T09:34:11+00:00","mainEntityOfPage":{"@id":"https:\/\/www.eldiario.net\/portal\/2021\/06\/08\/feliz-dia-del-maestro\/"},"wordCount":648,"publisher":{"@id":"https:\/\/www.eldiario.net\/portal\/#organization"},"image":{"@id":"https:\/\/www.eldiario.net\/portal\/2021\/06\/08\/feliz-dia-del-maestro\/#primaryimage"},"thumbnailUrl":"","articleSection":["Opini\u00f3n"],"inLanguage":"es"},{"@type":"WebPage","@id":"https:\/\/www.eldiario.net\/portal\/2021\/06\/08\/feliz-dia-del-maestro\/","url":"https:\/\/www.eldiario.net\/portal\/2021\/06\/08\/feliz-dia-del-maestro\/","name":"Feliz d\u00eda del maestro - El Diario - Bolivia","isPartOf":{"@id":"https:\/\/www.eldiario.net\/portal\/#website"},"primaryImageOfPage":{"@id":"https:\/\/www.eldiario.net\/portal\/2021\/06\/08\/feliz-dia-del-maestro\/#primaryimage"},"image":{"@id":"https:\/\/www.eldiario.net\/portal\/2021\/06\/08\/feliz-dia-del-maestro\/#primaryimage"},"thumbnailUrl":"","datePublished":"2021-06-08T09:34:11+00:00","breadcrumb":{"@id":"https:\/\/www.eldiario.net\/portal\/2021\/06\/08\/feliz-dia-del-maestro\/#breadcrumb"},"inLanguage":"es","potentialAction":[{"@type":"ReadAction","target":["https:\/\/www.eldiario.net\/portal\/2021\/06\/08\/feliz-dia-del-maestro\/"]}]},{"@type":"ImageObject","inLanguage":"es","@id":"https:\/\/www.eldiario.net\/portal\/2021\/06\/08\/feliz-dia-del-maestro\/#primaryimage","url":"","contentUrl":""},{"@type":"BreadcrumbList","@id":"https:\/\/www.eldiario.net\/portal\/2021\/06\/08\/feliz-dia-del-maestro\/#breadcrumb","itemListElement":[{"@type":"ListItem","position":1,"name":"Portada","item":"https:\/\/www.eldiario.net\/portal\/"},{"@type":"ListItem","position":2,"name":"Feliz d\u00eda del maestro"}]},{"@type":"WebSite","@id":"https:\/\/www.eldiario.net\/portal\/#website","url":"https:\/\/www.eldiario.net\/portal\/","name":"El Diario - Decano de la prensa nacional","description":"El Diario - Decano de la prensa nacional","publisher":{"@id":"https:\/\/www.eldiario.net\/portal\/#organization"},"potentialAction":[{"@type":"SearchAction","target":{"@type":"EntryPoint","urlTemplate":"https:\/\/www.eldiario.net\/portal\/?s={search_term_string}"},"query-input":{"@type":"PropertyValueSpecification","valueRequired":true,"valueName":"search_term_string"}}],"inLanguage":"es"},{"@type":"Organization","@id":"https:\/\/www.eldiario.net\/portal\/#organization","name":"El Diario - Decano de la prensa nacional","url":"https:\/\/www.eldiario.net\/portal\/","logo":{"@type":"ImageObject","inLanguage":"es","@id":"https:\/\/www.eldiario.net\/portal\/#\/schema\/logo\/image\/","url":"https:\/\/www.eldiario.net\/portal\/wp-content\/uploads\/2023\/07\/logo_ED.jpg","contentUrl":"https:\/\/www.eldiario.net\/portal\/wp-content\/uploads\/2023\/07\/logo_ED.jpg","width":272,"height":52,"caption":"El Diario - Decano de la prensa nacional"},"image":{"@id":"https:\/\/www.eldiario.net\/portal\/#\/schema\/logo\/image\/"},"sameAs":["https:\/\/www.facebook.com\/eldiario.bolivia\/","https:\/\/x.com\/eldiario_net"]},{"@type":"Person","@id":"https:\/\/www.eldiario.net\/portal\/#\/schema\/person\/f46445640444750d7d753ccd04ae01b7","name":"Jeanette","image":{"@type":"ImageObject","inLanguage":"es","@id":"https:\/\/secure.gravatar.com\/avatar\/3ea2118a5f7dad2b7138b1187a6b7ee55f160b9968b66013c3a3ef39dd7e5798?s=96&d=mm&r=g","url":"https:\/\/secure.gravatar.com\/avatar\/3ea2118a5f7dad2b7138b1187a6b7ee55f160b9968b66013c3a3ef39dd7e5798?s=96&d=mm&r=g","contentUrl":"https:\/\/secure.gravatar.com\/avatar\/3ea2118a5f7dad2b7138b1187a6b7ee55f160b9968b66013c3a3ef39dd7e5798?s=96&d=mm&r=g","caption":"Jeanette"},"sameAs":["https:\/\/www.eldiario.net\/portal"],"url":"https:\/\/www.eldiario.net\/portal\/author\/jeanette\/"}]}},"_links":{"self":[{"href":"https:\/\/www.eldiario.net\/portal\/wp-json\/wp\/v2\/posts\/9035","targetHints":{"allow":["GET"]}}],"collection":[{"href":"https:\/\/www.eldiario.net\/portal\/wp-json\/wp\/v2\/posts"}],"about":[{"href":"https:\/\/www.eldiario.net\/portal\/wp-json\/wp\/v2\/types\/post"}],"author":[{"embeddable":true,"href":"https:\/\/www.eldiario.net\/portal\/wp-json\/wp\/v2\/users\/1"}],"replies":[{"embeddable":true,"href":"https:\/\/www.eldiario.net\/portal\/wp-json\/wp\/v2\/comments?post=9035"}],"version-history":[{"count":0,"href":"https:\/\/www.eldiario.net\/portal\/wp-json\/wp\/v2\/posts\/9035\/revisions"}],"wp:attachment":[{"href":"https:\/\/www.eldiario.net\/portal\/wp-json\/wp\/v2\/media?parent=9035"}],"wp:term":[{"taxonomy":"category","embeddable":true,"href":"https:\/\/www.eldiario.net\/portal\/wp-json\/wp\/v2\/categories?post=9035"},{"taxonomy":"post_tag","embeddable":true,"href":"https:\/\/www.eldiario.net\/portal\/wp-json\/wp\/v2\/tags?post=9035"}],"curies":[{"name":"wp","href":"https:\/\/api.w.org\/{rel}","templated":true}]}}