{"id":90344,"date":"2022-06-13T06:15:44","date_gmt":"2022-06-13T10:15:44","guid":{"rendered":"https:\/\/www.eldiario.net\/portal\/?p=90344"},"modified":"2022-06-13T06:15:44","modified_gmt":"2022-06-13T10:15:44","slug":"honor-capacito-a-periodistas-en-fotografia-con-el-celular","status":"publish","type":"post","link":"https:\/\/www.eldiario.net\/portal\/2022\/06\/13\/honor-capacito-a-periodistas-en-fotografia-con-el-celular\/","title":{"rendered":"HONOR capacit\u00f3 a periodistas en fotograf\u00eda con el celular"},"content":{"rendered":"<p>HONOR, marca ic\u00f3nica de tecnolog\u00eda global, avanza con pasos firmes en Bolivia y, luego del reciente lanzamiento de la nueva Serie X, que consta de los smartphones HONOR X7, HONOR X8 y HONOR X9, realiz\u00f3 un taller de fotograf\u00eda dirigido especialmente a medios de la prensa, en el que participaron cerca de 60 periodistas de los principales medios de todo el pa\u00eds.<br \/>\nEl taller estuvo enfocado a capacitar a los periodistas en t\u00e9cnicas y tips para lograr mejores fotograf\u00edas con la c\u00e1mara del tel\u00e9fono m\u00f3vil. Se compartieron consejos en relaci\u00f3n a la iluminaci\u00f3n, los modos de la c\u00e1mara, la composici\u00f3n fotogr\u00e1fica y el revelado digital. El contenido de la exposici\u00f3n fue oportuno e innovador, ya que contribuy\u00f3 al manejo de conceptos b\u00e1sicos y novedosos respecto a actualizaciones y nuevas tecnolog\u00edas.<\/p>\n<p>Acerca de la nueva<br \/>\nHONOR Serie X<br \/>\nLa nueva HONOR Serie X est\u00e1 formada por el HONOR X8 y el HONOR X7 que fueron los primeros en desembarcar en nuestro pa\u00eds y ya se encuentran en el mercado boliviano. Y tambi\u00e9n por el HONOR X9 que llegar\u00e1 muy pronto.<br \/>\nEL HONOR X8 destaca por tener un dise\u00f1o elegante, a la altura de un flagship, que cabe c\u00f3modamente en la palma de la mano, y un desempe\u00f1o extraordinario, gracias a una serie de soluciones tecnol\u00f3gicas innovadoras como la HONOR RAM Turbo, l\u00edder en el mercado, con la cual los usuarios podr\u00e1n tener abiertas hasta 16 apps al mismo tiempo, trabajando de forma fluida.<br \/>\nEn cuanto a sus capacidades fotogr\u00e1ficas, el HONOR X8 apuesta por capturar im\u00e1genes espectaculares con una configuraci\u00f3n de cuatro c\u00e1maras: la principal de 64MP, otra de gran angular de 5MP, una macro de 2MP y la de bokeh de 2MP.<br \/>\nY para que los usuarios se mantengan siempre en l\u00ednea, el nuevo smartphone est\u00e1 equipado con una bater\u00eda de 4000mAh, que ofrece hasta 13 horas de video en l\u00ednea, 19 horas de navegaci\u00f3n web y 9.3 horas de juegos. Con el sistema HONOR Wired SuperCharge de 22.5W, los usuarios pueden cargar su dispositivo con suficiente energ\u00eda para brindar tres horas de reproducci\u00f3n de video en l\u00ednea en solo diez minutos.<br \/>\nEl HONOR X7, por su parte integra una gran pantalla de cristal l\u00edquido (LCD) HONOR FullView de 6.74 pulgadas, la m\u00e1s grande en su rango, con la que se muestran 16.7 millones de colores y ofrece una experiencia de visualizaci\u00f3n envolvente y realista, ideal para ver pel\u00edculas, navegar por las fotos o jugar.<\/p>\n","protected":false},"excerpt":{"rendered":"<p>HONOR, marca ic\u00f3nica de tecnolog\u00eda global, avanza con pasos firmes en Bolivia y, luego del reciente lanzamiento de la nueva Serie X, que consta de los smartphones HONOR X7, HONOR X8 y HONOR X9, realiz\u00f3 un taller de fotograf\u00eda dirigido especialmente a medios de la prensa, en el que participaron cerca de 60 periodistas de [&hellip;]<\/p>\n","protected":false},"author":1,"featured_media":90345,"comment_status":"closed","ping_status":"closed","sticky":false,"template":"","format":"standard","meta":{"_acf_changed":false,"footnotes":""},"categories":[46],"tags":[],"class_list":["post-90344","post","type-post","status-publish","format-standard","has-post-thumbnail","category-ciencia-computacion"],"acf":{"antetitulo":""},"yoast_head":"<!-- This site is optimized with the Yoast SEO plugin v28.4 - https:\/\/yoast.com\/product\/yoast-seo-wordpress\/ -->\n<title>HONOR capacit\u00f3 a periodistas en fotograf\u00eda con el celular - El Diario - Bolivia<\/title>\n<meta name=\"robots\" content=\"index, follow, max-snippet:-1, max-image-preview:large, max-video-preview:-1\" \/>\n<link rel=\"canonical\" href=\"https:\/\/www.eldiario.net\/portal\/2022\/06\/13\/honor-capacito-a-periodistas-en-fotografia-con-el-celular\/\" \/>\n<meta property=\"og:locale\" content=\"es_ES\" \/>\n<meta property=\"og:type\" content=\"article\" \/>\n<meta property=\"og:title\" content=\"HONOR capacit\u00f3 a periodistas en fotograf\u00eda con el celular - El Diario - Bolivia\" \/>\n<meta property=\"og:description\" content=\"HONOR, marca ic\u00f3nica de tecnolog\u00eda global, avanza con pasos firmes en Bolivia y, luego del reciente lanzamiento de la nueva Serie X, que consta de los smartphones HONOR X7, HONOR X8 y HONOR X9, realiz\u00f3 un taller de fotograf\u00eda dirigido especialmente a medios de la prensa, en el que participaron cerca de 60 periodistas de [&hellip;]\" \/>\n<meta property=\"og:url\" content=\"https:\/\/www.eldiario.net\/portal\/2022\/06\/13\/honor-capacito-a-periodistas-en-fotografia-con-el-celular\/\" \/>\n<meta property=\"og:site_name\" content=\"El Diario - Bolivia\" \/>\n<meta property=\"article:publisher\" content=\"https:\/\/www.facebook.com\/eldiario.bolivia\/\" \/>\n<meta property=\"article:published_time\" content=\"2022-06-13T10:15:44+00:00\" \/>\n<meta property=\"og:image\" content=\"https:\/\/www.eldiario.net\/portal\/wp-content\/uploads\/2022\/06\/5-B.jpg\" \/>\n\t<meta property=\"og:image:width\" content=\"1000\" \/>\n\t<meta property=\"og:image:height\" content=\"1000\" \/>\n\t<meta property=\"og:image:type\" content=\"image\/jpeg\" \/>\n<meta name=\"author\" content=\"Jeanette\" \/>\n<meta name=\"twitter:card\" content=\"summary_large_image\" \/>\n<meta name=\"twitter:creator\" content=\"@eldiario_net\" \/>\n<meta name=\"twitter:site\" content=\"@eldiario_net\" \/>\n<meta name=\"twitter:label1\" content=\"Escrito por\" \/>\n\t<meta name=\"twitter:data1\" content=\"Jeanette\" \/>\n\t<meta name=\"twitter:label2\" content=\"Tiempo de lectura\" \/>\n\t<meta name=\"twitter:data2\" content=\"2 minutos\" \/>\n<script type=\"application\/ld+json\" class=\"yoast-schema-graph\">{\"@context\":\"https:\\\/\\\/schema.org\",\"@graph\":[{\"@type\":\"Article\",\"@id\":\"https:\\\/\\\/www.eldiario.net\\\/portal\\\/2022\\\/06\\\/13\\\/honor-capacito-a-periodistas-en-fotografia-con-el-celular\\\/#article\",\"isPartOf\":{\"@id\":\"https:\\\/\\\/www.eldiario.net\\\/portal\\\/2022\\\/06\\\/13\\\/honor-capacito-a-periodistas-en-fotografia-con-el-celular\\\/\"},\"author\":{\"name\":\"Jeanette\",\"@id\":\"https:\\\/\\\/www.eldiario.net\\\/portal\\\/#\\\/schema\\\/person\\\/f46445640444750d7d753ccd04ae01b7\"},\"headline\":\"HONOR capacit\u00f3 a periodistas en fotograf\u00eda con el celular\",\"datePublished\":\"2022-06-13T10:15:44+00:00\",\"mainEntityOfPage\":{\"@id\":\"https:\\\/\\\/www.eldiario.net\\\/portal\\\/2022\\\/06\\\/13\\\/honor-capacito-a-periodistas-en-fotografia-con-el-celular\\\/\"},\"wordCount\":448,\"publisher\":{\"@id\":\"https:\\\/\\\/www.eldiario.net\\\/portal\\\/#organization\"},\"image\":{\"@id\":\"https:\\\/\\\/www.eldiario.net\\\/portal\\\/2022\\\/06\\\/13\\\/honor-capacito-a-periodistas-en-fotografia-con-el-celular\\\/#primaryimage\"},\"thumbnailUrl\":\"https:\\\/\\\/www.eldiario.net\\\/portal\\\/wp-content\\\/uploads\\\/2022\\\/06\\\/5-B.jpg\",\"articleSection\":[\"Ciencia y Computaci\u00f3n\"],\"inLanguage\":\"es\"},{\"@type\":\"WebPage\",\"@id\":\"https:\\\/\\\/www.eldiario.net\\\/portal\\\/2022\\\/06\\\/13\\\/honor-capacito-a-periodistas-en-fotografia-con-el-celular\\\/\",\"url\":\"https:\\\/\\\/www.eldiario.net\\\/portal\\\/2022\\\/06\\\/13\\\/honor-capacito-a-periodistas-en-fotografia-con-el-celular\\\/\",\"name\":\"HONOR capacit\u00f3 a periodistas en fotograf\u00eda con el celular - El Diario - Bolivia\",\"isPartOf\":{\"@id\":\"https:\\\/\\\/www.eldiario.net\\\/portal\\\/#website\"},\"primaryImageOfPage\":{\"@id\":\"https:\\\/\\\/www.eldiario.net\\\/portal\\\/2022\\\/06\\\/13\\\/honor-capacito-a-periodistas-en-fotografia-con-el-celular\\\/#primaryimage\"},\"image\":{\"@id\":\"https:\\\/\\\/www.eldiario.net\\\/portal\\\/2022\\\/06\\\/13\\\/honor-capacito-a-periodistas-en-fotografia-con-el-celular\\\/#primaryimage\"},\"thumbnailUrl\":\"https:\\\/\\\/www.eldiario.net\\\/portal\\\/wp-content\\\/uploads\\\/2022\\\/06\\\/5-B.jpg\",\"datePublished\":\"2022-06-13T10:15:44+00:00\",\"breadcrumb\":{\"@id\":\"https:\\\/\\\/www.eldiario.net\\\/portal\\\/2022\\\/06\\\/13\\\/honor-capacito-a-periodistas-en-fotografia-con-el-celular\\\/#breadcrumb\"},\"inLanguage\":\"es\",\"potentialAction\":[{\"@type\":\"ReadAction\",\"target\":[\"https:\\\/\\\/www.eldiario.net\\\/portal\\\/2022\\\/06\\\/13\\\/honor-capacito-a-periodistas-en-fotografia-con-el-celular\\\/\"]}]},{\"@type\":\"ImageObject\",\"inLanguage\":\"es\",\"@id\":\"https:\\\/\\\/www.eldiario.net\\\/portal\\\/2022\\\/06\\\/13\\\/honor-capacito-a-periodistas-en-fotografia-con-el-celular\\\/#primaryimage\",\"url\":\"https:\\\/\\\/www.eldiario.net\\\/portal\\\/wp-content\\\/uploads\\\/2022\\\/06\\\/5-B.jpg\",\"contentUrl\":\"https:\\\/\\\/www.eldiario.net\\\/portal\\\/wp-content\\\/uploads\\\/2022\\\/06\\\/5-B.jpg\",\"width\":1000,\"height\":1000},{\"@type\":\"BreadcrumbList\",\"@id\":\"https:\\\/\\\/www.eldiario.net\\\/portal\\\/2022\\\/06\\\/13\\\/honor-capacito-a-periodistas-en-fotografia-con-el-celular\\\/#breadcrumb\",\"itemListElement\":[{\"@type\":\"ListItem\",\"position\":1,\"name\":\"Portada\",\"item\":\"https:\\\/\\\/www.eldiario.net\\\/portal\\\/\"},{\"@type\":\"ListItem\",\"position\":2,\"name\":\"HONOR capacit\u00f3 a periodistas en fotograf\u00eda con el celular\"}]},{\"@type\":\"WebSite\",\"@id\":\"https:\\\/\\\/www.eldiario.net\\\/portal\\\/#website\",\"url\":\"https:\\\/\\\/www.eldiario.net\\\/portal\\\/\",\"name\":\"El Diario - Decano de la prensa nacional\",\"description\":\"El Diario - Decano de la prensa nacional\",\"publisher\":{\"@id\":\"https:\\\/\\\/www.eldiario.net\\\/portal\\\/#organization\"},\"potentialAction\":[{\"@type\":\"SearchAction\",\"target\":{\"@type\":\"EntryPoint\",\"urlTemplate\":\"https:\\\/\\\/www.eldiario.net\\\/portal\\\/?s={search_term_string}\"},\"query-input\":{\"@type\":\"PropertyValueSpecification\",\"valueRequired\":true,\"valueName\":\"search_term_string\"}}],\"inLanguage\":\"es\"},{\"@type\":\"Organization\",\"@id\":\"https:\\\/\\\/www.eldiario.net\\\/portal\\\/#organization\",\"name\":\"El Diario - Decano de la prensa nacional\",\"url\":\"https:\\\/\\\/www.eldiario.net\\\/portal\\\/\",\"logo\":{\"@type\":\"ImageObject\",\"inLanguage\":\"es\",\"@id\":\"https:\\\/\\\/www.eldiario.net\\\/portal\\\/#\\\/schema\\\/logo\\\/image\\\/\",\"url\":\"https:\\\/\\\/www.eldiario.net\\\/portal\\\/wp-content\\\/uploads\\\/2023\\\/07\\\/logo_ED.jpg\",\"contentUrl\":\"https:\\\/\\\/www.eldiario.net\\\/portal\\\/wp-content\\\/uploads\\\/2023\\\/07\\\/logo_ED.jpg\",\"width\":272,\"height\":52,\"caption\":\"El Diario - Decano de la prensa nacional\"},\"image\":{\"@id\":\"https:\\\/\\\/www.eldiario.net\\\/portal\\\/#\\\/schema\\\/logo\\\/image\\\/\"},\"sameAs\":[\"https:\\\/\\\/www.facebook.com\\\/eldiario.bolivia\\\/\",\"https:\\\/\\\/x.com\\\/eldiario_net\"]},{\"@type\":\"Person\",\"@id\":\"https:\\\/\\\/www.eldiario.net\\\/portal\\\/#\\\/schema\\\/person\\\/f46445640444750d7d753ccd04ae01b7\",\"name\":\"Jeanette\",\"image\":{\"@type\":\"ImageObject\",\"inLanguage\":\"es\",\"@id\":\"https:\\\/\\\/secure.gravatar.com\\\/avatar\\\/3ea2118a5f7dad2b7138b1187a6b7ee55f160b9968b66013c3a3ef39dd7e5798?s=96&d=mm&r=g\",\"url\":\"https:\\\/\\\/secure.gravatar.com\\\/avatar\\\/3ea2118a5f7dad2b7138b1187a6b7ee55f160b9968b66013c3a3ef39dd7e5798?s=96&d=mm&r=g\",\"contentUrl\":\"https:\\\/\\\/secure.gravatar.com\\\/avatar\\\/3ea2118a5f7dad2b7138b1187a6b7ee55f160b9968b66013c3a3ef39dd7e5798?s=96&d=mm&r=g\",\"caption\":\"Jeanette\"},\"sameAs\":[\"https:\\\/\\\/www.eldiario.net\\\/portal\"],\"url\":\"https:\\\/\\\/www.eldiario.net\\\/portal\\\/author\\\/jeanette\\\/\"}]}<\/script>\n<!-- \/ Yoast SEO plugin. -->","yoast_head_json":{"title":"HONOR capacit\u00f3 a periodistas en fotograf\u00eda con el celular - El Diario - Bolivia","robots":{"index":"index","follow":"follow","max-snippet":"max-snippet:-1","max-image-preview":"max-image-preview:large","max-video-preview":"max-video-preview:-1"},"canonical":"https:\/\/www.eldiario.net\/portal\/2022\/06\/13\/honor-capacito-a-periodistas-en-fotografia-con-el-celular\/","og_locale":"es_ES","og_type":"article","og_title":"HONOR capacit\u00f3 a periodistas en fotograf\u00eda con el celular - El Diario - Bolivia","og_description":"HONOR, marca ic\u00f3nica de tecnolog\u00eda global, avanza con pasos firmes en Bolivia y, luego del reciente lanzamiento de la nueva Serie X, que consta de los smartphones HONOR X7, HONOR X8 y HONOR X9, realiz\u00f3 un taller de fotograf\u00eda dirigido especialmente a medios de la prensa, en el que participaron cerca de 60 periodistas de [&hellip;]","og_url":"https:\/\/www.eldiario.net\/portal\/2022\/06\/13\/honor-capacito-a-periodistas-en-fotografia-con-el-celular\/","og_site_name":"El Diario - Bolivia","article_publisher":"https:\/\/www.facebook.com\/eldiario.bolivia\/","article_published_time":"2022-06-13T10:15:44+00:00","og_image":[{"width":1000,"height":1000,"url":"https:\/\/www.eldiario.net\/portal\/wp-content\/uploads\/2022\/06\/5-B.jpg","type":"image\/jpeg"}],"author":"Jeanette","twitter_card":"summary_large_image","twitter_creator":"@eldiario_net","twitter_site":"@eldiario_net","twitter_misc":{"Escrito por":"Jeanette","Tiempo de lectura":"2 minutos"},"schema":{"@context":"https:\/\/schema.org","@graph":[{"@type":"Article","@id":"https:\/\/www.eldiario.net\/portal\/2022\/06\/13\/honor-capacito-a-periodistas-en-fotografia-con-el-celular\/#article","isPartOf":{"@id":"https:\/\/www.eldiario.net\/portal\/2022\/06\/13\/honor-capacito-a-periodistas-en-fotografia-con-el-celular\/"},"author":{"name":"Jeanette","@id":"https:\/\/www.eldiario.net\/portal\/#\/schema\/person\/f46445640444750d7d753ccd04ae01b7"},"headline":"HONOR capacit\u00f3 a periodistas en fotograf\u00eda con el celular","datePublished":"2022-06-13T10:15:44+00:00","mainEntityOfPage":{"@id":"https:\/\/www.eldiario.net\/portal\/2022\/06\/13\/honor-capacito-a-periodistas-en-fotografia-con-el-celular\/"},"wordCount":448,"publisher":{"@id":"https:\/\/www.eldiario.net\/portal\/#organization"},"image":{"@id":"https:\/\/www.eldiario.net\/portal\/2022\/06\/13\/honor-capacito-a-periodistas-en-fotografia-con-el-celular\/#primaryimage"},"thumbnailUrl":"https:\/\/www.eldiario.net\/portal\/wp-content\/uploads\/2022\/06\/5-B.jpg","articleSection":["Ciencia y Computaci\u00f3n"],"inLanguage":"es"},{"@type":"WebPage","@id":"https:\/\/www.eldiario.net\/portal\/2022\/06\/13\/honor-capacito-a-periodistas-en-fotografia-con-el-celular\/","url":"https:\/\/www.eldiario.net\/portal\/2022\/06\/13\/honor-capacito-a-periodistas-en-fotografia-con-el-celular\/","name":"HONOR capacit\u00f3 a periodistas en fotograf\u00eda con el celular - El Diario - Bolivia","isPartOf":{"@id":"https:\/\/www.eldiario.net\/portal\/#website"},"primaryImageOfPage":{"@id":"https:\/\/www.eldiario.net\/portal\/2022\/06\/13\/honor-capacito-a-periodistas-en-fotografia-con-el-celular\/#primaryimage"},"image":{"@id":"https:\/\/www.eldiario.net\/portal\/2022\/06\/13\/honor-capacito-a-periodistas-en-fotografia-con-el-celular\/#primaryimage"},"thumbnailUrl":"https:\/\/www.eldiario.net\/portal\/wp-content\/uploads\/2022\/06\/5-B.jpg","datePublished":"2022-06-13T10:15:44+00:00","breadcrumb":{"@id":"https:\/\/www.eldiario.net\/portal\/2022\/06\/13\/honor-capacito-a-periodistas-en-fotografia-con-el-celular\/#breadcrumb"},"inLanguage":"es","potentialAction":[{"@type":"ReadAction","target":["https:\/\/www.eldiario.net\/portal\/2022\/06\/13\/honor-capacito-a-periodistas-en-fotografia-con-el-celular\/"]}]},{"@type":"ImageObject","inLanguage":"es","@id":"https:\/\/www.eldiario.net\/portal\/2022\/06\/13\/honor-capacito-a-periodistas-en-fotografia-con-el-celular\/#primaryimage","url":"https:\/\/www.eldiario.net\/portal\/wp-content\/uploads\/2022\/06\/5-B.jpg","contentUrl":"https:\/\/www.eldiario.net\/portal\/wp-content\/uploads\/2022\/06\/5-B.jpg","width":1000,"height":1000},{"@type":"BreadcrumbList","@id":"https:\/\/www.eldiario.net\/portal\/2022\/06\/13\/honor-capacito-a-periodistas-en-fotografia-con-el-celular\/#breadcrumb","itemListElement":[{"@type":"ListItem","position":1,"name":"Portada","item":"https:\/\/www.eldiario.net\/portal\/"},{"@type":"ListItem","position":2,"name":"HONOR capacit\u00f3 a periodistas en fotograf\u00eda con el celular"}]},{"@type":"WebSite","@id":"https:\/\/www.eldiario.net\/portal\/#website","url":"https:\/\/www.eldiario.net\/portal\/","name":"El Diario - Decano de la prensa nacional","description":"El Diario - Decano de la prensa nacional","publisher":{"@id":"https:\/\/www.eldiario.net\/portal\/#organization"},"potentialAction":[{"@type":"SearchAction","target":{"@type":"EntryPoint","urlTemplate":"https:\/\/www.eldiario.net\/portal\/?s={search_term_string}"},"query-input":{"@type":"PropertyValueSpecification","valueRequired":true,"valueName":"search_term_string"}}],"inLanguage":"es"},{"@type":"Organization","@id":"https:\/\/www.eldiario.net\/portal\/#organization","name":"El Diario - Decano de la prensa nacional","url":"https:\/\/www.eldiario.net\/portal\/","logo":{"@type":"ImageObject","inLanguage":"es","@id":"https:\/\/www.eldiario.net\/portal\/#\/schema\/logo\/image\/","url":"https:\/\/www.eldiario.net\/portal\/wp-content\/uploads\/2023\/07\/logo_ED.jpg","contentUrl":"https:\/\/www.eldiario.net\/portal\/wp-content\/uploads\/2023\/07\/logo_ED.jpg","width":272,"height":52,"caption":"El Diario - Decano de la prensa nacional"},"image":{"@id":"https:\/\/www.eldiario.net\/portal\/#\/schema\/logo\/image\/"},"sameAs":["https:\/\/www.facebook.com\/eldiario.bolivia\/","https:\/\/x.com\/eldiario_net"]},{"@type":"Person","@id":"https:\/\/www.eldiario.net\/portal\/#\/schema\/person\/f46445640444750d7d753ccd04ae01b7","name":"Jeanette","image":{"@type":"ImageObject","inLanguage":"es","@id":"https:\/\/secure.gravatar.com\/avatar\/3ea2118a5f7dad2b7138b1187a6b7ee55f160b9968b66013c3a3ef39dd7e5798?s=96&d=mm&r=g","url":"https:\/\/secure.gravatar.com\/avatar\/3ea2118a5f7dad2b7138b1187a6b7ee55f160b9968b66013c3a3ef39dd7e5798?s=96&d=mm&r=g","contentUrl":"https:\/\/secure.gravatar.com\/avatar\/3ea2118a5f7dad2b7138b1187a6b7ee55f160b9968b66013c3a3ef39dd7e5798?s=96&d=mm&r=g","caption":"Jeanette"},"sameAs":["https:\/\/www.eldiario.net\/portal"],"url":"https:\/\/www.eldiario.net\/portal\/author\/jeanette\/"}]}},"_links":{"self":[{"href":"https:\/\/www.eldiario.net\/portal\/wp-json\/wp\/v2\/posts\/90344","targetHints":{"allow":["GET"]}}],"collection":[{"href":"https:\/\/www.eldiario.net\/portal\/wp-json\/wp\/v2\/posts"}],"about":[{"href":"https:\/\/www.eldiario.net\/portal\/wp-json\/wp\/v2\/types\/post"}],"author":[{"embeddable":true,"href":"https:\/\/www.eldiario.net\/portal\/wp-json\/wp\/v2\/users\/1"}],"replies":[{"embeddable":true,"href":"https:\/\/www.eldiario.net\/portal\/wp-json\/wp\/v2\/comments?post=90344"}],"version-history":[{"count":0,"href":"https:\/\/www.eldiario.net\/portal\/wp-json\/wp\/v2\/posts\/90344\/revisions"}],"wp:featuredmedia":[{"embeddable":true,"href":"https:\/\/www.eldiario.net\/portal\/wp-json\/wp\/v2\/media\/90345"}],"wp:attachment":[{"href":"https:\/\/www.eldiario.net\/portal\/wp-json\/wp\/v2\/media?parent=90344"}],"wp:term":[{"taxonomy":"category","embeddable":true,"href":"https:\/\/www.eldiario.net\/portal\/wp-json\/wp\/v2\/categories?post=90344"},{"taxonomy":"post_tag","embeddable":true,"href":"https:\/\/www.eldiario.net\/portal\/wp-json\/wp\/v2\/tags?post=90344"}],"curies":[{"name":"wp","href":"https:\/\/api.w.org\/{rel}","templated":true}]}}