{"id":90341,"date":"2022-06-13T06:15:02","date_gmt":"2022-06-13T10:15:02","guid":{"rendered":"https:\/\/www.eldiario.net\/portal\/?p=90341"},"modified":"2022-06-13T06:15:02","modified_gmt":"2022-06-13T10:15:02","slug":"el-programa-samsung-eco-packaging-celebra-el-potencial-de-reutilizacion-de-empaques","status":"publish","type":"post","link":"https:\/\/www.eldiario.net\/portal\/2022\/06\/13\/el-programa-samsung-eco-packaging-celebra-el-potencial-de-reutilizacion-de-empaques\/","title":{"rendered":"El programa Samsung Eco-packaging  celebra el potencial de reutilizaci\u00f3n de empaques"},"content":{"rendered":"<p>El 5 de junio, D\u00eda del Medio Ambiente, es una fecha id\u00f3nea para repensar los h\u00e1bitos y acciones, especialmente en c\u00f3mo afectan el planeta. En este sentido, una de las preguntas m\u00e1s recurrentes es qu\u00e9 hacer con los empaques de los productos que se distribuyen a diario. En este sentido, Samsung lanz\u00f3 el programa Eco-packaging, que en tan solo unos a\u00f1os de existencia ha logrado el potencial de transformar alrededor de 300 mil toneladas de paquetes de TV al a\u00f1o en objetos s\u00faper \u00fatiles, como casitas para mascotas, juegos y hasta muebles.<br \/>\nLa propuesta es simple: a trav\u00e9s de moldes e instrucciones que pueden encontrarse en el sitio web del programa, los consumidores eligen en qu\u00e9 quieren transformar sus empaques. Usando la gu\u00eda ya impresa en el cart\u00f3n, ellos solo siguen el paso a paso y listo, la caja que ser\u00eda desechada ahora es un objeto de nuevo uso.<br \/>\nTomando en serio las soluciones creativas y sostenibles, el proyecto Eco-Packaging surge en 2019 bajo la forma de C-Lab (programa de startups de Samsung), con r\u00e1pida aprobaci\u00f3n e implementaci\u00f3n definitiva el a\u00f1o siguiente. Los tres creadores, Jonathan Whang, Sungdo Son y Daehee Yoon, presentaron la propuesta a la unidad de negocios, que la convirti\u00f3 en un producto. En aproximadamente un a\u00f1o, la idea ya se transmit\u00eda a trav\u00e9s de los empaques de los televisores Samsung y, actualmente, se ha expandido a las cajas de nuevos productos, como monitores y electrodom\u00e9sticos.<br \/>\nCrear objetos es simple. En el portal www.samsung-ecopackage.com, existe una gran variedad de piezas a ensamblarse, organizadas por modelo de producto (QLed TV, Lifestyle TV, Monitor, Home Audio, Aspirador, Aire Acondicionado o Cocina). Hay dise\u00f1os para todos los tama\u00f1os de cajas (como T\u00fanel de Gatos, Estanter\u00eda, Estante, etc.) y algunos para dimensiones espec\u00edficas (50, 55, 65, 75 pulgadas). Cada modelo tiene el nivel de dificultad y el tiempo estimado para su montaje.<br \/>\nUna vez seleccionado el objeto a crearse, hay una gu\u00eda detallada desde la preparaci\u00f3n, el material necesario (regla, cuchillo, etc.) y si es apropiado para montaje con ni\u00f1os acompa\u00f1ados de adultos, hasta el corte y montaje. Los modelos siempre se renuevan, incluyendo ideas premiadas en el Concurso Out of the Box.<\/p>\n<p>Competencia por la innovaci\u00f3n<br \/>\nEl Desaf\u00edo FurTheWin de Samsung es una competencia global que desaf\u00eda a los participantes a dise\u00f1ar objetos innovadores para el hogar que pueden hacerse con empaques de cart\u00f3n reciclado. La primera edici\u00f3n tuvo lugar en Corea y actualmente involucra a 16 pa\u00edses. Los participantes reciclan sus propios empaques ecol\u00f3gicos para crear objetos decorativos y compartirlos en las redes sociales.<br \/>\nPor tratarse de un proyecto innovador y funcional, surgen muchas curiosidades y dudas sobre el tema. Para comprender los detalles de c\u00f3mo funciona la soluci\u00f3n sostenible, los creadores Jonathan Whang, Sungdo Son y Daehee Yoo, cuentan sobre el surgimiento de la idea y la implementaci\u00f3n del proyecto a trav\u00e9s de la entrevista a continuaci\u00f3n.<\/p>\n<p>\u00bfC\u00f3mo surgi\u00f3 la idea?<br \/>\nNuestro proceso de pensamiento comenz\u00f3 con el empaque que se usa en la mayor\u00eda de nuestros productos, pero es lo primero que se desecha. Pensamos en c\u00f3mo reutilizar este empaque d\u00e1ndole valor, y miramos hacia atr\u00e1s a nuestros usuarios de TV y sus comportamientos. Muchos consumidores que compraban productos como The Serif TV tambi\u00e9n compraban cajones o gabinetes adicionales para almacenar accesorios de televisi\u00f3n. Empezamos a estudiar productos de cart\u00f3n corrugado en el mercado y visitamos peque\u00f1os fabricantes de muebles. Como el cart\u00f3n corrugado es muy resistente, pensamos en una soluci\u00f3n para fabricar varios productos utilizando la caja del empaque de nuestro producto.<br \/>\nY el programa, \u00bfc\u00f3mo funciona?<br \/>\nPara facilitar esto, colocamos un est\u00e1ndar de matriz de puntos en la superficie del cart\u00f3n para que los consumidores pudieran dibujar bocetos f\u00e1cilmente a lo largo de los puntos. Tambi\u00e9n proporcionamos manuales en l\u00ednea para guiar a esta audiencia en la fabricaci\u00f3n de muebles de cart\u00f3n f\u00e1cilmente accesibles. Por lo tanto, hacemos posible la participaci\u00f3n en el proceso y la producci\u00f3n de varios muebles con cajas de TV.<\/p>\n<p>Acerca de la soluci\u00f3n para mascotas, \u00bfc\u00f3mo la encontraron?<br \/>\nHemos notado que muchos muebles para mascotas son hechos de cart\u00f3n. Inicialmente, construimos una casa grande para mascotas en general. Pero cuando la probamos con gatos, descubrimos que prefieren un espacio m\u00e1s estrecho y oscuro. Es por eso que cambiamos el dise\u00f1o para crearlos una casa m\u00e1s amigable.<\/p>\n<p>\u00bfC\u00f3mo fue la implementaci\u00f3n de Eco-Packaging en los productos Samsung?<br \/>\nLas siguientes tres caracter\u00edsticas de dise\u00f1o fueron los puntos clave aplicados a nuestros productos:<\/p>\n<p>1) Soluci\u00f3n simple con<br \/>\nest\u00e1ndar matricial<br \/>\nComo la soluci\u00f3n utiliza un est\u00e1ndar de puntos impreso en la superficie del cart\u00f3n, es una soluci\u00f3n que puede aplicarse f\u00e1cilmente sin aumentar el uso de materiales innecesarios, procesos adicionales y contaminaci\u00f3n ambiental.<\/p>\n<p>2) Gu\u00eda en l\u00ednea (www.samsung-ecopackage.com)<br \/>\nLos consumidores pueden usar un c\u00f3digo QR en el empaque para acceder al portal de Samsung, donde pueden encontrar varios dise\u00f1os e instrucciones sobre c\u00f3mo crear objetos a partir del empaque. Tambi\u00e9n es un enfoque sostenible para proporcionar manuales a los usuarios sin usar papel.<\/p>\n<p>3) Estructura de f\u00e1cil montaje<br \/>\nEl mueble, que puede construirse con la reutilizaci\u00f3n de la caja del empaque, tiene una estructura de uni\u00f3n que permite montarlo f\u00e1cilmente sin necesidad de utilizar adhesivos ni cintas. Los consumidores pueden crear sus propios accesorios y utilizarlos en una amplia variedad de entornos, como un puesto de revistas o una mesa para colocar junto al sof\u00e1 o el televisor.<\/p>\n","protected":false},"excerpt":{"rendered":"<p>El 5 de junio, D\u00eda del Medio Ambiente, es una fecha id\u00f3nea para repensar los h\u00e1bitos y acciones, especialmente en c\u00f3mo afectan el planeta. En este sentido, una de las preguntas m\u00e1s recurrentes es qu\u00e9 hacer con los empaques de los productos que se distribuyen a diario. En este sentido, Samsung lanz\u00f3 el programa Eco-packaging, [&hellip;]<\/p>\n","protected":false},"author":1,"featured_media":90342,"comment_status":"closed","ping_status":"closed","sticky":false,"template":"","format":"standard","meta":{"_acf_changed":false,"footnotes":""},"categories":[46],"tags":[],"class_list":["post-90341","post","type-post","status-publish","format-standard","has-post-thumbnail","category-ciencia-computacion"],"acf":{"antetitulo":""},"yoast_head":"<!-- This site is optimized with the Yoast SEO plugin v28.4 - https:\/\/yoast.com\/product\/yoast-seo-wordpress\/ -->\n<title>El programa Samsung Eco-packaging celebra el potencial de reutilizaci\u00f3n de empaques - El Diario - Bolivia<\/title>\n<meta name=\"robots\" content=\"index, follow, max-snippet:-1, max-image-preview:large, max-video-preview:-1\" \/>\n<link rel=\"canonical\" href=\"https:\/\/www.eldiario.net\/portal\/2022\/06\/13\/el-programa-samsung-eco-packaging-celebra-el-potencial-de-reutilizacion-de-empaques\/\" \/>\n<meta property=\"og:locale\" content=\"es_ES\" \/>\n<meta property=\"og:type\" content=\"article\" \/>\n<meta property=\"og:title\" content=\"El programa Samsung Eco-packaging celebra el potencial de reutilizaci\u00f3n de empaques - El Diario - Bolivia\" \/>\n<meta property=\"og:description\" content=\"El 5 de junio, D\u00eda del Medio Ambiente, es una fecha id\u00f3nea para repensar los h\u00e1bitos y acciones, especialmente en c\u00f3mo afectan el planeta. En este sentido, una de las preguntas m\u00e1s recurrentes es qu\u00e9 hacer con los empaques de los productos que se distribuyen a diario. En este sentido, Samsung lanz\u00f3 el programa Eco-packaging, [&hellip;]\" \/>\n<meta property=\"og:url\" content=\"https:\/\/www.eldiario.net\/portal\/2022\/06\/13\/el-programa-samsung-eco-packaging-celebra-el-potencial-de-reutilizacion-de-empaques\/\" \/>\n<meta property=\"og:site_name\" content=\"El Diario - Bolivia\" \/>\n<meta property=\"article:publisher\" content=\"https:\/\/www.facebook.com\/eldiario.bolivia\/\" \/>\n<meta property=\"article:published_time\" content=\"2022-06-13T10:15:02+00:00\" \/>\n<meta name=\"author\" content=\"Jeanette\" \/>\n<meta name=\"twitter:card\" content=\"summary_large_image\" \/>\n<meta name=\"twitter:creator\" content=\"@eldiario_net\" \/>\n<meta name=\"twitter:site\" content=\"@eldiario_net\" \/>\n<meta name=\"twitter:label1\" content=\"Escrito por\" \/>\n\t<meta name=\"twitter:data1\" content=\"Jeanette\" \/>\n\t<meta name=\"twitter:label2\" content=\"Tiempo de lectura\" \/>\n\t<meta name=\"twitter:data2\" content=\"5 minutos\" \/>\n<script type=\"application\/ld+json\" class=\"yoast-schema-graph\">{\"@context\":\"https:\\\/\\\/schema.org\",\"@graph\":[{\"@type\":\"Article\",\"@id\":\"https:\\\/\\\/www.eldiario.net\\\/portal\\\/2022\\\/06\\\/13\\\/el-programa-samsung-eco-packaging-celebra-el-potencial-de-reutilizacion-de-empaques\\\/#article\",\"isPartOf\":{\"@id\":\"https:\\\/\\\/www.eldiario.net\\\/portal\\\/2022\\\/06\\\/13\\\/el-programa-samsung-eco-packaging-celebra-el-potencial-de-reutilizacion-de-empaques\\\/\"},\"author\":{\"name\":\"Jeanette\",\"@id\":\"https:\\\/\\\/www.eldiario.net\\\/portal\\\/#\\\/schema\\\/person\\\/f46445640444750d7d753ccd04ae01b7\"},\"headline\":\"El programa Samsung Eco-packaging celebra el potencial de reutilizaci\u00f3n de empaques\",\"datePublished\":\"2022-06-13T10:15:02+00:00\",\"mainEntityOfPage\":{\"@id\":\"https:\\\/\\\/www.eldiario.net\\\/portal\\\/2022\\\/06\\\/13\\\/el-programa-samsung-eco-packaging-celebra-el-potencial-de-reutilizacion-de-empaques\\\/\"},\"wordCount\":991,\"publisher\":{\"@id\":\"https:\\\/\\\/www.eldiario.net\\\/portal\\\/#organization\"},\"image\":{\"@id\":\"https:\\\/\\\/www.eldiario.net\\\/portal\\\/2022\\\/06\\\/13\\\/el-programa-samsung-eco-packaging-celebra-el-potencial-de-reutilizacion-de-empaques\\\/#primaryimage\"},\"thumbnailUrl\":\"\",\"articleSection\":[\"Ciencia y Computaci\u00f3n\"],\"inLanguage\":\"es\"},{\"@type\":\"WebPage\",\"@id\":\"https:\\\/\\\/www.eldiario.net\\\/portal\\\/2022\\\/06\\\/13\\\/el-programa-samsung-eco-packaging-celebra-el-potencial-de-reutilizacion-de-empaques\\\/\",\"url\":\"https:\\\/\\\/www.eldiario.net\\\/portal\\\/2022\\\/06\\\/13\\\/el-programa-samsung-eco-packaging-celebra-el-potencial-de-reutilizacion-de-empaques\\\/\",\"name\":\"El programa Samsung Eco-packaging celebra el potencial de reutilizaci\u00f3n de empaques - El Diario - Bolivia\",\"isPartOf\":{\"@id\":\"https:\\\/\\\/www.eldiario.net\\\/portal\\\/#website\"},\"primaryImageOfPage\":{\"@id\":\"https:\\\/\\\/www.eldiario.net\\\/portal\\\/2022\\\/06\\\/13\\\/el-programa-samsung-eco-packaging-celebra-el-potencial-de-reutilizacion-de-empaques\\\/#primaryimage\"},\"image\":{\"@id\":\"https:\\\/\\\/www.eldiario.net\\\/portal\\\/2022\\\/06\\\/13\\\/el-programa-samsung-eco-packaging-celebra-el-potencial-de-reutilizacion-de-empaques\\\/#primaryimage\"},\"thumbnailUrl\":\"\",\"datePublished\":\"2022-06-13T10:15:02+00:00\",\"breadcrumb\":{\"@id\":\"https:\\\/\\\/www.eldiario.net\\\/portal\\\/2022\\\/06\\\/13\\\/el-programa-samsung-eco-packaging-celebra-el-potencial-de-reutilizacion-de-empaques\\\/#breadcrumb\"},\"inLanguage\":\"es\",\"potentialAction\":[{\"@type\":\"ReadAction\",\"target\":[\"https:\\\/\\\/www.eldiario.net\\\/portal\\\/2022\\\/06\\\/13\\\/el-programa-samsung-eco-packaging-celebra-el-potencial-de-reutilizacion-de-empaques\\\/\"]}]},{\"@type\":\"ImageObject\",\"inLanguage\":\"es\",\"@id\":\"https:\\\/\\\/www.eldiario.net\\\/portal\\\/2022\\\/06\\\/13\\\/el-programa-samsung-eco-packaging-celebra-el-potencial-de-reutilizacion-de-empaques\\\/#primaryimage\",\"url\":\"\",\"contentUrl\":\"\"},{\"@type\":\"BreadcrumbList\",\"@id\":\"https:\\\/\\\/www.eldiario.net\\\/portal\\\/2022\\\/06\\\/13\\\/el-programa-samsung-eco-packaging-celebra-el-potencial-de-reutilizacion-de-empaques\\\/#breadcrumb\",\"itemListElement\":[{\"@type\":\"ListItem\",\"position\":1,\"name\":\"Portada\",\"item\":\"https:\\\/\\\/www.eldiario.net\\\/portal\\\/\"},{\"@type\":\"ListItem\",\"position\":2,\"name\":\"El programa Samsung Eco-packaging celebra el potencial de reutilizaci\u00f3n de empaques\"}]},{\"@type\":\"WebSite\",\"@id\":\"https:\\\/\\\/www.eldiario.net\\\/portal\\\/#website\",\"url\":\"https:\\\/\\\/www.eldiario.net\\\/portal\\\/\",\"name\":\"El Diario - Decano de la prensa nacional\",\"description\":\"El Diario - Decano de la prensa nacional\",\"publisher\":{\"@id\":\"https:\\\/\\\/www.eldiario.net\\\/portal\\\/#organization\"},\"potentialAction\":[{\"@type\":\"SearchAction\",\"target\":{\"@type\":\"EntryPoint\",\"urlTemplate\":\"https:\\\/\\\/www.eldiario.net\\\/portal\\\/?s={search_term_string}\"},\"query-input\":{\"@type\":\"PropertyValueSpecification\",\"valueRequired\":true,\"valueName\":\"search_term_string\"}}],\"inLanguage\":\"es\"},{\"@type\":\"Organization\",\"@id\":\"https:\\\/\\\/www.eldiario.net\\\/portal\\\/#organization\",\"name\":\"El Diario - Decano de la prensa nacional\",\"url\":\"https:\\\/\\\/www.eldiario.net\\\/portal\\\/\",\"logo\":{\"@type\":\"ImageObject\",\"inLanguage\":\"es\",\"@id\":\"https:\\\/\\\/www.eldiario.net\\\/portal\\\/#\\\/schema\\\/logo\\\/image\\\/\",\"url\":\"https:\\\/\\\/www.eldiario.net\\\/portal\\\/wp-content\\\/uploads\\\/2023\\\/07\\\/logo_ED.jpg\",\"contentUrl\":\"https:\\\/\\\/www.eldiario.net\\\/portal\\\/wp-content\\\/uploads\\\/2023\\\/07\\\/logo_ED.jpg\",\"width\":272,\"height\":52,\"caption\":\"El Diario - Decano de la prensa nacional\"},\"image\":{\"@id\":\"https:\\\/\\\/www.eldiario.net\\\/portal\\\/#\\\/schema\\\/logo\\\/image\\\/\"},\"sameAs\":[\"https:\\\/\\\/www.facebook.com\\\/eldiario.bolivia\\\/\",\"https:\\\/\\\/x.com\\\/eldiario_net\"]},{\"@type\":\"Person\",\"@id\":\"https:\\\/\\\/www.eldiario.net\\\/portal\\\/#\\\/schema\\\/person\\\/f46445640444750d7d753ccd04ae01b7\",\"name\":\"Jeanette\",\"image\":{\"@type\":\"ImageObject\",\"inLanguage\":\"es\",\"@id\":\"https:\\\/\\\/secure.gravatar.com\\\/avatar\\\/3ea2118a5f7dad2b7138b1187a6b7ee55f160b9968b66013c3a3ef39dd7e5798?s=96&d=mm&r=g\",\"url\":\"https:\\\/\\\/secure.gravatar.com\\\/avatar\\\/3ea2118a5f7dad2b7138b1187a6b7ee55f160b9968b66013c3a3ef39dd7e5798?s=96&d=mm&r=g\",\"contentUrl\":\"https:\\\/\\\/secure.gravatar.com\\\/avatar\\\/3ea2118a5f7dad2b7138b1187a6b7ee55f160b9968b66013c3a3ef39dd7e5798?s=96&d=mm&r=g\",\"caption\":\"Jeanette\"},\"sameAs\":[\"https:\\\/\\\/www.eldiario.net\\\/portal\"],\"url\":\"https:\\\/\\\/www.eldiario.net\\\/portal\\\/author\\\/jeanette\\\/\"}]}<\/script>\n<!-- \/ Yoast SEO plugin. -->","yoast_head_json":{"title":"El programa Samsung Eco-packaging celebra el potencial de reutilizaci\u00f3n de empaques - El Diario - Bolivia","robots":{"index":"index","follow":"follow","max-snippet":"max-snippet:-1","max-image-preview":"max-image-preview:large","max-video-preview":"max-video-preview:-1"},"canonical":"https:\/\/www.eldiario.net\/portal\/2022\/06\/13\/el-programa-samsung-eco-packaging-celebra-el-potencial-de-reutilizacion-de-empaques\/","og_locale":"es_ES","og_type":"article","og_title":"El programa Samsung Eco-packaging celebra el potencial de reutilizaci\u00f3n de empaques - El Diario - Bolivia","og_description":"El 5 de junio, D\u00eda del Medio Ambiente, es una fecha id\u00f3nea para repensar los h\u00e1bitos y acciones, especialmente en c\u00f3mo afectan el planeta. En este sentido, una de las preguntas m\u00e1s recurrentes es qu\u00e9 hacer con los empaques de los productos que se distribuyen a diario. En este sentido, Samsung lanz\u00f3 el programa Eco-packaging, [&hellip;]","og_url":"https:\/\/www.eldiario.net\/portal\/2022\/06\/13\/el-programa-samsung-eco-packaging-celebra-el-potencial-de-reutilizacion-de-empaques\/","og_site_name":"El Diario - Bolivia","article_publisher":"https:\/\/www.facebook.com\/eldiario.bolivia\/","article_published_time":"2022-06-13T10:15:02+00:00","author":"Jeanette","twitter_card":"summary_large_image","twitter_creator":"@eldiario_net","twitter_site":"@eldiario_net","twitter_misc":{"Escrito por":"Jeanette","Tiempo de lectura":"5 minutos"},"schema":{"@context":"https:\/\/schema.org","@graph":[{"@type":"Article","@id":"https:\/\/www.eldiario.net\/portal\/2022\/06\/13\/el-programa-samsung-eco-packaging-celebra-el-potencial-de-reutilizacion-de-empaques\/#article","isPartOf":{"@id":"https:\/\/www.eldiario.net\/portal\/2022\/06\/13\/el-programa-samsung-eco-packaging-celebra-el-potencial-de-reutilizacion-de-empaques\/"},"author":{"name":"Jeanette","@id":"https:\/\/www.eldiario.net\/portal\/#\/schema\/person\/f46445640444750d7d753ccd04ae01b7"},"headline":"El programa Samsung Eco-packaging celebra el potencial de reutilizaci\u00f3n de empaques","datePublished":"2022-06-13T10:15:02+00:00","mainEntityOfPage":{"@id":"https:\/\/www.eldiario.net\/portal\/2022\/06\/13\/el-programa-samsung-eco-packaging-celebra-el-potencial-de-reutilizacion-de-empaques\/"},"wordCount":991,"publisher":{"@id":"https:\/\/www.eldiario.net\/portal\/#organization"},"image":{"@id":"https:\/\/www.eldiario.net\/portal\/2022\/06\/13\/el-programa-samsung-eco-packaging-celebra-el-potencial-de-reutilizacion-de-empaques\/#primaryimage"},"thumbnailUrl":"","articleSection":["Ciencia y Computaci\u00f3n"],"inLanguage":"es"},{"@type":"WebPage","@id":"https:\/\/www.eldiario.net\/portal\/2022\/06\/13\/el-programa-samsung-eco-packaging-celebra-el-potencial-de-reutilizacion-de-empaques\/","url":"https:\/\/www.eldiario.net\/portal\/2022\/06\/13\/el-programa-samsung-eco-packaging-celebra-el-potencial-de-reutilizacion-de-empaques\/","name":"El programa Samsung Eco-packaging celebra el potencial de reutilizaci\u00f3n de empaques - El Diario - Bolivia","isPartOf":{"@id":"https:\/\/www.eldiario.net\/portal\/#website"},"primaryImageOfPage":{"@id":"https:\/\/www.eldiario.net\/portal\/2022\/06\/13\/el-programa-samsung-eco-packaging-celebra-el-potencial-de-reutilizacion-de-empaques\/#primaryimage"},"image":{"@id":"https:\/\/www.eldiario.net\/portal\/2022\/06\/13\/el-programa-samsung-eco-packaging-celebra-el-potencial-de-reutilizacion-de-empaques\/#primaryimage"},"thumbnailUrl":"","datePublished":"2022-06-13T10:15:02+00:00","breadcrumb":{"@id":"https:\/\/www.eldiario.net\/portal\/2022\/06\/13\/el-programa-samsung-eco-packaging-celebra-el-potencial-de-reutilizacion-de-empaques\/#breadcrumb"},"inLanguage":"es","potentialAction":[{"@type":"ReadAction","target":["https:\/\/www.eldiario.net\/portal\/2022\/06\/13\/el-programa-samsung-eco-packaging-celebra-el-potencial-de-reutilizacion-de-empaques\/"]}]},{"@type":"ImageObject","inLanguage":"es","@id":"https:\/\/www.eldiario.net\/portal\/2022\/06\/13\/el-programa-samsung-eco-packaging-celebra-el-potencial-de-reutilizacion-de-empaques\/#primaryimage","url":"","contentUrl":""},{"@type":"BreadcrumbList","@id":"https:\/\/www.eldiario.net\/portal\/2022\/06\/13\/el-programa-samsung-eco-packaging-celebra-el-potencial-de-reutilizacion-de-empaques\/#breadcrumb","itemListElement":[{"@type":"ListItem","position":1,"name":"Portada","item":"https:\/\/www.eldiario.net\/portal\/"},{"@type":"ListItem","position":2,"name":"El programa Samsung Eco-packaging celebra el potencial de reutilizaci\u00f3n de empaques"}]},{"@type":"WebSite","@id":"https:\/\/www.eldiario.net\/portal\/#website","url":"https:\/\/www.eldiario.net\/portal\/","name":"El Diario - Decano de la prensa nacional","description":"El Diario - Decano de la prensa nacional","publisher":{"@id":"https:\/\/www.eldiario.net\/portal\/#organization"},"potentialAction":[{"@type":"SearchAction","target":{"@type":"EntryPoint","urlTemplate":"https:\/\/www.eldiario.net\/portal\/?s={search_term_string}"},"query-input":{"@type":"PropertyValueSpecification","valueRequired":true,"valueName":"search_term_string"}}],"inLanguage":"es"},{"@type":"Organization","@id":"https:\/\/www.eldiario.net\/portal\/#organization","name":"El Diario - Decano de la prensa nacional","url":"https:\/\/www.eldiario.net\/portal\/","logo":{"@type":"ImageObject","inLanguage":"es","@id":"https:\/\/www.eldiario.net\/portal\/#\/schema\/logo\/image\/","url":"https:\/\/www.eldiario.net\/portal\/wp-content\/uploads\/2023\/07\/logo_ED.jpg","contentUrl":"https:\/\/www.eldiario.net\/portal\/wp-content\/uploads\/2023\/07\/logo_ED.jpg","width":272,"height":52,"caption":"El Diario - Decano de la prensa nacional"},"image":{"@id":"https:\/\/www.eldiario.net\/portal\/#\/schema\/logo\/image\/"},"sameAs":["https:\/\/www.facebook.com\/eldiario.bolivia\/","https:\/\/x.com\/eldiario_net"]},{"@type":"Person","@id":"https:\/\/www.eldiario.net\/portal\/#\/schema\/person\/f46445640444750d7d753ccd04ae01b7","name":"Jeanette","image":{"@type":"ImageObject","inLanguage":"es","@id":"https:\/\/secure.gravatar.com\/avatar\/3ea2118a5f7dad2b7138b1187a6b7ee55f160b9968b66013c3a3ef39dd7e5798?s=96&d=mm&r=g","url":"https:\/\/secure.gravatar.com\/avatar\/3ea2118a5f7dad2b7138b1187a6b7ee55f160b9968b66013c3a3ef39dd7e5798?s=96&d=mm&r=g","contentUrl":"https:\/\/secure.gravatar.com\/avatar\/3ea2118a5f7dad2b7138b1187a6b7ee55f160b9968b66013c3a3ef39dd7e5798?s=96&d=mm&r=g","caption":"Jeanette"},"sameAs":["https:\/\/www.eldiario.net\/portal"],"url":"https:\/\/www.eldiario.net\/portal\/author\/jeanette\/"}]}},"_links":{"self":[{"href":"https:\/\/www.eldiario.net\/portal\/wp-json\/wp\/v2\/posts\/90341","targetHints":{"allow":["GET"]}}],"collection":[{"href":"https:\/\/www.eldiario.net\/portal\/wp-json\/wp\/v2\/posts"}],"about":[{"href":"https:\/\/www.eldiario.net\/portal\/wp-json\/wp\/v2\/types\/post"}],"author":[{"embeddable":true,"href":"https:\/\/www.eldiario.net\/portal\/wp-json\/wp\/v2\/users\/1"}],"replies":[{"embeddable":true,"href":"https:\/\/www.eldiario.net\/portal\/wp-json\/wp\/v2\/comments?post=90341"}],"version-history":[{"count":0,"href":"https:\/\/www.eldiario.net\/portal\/wp-json\/wp\/v2\/posts\/90341\/revisions"}],"wp:attachment":[{"href":"https:\/\/www.eldiario.net\/portal\/wp-json\/wp\/v2\/media?parent=90341"}],"wp:term":[{"taxonomy":"category","embeddable":true,"href":"https:\/\/www.eldiario.net\/portal\/wp-json\/wp\/v2\/categories?post=90341"},{"taxonomy":"post_tag","embeddable":true,"href":"https:\/\/www.eldiario.net\/portal\/wp-json\/wp\/v2\/tags?post=90341"}],"curies":[{"name":"wp","href":"https:\/\/api.w.org\/{rel}","templated":true}]}}