{"id":90335,"date":"2022-06-13T06:12:50","date_gmt":"2022-06-13T10:12:50","guid":{"rendered":"https:\/\/www.eldiario.net\/portal\/?p=90335"},"modified":"2022-06-13T06:12:50","modified_gmt":"2022-06-13T10:12:50","slug":"ios-16-ya-esta-aqui-y-puedes-disfrutarla","status":"publish","type":"post","link":"https:\/\/www.eldiario.net\/portal\/2022\/06\/13\/ios-16-ya-esta-aqui-y-puedes-disfrutarla\/","title":{"rendered":"iOS 16 ya est\u00e1 aqu\u00ed y puedes disfrutarla"},"content":{"rendered":"<p>Durante la keynote inaugural de la WWDC 2022, la primera semipresencial tras la pandemia, Apple present\u00f3 iOS 16, una versi\u00f3n de la que se esperaba much\u00edsimo .<br \/>\niOS 16 trae pantalla de bloqueo irreconocible<br \/>\nEste a\u00f1o el sistema recibe cambios en la pantalla de bloqueo, que seg\u00fan Apple tendr\u00e1 su actualizaci\u00f3n m\u00e1s grande. Hasta ahora no pod\u00edamos tocar mucho m\u00e1s que la imagen, pero ahora, adem\u00e1s de muchos estilos predefinidos, podemos, por ejemplo, elegir el estilo de fuente de la hora, de complicaciones, etc. Dentro de los predefinidos, podemos elegir algunos estilos con una est\u00e9tica preciosa, como una pantalla de tiempo que muestra la lluvia como la aplicaci\u00f3n de Tiempo del sistema. Al poner nuestras fotos, por ejemplo, ahora podemos elegir m\u00e1s de una, podemos elegir una carpeta.<br \/>\nSin salir de la pantalla de bloqueo, Apple tambi\u00e9n va a redise\u00f1ar c\u00f3mo se muestran las notificaciones. En lugar de tapar la foto de la pantalla de bloqueo, ahora podemos ver las notificaciones saliendo desde la parte de abajo de la pantalla, en una especie de carrusel. As\u00ed nunca perderemos la limpieza visual de la nueva pantalla de bloqueo.<br \/>\nNueva interfaz y experiencia de dictado<br \/>\nAhora, cuando dictamos, el teclado de iOS 16 se queda abierto, de forma que podemos ir escribiendo y modificando lo que vamos diciendo en alto.<br \/>\nTexto en vivo llega al v\u00eddeo<br \/>\nEl a\u00f1o pasado, Apple lanz\u00f3 Texto en vivo. Permite reconocer texto con la c\u00e1mara, pero tambi\u00e9n texto presente en cualquier foto vieja, tanto en iOS como en Mac. Ahora, si tenemos un v\u00eddeo, Texto en vivo tambi\u00e9n es capaz de reconocer lo que aparece en \u00e9l.<br \/>\nMaps ahora puede hacer rutas con hasta 15 paradas<br \/>\nAhora los Mapas de Apple permiten a\u00f1adir paradas en una ruta. Podremos a\u00f1adir hasta 15 paradas y pedirle a Siri que vaya a\u00f1adi\u00e9ndolas sobre la marcha, con voz.<br \/>\nLlegan las bibliotecas compartidas de Fotos a iCloud Fotos<br \/>\nCon iOS 16, Apple a\u00f1adir\u00e1 la posibilidad de tener bibliotecas de fotos compartidas con amigos y familiares, permite crear \u00e1lbumes colaborativos. Adem\u00e1s, lo hace aportando funciones propias, como por ejemplo, subir fotos a la biblioteca compartida que elijamos tal y como se hace.<br \/>\nEstas son algunas de las novedades que nos present\u00f3 la empresa de la manzana.<\/p>\n","protected":false},"excerpt":{"rendered":"<p>Durante la keynote inaugural de la WWDC 2022, la primera semipresencial tras la pandemia, Apple present\u00f3 iOS 16, una versi\u00f3n de la que se esperaba much\u00edsimo . iOS 16 trae pantalla de bloqueo irreconocible Este a\u00f1o el sistema recibe cambios en la pantalla de bloqueo, que seg\u00fan Apple tendr\u00e1 su actualizaci\u00f3n m\u00e1s grande. Hasta ahora [&hellip;]<\/p>\n","protected":false},"author":1,"featured_media":90336,"comment_status":"closed","ping_status":"closed","sticky":false,"template":"","format":"standard","meta":{"_acf_changed":false,"footnotes":""},"categories":[46],"tags":[],"class_list":["post-90335","post","type-post","status-publish","format-standard","has-post-thumbnail","category-ciencia-computacion"],"acf":{"antetitulo":""},"yoast_head":"<!-- This site is optimized with the Yoast SEO plugin v28.4 - https:\/\/yoast.com\/product\/yoast-seo-wordpress\/ -->\n<title>iOS 16 ya est\u00e1 aqu\u00ed y puedes disfrutarla - El Diario - Bolivia<\/title>\n<meta name=\"robots\" content=\"index, follow, max-snippet:-1, max-image-preview:large, max-video-preview:-1\" \/>\n<link rel=\"canonical\" href=\"https:\/\/www.eldiario.net\/portal\/2022\/06\/13\/ios-16-ya-esta-aqui-y-puedes-disfrutarla\/\" \/>\n<meta property=\"og:locale\" content=\"es_ES\" \/>\n<meta property=\"og:type\" content=\"article\" \/>\n<meta property=\"og:title\" content=\"iOS 16 ya est\u00e1 aqu\u00ed y puedes disfrutarla - El Diario - Bolivia\" \/>\n<meta property=\"og:description\" content=\"Durante la keynote inaugural de la WWDC 2022, la primera semipresencial tras la pandemia, Apple present\u00f3 iOS 16, una versi\u00f3n de la que se esperaba much\u00edsimo . iOS 16 trae pantalla de bloqueo irreconocible Este a\u00f1o el sistema recibe cambios en la pantalla de bloqueo, que seg\u00fan Apple tendr\u00e1 su actualizaci\u00f3n m\u00e1s grande. Hasta ahora [&hellip;]\" \/>\n<meta property=\"og:url\" content=\"https:\/\/www.eldiario.net\/portal\/2022\/06\/13\/ios-16-ya-esta-aqui-y-puedes-disfrutarla\/\" \/>\n<meta property=\"og:site_name\" content=\"El Diario - Bolivia\" \/>\n<meta property=\"article:publisher\" content=\"https:\/\/www.facebook.com\/eldiario.bolivia\/\" \/>\n<meta property=\"article:published_time\" content=\"2022-06-13T10:12:50+00:00\" \/>\n<meta name=\"author\" content=\"Jeanette\" \/>\n<meta name=\"twitter:card\" content=\"summary_large_image\" \/>\n<meta name=\"twitter:creator\" content=\"@eldiario_net\" \/>\n<meta name=\"twitter:site\" content=\"@eldiario_net\" \/>\n<meta name=\"twitter:label1\" content=\"Escrito por\" \/>\n\t<meta name=\"twitter:data1\" content=\"Jeanette\" \/>\n\t<meta name=\"twitter:label2\" content=\"Tiempo de lectura\" \/>\n\t<meta name=\"twitter:data2\" content=\"2 minutos\" \/>\n<script type=\"application\/ld+json\" class=\"yoast-schema-graph\">{\"@context\":\"https:\\\/\\\/schema.org\",\"@graph\":[{\"@type\":\"Article\",\"@id\":\"https:\\\/\\\/www.eldiario.net\\\/portal\\\/2022\\\/06\\\/13\\\/ios-16-ya-esta-aqui-y-puedes-disfrutarla\\\/#article\",\"isPartOf\":{\"@id\":\"https:\\\/\\\/www.eldiario.net\\\/portal\\\/2022\\\/06\\\/13\\\/ios-16-ya-esta-aqui-y-puedes-disfrutarla\\\/\"},\"author\":{\"name\":\"Jeanette\",\"@id\":\"https:\\\/\\\/www.eldiario.net\\\/portal\\\/#\\\/schema\\\/person\\\/f46445640444750d7d753ccd04ae01b7\"},\"headline\":\"iOS 16 ya est\u00e1 aqu\u00ed y puedes disfrutarla\",\"datePublished\":\"2022-06-13T10:12:50+00:00\",\"mainEntityOfPage\":{\"@id\":\"https:\\\/\\\/www.eldiario.net\\\/portal\\\/2022\\\/06\\\/13\\\/ios-16-ya-esta-aqui-y-puedes-disfrutarla\\\/\"},\"wordCount\":399,\"publisher\":{\"@id\":\"https:\\\/\\\/www.eldiario.net\\\/portal\\\/#organization\"},\"image\":{\"@id\":\"https:\\\/\\\/www.eldiario.net\\\/portal\\\/2022\\\/06\\\/13\\\/ios-16-ya-esta-aqui-y-puedes-disfrutarla\\\/#primaryimage\"},\"thumbnailUrl\":\"\",\"articleSection\":[\"Ciencia y Computaci\u00f3n\"],\"inLanguage\":\"es\"},{\"@type\":\"WebPage\",\"@id\":\"https:\\\/\\\/www.eldiario.net\\\/portal\\\/2022\\\/06\\\/13\\\/ios-16-ya-esta-aqui-y-puedes-disfrutarla\\\/\",\"url\":\"https:\\\/\\\/www.eldiario.net\\\/portal\\\/2022\\\/06\\\/13\\\/ios-16-ya-esta-aqui-y-puedes-disfrutarla\\\/\",\"name\":\"iOS 16 ya est\u00e1 aqu\u00ed y puedes disfrutarla - El Diario - Bolivia\",\"isPartOf\":{\"@id\":\"https:\\\/\\\/www.eldiario.net\\\/portal\\\/#website\"},\"primaryImageOfPage\":{\"@id\":\"https:\\\/\\\/www.eldiario.net\\\/portal\\\/2022\\\/06\\\/13\\\/ios-16-ya-esta-aqui-y-puedes-disfrutarla\\\/#primaryimage\"},\"image\":{\"@id\":\"https:\\\/\\\/www.eldiario.net\\\/portal\\\/2022\\\/06\\\/13\\\/ios-16-ya-esta-aqui-y-puedes-disfrutarla\\\/#primaryimage\"},\"thumbnailUrl\":\"\",\"datePublished\":\"2022-06-13T10:12:50+00:00\",\"breadcrumb\":{\"@id\":\"https:\\\/\\\/www.eldiario.net\\\/portal\\\/2022\\\/06\\\/13\\\/ios-16-ya-esta-aqui-y-puedes-disfrutarla\\\/#breadcrumb\"},\"inLanguage\":\"es\",\"potentialAction\":[{\"@type\":\"ReadAction\",\"target\":[\"https:\\\/\\\/www.eldiario.net\\\/portal\\\/2022\\\/06\\\/13\\\/ios-16-ya-esta-aqui-y-puedes-disfrutarla\\\/\"]}]},{\"@type\":\"ImageObject\",\"inLanguage\":\"es\",\"@id\":\"https:\\\/\\\/www.eldiario.net\\\/portal\\\/2022\\\/06\\\/13\\\/ios-16-ya-esta-aqui-y-puedes-disfrutarla\\\/#primaryimage\",\"url\":\"\",\"contentUrl\":\"\"},{\"@type\":\"BreadcrumbList\",\"@id\":\"https:\\\/\\\/www.eldiario.net\\\/portal\\\/2022\\\/06\\\/13\\\/ios-16-ya-esta-aqui-y-puedes-disfrutarla\\\/#breadcrumb\",\"itemListElement\":[{\"@type\":\"ListItem\",\"position\":1,\"name\":\"Portada\",\"item\":\"https:\\\/\\\/www.eldiario.net\\\/portal\\\/\"},{\"@type\":\"ListItem\",\"position\":2,\"name\":\"iOS 16 ya est\u00e1 aqu\u00ed y puedes disfrutarla\"}]},{\"@type\":\"WebSite\",\"@id\":\"https:\\\/\\\/www.eldiario.net\\\/portal\\\/#website\",\"url\":\"https:\\\/\\\/www.eldiario.net\\\/portal\\\/\",\"name\":\"El Diario - Decano de la prensa nacional\",\"description\":\"El Diario - Decano de la prensa nacional\",\"publisher\":{\"@id\":\"https:\\\/\\\/www.eldiario.net\\\/portal\\\/#organization\"},\"potentialAction\":[{\"@type\":\"SearchAction\",\"target\":{\"@type\":\"EntryPoint\",\"urlTemplate\":\"https:\\\/\\\/www.eldiario.net\\\/portal\\\/?s={search_term_string}\"},\"query-input\":{\"@type\":\"PropertyValueSpecification\",\"valueRequired\":true,\"valueName\":\"search_term_string\"}}],\"inLanguage\":\"es\"},{\"@type\":\"Organization\",\"@id\":\"https:\\\/\\\/www.eldiario.net\\\/portal\\\/#organization\",\"name\":\"El Diario - Decano de la prensa nacional\",\"url\":\"https:\\\/\\\/www.eldiario.net\\\/portal\\\/\",\"logo\":{\"@type\":\"ImageObject\",\"inLanguage\":\"es\",\"@id\":\"https:\\\/\\\/www.eldiario.net\\\/portal\\\/#\\\/schema\\\/logo\\\/image\\\/\",\"url\":\"https:\\\/\\\/www.eldiario.net\\\/portal\\\/wp-content\\\/uploads\\\/2023\\\/07\\\/logo_ED.jpg\",\"contentUrl\":\"https:\\\/\\\/www.eldiario.net\\\/portal\\\/wp-content\\\/uploads\\\/2023\\\/07\\\/logo_ED.jpg\",\"width\":272,\"height\":52,\"caption\":\"El Diario - Decano de la prensa nacional\"},\"image\":{\"@id\":\"https:\\\/\\\/www.eldiario.net\\\/portal\\\/#\\\/schema\\\/logo\\\/image\\\/\"},\"sameAs\":[\"https:\\\/\\\/www.facebook.com\\\/eldiario.bolivia\\\/\",\"https:\\\/\\\/x.com\\\/eldiario_net\"]},{\"@type\":\"Person\",\"@id\":\"https:\\\/\\\/www.eldiario.net\\\/portal\\\/#\\\/schema\\\/person\\\/f46445640444750d7d753ccd04ae01b7\",\"name\":\"Jeanette\",\"image\":{\"@type\":\"ImageObject\",\"inLanguage\":\"es\",\"@id\":\"https:\\\/\\\/secure.gravatar.com\\\/avatar\\\/3ea2118a5f7dad2b7138b1187a6b7ee55f160b9968b66013c3a3ef39dd7e5798?s=96&d=mm&r=g\",\"url\":\"https:\\\/\\\/secure.gravatar.com\\\/avatar\\\/3ea2118a5f7dad2b7138b1187a6b7ee55f160b9968b66013c3a3ef39dd7e5798?s=96&d=mm&r=g\",\"contentUrl\":\"https:\\\/\\\/secure.gravatar.com\\\/avatar\\\/3ea2118a5f7dad2b7138b1187a6b7ee55f160b9968b66013c3a3ef39dd7e5798?s=96&d=mm&r=g\",\"caption\":\"Jeanette\"},\"sameAs\":[\"https:\\\/\\\/www.eldiario.net\\\/portal\"],\"url\":\"https:\\\/\\\/www.eldiario.net\\\/portal\\\/author\\\/jeanette\\\/\"}]}<\/script>\n<!-- \/ Yoast SEO plugin. -->","yoast_head_json":{"title":"iOS 16 ya est\u00e1 aqu\u00ed y puedes disfrutarla - El Diario - Bolivia","robots":{"index":"index","follow":"follow","max-snippet":"max-snippet:-1","max-image-preview":"max-image-preview:large","max-video-preview":"max-video-preview:-1"},"canonical":"https:\/\/www.eldiario.net\/portal\/2022\/06\/13\/ios-16-ya-esta-aqui-y-puedes-disfrutarla\/","og_locale":"es_ES","og_type":"article","og_title":"iOS 16 ya est\u00e1 aqu\u00ed y puedes disfrutarla - El Diario - Bolivia","og_description":"Durante la keynote inaugural de la WWDC 2022, la primera semipresencial tras la pandemia, Apple present\u00f3 iOS 16, una versi\u00f3n de la que se esperaba much\u00edsimo . iOS 16 trae pantalla de bloqueo irreconocible Este a\u00f1o el sistema recibe cambios en la pantalla de bloqueo, que seg\u00fan Apple tendr\u00e1 su actualizaci\u00f3n m\u00e1s grande. Hasta ahora [&hellip;]","og_url":"https:\/\/www.eldiario.net\/portal\/2022\/06\/13\/ios-16-ya-esta-aqui-y-puedes-disfrutarla\/","og_site_name":"El Diario - Bolivia","article_publisher":"https:\/\/www.facebook.com\/eldiario.bolivia\/","article_published_time":"2022-06-13T10:12:50+00:00","author":"Jeanette","twitter_card":"summary_large_image","twitter_creator":"@eldiario_net","twitter_site":"@eldiario_net","twitter_misc":{"Escrito por":"Jeanette","Tiempo de lectura":"2 minutos"},"schema":{"@context":"https:\/\/schema.org","@graph":[{"@type":"Article","@id":"https:\/\/www.eldiario.net\/portal\/2022\/06\/13\/ios-16-ya-esta-aqui-y-puedes-disfrutarla\/#article","isPartOf":{"@id":"https:\/\/www.eldiario.net\/portal\/2022\/06\/13\/ios-16-ya-esta-aqui-y-puedes-disfrutarla\/"},"author":{"name":"Jeanette","@id":"https:\/\/www.eldiario.net\/portal\/#\/schema\/person\/f46445640444750d7d753ccd04ae01b7"},"headline":"iOS 16 ya est\u00e1 aqu\u00ed y puedes disfrutarla","datePublished":"2022-06-13T10:12:50+00:00","mainEntityOfPage":{"@id":"https:\/\/www.eldiario.net\/portal\/2022\/06\/13\/ios-16-ya-esta-aqui-y-puedes-disfrutarla\/"},"wordCount":399,"publisher":{"@id":"https:\/\/www.eldiario.net\/portal\/#organization"},"image":{"@id":"https:\/\/www.eldiario.net\/portal\/2022\/06\/13\/ios-16-ya-esta-aqui-y-puedes-disfrutarla\/#primaryimage"},"thumbnailUrl":"","articleSection":["Ciencia y Computaci\u00f3n"],"inLanguage":"es"},{"@type":"WebPage","@id":"https:\/\/www.eldiario.net\/portal\/2022\/06\/13\/ios-16-ya-esta-aqui-y-puedes-disfrutarla\/","url":"https:\/\/www.eldiario.net\/portal\/2022\/06\/13\/ios-16-ya-esta-aqui-y-puedes-disfrutarla\/","name":"iOS 16 ya est\u00e1 aqu\u00ed y puedes disfrutarla - El Diario - Bolivia","isPartOf":{"@id":"https:\/\/www.eldiario.net\/portal\/#website"},"primaryImageOfPage":{"@id":"https:\/\/www.eldiario.net\/portal\/2022\/06\/13\/ios-16-ya-esta-aqui-y-puedes-disfrutarla\/#primaryimage"},"image":{"@id":"https:\/\/www.eldiario.net\/portal\/2022\/06\/13\/ios-16-ya-esta-aqui-y-puedes-disfrutarla\/#primaryimage"},"thumbnailUrl":"","datePublished":"2022-06-13T10:12:50+00:00","breadcrumb":{"@id":"https:\/\/www.eldiario.net\/portal\/2022\/06\/13\/ios-16-ya-esta-aqui-y-puedes-disfrutarla\/#breadcrumb"},"inLanguage":"es","potentialAction":[{"@type":"ReadAction","target":["https:\/\/www.eldiario.net\/portal\/2022\/06\/13\/ios-16-ya-esta-aqui-y-puedes-disfrutarla\/"]}]},{"@type":"ImageObject","inLanguage":"es","@id":"https:\/\/www.eldiario.net\/portal\/2022\/06\/13\/ios-16-ya-esta-aqui-y-puedes-disfrutarla\/#primaryimage","url":"","contentUrl":""},{"@type":"BreadcrumbList","@id":"https:\/\/www.eldiario.net\/portal\/2022\/06\/13\/ios-16-ya-esta-aqui-y-puedes-disfrutarla\/#breadcrumb","itemListElement":[{"@type":"ListItem","position":1,"name":"Portada","item":"https:\/\/www.eldiario.net\/portal\/"},{"@type":"ListItem","position":2,"name":"iOS 16 ya est\u00e1 aqu\u00ed y puedes disfrutarla"}]},{"@type":"WebSite","@id":"https:\/\/www.eldiario.net\/portal\/#website","url":"https:\/\/www.eldiario.net\/portal\/","name":"El Diario - Decano de la prensa nacional","description":"El Diario - Decano de la prensa nacional","publisher":{"@id":"https:\/\/www.eldiario.net\/portal\/#organization"},"potentialAction":[{"@type":"SearchAction","target":{"@type":"EntryPoint","urlTemplate":"https:\/\/www.eldiario.net\/portal\/?s={search_term_string}"},"query-input":{"@type":"PropertyValueSpecification","valueRequired":true,"valueName":"search_term_string"}}],"inLanguage":"es"},{"@type":"Organization","@id":"https:\/\/www.eldiario.net\/portal\/#organization","name":"El Diario - Decano de la prensa nacional","url":"https:\/\/www.eldiario.net\/portal\/","logo":{"@type":"ImageObject","inLanguage":"es","@id":"https:\/\/www.eldiario.net\/portal\/#\/schema\/logo\/image\/","url":"https:\/\/www.eldiario.net\/portal\/wp-content\/uploads\/2023\/07\/logo_ED.jpg","contentUrl":"https:\/\/www.eldiario.net\/portal\/wp-content\/uploads\/2023\/07\/logo_ED.jpg","width":272,"height":52,"caption":"El Diario - Decano de la prensa nacional"},"image":{"@id":"https:\/\/www.eldiario.net\/portal\/#\/schema\/logo\/image\/"},"sameAs":["https:\/\/www.facebook.com\/eldiario.bolivia\/","https:\/\/x.com\/eldiario_net"]},{"@type":"Person","@id":"https:\/\/www.eldiario.net\/portal\/#\/schema\/person\/f46445640444750d7d753ccd04ae01b7","name":"Jeanette","image":{"@type":"ImageObject","inLanguage":"es","@id":"https:\/\/secure.gravatar.com\/avatar\/3ea2118a5f7dad2b7138b1187a6b7ee55f160b9968b66013c3a3ef39dd7e5798?s=96&d=mm&r=g","url":"https:\/\/secure.gravatar.com\/avatar\/3ea2118a5f7dad2b7138b1187a6b7ee55f160b9968b66013c3a3ef39dd7e5798?s=96&d=mm&r=g","contentUrl":"https:\/\/secure.gravatar.com\/avatar\/3ea2118a5f7dad2b7138b1187a6b7ee55f160b9968b66013c3a3ef39dd7e5798?s=96&d=mm&r=g","caption":"Jeanette"},"sameAs":["https:\/\/www.eldiario.net\/portal"],"url":"https:\/\/www.eldiario.net\/portal\/author\/jeanette\/"}]}},"_links":{"self":[{"href":"https:\/\/www.eldiario.net\/portal\/wp-json\/wp\/v2\/posts\/90335","targetHints":{"allow":["GET"]}}],"collection":[{"href":"https:\/\/www.eldiario.net\/portal\/wp-json\/wp\/v2\/posts"}],"about":[{"href":"https:\/\/www.eldiario.net\/portal\/wp-json\/wp\/v2\/types\/post"}],"author":[{"embeddable":true,"href":"https:\/\/www.eldiario.net\/portal\/wp-json\/wp\/v2\/users\/1"}],"replies":[{"embeddable":true,"href":"https:\/\/www.eldiario.net\/portal\/wp-json\/wp\/v2\/comments?post=90335"}],"version-history":[{"count":0,"href":"https:\/\/www.eldiario.net\/portal\/wp-json\/wp\/v2\/posts\/90335\/revisions"}],"wp:attachment":[{"href":"https:\/\/www.eldiario.net\/portal\/wp-json\/wp\/v2\/media?parent=90335"}],"wp:term":[{"taxonomy":"category","embeddable":true,"href":"https:\/\/www.eldiario.net\/portal\/wp-json\/wp\/v2\/categories?post=90335"},{"taxonomy":"post_tag","embeddable":true,"href":"https:\/\/www.eldiario.net\/portal\/wp-json\/wp\/v2\/tags?post=90335"}],"curies":[{"name":"wp","href":"https:\/\/api.w.org\/{rel}","templated":true}]}}