{"id":9033,"date":"2021-06-08T05:33:03","date_gmt":"2021-06-08T09:33:03","guid":{"rendered":"https:\/\/www.eldiario.net\/portal\/?p=9033"},"modified":"2021-06-08T05:33:03","modified_gmt":"2021-06-08T09:33:03","slug":"discriminacion-un-mal-cotidiano-2","status":"publish","type":"post","link":"https:\/\/www.eldiario.net\/portal\/2021\/06\/08\/discriminacion-un-mal-cotidiano-2\/","title":{"rendered":"Discriminaci\u00f3n, un mal cotidiano"},"content":{"rendered":"<p style=\"text-align: center;\"><strong>Parte II<\/strong><\/p>\n<p>Sin embargo, nuestros jueces y fiscales dir\u00e1n que tenemos los incidentes, las excepciones, las apelaciones, el recurso de casaci\u00f3n, los amparos constitucionales para recurrir e impetrar tutela. Pero solo despu\u00e9s de que uno es sometido a una muerte civil, a la infamia, al linchamiento medi\u00e1tico, por todos los medios de comunicaci\u00f3n y la data, el tiempo de detenci\u00f3n preventiva, \u00bfle puedan devolver su derecho humano a la dignidad, al honor, a la no discriminaci\u00f3n, a la presunci\u00f3n de inocencia, al derecho humano a la defensa? Piensan que le devolver\u00e1n su vida perdida en prisi\u00f3n, lo cual fue en total violaci\u00f3n a la utop\u00eda del derecho humano, al debido proceso. Imaginen, si empezamos discriminando a este grupo de la poblaci\u00f3n, por parte de algunos jueces, fiscales y polic\u00edas, a quienes por algunas circunstancias de la vida hoy tienen que peregrinar, suplicar, clamar por justicia, los cuales a diario son discriminados por los operadores de justicia, entonces qu\u00e9 tipo de sociedad tenemos. Algunos entendidos, y gur\u00faes del r\u00e9gimen penitenciario, del derecho, dicen \u201cdime qu\u00e9 c\u00e1rceles tienes y te dir\u00e9 qu\u00e9 tipo de sociedad y gobernantes tienen\u201d.<\/p>\n<p>La discriminaci\u00f3n es un tema tan complejo, tan hiriente, tan delicado, tan da\u00f1ino para el ser humano. Si vemos semejantes actitudes discriminatorias en estrados judiciales, qu\u00e9 podemos esperar del conjunto de nuestra sociedad. Se discrimina por ser bajo de estatura, por raza, por su color de piel, por condici\u00f3n econ\u00f3mica, por posici\u00f3n social, por apariencia, si es linda o fea, si es gordo o flaco, pero al final lo \u00fanico que demuestra todo esto es la falta de principios, valores, moral y \u00e9tica. Cr\u00e9anme, estos valores no se los aprende en alg\u00fan doctorado inventado por el hombre, \u00e9stos nacen y se forjan en nuestro interior, en nuestros hogares. Los valores, los principios, la moral, la \u00e9tica nacen en el alma del ser humano y nos gu\u00edan e inculcan hacer lo bueno, lo edificante, lo correcto, lo constructivo en beneficio del colectivo social, del d\u00e9bil, del indefenso. M\u00e1s all\u00e1 de lo que tenga uno, una profesi\u00f3n o no &#8211;esto no interesa&#8211;, los valores son el claro ejemplo y la muestra de vida de los padres al hijo, del amor incondicional, del respeto y de la ense\u00f1anza.<\/p>\n<p>\u201cBueno, como muchos me dijeron, solo soy un ignorante\u201d. Ya lo dijo un humilde sabio de la historia de la humanidad, S\u00f3crates: \u201cYO SOLO S\u00c9 QUE NADA S\u00c9\u201d. No me averg\u00fcenza ser ignorante, me averg\u00fcenza la discriminaci\u00f3n. Si al final el Art. 9 Num.1 de la Constituci\u00f3n Pol\u00edtica, que dice una sociedad cimentada sin discriminaci\u00f3n va quedando solo en una redacci\u00f3n de buenas intenciones, preg\u00fantense d\u00f3nde quedan la dignidad, el honor, el vivir bien de nuestro pueblo, seg\u00fan el Art. 8.I, II, 21.II, 22 de la misma CPE. De la misma manera, \u00e9stas tambi\u00e9n van quedando en el olvido.<\/p>\n<p><em>El autor es Abogado. <\/em><\/p>\n","protected":false},"excerpt":{"rendered":"<p>Parte II Sin embargo, nuestros jueces y fiscales dir\u00e1n que tenemos los incidentes, las excepciones, las apelaciones, el recurso de casaci\u00f3n, los amparos constitucionales para recurrir e impetrar tutela. Pero solo despu\u00e9s de que uno es sometido a una muerte civil, a la infamia, al linchamiento medi\u00e1tico, por todos los medios de comunicaci\u00f3n y la [&hellip;]<\/p>\n","protected":false},"author":1,"featured_media":0,"comment_status":"closed","ping_status":"closed","sticky":false,"template":"","format":"standard","meta":{"_acf_changed":false,"footnotes":""},"categories":[9],"tags":[],"class_list":["post-9033","post","type-post","status-publish","format-standard","category-opinion"],"acf":{"antetitulo":""},"yoast_head":"<!-- This site is optimized with the Yoast SEO plugin v28.4 - https:\/\/yoast.com\/product\/yoast-seo-wordpress\/ -->\n<title>Discriminaci\u00f3n, un mal cotidiano - El Diario - Bolivia<\/title>\n<meta name=\"robots\" content=\"index, follow, max-snippet:-1, max-image-preview:large, max-video-preview:-1\" \/>\n<link rel=\"canonical\" href=\"https:\/\/www.eldiario.net\/portal\/2021\/06\/08\/discriminacion-un-mal-cotidiano-2\/\" \/>\n<meta property=\"og:locale\" content=\"es_ES\" \/>\n<meta property=\"og:type\" content=\"article\" \/>\n<meta property=\"og:title\" content=\"Discriminaci\u00f3n, un mal cotidiano - El Diario - Bolivia\" \/>\n<meta property=\"og:description\" content=\"Parte II Sin embargo, nuestros jueces y fiscales dir\u00e1n que tenemos los incidentes, las excepciones, las apelaciones, el recurso de casaci\u00f3n, los amparos constitucionales para recurrir e impetrar tutela. Pero solo despu\u00e9s de que uno es sometido a una muerte civil, a la infamia, al linchamiento medi\u00e1tico, por todos los medios de comunicaci\u00f3n y la [&hellip;]\" \/>\n<meta property=\"og:url\" content=\"https:\/\/www.eldiario.net\/portal\/2021\/06\/08\/discriminacion-un-mal-cotidiano-2\/\" \/>\n<meta property=\"og:site_name\" content=\"El Diario - Bolivia\" \/>\n<meta property=\"article:publisher\" content=\"https:\/\/www.facebook.com\/eldiario.bolivia\/\" \/>\n<meta property=\"article:published_time\" content=\"2021-06-08T09:33:03+00:00\" \/>\n<meta name=\"author\" content=\"Jeanette\" \/>\n<meta name=\"twitter:card\" content=\"summary_large_image\" \/>\n<meta name=\"twitter:creator\" content=\"@eldiario_net\" \/>\n<meta name=\"twitter:site\" content=\"@eldiario_net\" \/>\n<meta name=\"twitter:label1\" content=\"Escrito por\" \/>\n\t<meta name=\"twitter:data1\" content=\"Jeanette\" \/>\n\t<meta name=\"twitter:label2\" content=\"Tiempo de lectura\" \/>\n\t<meta name=\"twitter:data2\" content=\"3 minutos\" \/>\n<script type=\"application\/ld+json\" class=\"yoast-schema-graph\">{\"@context\":\"https:\\\/\\\/schema.org\",\"@graph\":[{\"@type\":\"Article\",\"@id\":\"https:\\\/\\\/www.eldiario.net\\\/portal\\\/2021\\\/06\\\/08\\\/discriminacion-un-mal-cotidiano-2\\\/#article\",\"isPartOf\":{\"@id\":\"https:\\\/\\\/www.eldiario.net\\\/portal\\\/2021\\\/06\\\/08\\\/discriminacion-un-mal-cotidiano-2\\\/\"},\"author\":{\"name\":\"Jeanette\",\"@id\":\"https:\\\/\\\/www.eldiario.net\\\/portal\\\/#\\\/schema\\\/person\\\/f46445640444750d7d753ccd04ae01b7\"},\"headline\":\"Discriminaci\u00f3n, un mal cotidiano\",\"datePublished\":\"2021-06-08T09:33:03+00:00\",\"mainEntityOfPage\":{\"@id\":\"https:\\\/\\\/www.eldiario.net\\\/portal\\\/2021\\\/06\\\/08\\\/discriminacion-un-mal-cotidiano-2\\\/\"},\"wordCount\":518,\"publisher\":{\"@id\":\"https:\\\/\\\/www.eldiario.net\\\/portal\\\/#organization\"},\"articleSection\":[\"Opini\u00f3n\"],\"inLanguage\":\"es\"},{\"@type\":\"WebPage\",\"@id\":\"https:\\\/\\\/www.eldiario.net\\\/portal\\\/2021\\\/06\\\/08\\\/discriminacion-un-mal-cotidiano-2\\\/\",\"url\":\"https:\\\/\\\/www.eldiario.net\\\/portal\\\/2021\\\/06\\\/08\\\/discriminacion-un-mal-cotidiano-2\\\/\",\"name\":\"Discriminaci\u00f3n, un mal cotidiano - El Diario - Bolivia\",\"isPartOf\":{\"@id\":\"https:\\\/\\\/www.eldiario.net\\\/portal\\\/#website\"},\"datePublished\":\"2021-06-08T09:33:03+00:00\",\"breadcrumb\":{\"@id\":\"https:\\\/\\\/www.eldiario.net\\\/portal\\\/2021\\\/06\\\/08\\\/discriminacion-un-mal-cotidiano-2\\\/#breadcrumb\"},\"inLanguage\":\"es\",\"potentialAction\":[{\"@type\":\"ReadAction\",\"target\":[\"https:\\\/\\\/www.eldiario.net\\\/portal\\\/2021\\\/06\\\/08\\\/discriminacion-un-mal-cotidiano-2\\\/\"]}]},{\"@type\":\"BreadcrumbList\",\"@id\":\"https:\\\/\\\/www.eldiario.net\\\/portal\\\/2021\\\/06\\\/08\\\/discriminacion-un-mal-cotidiano-2\\\/#breadcrumb\",\"itemListElement\":[{\"@type\":\"ListItem\",\"position\":1,\"name\":\"Portada\",\"item\":\"https:\\\/\\\/www.eldiario.net\\\/portal\\\/\"},{\"@type\":\"ListItem\",\"position\":2,\"name\":\"Discriminaci\u00f3n, un mal cotidiano\"}]},{\"@type\":\"WebSite\",\"@id\":\"https:\\\/\\\/www.eldiario.net\\\/portal\\\/#website\",\"url\":\"https:\\\/\\\/www.eldiario.net\\\/portal\\\/\",\"name\":\"El Diario - Decano de la prensa nacional\",\"description\":\"El Diario - Decano de la prensa nacional\",\"publisher\":{\"@id\":\"https:\\\/\\\/www.eldiario.net\\\/portal\\\/#organization\"},\"potentialAction\":[{\"@type\":\"SearchAction\",\"target\":{\"@type\":\"EntryPoint\",\"urlTemplate\":\"https:\\\/\\\/www.eldiario.net\\\/portal\\\/?s={search_term_string}\"},\"query-input\":{\"@type\":\"PropertyValueSpecification\",\"valueRequired\":true,\"valueName\":\"search_term_string\"}}],\"inLanguage\":\"es\"},{\"@type\":\"Organization\",\"@id\":\"https:\\\/\\\/www.eldiario.net\\\/portal\\\/#organization\",\"name\":\"El Diario - Decano de la prensa nacional\",\"url\":\"https:\\\/\\\/www.eldiario.net\\\/portal\\\/\",\"logo\":{\"@type\":\"ImageObject\",\"inLanguage\":\"es\",\"@id\":\"https:\\\/\\\/www.eldiario.net\\\/portal\\\/#\\\/schema\\\/logo\\\/image\\\/\",\"url\":\"https:\\\/\\\/www.eldiario.net\\\/portal\\\/wp-content\\\/uploads\\\/2023\\\/07\\\/logo_ED.jpg\",\"contentUrl\":\"https:\\\/\\\/www.eldiario.net\\\/portal\\\/wp-content\\\/uploads\\\/2023\\\/07\\\/logo_ED.jpg\",\"width\":272,\"height\":52,\"caption\":\"El Diario - Decano de la prensa nacional\"},\"image\":{\"@id\":\"https:\\\/\\\/www.eldiario.net\\\/portal\\\/#\\\/schema\\\/logo\\\/image\\\/\"},\"sameAs\":[\"https:\\\/\\\/www.facebook.com\\\/eldiario.bolivia\\\/\",\"https:\\\/\\\/x.com\\\/eldiario_net\"]},{\"@type\":\"Person\",\"@id\":\"https:\\\/\\\/www.eldiario.net\\\/portal\\\/#\\\/schema\\\/person\\\/f46445640444750d7d753ccd04ae01b7\",\"name\":\"Jeanette\",\"image\":{\"@type\":\"ImageObject\",\"inLanguage\":\"es\",\"@id\":\"https:\\\/\\\/secure.gravatar.com\\\/avatar\\\/3ea2118a5f7dad2b7138b1187a6b7ee55f160b9968b66013c3a3ef39dd7e5798?s=96&d=mm&r=g\",\"url\":\"https:\\\/\\\/secure.gravatar.com\\\/avatar\\\/3ea2118a5f7dad2b7138b1187a6b7ee55f160b9968b66013c3a3ef39dd7e5798?s=96&d=mm&r=g\",\"contentUrl\":\"https:\\\/\\\/secure.gravatar.com\\\/avatar\\\/3ea2118a5f7dad2b7138b1187a6b7ee55f160b9968b66013c3a3ef39dd7e5798?s=96&d=mm&r=g\",\"caption\":\"Jeanette\"},\"sameAs\":[\"https:\\\/\\\/www.eldiario.net\\\/portal\"],\"url\":\"https:\\\/\\\/www.eldiario.net\\\/portal\\\/author\\\/jeanette\\\/\"}]}<\/script>\n<!-- \/ Yoast SEO plugin. -->","yoast_head_json":{"title":"Discriminaci\u00f3n, un mal cotidiano - El Diario - Bolivia","robots":{"index":"index","follow":"follow","max-snippet":"max-snippet:-1","max-image-preview":"max-image-preview:large","max-video-preview":"max-video-preview:-1"},"canonical":"https:\/\/www.eldiario.net\/portal\/2021\/06\/08\/discriminacion-un-mal-cotidiano-2\/","og_locale":"es_ES","og_type":"article","og_title":"Discriminaci\u00f3n, un mal cotidiano - El Diario - Bolivia","og_description":"Parte II Sin embargo, nuestros jueces y fiscales dir\u00e1n que tenemos los incidentes, las excepciones, las apelaciones, el recurso de casaci\u00f3n, los amparos constitucionales para recurrir e impetrar tutela. Pero solo despu\u00e9s de que uno es sometido a una muerte civil, a la infamia, al linchamiento medi\u00e1tico, por todos los medios de comunicaci\u00f3n y la [&hellip;]","og_url":"https:\/\/www.eldiario.net\/portal\/2021\/06\/08\/discriminacion-un-mal-cotidiano-2\/","og_site_name":"El Diario - Bolivia","article_publisher":"https:\/\/www.facebook.com\/eldiario.bolivia\/","article_published_time":"2021-06-08T09:33:03+00:00","author":"Jeanette","twitter_card":"summary_large_image","twitter_creator":"@eldiario_net","twitter_site":"@eldiario_net","twitter_misc":{"Escrito por":"Jeanette","Tiempo de lectura":"3 minutos"},"schema":{"@context":"https:\/\/schema.org","@graph":[{"@type":"Article","@id":"https:\/\/www.eldiario.net\/portal\/2021\/06\/08\/discriminacion-un-mal-cotidiano-2\/#article","isPartOf":{"@id":"https:\/\/www.eldiario.net\/portal\/2021\/06\/08\/discriminacion-un-mal-cotidiano-2\/"},"author":{"name":"Jeanette","@id":"https:\/\/www.eldiario.net\/portal\/#\/schema\/person\/f46445640444750d7d753ccd04ae01b7"},"headline":"Discriminaci\u00f3n, un mal cotidiano","datePublished":"2021-06-08T09:33:03+00:00","mainEntityOfPage":{"@id":"https:\/\/www.eldiario.net\/portal\/2021\/06\/08\/discriminacion-un-mal-cotidiano-2\/"},"wordCount":518,"publisher":{"@id":"https:\/\/www.eldiario.net\/portal\/#organization"},"articleSection":["Opini\u00f3n"],"inLanguage":"es"},{"@type":"WebPage","@id":"https:\/\/www.eldiario.net\/portal\/2021\/06\/08\/discriminacion-un-mal-cotidiano-2\/","url":"https:\/\/www.eldiario.net\/portal\/2021\/06\/08\/discriminacion-un-mal-cotidiano-2\/","name":"Discriminaci\u00f3n, un mal cotidiano - El Diario - Bolivia","isPartOf":{"@id":"https:\/\/www.eldiario.net\/portal\/#website"},"datePublished":"2021-06-08T09:33:03+00:00","breadcrumb":{"@id":"https:\/\/www.eldiario.net\/portal\/2021\/06\/08\/discriminacion-un-mal-cotidiano-2\/#breadcrumb"},"inLanguage":"es","potentialAction":[{"@type":"ReadAction","target":["https:\/\/www.eldiario.net\/portal\/2021\/06\/08\/discriminacion-un-mal-cotidiano-2\/"]}]},{"@type":"BreadcrumbList","@id":"https:\/\/www.eldiario.net\/portal\/2021\/06\/08\/discriminacion-un-mal-cotidiano-2\/#breadcrumb","itemListElement":[{"@type":"ListItem","position":1,"name":"Portada","item":"https:\/\/www.eldiario.net\/portal\/"},{"@type":"ListItem","position":2,"name":"Discriminaci\u00f3n, un mal cotidiano"}]},{"@type":"WebSite","@id":"https:\/\/www.eldiario.net\/portal\/#website","url":"https:\/\/www.eldiario.net\/portal\/","name":"El Diario - Decano de la prensa nacional","description":"El Diario - Decano de la prensa nacional","publisher":{"@id":"https:\/\/www.eldiario.net\/portal\/#organization"},"potentialAction":[{"@type":"SearchAction","target":{"@type":"EntryPoint","urlTemplate":"https:\/\/www.eldiario.net\/portal\/?s={search_term_string}"},"query-input":{"@type":"PropertyValueSpecification","valueRequired":true,"valueName":"search_term_string"}}],"inLanguage":"es"},{"@type":"Organization","@id":"https:\/\/www.eldiario.net\/portal\/#organization","name":"El Diario - Decano de la prensa nacional","url":"https:\/\/www.eldiario.net\/portal\/","logo":{"@type":"ImageObject","inLanguage":"es","@id":"https:\/\/www.eldiario.net\/portal\/#\/schema\/logo\/image\/","url":"https:\/\/www.eldiario.net\/portal\/wp-content\/uploads\/2023\/07\/logo_ED.jpg","contentUrl":"https:\/\/www.eldiario.net\/portal\/wp-content\/uploads\/2023\/07\/logo_ED.jpg","width":272,"height":52,"caption":"El Diario - Decano de la prensa nacional"},"image":{"@id":"https:\/\/www.eldiario.net\/portal\/#\/schema\/logo\/image\/"},"sameAs":["https:\/\/www.facebook.com\/eldiario.bolivia\/","https:\/\/x.com\/eldiario_net"]},{"@type":"Person","@id":"https:\/\/www.eldiario.net\/portal\/#\/schema\/person\/f46445640444750d7d753ccd04ae01b7","name":"Jeanette","image":{"@type":"ImageObject","inLanguage":"es","@id":"https:\/\/secure.gravatar.com\/avatar\/3ea2118a5f7dad2b7138b1187a6b7ee55f160b9968b66013c3a3ef39dd7e5798?s=96&d=mm&r=g","url":"https:\/\/secure.gravatar.com\/avatar\/3ea2118a5f7dad2b7138b1187a6b7ee55f160b9968b66013c3a3ef39dd7e5798?s=96&d=mm&r=g","contentUrl":"https:\/\/secure.gravatar.com\/avatar\/3ea2118a5f7dad2b7138b1187a6b7ee55f160b9968b66013c3a3ef39dd7e5798?s=96&d=mm&r=g","caption":"Jeanette"},"sameAs":["https:\/\/www.eldiario.net\/portal"],"url":"https:\/\/www.eldiario.net\/portal\/author\/jeanette\/"}]}},"_links":{"self":[{"href":"https:\/\/www.eldiario.net\/portal\/wp-json\/wp\/v2\/posts\/9033","targetHints":{"allow":["GET"]}}],"collection":[{"href":"https:\/\/www.eldiario.net\/portal\/wp-json\/wp\/v2\/posts"}],"about":[{"href":"https:\/\/www.eldiario.net\/portal\/wp-json\/wp\/v2\/types\/post"}],"author":[{"embeddable":true,"href":"https:\/\/www.eldiario.net\/portal\/wp-json\/wp\/v2\/users\/1"}],"replies":[{"embeddable":true,"href":"https:\/\/www.eldiario.net\/portal\/wp-json\/wp\/v2\/comments?post=9033"}],"version-history":[{"count":0,"href":"https:\/\/www.eldiario.net\/portal\/wp-json\/wp\/v2\/posts\/9033\/revisions"}],"wp:attachment":[{"href":"https:\/\/www.eldiario.net\/portal\/wp-json\/wp\/v2\/media?parent=9033"}],"wp:term":[{"taxonomy":"category","embeddable":true,"href":"https:\/\/www.eldiario.net\/portal\/wp-json\/wp\/v2\/categories?post=9033"},{"taxonomy":"post_tag","embeddable":true,"href":"https:\/\/www.eldiario.net\/portal\/wp-json\/wp\/v2\/tags?post=9033"}],"curies":[{"name":"wp","href":"https:\/\/api.w.org\/{rel}","templated":true}]}}