{"id":90310,"date":"2022-06-13T06:06:07","date_gmt":"2022-06-13T10:06:07","guid":{"rendered":"https:\/\/www.eldiario.net\/portal\/?p=90310"},"modified":"2022-06-13T06:06:07","modified_gmt":"2022-06-13T10:06:07","slug":"usan-inteligencia-artificial-para-darle-voz-a-val-kilmer-en-la-nueva-pelicula-de-topgun","status":"publish","type":"post","link":"https:\/\/www.eldiario.net\/portal\/2022\/06\/13\/usan-inteligencia-artificial-para-darle-voz-a-val-kilmer-en-la-nueva-pelicula-de-topgun\/","title":{"rendered":"Usan Inteligencia Artificial  para darle voz a Val Kilmer en la nueva pel\u00edcula de TopGun"},"content":{"rendered":"<p>Top Gun: Maverick, es la secuela de Top Gun producida y protagonizada por Tom Cruise que ha usado Inteligencia Artificial para darle voz a un personaje.<br \/>\nConsiderada como una gran secuela, incluso mejor que la original, Top Gun: Maverick est\u00e1 dando mucho de qu\u00e9 hablar. Un montaje muy fluido y una historia mucho m\u00e1s impactante y aventurera, parecen ser los grandes puntos fuertes de esta.<br \/>\nLa Inteligencia Artificial ha jugado un papel bastante curioso en la secuela: la voz de Val Kilmer.<br \/>\nY es que, los cient\u00edficos han ayudado a este gran actor a recuperar la voz que un d\u00eda tuvo. Recordemos que este sufri\u00f3 un c\u00e1ncer de garganta por el que se le practic\u00f3 una traqueotom\u00eda en 2014. Debido a eso su voz ha sufrido da\u00f1os irreparables.<br \/>\nLa empresa tecnol\u00f3gica londinense Sonantic se asoci\u00f3 con Kilmer para crear una voz generada por inteligencia artificial para el actor, que finalmente se ha utilizado en Top Gun: Maverick.<br \/>\n\u201cDesde el principio, nuestro objetivo fue crear un modelo de voz del que Val se sintiera orgulloso\u201d, dijo John Flynn, director de tecnolog\u00eda y cofundador de Sonantic, en un blog. \u201cEst\u00e1bamos ansiosos por devolverle la voz, proporcion\u00e1ndole una nueva herramienta para cualquier proyecto creativo que tenga por delante\u201d, a\u00f1ade.<br \/>\nEsta voz generada artificialmente es totalmente sint\u00e9tica e imita antiguas grabaciones del actor. En cuanto al proceso, la empresa recuper\u00f3 algunas grabaciones de este y utiliz\u00f3 un motor de voz para ense\u00f1ar al modelo generado a hablar como Kilmer.<br \/>\nTras esto, se le fueron introduciendo textos para ir poco a poco limpiando las impurezas y dejar una voz exacta.<br \/>\n\u201cComo seres humanos, la capacidad de comunicaci\u00f3n es el n\u00facleo de nuestra existencia, y los efectos del c\u00e1ncer de garganta han dificultado que los dem\u00e1s me entiendan\u201d, explica el actor. \u201cLa oportunidad de contar mi historia, con una voz que se siente aut\u00e9ntica y familiar, es un regalo incre\u00edblemente especial\u201d, finaliza.<br \/>\nLa empresa ya ha declarado que gracias a este proyecto y la creaci\u00f3n de nuevos algoritmos, estos van a poder ser usados para otros clientes.<\/p>\n","protected":false},"excerpt":{"rendered":"<p>Top Gun: Maverick, es la secuela de Top Gun producida y protagonizada por Tom Cruise que ha usado Inteligencia Artificial para darle voz a un personaje. Considerada como una gran secuela, incluso mejor que la original, Top Gun: Maverick est\u00e1 dando mucho de qu\u00e9 hablar. Un montaje muy fluido y una historia mucho m\u00e1s impactante [&hellip;]<\/p>\n","protected":false},"author":1,"featured_media":90311,"comment_status":"closed","ping_status":"closed","sticky":false,"template":"","format":"standard","meta":{"_acf_changed":false,"footnotes":""},"categories":[46],"tags":[],"class_list":["post-90310","post","type-post","status-publish","format-standard","has-post-thumbnail","category-ciencia-computacion"],"acf":{"antetitulo":""},"yoast_head":"<!-- This site is optimized with the Yoast SEO plugin v28.4 - https:\/\/yoast.com\/product\/yoast-seo-wordpress\/ -->\n<title>Usan Inteligencia Artificial para darle voz a Val Kilmer en la nueva pel\u00edcula de TopGun - El Diario - Bolivia<\/title>\n<meta name=\"robots\" content=\"index, follow, max-snippet:-1, max-image-preview:large, max-video-preview:-1\" \/>\n<link rel=\"canonical\" href=\"https:\/\/www.eldiario.net\/portal\/2022\/06\/13\/usan-inteligencia-artificial-para-darle-voz-a-val-kilmer-en-la-nueva-pelicula-de-topgun\/\" \/>\n<meta property=\"og:locale\" content=\"es_ES\" \/>\n<meta property=\"og:type\" content=\"article\" \/>\n<meta property=\"og:title\" content=\"Usan Inteligencia Artificial para darle voz a Val Kilmer en la nueva pel\u00edcula de TopGun - El Diario - Bolivia\" \/>\n<meta property=\"og:description\" content=\"Top Gun: Maverick, es la secuela de Top Gun producida y protagonizada por Tom Cruise que ha usado Inteligencia Artificial para darle voz a un personaje. Considerada como una gran secuela, incluso mejor que la original, Top Gun: Maverick est\u00e1 dando mucho de qu\u00e9 hablar. Un montaje muy fluido y una historia mucho m\u00e1s impactante [&hellip;]\" \/>\n<meta property=\"og:url\" content=\"https:\/\/www.eldiario.net\/portal\/2022\/06\/13\/usan-inteligencia-artificial-para-darle-voz-a-val-kilmer-en-la-nueva-pelicula-de-topgun\/\" \/>\n<meta property=\"og:site_name\" content=\"El Diario - Bolivia\" \/>\n<meta property=\"article:publisher\" content=\"https:\/\/www.facebook.com\/eldiario.bolivia\/\" \/>\n<meta property=\"article:published_time\" content=\"2022-06-13T10:06:07+00:00\" \/>\n<meta property=\"og:image\" content=\"https:\/\/www.eldiario.net\/portal\/wp-content\/uploads\/2022\/06\/8-A-1.jpg\" \/>\n\t<meta property=\"og:image:width\" content=\"1000\" \/>\n\t<meta property=\"og:image:height\" content=\"667\" \/>\n\t<meta property=\"og:image:type\" content=\"image\/jpeg\" \/>\n<meta name=\"author\" content=\"Jeanette\" \/>\n<meta name=\"twitter:card\" content=\"summary_large_image\" \/>\n<meta name=\"twitter:creator\" content=\"@eldiario_net\" \/>\n<meta name=\"twitter:site\" content=\"@eldiario_net\" \/>\n<meta name=\"twitter:label1\" content=\"Escrito por\" \/>\n\t<meta name=\"twitter:data1\" content=\"Jeanette\" \/>\n\t<meta name=\"twitter:label2\" content=\"Tiempo de lectura\" \/>\n\t<meta name=\"twitter:data2\" content=\"2 minutos\" \/>\n<script type=\"application\/ld+json\" class=\"yoast-schema-graph\">{\"@context\":\"https:\\\/\\\/schema.org\",\"@graph\":[{\"@type\":\"Article\",\"@id\":\"https:\\\/\\\/www.eldiario.net\\\/portal\\\/2022\\\/06\\\/13\\\/usan-inteligencia-artificial-para-darle-voz-a-val-kilmer-en-la-nueva-pelicula-de-topgun\\\/#article\",\"isPartOf\":{\"@id\":\"https:\\\/\\\/www.eldiario.net\\\/portal\\\/2022\\\/06\\\/13\\\/usan-inteligencia-artificial-para-darle-voz-a-val-kilmer-en-la-nueva-pelicula-de-topgun\\\/\"},\"author\":{\"name\":\"Jeanette\",\"@id\":\"https:\\\/\\\/www.eldiario.net\\\/portal\\\/#\\\/schema\\\/person\\\/f46445640444750d7d753ccd04ae01b7\"},\"headline\":\"Usan Inteligencia Artificial para darle voz a Val Kilmer en la nueva pel\u00edcula de TopGun\",\"datePublished\":\"2022-06-13T10:06:07+00:00\",\"mainEntityOfPage\":{\"@id\":\"https:\\\/\\\/www.eldiario.net\\\/portal\\\/2022\\\/06\\\/13\\\/usan-inteligencia-artificial-para-darle-voz-a-val-kilmer-en-la-nueva-pelicula-de-topgun\\\/\"},\"wordCount\":376,\"publisher\":{\"@id\":\"https:\\\/\\\/www.eldiario.net\\\/portal\\\/#organization\"},\"image\":{\"@id\":\"https:\\\/\\\/www.eldiario.net\\\/portal\\\/2022\\\/06\\\/13\\\/usan-inteligencia-artificial-para-darle-voz-a-val-kilmer-en-la-nueva-pelicula-de-topgun\\\/#primaryimage\"},\"thumbnailUrl\":\"https:\\\/\\\/www.eldiario.net\\\/portal\\\/wp-content\\\/uploads\\\/2022\\\/06\\\/8-A-1.jpg\",\"articleSection\":[\"Ciencia y Computaci\u00f3n\"],\"inLanguage\":\"es\"},{\"@type\":\"WebPage\",\"@id\":\"https:\\\/\\\/www.eldiario.net\\\/portal\\\/2022\\\/06\\\/13\\\/usan-inteligencia-artificial-para-darle-voz-a-val-kilmer-en-la-nueva-pelicula-de-topgun\\\/\",\"url\":\"https:\\\/\\\/www.eldiario.net\\\/portal\\\/2022\\\/06\\\/13\\\/usan-inteligencia-artificial-para-darle-voz-a-val-kilmer-en-la-nueva-pelicula-de-topgun\\\/\",\"name\":\"Usan Inteligencia Artificial para darle voz a Val Kilmer en la nueva pel\u00edcula de TopGun - El Diario - Bolivia\",\"isPartOf\":{\"@id\":\"https:\\\/\\\/www.eldiario.net\\\/portal\\\/#website\"},\"primaryImageOfPage\":{\"@id\":\"https:\\\/\\\/www.eldiario.net\\\/portal\\\/2022\\\/06\\\/13\\\/usan-inteligencia-artificial-para-darle-voz-a-val-kilmer-en-la-nueva-pelicula-de-topgun\\\/#primaryimage\"},\"image\":{\"@id\":\"https:\\\/\\\/www.eldiario.net\\\/portal\\\/2022\\\/06\\\/13\\\/usan-inteligencia-artificial-para-darle-voz-a-val-kilmer-en-la-nueva-pelicula-de-topgun\\\/#primaryimage\"},\"thumbnailUrl\":\"https:\\\/\\\/www.eldiario.net\\\/portal\\\/wp-content\\\/uploads\\\/2022\\\/06\\\/8-A-1.jpg\",\"datePublished\":\"2022-06-13T10:06:07+00:00\",\"breadcrumb\":{\"@id\":\"https:\\\/\\\/www.eldiario.net\\\/portal\\\/2022\\\/06\\\/13\\\/usan-inteligencia-artificial-para-darle-voz-a-val-kilmer-en-la-nueva-pelicula-de-topgun\\\/#breadcrumb\"},\"inLanguage\":\"es\",\"potentialAction\":[{\"@type\":\"ReadAction\",\"target\":[\"https:\\\/\\\/www.eldiario.net\\\/portal\\\/2022\\\/06\\\/13\\\/usan-inteligencia-artificial-para-darle-voz-a-val-kilmer-en-la-nueva-pelicula-de-topgun\\\/\"]}]},{\"@type\":\"ImageObject\",\"inLanguage\":\"es\",\"@id\":\"https:\\\/\\\/www.eldiario.net\\\/portal\\\/2022\\\/06\\\/13\\\/usan-inteligencia-artificial-para-darle-voz-a-val-kilmer-en-la-nueva-pelicula-de-topgun\\\/#primaryimage\",\"url\":\"https:\\\/\\\/www.eldiario.net\\\/portal\\\/wp-content\\\/uploads\\\/2022\\\/06\\\/8-A-1.jpg\",\"contentUrl\":\"https:\\\/\\\/www.eldiario.net\\\/portal\\\/wp-content\\\/uploads\\\/2022\\\/06\\\/8-A-1.jpg\",\"width\":1000,\"height\":667},{\"@type\":\"BreadcrumbList\",\"@id\":\"https:\\\/\\\/www.eldiario.net\\\/portal\\\/2022\\\/06\\\/13\\\/usan-inteligencia-artificial-para-darle-voz-a-val-kilmer-en-la-nueva-pelicula-de-topgun\\\/#breadcrumb\",\"itemListElement\":[{\"@type\":\"ListItem\",\"position\":1,\"name\":\"Portada\",\"item\":\"https:\\\/\\\/www.eldiario.net\\\/portal\\\/\"},{\"@type\":\"ListItem\",\"position\":2,\"name\":\"Usan Inteligencia Artificial para darle voz a Val Kilmer en la nueva pel\u00edcula de TopGun\"}]},{\"@type\":\"WebSite\",\"@id\":\"https:\\\/\\\/www.eldiario.net\\\/portal\\\/#website\",\"url\":\"https:\\\/\\\/www.eldiario.net\\\/portal\\\/\",\"name\":\"El Diario - Decano de la prensa nacional\",\"description\":\"El Diario - Decano de la prensa nacional\",\"publisher\":{\"@id\":\"https:\\\/\\\/www.eldiario.net\\\/portal\\\/#organization\"},\"potentialAction\":[{\"@type\":\"SearchAction\",\"target\":{\"@type\":\"EntryPoint\",\"urlTemplate\":\"https:\\\/\\\/www.eldiario.net\\\/portal\\\/?s={search_term_string}\"},\"query-input\":{\"@type\":\"PropertyValueSpecification\",\"valueRequired\":true,\"valueName\":\"search_term_string\"}}],\"inLanguage\":\"es\"},{\"@type\":\"Organization\",\"@id\":\"https:\\\/\\\/www.eldiario.net\\\/portal\\\/#organization\",\"name\":\"El Diario - Decano de la prensa nacional\",\"url\":\"https:\\\/\\\/www.eldiario.net\\\/portal\\\/\",\"logo\":{\"@type\":\"ImageObject\",\"inLanguage\":\"es\",\"@id\":\"https:\\\/\\\/www.eldiario.net\\\/portal\\\/#\\\/schema\\\/logo\\\/image\\\/\",\"url\":\"https:\\\/\\\/www.eldiario.net\\\/portal\\\/wp-content\\\/uploads\\\/2023\\\/07\\\/logo_ED.jpg\",\"contentUrl\":\"https:\\\/\\\/www.eldiario.net\\\/portal\\\/wp-content\\\/uploads\\\/2023\\\/07\\\/logo_ED.jpg\",\"width\":272,\"height\":52,\"caption\":\"El Diario - Decano de la prensa nacional\"},\"image\":{\"@id\":\"https:\\\/\\\/www.eldiario.net\\\/portal\\\/#\\\/schema\\\/logo\\\/image\\\/\"},\"sameAs\":[\"https:\\\/\\\/www.facebook.com\\\/eldiario.bolivia\\\/\",\"https:\\\/\\\/x.com\\\/eldiario_net\"]},{\"@type\":\"Person\",\"@id\":\"https:\\\/\\\/www.eldiario.net\\\/portal\\\/#\\\/schema\\\/person\\\/f46445640444750d7d753ccd04ae01b7\",\"name\":\"Jeanette\",\"image\":{\"@type\":\"ImageObject\",\"inLanguage\":\"es\",\"@id\":\"https:\\\/\\\/secure.gravatar.com\\\/avatar\\\/3ea2118a5f7dad2b7138b1187a6b7ee55f160b9968b66013c3a3ef39dd7e5798?s=96&d=mm&r=g\",\"url\":\"https:\\\/\\\/secure.gravatar.com\\\/avatar\\\/3ea2118a5f7dad2b7138b1187a6b7ee55f160b9968b66013c3a3ef39dd7e5798?s=96&d=mm&r=g\",\"contentUrl\":\"https:\\\/\\\/secure.gravatar.com\\\/avatar\\\/3ea2118a5f7dad2b7138b1187a6b7ee55f160b9968b66013c3a3ef39dd7e5798?s=96&d=mm&r=g\",\"caption\":\"Jeanette\"},\"sameAs\":[\"https:\\\/\\\/www.eldiario.net\\\/portal\"],\"url\":\"https:\\\/\\\/www.eldiario.net\\\/portal\\\/author\\\/jeanette\\\/\"}]}<\/script>\n<!-- \/ Yoast SEO plugin. -->","yoast_head_json":{"title":"Usan Inteligencia Artificial para darle voz a Val Kilmer en la nueva pel\u00edcula de TopGun - El Diario - Bolivia","robots":{"index":"index","follow":"follow","max-snippet":"max-snippet:-1","max-image-preview":"max-image-preview:large","max-video-preview":"max-video-preview:-1"},"canonical":"https:\/\/www.eldiario.net\/portal\/2022\/06\/13\/usan-inteligencia-artificial-para-darle-voz-a-val-kilmer-en-la-nueva-pelicula-de-topgun\/","og_locale":"es_ES","og_type":"article","og_title":"Usan Inteligencia Artificial para darle voz a Val Kilmer en la nueva pel\u00edcula de TopGun - El Diario - Bolivia","og_description":"Top Gun: Maverick, es la secuela de Top Gun producida y protagonizada por Tom Cruise que ha usado Inteligencia Artificial para darle voz a un personaje. Considerada como una gran secuela, incluso mejor que la original, Top Gun: Maverick est\u00e1 dando mucho de qu\u00e9 hablar. Un montaje muy fluido y una historia mucho m\u00e1s impactante [&hellip;]","og_url":"https:\/\/www.eldiario.net\/portal\/2022\/06\/13\/usan-inteligencia-artificial-para-darle-voz-a-val-kilmer-en-la-nueva-pelicula-de-topgun\/","og_site_name":"El Diario - Bolivia","article_publisher":"https:\/\/www.facebook.com\/eldiario.bolivia\/","article_published_time":"2022-06-13T10:06:07+00:00","og_image":[{"width":1000,"height":667,"url":"https:\/\/www.eldiario.net\/portal\/wp-content\/uploads\/2022\/06\/8-A-1.jpg","type":"image\/jpeg"}],"author":"Jeanette","twitter_card":"summary_large_image","twitter_creator":"@eldiario_net","twitter_site":"@eldiario_net","twitter_misc":{"Escrito por":"Jeanette","Tiempo de lectura":"2 minutos"},"schema":{"@context":"https:\/\/schema.org","@graph":[{"@type":"Article","@id":"https:\/\/www.eldiario.net\/portal\/2022\/06\/13\/usan-inteligencia-artificial-para-darle-voz-a-val-kilmer-en-la-nueva-pelicula-de-topgun\/#article","isPartOf":{"@id":"https:\/\/www.eldiario.net\/portal\/2022\/06\/13\/usan-inteligencia-artificial-para-darle-voz-a-val-kilmer-en-la-nueva-pelicula-de-topgun\/"},"author":{"name":"Jeanette","@id":"https:\/\/www.eldiario.net\/portal\/#\/schema\/person\/f46445640444750d7d753ccd04ae01b7"},"headline":"Usan Inteligencia Artificial para darle voz a Val Kilmer en la nueva pel\u00edcula de TopGun","datePublished":"2022-06-13T10:06:07+00:00","mainEntityOfPage":{"@id":"https:\/\/www.eldiario.net\/portal\/2022\/06\/13\/usan-inteligencia-artificial-para-darle-voz-a-val-kilmer-en-la-nueva-pelicula-de-topgun\/"},"wordCount":376,"publisher":{"@id":"https:\/\/www.eldiario.net\/portal\/#organization"},"image":{"@id":"https:\/\/www.eldiario.net\/portal\/2022\/06\/13\/usan-inteligencia-artificial-para-darle-voz-a-val-kilmer-en-la-nueva-pelicula-de-topgun\/#primaryimage"},"thumbnailUrl":"https:\/\/www.eldiario.net\/portal\/wp-content\/uploads\/2022\/06\/8-A-1.jpg","articleSection":["Ciencia y Computaci\u00f3n"],"inLanguage":"es"},{"@type":"WebPage","@id":"https:\/\/www.eldiario.net\/portal\/2022\/06\/13\/usan-inteligencia-artificial-para-darle-voz-a-val-kilmer-en-la-nueva-pelicula-de-topgun\/","url":"https:\/\/www.eldiario.net\/portal\/2022\/06\/13\/usan-inteligencia-artificial-para-darle-voz-a-val-kilmer-en-la-nueva-pelicula-de-topgun\/","name":"Usan Inteligencia Artificial para darle voz a Val Kilmer en la nueva pel\u00edcula de TopGun - El Diario - Bolivia","isPartOf":{"@id":"https:\/\/www.eldiario.net\/portal\/#website"},"primaryImageOfPage":{"@id":"https:\/\/www.eldiario.net\/portal\/2022\/06\/13\/usan-inteligencia-artificial-para-darle-voz-a-val-kilmer-en-la-nueva-pelicula-de-topgun\/#primaryimage"},"image":{"@id":"https:\/\/www.eldiario.net\/portal\/2022\/06\/13\/usan-inteligencia-artificial-para-darle-voz-a-val-kilmer-en-la-nueva-pelicula-de-topgun\/#primaryimage"},"thumbnailUrl":"https:\/\/www.eldiario.net\/portal\/wp-content\/uploads\/2022\/06\/8-A-1.jpg","datePublished":"2022-06-13T10:06:07+00:00","breadcrumb":{"@id":"https:\/\/www.eldiario.net\/portal\/2022\/06\/13\/usan-inteligencia-artificial-para-darle-voz-a-val-kilmer-en-la-nueva-pelicula-de-topgun\/#breadcrumb"},"inLanguage":"es","potentialAction":[{"@type":"ReadAction","target":["https:\/\/www.eldiario.net\/portal\/2022\/06\/13\/usan-inteligencia-artificial-para-darle-voz-a-val-kilmer-en-la-nueva-pelicula-de-topgun\/"]}]},{"@type":"ImageObject","inLanguage":"es","@id":"https:\/\/www.eldiario.net\/portal\/2022\/06\/13\/usan-inteligencia-artificial-para-darle-voz-a-val-kilmer-en-la-nueva-pelicula-de-topgun\/#primaryimage","url":"https:\/\/www.eldiario.net\/portal\/wp-content\/uploads\/2022\/06\/8-A-1.jpg","contentUrl":"https:\/\/www.eldiario.net\/portal\/wp-content\/uploads\/2022\/06\/8-A-1.jpg","width":1000,"height":667},{"@type":"BreadcrumbList","@id":"https:\/\/www.eldiario.net\/portal\/2022\/06\/13\/usan-inteligencia-artificial-para-darle-voz-a-val-kilmer-en-la-nueva-pelicula-de-topgun\/#breadcrumb","itemListElement":[{"@type":"ListItem","position":1,"name":"Portada","item":"https:\/\/www.eldiario.net\/portal\/"},{"@type":"ListItem","position":2,"name":"Usan Inteligencia Artificial para darle voz a Val Kilmer en la nueva pel\u00edcula de TopGun"}]},{"@type":"WebSite","@id":"https:\/\/www.eldiario.net\/portal\/#website","url":"https:\/\/www.eldiario.net\/portal\/","name":"El Diario - Decano de la prensa nacional","description":"El Diario - Decano de la prensa nacional","publisher":{"@id":"https:\/\/www.eldiario.net\/portal\/#organization"},"potentialAction":[{"@type":"SearchAction","target":{"@type":"EntryPoint","urlTemplate":"https:\/\/www.eldiario.net\/portal\/?s={search_term_string}"},"query-input":{"@type":"PropertyValueSpecification","valueRequired":true,"valueName":"search_term_string"}}],"inLanguage":"es"},{"@type":"Organization","@id":"https:\/\/www.eldiario.net\/portal\/#organization","name":"El Diario - Decano de la prensa nacional","url":"https:\/\/www.eldiario.net\/portal\/","logo":{"@type":"ImageObject","inLanguage":"es","@id":"https:\/\/www.eldiario.net\/portal\/#\/schema\/logo\/image\/","url":"https:\/\/www.eldiario.net\/portal\/wp-content\/uploads\/2023\/07\/logo_ED.jpg","contentUrl":"https:\/\/www.eldiario.net\/portal\/wp-content\/uploads\/2023\/07\/logo_ED.jpg","width":272,"height":52,"caption":"El Diario - Decano de la prensa nacional"},"image":{"@id":"https:\/\/www.eldiario.net\/portal\/#\/schema\/logo\/image\/"},"sameAs":["https:\/\/www.facebook.com\/eldiario.bolivia\/","https:\/\/x.com\/eldiario_net"]},{"@type":"Person","@id":"https:\/\/www.eldiario.net\/portal\/#\/schema\/person\/f46445640444750d7d753ccd04ae01b7","name":"Jeanette","image":{"@type":"ImageObject","inLanguage":"es","@id":"https:\/\/secure.gravatar.com\/avatar\/3ea2118a5f7dad2b7138b1187a6b7ee55f160b9968b66013c3a3ef39dd7e5798?s=96&d=mm&r=g","url":"https:\/\/secure.gravatar.com\/avatar\/3ea2118a5f7dad2b7138b1187a6b7ee55f160b9968b66013c3a3ef39dd7e5798?s=96&d=mm&r=g","contentUrl":"https:\/\/secure.gravatar.com\/avatar\/3ea2118a5f7dad2b7138b1187a6b7ee55f160b9968b66013c3a3ef39dd7e5798?s=96&d=mm&r=g","caption":"Jeanette"},"sameAs":["https:\/\/www.eldiario.net\/portal"],"url":"https:\/\/www.eldiario.net\/portal\/author\/jeanette\/"}]}},"_links":{"self":[{"href":"https:\/\/www.eldiario.net\/portal\/wp-json\/wp\/v2\/posts\/90310","targetHints":{"allow":["GET"]}}],"collection":[{"href":"https:\/\/www.eldiario.net\/portal\/wp-json\/wp\/v2\/posts"}],"about":[{"href":"https:\/\/www.eldiario.net\/portal\/wp-json\/wp\/v2\/types\/post"}],"author":[{"embeddable":true,"href":"https:\/\/www.eldiario.net\/portal\/wp-json\/wp\/v2\/users\/1"}],"replies":[{"embeddable":true,"href":"https:\/\/www.eldiario.net\/portal\/wp-json\/wp\/v2\/comments?post=90310"}],"version-history":[{"count":0,"href":"https:\/\/www.eldiario.net\/portal\/wp-json\/wp\/v2\/posts\/90310\/revisions"}],"wp:featuredmedia":[{"embeddable":true,"href":"https:\/\/www.eldiario.net\/portal\/wp-json\/wp\/v2\/media\/90311"}],"wp:attachment":[{"href":"https:\/\/www.eldiario.net\/portal\/wp-json\/wp\/v2\/media?parent=90310"}],"wp:term":[{"taxonomy":"category","embeddable":true,"href":"https:\/\/www.eldiario.net\/portal\/wp-json\/wp\/v2\/categories?post=90310"},{"taxonomy":"post_tag","embeddable":true,"href":"https:\/\/www.eldiario.net\/portal\/wp-json\/wp\/v2\/tags?post=90310"}],"curies":[{"name":"wp","href":"https:\/\/api.w.org\/{rel}","templated":true}]}}