{"id":90307,"date":"2022-06-13T06:05:18","date_gmt":"2022-06-13T10:05:18","guid":{"rendered":"https:\/\/www.eldiario.net\/portal\/?p=90307"},"modified":"2022-06-13T06:05:18","modified_gmt":"2022-06-13T10:05:18","slug":"esconde-las-fotos-y-videos-que-guardas-en-tu-celular","status":"publish","type":"post","link":"https:\/\/www.eldiario.net\/portal\/2022\/06\/13\/esconde-las-fotos-y-videos-que-guardas-en-tu-celular\/","title":{"rendered":"Esconde las fotos y v\u00eddeos que guardas en tu celular"},"content":{"rendered":"<p>Existe una forma en todos los celulares que nos permiten ocultar fotos o v\u00eddeos en la galer\u00eda y\/o protegerlas con contrase\u00f1a para que nadie pueda acceder a ellas. Este sistema de seguridad lleva disponible desde hace a\u00f1os en todo tipo de smartphones sin necesidad de aplicaciones.<br \/>\nPara poder disfrutar de esta opci\u00f3n como tal que nos permite esconder fotos en el celular, vamos a depender en gran medida de la capa de personalizaci\u00f3n que integra nuestro equipo. En muchas de ellas, los pasos a seguir para esconder fotos vienen por defecto tras unos sencillos pasos . No obstante, no suele ser f\u00e1cil o r\u00e1pido encontrar la opci\u00f3n. M\u00e1s que nada, porque si es algo que oculta archivos, debe estar \u2018escondido\u2019 para que surta efecto su finalidad.<br \/>\nC\u00f3mo ocultar en Xiaomi<br \/>\nTanto en los m\u00f3viles Xiaomi, Redmi o POCO, tenemos una opci\u00f3n en MIUI sencilla y f\u00e1cil de utilizar para proteger las fotos de la galer\u00eda del m\u00f3vil. En este caso, utilizaremos el carrete que viene de manera predeterminada en la capa de personalizaci\u00f3n de los m\u00f3viles de la firma china. Para ello, habr\u00e1 que seguir el siguiente proceso: Primero entra en la galer\u00eda. Despu\u00e9s, hay mantener el dedo sobre las fotos que queremos esconder. A continuaci\u00f3n, tocamos en a\u00f1adir al \u00c1lbum privado. Autom\u00e1ticamente se realizar\u00e1 una copia, por lo que si queremos que no est\u00e9 en la galer\u00eda p\u00fablica tendremos que borrarla. Luego para poder consultar esta foto, tenemos que entrar en los \u00e1lbumes desde la galer\u00eda y arrastra el dedo desde la parte superior hacia abajo con la intenci\u00f3n de desbloquear el \u00e1lbum privado. A continuaci\u00f3n, nos pedir\u00e1 la contrase\u00f1a que pusimos a la hora de usar por primera vez esta herramienta y ya podremos ver las fotos o v\u00eddeos que hemos protegido.<br \/>\nEsconde las fotos en Samsung<br \/>\nLos smartphones de Samsung que integran One UI en cualquiera de sus versiones, ofrecen la posibilidad de utilizar la denominada como carpeta segura, un espacio donde guardar, ocultar y proteger archivos y tambi\u00e9n fotos o v\u00eddeos. Aunque dentro del carrete de los m\u00f3viles de la firma surcoreana cuentan tambi\u00e9n con la opci\u00f3n de Ocultar \u00e1lbumes, lo cierto es que ser\u00e1 m\u00e1s seguro hacerlo mediante la herramienta de Carpeta Segura. Para poder acceder a las im\u00e1genes o v\u00eddeos que hemos ido ocultando, adem\u00e1s de que tambi\u00e9n nos servir\u00e1 para esconder aplicaciones u otro tipo de archivos, deberemos ir a la carpeta de herramientas de One UI, donde nos encontraremos la funci\u00f3n de Carpeta Segura. Al pulsar sobre ella, tendremos que poner el pat\u00f3n, huella o PIN para entrar. En su interior, veremos todos los documentos o softwares que hab\u00edamos ocultado.<br \/>\nOc\u00faltalas en Huawei<br \/>\nEl fabricante introduce en EMUI la posibilidad de ocultar las fotos o v\u00eddeos de la galer\u00eda mediante su herramienta caja fuerte. Para encontrarla, configurarla y empezar a usarla tenemos que entrar su configuraci\u00f3n nativa. Vemos los pasos a seguir: Entra en la aplicaci\u00f3n de Ajustes. Ve a la pesta\u00f1a de Seguridad y pulsa sobre la opci\u00f3n que pone Caja fuerte. Tendremos que establecer una contrase\u00f1a, pudiendo vincularla con la protecci\u00f3n de seguridad biom\u00e9trica. A continuaci\u00f3n, tan solo tenemos que entrar en fotos o v\u00eddeos y nos llevar\u00e1 a la galer\u00eda del m\u00f3vil, donde vamos a poder elegir los elementos que queremos a\u00f1adir a esta protecci\u00f3n.<\/p>\n","protected":false},"excerpt":{"rendered":"<p>Existe una forma en todos los celulares que nos permiten ocultar fotos o v\u00eddeos en la galer\u00eda y\/o protegerlas con contrase\u00f1a para que nadie pueda acceder a ellas. Este sistema de seguridad lleva disponible desde hace a\u00f1os en todo tipo de smartphones sin necesidad de aplicaciones. Para poder disfrutar de esta opci\u00f3n como tal que [&hellip;]<\/p>\n","protected":false},"author":1,"featured_media":90308,"comment_status":"closed","ping_status":"closed","sticky":false,"template":"","format":"standard","meta":{"_acf_changed":false,"footnotes":""},"categories":[46],"tags":[],"class_list":["post-90307","post","type-post","status-publish","format-standard","has-post-thumbnail","category-ciencia-computacion"],"acf":{"antetitulo":""},"yoast_head":"<!-- This site is optimized with the Yoast SEO plugin v28.4 - https:\/\/yoast.com\/product\/yoast-seo-wordpress\/ -->\n<title>Esconde las fotos y v\u00eddeos que guardas en tu celular - El Diario - Bolivia<\/title>\n<meta name=\"robots\" content=\"index, follow, max-snippet:-1, max-image-preview:large, max-video-preview:-1\" \/>\n<link rel=\"canonical\" href=\"https:\/\/www.eldiario.net\/portal\/2022\/06\/13\/esconde-las-fotos-y-videos-que-guardas-en-tu-celular\/\" \/>\n<meta property=\"og:locale\" content=\"es_ES\" \/>\n<meta property=\"og:type\" content=\"article\" \/>\n<meta property=\"og:title\" content=\"Esconde las fotos y v\u00eddeos que guardas en tu celular - El Diario - Bolivia\" \/>\n<meta property=\"og:description\" content=\"Existe una forma en todos los celulares que nos permiten ocultar fotos o v\u00eddeos en la galer\u00eda y\/o protegerlas con contrase\u00f1a para que nadie pueda acceder a ellas. Este sistema de seguridad lleva disponible desde hace a\u00f1os en todo tipo de smartphones sin necesidad de aplicaciones. Para poder disfrutar de esta opci\u00f3n como tal que [&hellip;]\" \/>\n<meta property=\"og:url\" content=\"https:\/\/www.eldiario.net\/portal\/2022\/06\/13\/esconde-las-fotos-y-videos-que-guardas-en-tu-celular\/\" \/>\n<meta property=\"og:site_name\" content=\"El Diario - Bolivia\" \/>\n<meta property=\"article:publisher\" content=\"https:\/\/www.facebook.com\/eldiario.bolivia\/\" \/>\n<meta property=\"article:published_time\" content=\"2022-06-13T10:05:18+00:00\" \/>\n<meta name=\"author\" content=\"Jeanette\" \/>\n<meta name=\"twitter:card\" content=\"summary_large_image\" \/>\n<meta name=\"twitter:creator\" content=\"@eldiario_net\" \/>\n<meta name=\"twitter:site\" content=\"@eldiario_net\" \/>\n<meta name=\"twitter:label1\" content=\"Escrito por\" \/>\n\t<meta name=\"twitter:data1\" content=\"Jeanette\" \/>\n\t<meta name=\"twitter:label2\" content=\"Tiempo de lectura\" \/>\n\t<meta name=\"twitter:data2\" content=\"3 minutos\" \/>\n<script type=\"application\/ld+json\" class=\"yoast-schema-graph\">{\"@context\":\"https:\\\/\\\/schema.org\",\"@graph\":[{\"@type\":\"Article\",\"@id\":\"https:\\\/\\\/www.eldiario.net\\\/portal\\\/2022\\\/06\\\/13\\\/esconde-las-fotos-y-videos-que-guardas-en-tu-celular\\\/#article\",\"isPartOf\":{\"@id\":\"https:\\\/\\\/www.eldiario.net\\\/portal\\\/2022\\\/06\\\/13\\\/esconde-las-fotos-y-videos-que-guardas-en-tu-celular\\\/\"},\"author\":{\"name\":\"Jeanette\",\"@id\":\"https:\\\/\\\/www.eldiario.net\\\/portal\\\/#\\\/schema\\\/person\\\/f46445640444750d7d753ccd04ae01b7\"},\"headline\":\"Esconde las fotos y v\u00eddeos que guardas en tu celular\",\"datePublished\":\"2022-06-13T10:05:18+00:00\",\"mainEntityOfPage\":{\"@id\":\"https:\\\/\\\/www.eldiario.net\\\/portal\\\/2022\\\/06\\\/13\\\/esconde-las-fotos-y-videos-que-guardas-en-tu-celular\\\/\"},\"wordCount\":616,\"publisher\":{\"@id\":\"https:\\\/\\\/www.eldiario.net\\\/portal\\\/#organization\"},\"image\":{\"@id\":\"https:\\\/\\\/www.eldiario.net\\\/portal\\\/2022\\\/06\\\/13\\\/esconde-las-fotos-y-videos-que-guardas-en-tu-celular\\\/#primaryimage\"},\"thumbnailUrl\":\"\",\"articleSection\":[\"Ciencia y Computaci\u00f3n\"],\"inLanguage\":\"es\"},{\"@type\":\"WebPage\",\"@id\":\"https:\\\/\\\/www.eldiario.net\\\/portal\\\/2022\\\/06\\\/13\\\/esconde-las-fotos-y-videos-que-guardas-en-tu-celular\\\/\",\"url\":\"https:\\\/\\\/www.eldiario.net\\\/portal\\\/2022\\\/06\\\/13\\\/esconde-las-fotos-y-videos-que-guardas-en-tu-celular\\\/\",\"name\":\"Esconde las fotos y v\u00eddeos que guardas en tu celular - El Diario - Bolivia\",\"isPartOf\":{\"@id\":\"https:\\\/\\\/www.eldiario.net\\\/portal\\\/#website\"},\"primaryImageOfPage\":{\"@id\":\"https:\\\/\\\/www.eldiario.net\\\/portal\\\/2022\\\/06\\\/13\\\/esconde-las-fotos-y-videos-que-guardas-en-tu-celular\\\/#primaryimage\"},\"image\":{\"@id\":\"https:\\\/\\\/www.eldiario.net\\\/portal\\\/2022\\\/06\\\/13\\\/esconde-las-fotos-y-videos-que-guardas-en-tu-celular\\\/#primaryimage\"},\"thumbnailUrl\":\"\",\"datePublished\":\"2022-06-13T10:05:18+00:00\",\"breadcrumb\":{\"@id\":\"https:\\\/\\\/www.eldiario.net\\\/portal\\\/2022\\\/06\\\/13\\\/esconde-las-fotos-y-videos-que-guardas-en-tu-celular\\\/#breadcrumb\"},\"inLanguage\":\"es\",\"potentialAction\":[{\"@type\":\"ReadAction\",\"target\":[\"https:\\\/\\\/www.eldiario.net\\\/portal\\\/2022\\\/06\\\/13\\\/esconde-las-fotos-y-videos-que-guardas-en-tu-celular\\\/\"]}]},{\"@type\":\"ImageObject\",\"inLanguage\":\"es\",\"@id\":\"https:\\\/\\\/www.eldiario.net\\\/portal\\\/2022\\\/06\\\/13\\\/esconde-las-fotos-y-videos-que-guardas-en-tu-celular\\\/#primaryimage\",\"url\":\"\",\"contentUrl\":\"\"},{\"@type\":\"BreadcrumbList\",\"@id\":\"https:\\\/\\\/www.eldiario.net\\\/portal\\\/2022\\\/06\\\/13\\\/esconde-las-fotos-y-videos-que-guardas-en-tu-celular\\\/#breadcrumb\",\"itemListElement\":[{\"@type\":\"ListItem\",\"position\":1,\"name\":\"Portada\",\"item\":\"https:\\\/\\\/www.eldiario.net\\\/portal\\\/\"},{\"@type\":\"ListItem\",\"position\":2,\"name\":\"Esconde las fotos y v\u00eddeos que guardas en tu celular\"}]},{\"@type\":\"WebSite\",\"@id\":\"https:\\\/\\\/www.eldiario.net\\\/portal\\\/#website\",\"url\":\"https:\\\/\\\/www.eldiario.net\\\/portal\\\/\",\"name\":\"El Diario - Decano de la prensa nacional\",\"description\":\"El Diario - Decano de la prensa nacional\",\"publisher\":{\"@id\":\"https:\\\/\\\/www.eldiario.net\\\/portal\\\/#organization\"},\"potentialAction\":[{\"@type\":\"SearchAction\",\"target\":{\"@type\":\"EntryPoint\",\"urlTemplate\":\"https:\\\/\\\/www.eldiario.net\\\/portal\\\/?s={search_term_string}\"},\"query-input\":{\"@type\":\"PropertyValueSpecification\",\"valueRequired\":true,\"valueName\":\"search_term_string\"}}],\"inLanguage\":\"es\"},{\"@type\":\"Organization\",\"@id\":\"https:\\\/\\\/www.eldiario.net\\\/portal\\\/#organization\",\"name\":\"El Diario - Decano de la prensa nacional\",\"url\":\"https:\\\/\\\/www.eldiario.net\\\/portal\\\/\",\"logo\":{\"@type\":\"ImageObject\",\"inLanguage\":\"es\",\"@id\":\"https:\\\/\\\/www.eldiario.net\\\/portal\\\/#\\\/schema\\\/logo\\\/image\\\/\",\"url\":\"https:\\\/\\\/www.eldiario.net\\\/portal\\\/wp-content\\\/uploads\\\/2023\\\/07\\\/logo_ED.jpg\",\"contentUrl\":\"https:\\\/\\\/www.eldiario.net\\\/portal\\\/wp-content\\\/uploads\\\/2023\\\/07\\\/logo_ED.jpg\",\"width\":272,\"height\":52,\"caption\":\"El Diario - Decano de la prensa nacional\"},\"image\":{\"@id\":\"https:\\\/\\\/www.eldiario.net\\\/portal\\\/#\\\/schema\\\/logo\\\/image\\\/\"},\"sameAs\":[\"https:\\\/\\\/www.facebook.com\\\/eldiario.bolivia\\\/\",\"https:\\\/\\\/x.com\\\/eldiario_net\"]},{\"@type\":\"Person\",\"@id\":\"https:\\\/\\\/www.eldiario.net\\\/portal\\\/#\\\/schema\\\/person\\\/f46445640444750d7d753ccd04ae01b7\",\"name\":\"Jeanette\",\"image\":{\"@type\":\"ImageObject\",\"inLanguage\":\"es\",\"@id\":\"https:\\\/\\\/secure.gravatar.com\\\/avatar\\\/3ea2118a5f7dad2b7138b1187a6b7ee55f160b9968b66013c3a3ef39dd7e5798?s=96&d=mm&r=g\",\"url\":\"https:\\\/\\\/secure.gravatar.com\\\/avatar\\\/3ea2118a5f7dad2b7138b1187a6b7ee55f160b9968b66013c3a3ef39dd7e5798?s=96&d=mm&r=g\",\"contentUrl\":\"https:\\\/\\\/secure.gravatar.com\\\/avatar\\\/3ea2118a5f7dad2b7138b1187a6b7ee55f160b9968b66013c3a3ef39dd7e5798?s=96&d=mm&r=g\",\"caption\":\"Jeanette\"},\"sameAs\":[\"https:\\\/\\\/www.eldiario.net\\\/portal\"],\"url\":\"https:\\\/\\\/www.eldiario.net\\\/portal\\\/author\\\/jeanette\\\/\"}]}<\/script>\n<!-- \/ Yoast SEO plugin. -->","yoast_head_json":{"title":"Esconde las fotos y v\u00eddeos que guardas en tu celular - El Diario - Bolivia","robots":{"index":"index","follow":"follow","max-snippet":"max-snippet:-1","max-image-preview":"max-image-preview:large","max-video-preview":"max-video-preview:-1"},"canonical":"https:\/\/www.eldiario.net\/portal\/2022\/06\/13\/esconde-las-fotos-y-videos-que-guardas-en-tu-celular\/","og_locale":"es_ES","og_type":"article","og_title":"Esconde las fotos y v\u00eddeos que guardas en tu celular - El Diario - Bolivia","og_description":"Existe una forma en todos los celulares que nos permiten ocultar fotos o v\u00eddeos en la galer\u00eda y\/o protegerlas con contrase\u00f1a para que nadie pueda acceder a ellas. Este sistema de seguridad lleva disponible desde hace a\u00f1os en todo tipo de smartphones sin necesidad de aplicaciones. Para poder disfrutar de esta opci\u00f3n como tal que [&hellip;]","og_url":"https:\/\/www.eldiario.net\/portal\/2022\/06\/13\/esconde-las-fotos-y-videos-que-guardas-en-tu-celular\/","og_site_name":"El Diario - Bolivia","article_publisher":"https:\/\/www.facebook.com\/eldiario.bolivia\/","article_published_time":"2022-06-13T10:05:18+00:00","author":"Jeanette","twitter_card":"summary_large_image","twitter_creator":"@eldiario_net","twitter_site":"@eldiario_net","twitter_misc":{"Escrito por":"Jeanette","Tiempo de lectura":"3 minutos"},"schema":{"@context":"https:\/\/schema.org","@graph":[{"@type":"Article","@id":"https:\/\/www.eldiario.net\/portal\/2022\/06\/13\/esconde-las-fotos-y-videos-que-guardas-en-tu-celular\/#article","isPartOf":{"@id":"https:\/\/www.eldiario.net\/portal\/2022\/06\/13\/esconde-las-fotos-y-videos-que-guardas-en-tu-celular\/"},"author":{"name":"Jeanette","@id":"https:\/\/www.eldiario.net\/portal\/#\/schema\/person\/f46445640444750d7d753ccd04ae01b7"},"headline":"Esconde las fotos y v\u00eddeos que guardas en tu celular","datePublished":"2022-06-13T10:05:18+00:00","mainEntityOfPage":{"@id":"https:\/\/www.eldiario.net\/portal\/2022\/06\/13\/esconde-las-fotos-y-videos-que-guardas-en-tu-celular\/"},"wordCount":616,"publisher":{"@id":"https:\/\/www.eldiario.net\/portal\/#organization"},"image":{"@id":"https:\/\/www.eldiario.net\/portal\/2022\/06\/13\/esconde-las-fotos-y-videos-que-guardas-en-tu-celular\/#primaryimage"},"thumbnailUrl":"","articleSection":["Ciencia y Computaci\u00f3n"],"inLanguage":"es"},{"@type":"WebPage","@id":"https:\/\/www.eldiario.net\/portal\/2022\/06\/13\/esconde-las-fotos-y-videos-que-guardas-en-tu-celular\/","url":"https:\/\/www.eldiario.net\/portal\/2022\/06\/13\/esconde-las-fotos-y-videos-que-guardas-en-tu-celular\/","name":"Esconde las fotos y v\u00eddeos que guardas en tu celular - El Diario - Bolivia","isPartOf":{"@id":"https:\/\/www.eldiario.net\/portal\/#website"},"primaryImageOfPage":{"@id":"https:\/\/www.eldiario.net\/portal\/2022\/06\/13\/esconde-las-fotos-y-videos-que-guardas-en-tu-celular\/#primaryimage"},"image":{"@id":"https:\/\/www.eldiario.net\/portal\/2022\/06\/13\/esconde-las-fotos-y-videos-que-guardas-en-tu-celular\/#primaryimage"},"thumbnailUrl":"","datePublished":"2022-06-13T10:05:18+00:00","breadcrumb":{"@id":"https:\/\/www.eldiario.net\/portal\/2022\/06\/13\/esconde-las-fotos-y-videos-que-guardas-en-tu-celular\/#breadcrumb"},"inLanguage":"es","potentialAction":[{"@type":"ReadAction","target":["https:\/\/www.eldiario.net\/portal\/2022\/06\/13\/esconde-las-fotos-y-videos-que-guardas-en-tu-celular\/"]}]},{"@type":"ImageObject","inLanguage":"es","@id":"https:\/\/www.eldiario.net\/portal\/2022\/06\/13\/esconde-las-fotos-y-videos-que-guardas-en-tu-celular\/#primaryimage","url":"","contentUrl":""},{"@type":"BreadcrumbList","@id":"https:\/\/www.eldiario.net\/portal\/2022\/06\/13\/esconde-las-fotos-y-videos-que-guardas-en-tu-celular\/#breadcrumb","itemListElement":[{"@type":"ListItem","position":1,"name":"Portada","item":"https:\/\/www.eldiario.net\/portal\/"},{"@type":"ListItem","position":2,"name":"Esconde las fotos y v\u00eddeos que guardas en tu celular"}]},{"@type":"WebSite","@id":"https:\/\/www.eldiario.net\/portal\/#website","url":"https:\/\/www.eldiario.net\/portal\/","name":"El Diario - Decano de la prensa nacional","description":"El Diario - Decano de la prensa nacional","publisher":{"@id":"https:\/\/www.eldiario.net\/portal\/#organization"},"potentialAction":[{"@type":"SearchAction","target":{"@type":"EntryPoint","urlTemplate":"https:\/\/www.eldiario.net\/portal\/?s={search_term_string}"},"query-input":{"@type":"PropertyValueSpecification","valueRequired":true,"valueName":"search_term_string"}}],"inLanguage":"es"},{"@type":"Organization","@id":"https:\/\/www.eldiario.net\/portal\/#organization","name":"El Diario - Decano de la prensa nacional","url":"https:\/\/www.eldiario.net\/portal\/","logo":{"@type":"ImageObject","inLanguage":"es","@id":"https:\/\/www.eldiario.net\/portal\/#\/schema\/logo\/image\/","url":"https:\/\/www.eldiario.net\/portal\/wp-content\/uploads\/2023\/07\/logo_ED.jpg","contentUrl":"https:\/\/www.eldiario.net\/portal\/wp-content\/uploads\/2023\/07\/logo_ED.jpg","width":272,"height":52,"caption":"El Diario - Decano de la prensa nacional"},"image":{"@id":"https:\/\/www.eldiario.net\/portal\/#\/schema\/logo\/image\/"},"sameAs":["https:\/\/www.facebook.com\/eldiario.bolivia\/","https:\/\/x.com\/eldiario_net"]},{"@type":"Person","@id":"https:\/\/www.eldiario.net\/portal\/#\/schema\/person\/f46445640444750d7d753ccd04ae01b7","name":"Jeanette","image":{"@type":"ImageObject","inLanguage":"es","@id":"https:\/\/secure.gravatar.com\/avatar\/3ea2118a5f7dad2b7138b1187a6b7ee55f160b9968b66013c3a3ef39dd7e5798?s=96&d=mm&r=g","url":"https:\/\/secure.gravatar.com\/avatar\/3ea2118a5f7dad2b7138b1187a6b7ee55f160b9968b66013c3a3ef39dd7e5798?s=96&d=mm&r=g","contentUrl":"https:\/\/secure.gravatar.com\/avatar\/3ea2118a5f7dad2b7138b1187a6b7ee55f160b9968b66013c3a3ef39dd7e5798?s=96&d=mm&r=g","caption":"Jeanette"},"sameAs":["https:\/\/www.eldiario.net\/portal"],"url":"https:\/\/www.eldiario.net\/portal\/author\/jeanette\/"}]}},"_links":{"self":[{"href":"https:\/\/www.eldiario.net\/portal\/wp-json\/wp\/v2\/posts\/90307","targetHints":{"allow":["GET"]}}],"collection":[{"href":"https:\/\/www.eldiario.net\/portal\/wp-json\/wp\/v2\/posts"}],"about":[{"href":"https:\/\/www.eldiario.net\/portal\/wp-json\/wp\/v2\/types\/post"}],"author":[{"embeddable":true,"href":"https:\/\/www.eldiario.net\/portal\/wp-json\/wp\/v2\/users\/1"}],"replies":[{"embeddable":true,"href":"https:\/\/www.eldiario.net\/portal\/wp-json\/wp\/v2\/comments?post=90307"}],"version-history":[{"count":0,"href":"https:\/\/www.eldiario.net\/portal\/wp-json\/wp\/v2\/posts\/90307\/revisions"}],"wp:attachment":[{"href":"https:\/\/www.eldiario.net\/portal\/wp-json\/wp\/v2\/media?parent=90307"}],"wp:term":[{"taxonomy":"category","embeddable":true,"href":"https:\/\/www.eldiario.net\/portal\/wp-json\/wp\/v2\/categories?post=90307"},{"taxonomy":"post_tag","embeddable":true,"href":"https:\/\/www.eldiario.net\/portal\/wp-json\/wp\/v2\/tags?post=90307"}],"curies":[{"name":"wp","href":"https:\/\/api.w.org\/{rel}","templated":true}]}}