{"id":9028,"date":"2021-06-08T05:30:38","date_gmt":"2021-06-08T09:30:38","guid":{"rendered":"https:\/\/www.eldiario.net\/portal\/?p=9028"},"modified":"2021-06-08T05:30:38","modified_gmt":"2021-06-08T09:30:38","slug":"alianza-opositora-y-gubernamental-morena-se-proclaman-vencedores","status":"publish","type":"post","link":"https:\/\/www.eldiario.net\/portal\/2021\/06\/08\/alianza-opositora-y-gubernamental-morena-se-proclaman-vencedores\/","title":{"rendered":"Alianza opositora y gubernamental Morena se proclaman vencedores"},"content":{"rendered":"<p>Tras el cierre de las urnas y a pesar de la falta de resultados oficiales, la coalici\u00f3n opositora formada por el Partido Acci\u00f3n Nacional (PAN), el Partido Revolucionario Institucional (PRI) y Movimiento Ciudadano (MC) se han proclamado vencedores de las elecciones, algo que tambi\u00e9n ha hecho el gubernamental Movimiento Regeneraci\u00f3n Nacional (Morena) del presidente, Andr\u00e9s Manuel L\u00f3pez Obrador.<\/p>\n<p>As\u00ed, el PAN y el PRI han dicho ser los ganadores de la contienda en al menos seis gobernaciones, algo que tambi\u00e9n ha declarado Morena, seg\u00fan informaciones del diario &#8216;El Universal&#8217;. Movimiento Ciudadano, por su parte, ha declarado su la victoria en Nuevo Le\u00f3n.<\/p>\n<p>El Comit\u00e9 Ejecutivo Nacional del PAN afirm\u00f3 que se ha podido poner un \u00abalto\u00bb a Morena y a la \u00abdestrucci\u00f3n del pa\u00eds\u00bb. As\u00ed, Marko Cort\u00e9s ha indicado que, con los sondeos a pie de urna, se ha obtenido un \u00abbuen resultado en las elecciones\u00bb. \u00abLa coalici\u00f3n va a gobernar a mucha m\u00e1s poblaci\u00f3n y va a tener m\u00e1s diputados federales y locales\u00bb, asever\u00f3.<\/p>\n<p>En este sentido, declar\u00f3 que Acci\u00f3n Nacional y sus aliados suponen la \u00abgran alternativa\u00bb y que se han hecho con un resultado hist\u00f3rico en Ciudad de M\u00e9xico, donde va ganando Benito Ju\u00e1rez, as\u00ed como en Coayoac\u00e1n, con Miguel Hidalgo, y en Cuauht\u00e9moc Cuajimalpa con \u00c1lvaro Obreg\u00f3n.<\/p>\n<p>\u00abAcci\u00f3n Nacional est\u00e1 ganando con un ampl\u00edsimo margen en el estado de Quer\u00e9taro, y tambi\u00e9n puedo informarles que la coalici\u00f3n Va por M\u00e9xico tiene cerradas contiendas arriba en los estados de San Luis Potos\u00ed, Michoac\u00e1n, Campeche, Zacatecas y Colima\u00bb, ha afirmado.<\/p>\n<p>Por otra parte, el l\u00edder de Morena, Mario Delgado, indic\u00f3 que el partido se ha hecho con los estados de Zacatecas, Guerrero, Tlaxcala, Michoac\u00e1n, Colima y Campeche. En un mensaje ante los medios de comunicaci\u00f3n, ha sostenido que dichas entidades ya se han \u00abvestido de Morena\u00bb con una ventaja \u00abirreversible\u00bb.<\/p>\n<p>\u00abEstamos muy contentos porque el pueblo de M\u00e9xico decidi\u00f3 seguir haciendo historia. Zacatecas, Guerrero, Tlaxcala, Michoac\u00e1n, Colima y Campeche se visten de Morena. Son encuestas de salida donde se tiene una amplia ventaja para darlos ya como resultados que se ir\u00e1n conformando por la autoridad electoral a su debido tiempo, pero por el margen que tenemos son irreversibles\u00bb, destac\u00f3.<\/p>\n<p>&nbsp;<\/p>\n<p>Delgado ha manifestado adem\u00e1s que Ciudad de M\u00e9xico sigue siendo \u00abterritorio Morena\u00bb y ha declarado la victoria en al menos 14 alcald\u00edas. \u00abTenemos 14 alcald\u00edas ganadas, y los resultados no nos favorecen en Benito Ju\u00e1rez y Cuajimalpa\u00bb, puntualiz\u00f3.<\/p>\n<p>Respecto a las diputaciones a nivel federal ha insistido en que \u00abmantendr\u00e1n la mayor\u00eda\u00bb. No obstante, ha denunciado incidentes, como la apertura tard\u00eda de las urnas, la compra de votos y algunos casos de violencia electoral, algo que se estar\u00eda investigando.<\/p>\n<p>&nbsp;<\/p>\n<p>SIN MAYOR\u00cdA EN LA C\u00c1MARA DE DIPUTADOS<\/p>\n<p>El PRI, sin embargo, ha insistido en que Morena ya no contar\u00e1 con la mayor\u00eda den la C\u00e1mara de Diputados. El l\u00edder de la formaci\u00f3n Alejandro Moreno C\u00e1rdenas ha proclamado la victoria electoral de su partido en Campeche y Nuevo Le\u00f3n, ha asegurado que ha sido un proceso muy ajustado en el que la alianza opositora se habr\u00eda desmarcado en Tlaxcala, Zacatecas, Michoac\u00e1n, Guerrero, San Luis Potos\u00ed y Colima.<\/p>\n<p>Moreno ha matizado que, sin duda, el PRI \u00abarroja un resultado muy positivo\u00bb dado el incremento de los apoyos registrados desde las \u00faltimas elecciones. \u00abEn el PRI y en la coalici\u00f3n Va por M\u00e9xico estamos muy contentos porque tendremos resultados excelentes, buenos para nuestros partidos, buenos para M\u00e9xico, (&#8230;) vamos a generar en el Congreso de la Uni\u00f3n tambi\u00e9n pesos y contrapesos que le van a ayudar al pa\u00eds\u00bb, destac\u00f3.<\/p>\n<p>Por otra parte, ha reconocido la labor del Instituto Nacional Electoral (INE): \u00abtodo nuestro apoyo, todo nuestro respaldo a las consejeras, a los consejeros, pero sobre todo a los miles de ciudadanos que participaron en esta elecci\u00f3n\u00bb.<\/p>\n<p>Ciro Murayama, consejero electoral, ha alertado en su cuenta de Twitter de la irresponsabilidad que supone declararse ganador sin que haya a\u00fan resultados oficiales del proceso.<\/p>\n<p>&nbsp;<\/p>\n<p>ELECCIONES \u00abLIMPIAS\u00bb Y \u00abLIBRES\u00bb<\/p>\n<p>Por su parte, L\u00f3pez Obrador ha defendido este lunes que las elecciones se llevaron a cabo de forma \u00ablibre\u00bb y \u00ablimpia\u00bb y ha destacado que \u00abno intervino el Estado como ocurri\u00f3 durante siglos en M\u00e9xico\u00bb.<\/p>\n<p>En su rueda de prensa diaria, el mandatario ha agradecido \u00aba todo el pueblo de M\u00e9xico\u00bb por la jornada del domingo, donde \u00abse reafirm\u00f3 el camino hacia la democracia\u00bb. \u00abEso es fundamental, el que se puedan dirimir las diferencias por la v\u00eda electoral, por la v\u00eda pac\u00edfica\u00bb, ha agregado, seg\u00fan ha recogido el diario &#8216;Milenio&#8217;.<\/p>\n<p>En este sentido, ha remarcado que las elecciones fueron \u00abhist\u00f3ricas\u00bb porque \u00abfueron libres, limpias, como no suced\u00eda en otros tiempos\u00bb y tambi\u00e9n ha asegurado que la \u00abdelincuencia de cuello blanco\u00bb no ha alterado \u00aben lo fundamental los resultados de la elecci\u00f3n\u00bb porque \u00abno se pasaron de la raya\u00bb.<\/p>\n<p>\u00abHubo desaseos, hubo intervenciones, injerencias de autoridades locales, pero a diferencia de otros tiempos, no intervino el estado, no fueron elecciones de estado, como las que se llevaron a cabo durante d\u00e9cadas y siglos en M\u00e9xico\u00bb, ha concluido. (Infobae)<\/p>\n","protected":false},"excerpt":{"rendered":"<p>Tras el cierre de las urnas y a pesar de la falta de resultados oficiales, la coalici\u00f3n opositora formada por el Partido Acci\u00f3n Nacional (PAN), el Partido Revolucionario Institucional (PRI) y Movimiento Ciudadano (MC) se han proclamado vencedores de las elecciones, algo que tambi\u00e9n ha hecho el gubernamental Movimiento Regeneraci\u00f3n Nacional (Morena) del presidente, Andr\u00e9s [&hellip;]<\/p>\n","protected":false},"author":1,"featured_media":9029,"comment_status":"closed","ping_status":"closed","sticky":false,"template":"","format":"standard","meta":{"_acf_changed":false,"footnotes":""},"categories":[3],"tags":[],"class_list":["post-9028","post","type-post","status-publish","format-standard","has-post-thumbnail","category-internacional"],"acf":{"antetitulo":""},"yoast_head":"<!-- This site is optimized with the Yoast SEO plugin v28.3 - https:\/\/yoast.com\/product\/yoast-seo-wordpress\/ -->\n<title>Alianza opositora y gubernamental Morena se proclaman vencedores - El Diario - Bolivia<\/title>\n<meta name=\"robots\" content=\"index, follow, max-snippet:-1, max-image-preview:large, max-video-preview:-1\" \/>\n<link rel=\"canonical\" href=\"https:\/\/www.eldiario.net\/portal\/2021\/06\/08\/alianza-opositora-y-gubernamental-morena-se-proclaman-vencedores\/\" \/>\n<meta property=\"og:locale\" content=\"es_ES\" \/>\n<meta property=\"og:type\" content=\"article\" \/>\n<meta property=\"og:title\" content=\"Alianza opositora y gubernamental Morena se proclaman vencedores - El Diario - Bolivia\" \/>\n<meta property=\"og:description\" content=\"Tras el cierre de las urnas y a pesar de la falta de resultados oficiales, la coalici\u00f3n opositora formada por el Partido Acci\u00f3n Nacional (PAN), el Partido Revolucionario Institucional (PRI) y Movimiento Ciudadano (MC) se han proclamado vencedores de las elecciones, algo que tambi\u00e9n ha hecho el gubernamental Movimiento Regeneraci\u00f3n Nacional (Morena) del presidente, Andr\u00e9s [&hellip;]\" \/>\n<meta property=\"og:url\" content=\"https:\/\/www.eldiario.net\/portal\/2021\/06\/08\/alianza-opositora-y-gubernamental-morena-se-proclaman-vencedores\/\" \/>\n<meta property=\"og:site_name\" content=\"El Diario - Bolivia\" \/>\n<meta property=\"article:publisher\" content=\"https:\/\/www.facebook.com\/eldiario.bolivia\/\" \/>\n<meta property=\"article:published_time\" content=\"2021-06-08T09:30:38+00:00\" \/>\n<meta name=\"author\" content=\"Jeanette\" \/>\n<meta name=\"twitter:card\" content=\"summary_large_image\" \/>\n<meta name=\"twitter:creator\" content=\"@eldiario_net\" \/>\n<meta name=\"twitter:site\" content=\"@eldiario_net\" \/>\n<meta name=\"twitter:label1\" content=\"Escrito por\" \/>\n\t<meta name=\"twitter:data1\" content=\"Jeanette\" \/>\n\t<meta name=\"twitter:label2\" content=\"Tiempo de lectura\" \/>\n\t<meta name=\"twitter:data2\" content=\"4 minutos\" \/>\n<script type=\"application\/ld+json\" class=\"yoast-schema-graph\">{\"@context\":\"https:\\\/\\\/schema.org\",\"@graph\":[{\"@type\":\"Article\",\"@id\":\"https:\\\/\\\/www.eldiario.net\\\/portal\\\/2021\\\/06\\\/08\\\/alianza-opositora-y-gubernamental-morena-se-proclaman-vencedores\\\/#article\",\"isPartOf\":{\"@id\":\"https:\\\/\\\/www.eldiario.net\\\/portal\\\/2021\\\/06\\\/08\\\/alianza-opositora-y-gubernamental-morena-se-proclaman-vencedores\\\/\"},\"author\":{\"name\":\"Jeanette\",\"@id\":\"https:\\\/\\\/www.eldiario.net\\\/portal\\\/#\\\/schema\\\/person\\\/f46445640444750d7d753ccd04ae01b7\"},\"headline\":\"Alianza opositora y gubernamental Morena se proclaman vencedores\",\"datePublished\":\"2021-06-08T09:30:38+00:00\",\"mainEntityOfPage\":{\"@id\":\"https:\\\/\\\/www.eldiario.net\\\/portal\\\/2021\\\/06\\\/08\\\/alianza-opositora-y-gubernamental-morena-se-proclaman-vencedores\\\/\"},\"wordCount\":914,\"publisher\":{\"@id\":\"https:\\\/\\\/www.eldiario.net\\\/portal\\\/#organization\"},\"image\":{\"@id\":\"https:\\\/\\\/www.eldiario.net\\\/portal\\\/2021\\\/06\\\/08\\\/alianza-opositora-y-gubernamental-morena-se-proclaman-vencedores\\\/#primaryimage\"},\"thumbnailUrl\":\"\",\"articleSection\":[\"Internacional\"],\"inLanguage\":\"es\"},{\"@type\":\"WebPage\",\"@id\":\"https:\\\/\\\/www.eldiario.net\\\/portal\\\/2021\\\/06\\\/08\\\/alianza-opositora-y-gubernamental-morena-se-proclaman-vencedores\\\/\",\"url\":\"https:\\\/\\\/www.eldiario.net\\\/portal\\\/2021\\\/06\\\/08\\\/alianza-opositora-y-gubernamental-morena-se-proclaman-vencedores\\\/\",\"name\":\"Alianza opositora y gubernamental Morena se proclaman vencedores - El Diario - Bolivia\",\"isPartOf\":{\"@id\":\"https:\\\/\\\/www.eldiario.net\\\/portal\\\/#website\"},\"primaryImageOfPage\":{\"@id\":\"https:\\\/\\\/www.eldiario.net\\\/portal\\\/2021\\\/06\\\/08\\\/alianza-opositora-y-gubernamental-morena-se-proclaman-vencedores\\\/#primaryimage\"},\"image\":{\"@id\":\"https:\\\/\\\/www.eldiario.net\\\/portal\\\/2021\\\/06\\\/08\\\/alianza-opositora-y-gubernamental-morena-se-proclaman-vencedores\\\/#primaryimage\"},\"thumbnailUrl\":\"\",\"datePublished\":\"2021-06-08T09:30:38+00:00\",\"breadcrumb\":{\"@id\":\"https:\\\/\\\/www.eldiario.net\\\/portal\\\/2021\\\/06\\\/08\\\/alianza-opositora-y-gubernamental-morena-se-proclaman-vencedores\\\/#breadcrumb\"},\"inLanguage\":\"es\",\"potentialAction\":[{\"@type\":\"ReadAction\",\"target\":[\"https:\\\/\\\/www.eldiario.net\\\/portal\\\/2021\\\/06\\\/08\\\/alianza-opositora-y-gubernamental-morena-se-proclaman-vencedores\\\/\"]}]},{\"@type\":\"ImageObject\",\"inLanguage\":\"es\",\"@id\":\"https:\\\/\\\/www.eldiario.net\\\/portal\\\/2021\\\/06\\\/08\\\/alianza-opositora-y-gubernamental-morena-se-proclaman-vencedores\\\/#primaryimage\",\"url\":\"\",\"contentUrl\":\"\"},{\"@type\":\"BreadcrumbList\",\"@id\":\"https:\\\/\\\/www.eldiario.net\\\/portal\\\/2021\\\/06\\\/08\\\/alianza-opositora-y-gubernamental-morena-se-proclaman-vencedores\\\/#breadcrumb\",\"itemListElement\":[{\"@type\":\"ListItem\",\"position\":1,\"name\":\"Portada\",\"item\":\"https:\\\/\\\/www.eldiario.net\\\/portal\\\/\"},{\"@type\":\"ListItem\",\"position\":2,\"name\":\"Alianza opositora y gubernamental Morena se proclaman vencedores\"}]},{\"@type\":\"WebSite\",\"@id\":\"https:\\\/\\\/www.eldiario.net\\\/portal\\\/#website\",\"url\":\"https:\\\/\\\/www.eldiario.net\\\/portal\\\/\",\"name\":\"El Diario - Decano de la prensa nacional\",\"description\":\"El Diario - Decano de la prensa nacional\",\"publisher\":{\"@id\":\"https:\\\/\\\/www.eldiario.net\\\/portal\\\/#organization\"},\"potentialAction\":[{\"@type\":\"SearchAction\",\"target\":{\"@type\":\"EntryPoint\",\"urlTemplate\":\"https:\\\/\\\/www.eldiario.net\\\/portal\\\/?s={search_term_string}\"},\"query-input\":{\"@type\":\"PropertyValueSpecification\",\"valueRequired\":true,\"valueName\":\"search_term_string\"}}],\"inLanguage\":\"es\"},{\"@type\":\"Organization\",\"@id\":\"https:\\\/\\\/www.eldiario.net\\\/portal\\\/#organization\",\"name\":\"El Diario - Decano de la prensa nacional\",\"url\":\"https:\\\/\\\/www.eldiario.net\\\/portal\\\/\",\"logo\":{\"@type\":\"ImageObject\",\"inLanguage\":\"es\",\"@id\":\"https:\\\/\\\/www.eldiario.net\\\/portal\\\/#\\\/schema\\\/logo\\\/image\\\/\",\"url\":\"https:\\\/\\\/www.eldiario.net\\\/portal\\\/wp-content\\\/uploads\\\/2023\\\/07\\\/logo_ED.jpg\",\"contentUrl\":\"https:\\\/\\\/www.eldiario.net\\\/portal\\\/wp-content\\\/uploads\\\/2023\\\/07\\\/logo_ED.jpg\",\"width\":272,\"height\":52,\"caption\":\"El Diario - Decano de la prensa nacional\"},\"image\":{\"@id\":\"https:\\\/\\\/www.eldiario.net\\\/portal\\\/#\\\/schema\\\/logo\\\/image\\\/\"},\"sameAs\":[\"https:\\\/\\\/www.facebook.com\\\/eldiario.bolivia\\\/\",\"https:\\\/\\\/x.com\\\/eldiario_net\"]},{\"@type\":\"Person\",\"@id\":\"https:\\\/\\\/www.eldiario.net\\\/portal\\\/#\\\/schema\\\/person\\\/f46445640444750d7d753ccd04ae01b7\",\"name\":\"Jeanette\",\"image\":{\"@type\":\"ImageObject\",\"inLanguage\":\"es\",\"@id\":\"https:\\\/\\\/secure.gravatar.com\\\/avatar\\\/3ea2118a5f7dad2b7138b1187a6b7ee55f160b9968b66013c3a3ef39dd7e5798?s=96&d=mm&r=g\",\"url\":\"https:\\\/\\\/secure.gravatar.com\\\/avatar\\\/3ea2118a5f7dad2b7138b1187a6b7ee55f160b9968b66013c3a3ef39dd7e5798?s=96&d=mm&r=g\",\"contentUrl\":\"https:\\\/\\\/secure.gravatar.com\\\/avatar\\\/3ea2118a5f7dad2b7138b1187a6b7ee55f160b9968b66013c3a3ef39dd7e5798?s=96&d=mm&r=g\",\"caption\":\"Jeanette\"},\"sameAs\":[\"https:\\\/\\\/www.eldiario.net\\\/portal\"],\"url\":\"https:\\\/\\\/www.eldiario.net\\\/portal\\\/author\\\/jeanette\\\/\"}]}<\/script>\n<!-- \/ Yoast SEO plugin. -->","yoast_head_json":{"title":"Alianza opositora y gubernamental Morena se proclaman vencedores - El Diario - Bolivia","robots":{"index":"index","follow":"follow","max-snippet":"max-snippet:-1","max-image-preview":"max-image-preview:large","max-video-preview":"max-video-preview:-1"},"canonical":"https:\/\/www.eldiario.net\/portal\/2021\/06\/08\/alianza-opositora-y-gubernamental-morena-se-proclaman-vencedores\/","og_locale":"es_ES","og_type":"article","og_title":"Alianza opositora y gubernamental Morena se proclaman vencedores - El Diario - Bolivia","og_description":"Tras el cierre de las urnas y a pesar de la falta de resultados oficiales, la coalici\u00f3n opositora formada por el Partido Acci\u00f3n Nacional (PAN), el Partido Revolucionario Institucional (PRI) y Movimiento Ciudadano (MC) se han proclamado vencedores de las elecciones, algo que tambi\u00e9n ha hecho el gubernamental Movimiento Regeneraci\u00f3n Nacional (Morena) del presidente, Andr\u00e9s [&hellip;]","og_url":"https:\/\/www.eldiario.net\/portal\/2021\/06\/08\/alianza-opositora-y-gubernamental-morena-se-proclaman-vencedores\/","og_site_name":"El Diario - Bolivia","article_publisher":"https:\/\/www.facebook.com\/eldiario.bolivia\/","article_published_time":"2021-06-08T09:30:38+00:00","author":"Jeanette","twitter_card":"summary_large_image","twitter_creator":"@eldiario_net","twitter_site":"@eldiario_net","twitter_misc":{"Escrito por":"Jeanette","Tiempo de lectura":"4 minutos"},"schema":{"@context":"https:\/\/schema.org","@graph":[{"@type":"Article","@id":"https:\/\/www.eldiario.net\/portal\/2021\/06\/08\/alianza-opositora-y-gubernamental-morena-se-proclaman-vencedores\/#article","isPartOf":{"@id":"https:\/\/www.eldiario.net\/portal\/2021\/06\/08\/alianza-opositora-y-gubernamental-morena-se-proclaman-vencedores\/"},"author":{"name":"Jeanette","@id":"https:\/\/www.eldiario.net\/portal\/#\/schema\/person\/f46445640444750d7d753ccd04ae01b7"},"headline":"Alianza opositora y gubernamental Morena se proclaman vencedores","datePublished":"2021-06-08T09:30:38+00:00","mainEntityOfPage":{"@id":"https:\/\/www.eldiario.net\/portal\/2021\/06\/08\/alianza-opositora-y-gubernamental-morena-se-proclaman-vencedores\/"},"wordCount":914,"publisher":{"@id":"https:\/\/www.eldiario.net\/portal\/#organization"},"image":{"@id":"https:\/\/www.eldiario.net\/portal\/2021\/06\/08\/alianza-opositora-y-gubernamental-morena-se-proclaman-vencedores\/#primaryimage"},"thumbnailUrl":"","articleSection":["Internacional"],"inLanguage":"es"},{"@type":"WebPage","@id":"https:\/\/www.eldiario.net\/portal\/2021\/06\/08\/alianza-opositora-y-gubernamental-morena-se-proclaman-vencedores\/","url":"https:\/\/www.eldiario.net\/portal\/2021\/06\/08\/alianza-opositora-y-gubernamental-morena-se-proclaman-vencedores\/","name":"Alianza opositora y gubernamental Morena se proclaman vencedores - El Diario - Bolivia","isPartOf":{"@id":"https:\/\/www.eldiario.net\/portal\/#website"},"primaryImageOfPage":{"@id":"https:\/\/www.eldiario.net\/portal\/2021\/06\/08\/alianza-opositora-y-gubernamental-morena-se-proclaman-vencedores\/#primaryimage"},"image":{"@id":"https:\/\/www.eldiario.net\/portal\/2021\/06\/08\/alianza-opositora-y-gubernamental-morena-se-proclaman-vencedores\/#primaryimage"},"thumbnailUrl":"","datePublished":"2021-06-08T09:30:38+00:00","breadcrumb":{"@id":"https:\/\/www.eldiario.net\/portal\/2021\/06\/08\/alianza-opositora-y-gubernamental-morena-se-proclaman-vencedores\/#breadcrumb"},"inLanguage":"es","potentialAction":[{"@type":"ReadAction","target":["https:\/\/www.eldiario.net\/portal\/2021\/06\/08\/alianza-opositora-y-gubernamental-morena-se-proclaman-vencedores\/"]}]},{"@type":"ImageObject","inLanguage":"es","@id":"https:\/\/www.eldiario.net\/portal\/2021\/06\/08\/alianza-opositora-y-gubernamental-morena-se-proclaman-vencedores\/#primaryimage","url":"","contentUrl":""},{"@type":"BreadcrumbList","@id":"https:\/\/www.eldiario.net\/portal\/2021\/06\/08\/alianza-opositora-y-gubernamental-morena-se-proclaman-vencedores\/#breadcrumb","itemListElement":[{"@type":"ListItem","position":1,"name":"Portada","item":"https:\/\/www.eldiario.net\/portal\/"},{"@type":"ListItem","position":2,"name":"Alianza opositora y gubernamental Morena se proclaman vencedores"}]},{"@type":"WebSite","@id":"https:\/\/www.eldiario.net\/portal\/#website","url":"https:\/\/www.eldiario.net\/portal\/","name":"El Diario - Decano de la prensa nacional","description":"El Diario - Decano de la prensa nacional","publisher":{"@id":"https:\/\/www.eldiario.net\/portal\/#organization"},"potentialAction":[{"@type":"SearchAction","target":{"@type":"EntryPoint","urlTemplate":"https:\/\/www.eldiario.net\/portal\/?s={search_term_string}"},"query-input":{"@type":"PropertyValueSpecification","valueRequired":true,"valueName":"search_term_string"}}],"inLanguage":"es"},{"@type":"Organization","@id":"https:\/\/www.eldiario.net\/portal\/#organization","name":"El Diario - Decano de la prensa nacional","url":"https:\/\/www.eldiario.net\/portal\/","logo":{"@type":"ImageObject","inLanguage":"es","@id":"https:\/\/www.eldiario.net\/portal\/#\/schema\/logo\/image\/","url":"https:\/\/www.eldiario.net\/portal\/wp-content\/uploads\/2023\/07\/logo_ED.jpg","contentUrl":"https:\/\/www.eldiario.net\/portal\/wp-content\/uploads\/2023\/07\/logo_ED.jpg","width":272,"height":52,"caption":"El Diario - Decano de la prensa nacional"},"image":{"@id":"https:\/\/www.eldiario.net\/portal\/#\/schema\/logo\/image\/"},"sameAs":["https:\/\/www.facebook.com\/eldiario.bolivia\/","https:\/\/x.com\/eldiario_net"]},{"@type":"Person","@id":"https:\/\/www.eldiario.net\/portal\/#\/schema\/person\/f46445640444750d7d753ccd04ae01b7","name":"Jeanette","image":{"@type":"ImageObject","inLanguage":"es","@id":"https:\/\/secure.gravatar.com\/avatar\/3ea2118a5f7dad2b7138b1187a6b7ee55f160b9968b66013c3a3ef39dd7e5798?s=96&d=mm&r=g","url":"https:\/\/secure.gravatar.com\/avatar\/3ea2118a5f7dad2b7138b1187a6b7ee55f160b9968b66013c3a3ef39dd7e5798?s=96&d=mm&r=g","contentUrl":"https:\/\/secure.gravatar.com\/avatar\/3ea2118a5f7dad2b7138b1187a6b7ee55f160b9968b66013c3a3ef39dd7e5798?s=96&d=mm&r=g","caption":"Jeanette"},"sameAs":["https:\/\/www.eldiario.net\/portal"],"url":"https:\/\/www.eldiario.net\/portal\/author\/jeanette\/"}]}},"_links":{"self":[{"href":"https:\/\/www.eldiario.net\/portal\/wp-json\/wp\/v2\/posts\/9028","targetHints":{"allow":["GET"]}}],"collection":[{"href":"https:\/\/www.eldiario.net\/portal\/wp-json\/wp\/v2\/posts"}],"about":[{"href":"https:\/\/www.eldiario.net\/portal\/wp-json\/wp\/v2\/types\/post"}],"author":[{"embeddable":true,"href":"https:\/\/www.eldiario.net\/portal\/wp-json\/wp\/v2\/users\/1"}],"replies":[{"embeddable":true,"href":"https:\/\/www.eldiario.net\/portal\/wp-json\/wp\/v2\/comments?post=9028"}],"version-history":[{"count":0,"href":"https:\/\/www.eldiario.net\/portal\/wp-json\/wp\/v2\/posts\/9028\/revisions"}],"wp:attachment":[{"href":"https:\/\/www.eldiario.net\/portal\/wp-json\/wp\/v2\/media?parent=9028"}],"wp:term":[{"taxonomy":"category","embeddable":true,"href":"https:\/\/www.eldiario.net\/portal\/wp-json\/wp\/v2\/categories?post=9028"},{"taxonomy":"post_tag","embeddable":true,"href":"https:\/\/www.eldiario.net\/portal\/wp-json\/wp\/v2\/tags?post=9028"}],"curies":[{"name":"wp","href":"https:\/\/api.w.org\/{rel}","templated":true}]}}