{"id":9023,"date":"2021-06-08T05:28:24","date_gmt":"2021-06-08T09:28:24","guid":{"rendered":"https:\/\/www.eldiario.net\/portal\/?p=9023"},"modified":"2021-06-08T05:28:24","modified_gmt":"2021-06-08T09:28:24","slug":"comite-del-paro-suspende-de-forma-unilateral-negociaciones","status":"publish","type":"post","link":"https:\/\/www.eldiario.net\/portal\/2021\/06\/08\/comite-del-paro-suspende-de-forma-unilateral-negociaciones\/","title":{"rendered":"Comit\u00e9 del Paro suspende de  forma unilateral negociaciones"},"content":{"rendered":"<p>(CNN Espa\u00f1ol).- Los l\u00edderes sindicales que integran el Comit\u00e9 del Paro de Colombia (CNP) anunciaron este domingo la suspensi\u00f3n unilateral de las negociaciones con el Gobierno del presidente Iv\u00e1n Duque debido, seg\u00fan dijeron, \u00abal incumplimiento del Gobierno de la firma del preacuerdo de garant\u00edas del 24 de mayo\u00bb.<\/p>\n<p>El Comit\u00e9 del Paro asegur\u00f3 adem\u00e1s que el Gobierno \u201cno est\u00e1 interesado y que ha dilatado, a prop\u00f3sito, la negociaci\u00f3n del pliego de emergencia\u201d.<\/p>\n<p>Iv\u00e1n Duque anuncia reforma a la Polic\u00eda tras m\u00e1s de un mes de paro en Colombia y en medio de la visita de la CIDH a Colombia<\/p>\n<p>Los l\u00edderes sindicales insisten en que el pasado 24 de mayo llegaron a un preacuerdo con 34 medidas para garantizar las movilizaciones, \u201cque el Gobierno deshizo el 29 de mayo, proponiendo cambios regresivos en pr\u00e1cticamente todo el texto\u201d.<\/p>\n<p>El Comit\u00e9, adem\u00e1s, solicita que el Gobierno derogue un decreto que autoriza el despliegue militar en ciudades en las que se altere el orden p\u00fablico por cuenta de los desmanes en las protestas.<\/p>\n<p>&nbsp;<\/p>\n<p><strong>LA RESPUESTA DEL GOBIERNO<\/strong><\/p>\n<p>Ante esta decisi\u00f3n, el Gobierno Nacional inform\u00f3 que refrenda su voluntad de di\u00e1logo y que ve una gran responsabilidad en asegurar las garant\u00edas de la protesta pac\u00edfica.<\/p>\n<p>El portavoz del Gobierno en el di\u00e1logo y consejero presidencial para la Estabilizaci\u00f3n y la Consolidaci\u00f3n, Emilio Archila, acus\u00f3 hoy al CNP de haber \u201cdejado al pa\u00eds en mora de soluciones y sin haber condenado los bloqueos\u00bb, mientras que ellos se mostraron dispuestos a \u00abllegar a un texto de garant\u00edas y, sobre todo, para avocarse a los temas del pliego\u00bb que present\u00f3 el Comit\u00e9 con demandas como una renta b\u00e1sica o la garant\u00edas para manifestarse.<\/p>\n<p>Iv\u00e1n Duque anuncia reforma a la Polic\u00eda tras m\u00e1s de un mes de paro en Colombia y en medio de la visita de la CIDH a Colombia<\/p>\n<p>Con respecto al preacuerdo de garant\u00edas al que alude el Comit\u00e9 del Paro, el Gobierno afirm\u00f3 que \u00abese texto nunca se pens\u00f3 para ser firmado as\u00ed, sino que era un borrador para seguir el trabajo\u201d.<\/p>\n<p>&nbsp;<\/p>\n<p>Comit\u00e9 del Paro entregar\u00e1 a la CIDH preacuerdo<\/p>\n<p>El CNP tambi\u00e9n anunci\u00f3 que entregar\u00e1n a la Comisi\u00f3n Interamericana de Derechos Humanos (CIDH) un preacuerdo de fecha de 24 de mayo que versa sobre los \u201cm\u00ednimos para garantizar el ejercicio de la protesta social pac\u00edfica\u201d.<\/p>\n<p>Tambi\u00e9n alert\u00f3 que la actitud del gobierno los lleva \u201ca suspender la negociaci\u00f3n y evaluar la continuidad de las conversaciones adelantadas con el gobierno\u201d.<\/p>\n<p>Los l\u00edderes sindicales tambi\u00e9n volvieron a responsabilizar al presidente Duque y a su Gobierno por los hechos de violencia durante las manifestaciones que tuvieron lugar en varias ciudades de Colombia.<\/p>\n<p>En el marco de las protestas y bloqueos que llevan m\u00e1s de un mes ya se han registrado por lo menos 47 muertos y hay denuncias de abuso policial, por las cuales la Polic\u00eda ha iniciado m\u00e1s de 100 investigaciones.<\/p>\n<p>Seg\u00fan cifras del Ministerio de Defensa, entre el 28 de abril y el 2 de junio se han reportado 1.106 heridos en las protestas, pero no se distingue el tipo de heridos en las cifras oficiales.<\/p>\n","protected":false},"excerpt":{"rendered":"<p>(CNN Espa\u00f1ol).- Los l\u00edderes sindicales que integran el Comit\u00e9 del Paro de Colombia (CNP) anunciaron este domingo la suspensi\u00f3n unilateral de las negociaciones con el Gobierno del presidente Iv\u00e1n Duque debido, seg\u00fan dijeron, \u00abal incumplimiento del Gobierno de la firma del preacuerdo de garant\u00edas del 24 de mayo\u00bb. El Comit\u00e9 del Paro asegur\u00f3 adem\u00e1s que [&hellip;]<\/p>\n","protected":false},"author":1,"featured_media":9024,"comment_status":"closed","ping_status":"closed","sticky":false,"template":"","format":"standard","meta":{"_acf_changed":false,"footnotes":""},"categories":[3],"tags":[],"class_list":["post-9023","post","type-post","status-publish","format-standard","has-post-thumbnail","category-internacional"],"acf":{"antetitulo":""},"yoast_head":"<!-- This site is optimized with the Yoast SEO plugin v28.3 - https:\/\/yoast.com\/product\/yoast-seo-wordpress\/ -->\n<title>Comit\u00e9 del Paro suspende de forma unilateral negociaciones - El Diario - Bolivia<\/title>\n<meta name=\"robots\" content=\"index, follow, max-snippet:-1, max-image-preview:large, max-video-preview:-1\" \/>\n<link rel=\"canonical\" href=\"https:\/\/www.eldiario.net\/portal\/2021\/06\/08\/comite-del-paro-suspende-de-forma-unilateral-negociaciones\/\" \/>\n<meta property=\"og:locale\" content=\"es_ES\" \/>\n<meta property=\"og:type\" content=\"article\" \/>\n<meta property=\"og:title\" content=\"Comit\u00e9 del Paro suspende de forma unilateral negociaciones - El Diario - Bolivia\" \/>\n<meta property=\"og:description\" content=\"(CNN Espa\u00f1ol).- Los l\u00edderes sindicales que integran el Comit\u00e9 del Paro de Colombia (CNP) anunciaron este domingo la suspensi\u00f3n unilateral de las negociaciones con el Gobierno del presidente Iv\u00e1n Duque debido, seg\u00fan dijeron, \u00abal incumplimiento del Gobierno de la firma del preacuerdo de garant\u00edas del 24 de mayo\u00bb. El Comit\u00e9 del Paro asegur\u00f3 adem\u00e1s que [&hellip;]\" \/>\n<meta property=\"og:url\" content=\"https:\/\/www.eldiario.net\/portal\/2021\/06\/08\/comite-del-paro-suspende-de-forma-unilateral-negociaciones\/\" \/>\n<meta property=\"og:site_name\" content=\"El Diario - Bolivia\" \/>\n<meta property=\"article:publisher\" content=\"https:\/\/www.facebook.com\/eldiario.bolivia\/\" \/>\n<meta property=\"article:published_time\" content=\"2021-06-08T09:28:24+00:00\" \/>\n<meta name=\"author\" content=\"Jeanette\" \/>\n<meta name=\"twitter:card\" content=\"summary_large_image\" \/>\n<meta name=\"twitter:creator\" content=\"@eldiario_net\" \/>\n<meta name=\"twitter:site\" content=\"@eldiario_net\" \/>\n<meta name=\"twitter:label1\" content=\"Escrito por\" \/>\n\t<meta name=\"twitter:data1\" content=\"Jeanette\" \/>\n\t<meta name=\"twitter:label2\" content=\"Tiempo de lectura\" \/>\n\t<meta name=\"twitter:data2\" content=\"3 minutos\" \/>\n<script type=\"application\/ld+json\" class=\"yoast-schema-graph\">{\"@context\":\"https:\\\/\\\/schema.org\",\"@graph\":[{\"@type\":\"Article\",\"@id\":\"https:\\\/\\\/www.eldiario.net\\\/portal\\\/2021\\\/06\\\/08\\\/comite-del-paro-suspende-de-forma-unilateral-negociaciones\\\/#article\",\"isPartOf\":{\"@id\":\"https:\\\/\\\/www.eldiario.net\\\/portal\\\/2021\\\/06\\\/08\\\/comite-del-paro-suspende-de-forma-unilateral-negociaciones\\\/\"},\"author\":{\"name\":\"Jeanette\",\"@id\":\"https:\\\/\\\/www.eldiario.net\\\/portal\\\/#\\\/schema\\\/person\\\/f46445640444750d7d753ccd04ae01b7\"},\"headline\":\"Comit\u00e9 del Paro suspende de forma unilateral negociaciones\",\"datePublished\":\"2021-06-08T09:28:24+00:00\",\"mainEntityOfPage\":{\"@id\":\"https:\\\/\\\/www.eldiario.net\\\/portal\\\/2021\\\/06\\\/08\\\/comite-del-paro-suspende-de-forma-unilateral-negociaciones\\\/\"},\"wordCount\":557,\"publisher\":{\"@id\":\"https:\\\/\\\/www.eldiario.net\\\/portal\\\/#organization\"},\"image\":{\"@id\":\"https:\\\/\\\/www.eldiario.net\\\/portal\\\/2021\\\/06\\\/08\\\/comite-del-paro-suspende-de-forma-unilateral-negociaciones\\\/#primaryimage\"},\"thumbnailUrl\":\"\",\"articleSection\":[\"Internacional\"],\"inLanguage\":\"es\"},{\"@type\":\"WebPage\",\"@id\":\"https:\\\/\\\/www.eldiario.net\\\/portal\\\/2021\\\/06\\\/08\\\/comite-del-paro-suspende-de-forma-unilateral-negociaciones\\\/\",\"url\":\"https:\\\/\\\/www.eldiario.net\\\/portal\\\/2021\\\/06\\\/08\\\/comite-del-paro-suspende-de-forma-unilateral-negociaciones\\\/\",\"name\":\"Comit\u00e9 del Paro suspende de forma unilateral negociaciones - El Diario - Bolivia\",\"isPartOf\":{\"@id\":\"https:\\\/\\\/www.eldiario.net\\\/portal\\\/#website\"},\"primaryImageOfPage\":{\"@id\":\"https:\\\/\\\/www.eldiario.net\\\/portal\\\/2021\\\/06\\\/08\\\/comite-del-paro-suspende-de-forma-unilateral-negociaciones\\\/#primaryimage\"},\"image\":{\"@id\":\"https:\\\/\\\/www.eldiario.net\\\/portal\\\/2021\\\/06\\\/08\\\/comite-del-paro-suspende-de-forma-unilateral-negociaciones\\\/#primaryimage\"},\"thumbnailUrl\":\"\",\"datePublished\":\"2021-06-08T09:28:24+00:00\",\"breadcrumb\":{\"@id\":\"https:\\\/\\\/www.eldiario.net\\\/portal\\\/2021\\\/06\\\/08\\\/comite-del-paro-suspende-de-forma-unilateral-negociaciones\\\/#breadcrumb\"},\"inLanguage\":\"es\",\"potentialAction\":[{\"@type\":\"ReadAction\",\"target\":[\"https:\\\/\\\/www.eldiario.net\\\/portal\\\/2021\\\/06\\\/08\\\/comite-del-paro-suspende-de-forma-unilateral-negociaciones\\\/\"]}]},{\"@type\":\"ImageObject\",\"inLanguage\":\"es\",\"@id\":\"https:\\\/\\\/www.eldiario.net\\\/portal\\\/2021\\\/06\\\/08\\\/comite-del-paro-suspende-de-forma-unilateral-negociaciones\\\/#primaryimage\",\"url\":\"\",\"contentUrl\":\"\"},{\"@type\":\"BreadcrumbList\",\"@id\":\"https:\\\/\\\/www.eldiario.net\\\/portal\\\/2021\\\/06\\\/08\\\/comite-del-paro-suspende-de-forma-unilateral-negociaciones\\\/#breadcrumb\",\"itemListElement\":[{\"@type\":\"ListItem\",\"position\":1,\"name\":\"Portada\",\"item\":\"https:\\\/\\\/www.eldiario.net\\\/portal\\\/\"},{\"@type\":\"ListItem\",\"position\":2,\"name\":\"Comit\u00e9 del Paro suspende de forma unilateral negociaciones\"}]},{\"@type\":\"WebSite\",\"@id\":\"https:\\\/\\\/www.eldiario.net\\\/portal\\\/#website\",\"url\":\"https:\\\/\\\/www.eldiario.net\\\/portal\\\/\",\"name\":\"El Diario - Decano de la prensa nacional\",\"description\":\"El Diario - Decano de la prensa nacional\",\"publisher\":{\"@id\":\"https:\\\/\\\/www.eldiario.net\\\/portal\\\/#organization\"},\"potentialAction\":[{\"@type\":\"SearchAction\",\"target\":{\"@type\":\"EntryPoint\",\"urlTemplate\":\"https:\\\/\\\/www.eldiario.net\\\/portal\\\/?s={search_term_string}\"},\"query-input\":{\"@type\":\"PropertyValueSpecification\",\"valueRequired\":true,\"valueName\":\"search_term_string\"}}],\"inLanguage\":\"es\"},{\"@type\":\"Organization\",\"@id\":\"https:\\\/\\\/www.eldiario.net\\\/portal\\\/#organization\",\"name\":\"El Diario - Decano de la prensa nacional\",\"url\":\"https:\\\/\\\/www.eldiario.net\\\/portal\\\/\",\"logo\":{\"@type\":\"ImageObject\",\"inLanguage\":\"es\",\"@id\":\"https:\\\/\\\/www.eldiario.net\\\/portal\\\/#\\\/schema\\\/logo\\\/image\\\/\",\"url\":\"https:\\\/\\\/www.eldiario.net\\\/portal\\\/wp-content\\\/uploads\\\/2023\\\/07\\\/logo_ED.jpg\",\"contentUrl\":\"https:\\\/\\\/www.eldiario.net\\\/portal\\\/wp-content\\\/uploads\\\/2023\\\/07\\\/logo_ED.jpg\",\"width\":272,\"height\":52,\"caption\":\"El Diario - Decano de la prensa nacional\"},\"image\":{\"@id\":\"https:\\\/\\\/www.eldiario.net\\\/portal\\\/#\\\/schema\\\/logo\\\/image\\\/\"},\"sameAs\":[\"https:\\\/\\\/www.facebook.com\\\/eldiario.bolivia\\\/\",\"https:\\\/\\\/x.com\\\/eldiario_net\"]},{\"@type\":\"Person\",\"@id\":\"https:\\\/\\\/www.eldiario.net\\\/portal\\\/#\\\/schema\\\/person\\\/f46445640444750d7d753ccd04ae01b7\",\"name\":\"Jeanette\",\"image\":{\"@type\":\"ImageObject\",\"inLanguage\":\"es\",\"@id\":\"https:\\\/\\\/secure.gravatar.com\\\/avatar\\\/3ea2118a5f7dad2b7138b1187a6b7ee55f160b9968b66013c3a3ef39dd7e5798?s=96&d=mm&r=g\",\"url\":\"https:\\\/\\\/secure.gravatar.com\\\/avatar\\\/3ea2118a5f7dad2b7138b1187a6b7ee55f160b9968b66013c3a3ef39dd7e5798?s=96&d=mm&r=g\",\"contentUrl\":\"https:\\\/\\\/secure.gravatar.com\\\/avatar\\\/3ea2118a5f7dad2b7138b1187a6b7ee55f160b9968b66013c3a3ef39dd7e5798?s=96&d=mm&r=g\",\"caption\":\"Jeanette\"},\"sameAs\":[\"https:\\\/\\\/www.eldiario.net\\\/portal\"],\"url\":\"https:\\\/\\\/www.eldiario.net\\\/portal\\\/author\\\/jeanette\\\/\"}]}<\/script>\n<!-- \/ Yoast SEO plugin. -->","yoast_head_json":{"title":"Comit\u00e9 del Paro suspende de forma unilateral negociaciones - El Diario - Bolivia","robots":{"index":"index","follow":"follow","max-snippet":"max-snippet:-1","max-image-preview":"max-image-preview:large","max-video-preview":"max-video-preview:-1"},"canonical":"https:\/\/www.eldiario.net\/portal\/2021\/06\/08\/comite-del-paro-suspende-de-forma-unilateral-negociaciones\/","og_locale":"es_ES","og_type":"article","og_title":"Comit\u00e9 del Paro suspende de forma unilateral negociaciones - El Diario - Bolivia","og_description":"(CNN Espa\u00f1ol).- Los l\u00edderes sindicales que integran el Comit\u00e9 del Paro de Colombia (CNP) anunciaron este domingo la suspensi\u00f3n unilateral de las negociaciones con el Gobierno del presidente Iv\u00e1n Duque debido, seg\u00fan dijeron, \u00abal incumplimiento del Gobierno de la firma del preacuerdo de garant\u00edas del 24 de mayo\u00bb. El Comit\u00e9 del Paro asegur\u00f3 adem\u00e1s que [&hellip;]","og_url":"https:\/\/www.eldiario.net\/portal\/2021\/06\/08\/comite-del-paro-suspende-de-forma-unilateral-negociaciones\/","og_site_name":"El Diario - Bolivia","article_publisher":"https:\/\/www.facebook.com\/eldiario.bolivia\/","article_published_time":"2021-06-08T09:28:24+00:00","author":"Jeanette","twitter_card":"summary_large_image","twitter_creator":"@eldiario_net","twitter_site":"@eldiario_net","twitter_misc":{"Escrito por":"Jeanette","Tiempo de lectura":"3 minutos"},"schema":{"@context":"https:\/\/schema.org","@graph":[{"@type":"Article","@id":"https:\/\/www.eldiario.net\/portal\/2021\/06\/08\/comite-del-paro-suspende-de-forma-unilateral-negociaciones\/#article","isPartOf":{"@id":"https:\/\/www.eldiario.net\/portal\/2021\/06\/08\/comite-del-paro-suspende-de-forma-unilateral-negociaciones\/"},"author":{"name":"Jeanette","@id":"https:\/\/www.eldiario.net\/portal\/#\/schema\/person\/f46445640444750d7d753ccd04ae01b7"},"headline":"Comit\u00e9 del Paro suspende de forma unilateral negociaciones","datePublished":"2021-06-08T09:28:24+00:00","mainEntityOfPage":{"@id":"https:\/\/www.eldiario.net\/portal\/2021\/06\/08\/comite-del-paro-suspende-de-forma-unilateral-negociaciones\/"},"wordCount":557,"publisher":{"@id":"https:\/\/www.eldiario.net\/portal\/#organization"},"image":{"@id":"https:\/\/www.eldiario.net\/portal\/2021\/06\/08\/comite-del-paro-suspende-de-forma-unilateral-negociaciones\/#primaryimage"},"thumbnailUrl":"","articleSection":["Internacional"],"inLanguage":"es"},{"@type":"WebPage","@id":"https:\/\/www.eldiario.net\/portal\/2021\/06\/08\/comite-del-paro-suspende-de-forma-unilateral-negociaciones\/","url":"https:\/\/www.eldiario.net\/portal\/2021\/06\/08\/comite-del-paro-suspende-de-forma-unilateral-negociaciones\/","name":"Comit\u00e9 del Paro suspende de forma unilateral negociaciones - El Diario - Bolivia","isPartOf":{"@id":"https:\/\/www.eldiario.net\/portal\/#website"},"primaryImageOfPage":{"@id":"https:\/\/www.eldiario.net\/portal\/2021\/06\/08\/comite-del-paro-suspende-de-forma-unilateral-negociaciones\/#primaryimage"},"image":{"@id":"https:\/\/www.eldiario.net\/portal\/2021\/06\/08\/comite-del-paro-suspende-de-forma-unilateral-negociaciones\/#primaryimage"},"thumbnailUrl":"","datePublished":"2021-06-08T09:28:24+00:00","breadcrumb":{"@id":"https:\/\/www.eldiario.net\/portal\/2021\/06\/08\/comite-del-paro-suspende-de-forma-unilateral-negociaciones\/#breadcrumb"},"inLanguage":"es","potentialAction":[{"@type":"ReadAction","target":["https:\/\/www.eldiario.net\/portal\/2021\/06\/08\/comite-del-paro-suspende-de-forma-unilateral-negociaciones\/"]}]},{"@type":"ImageObject","inLanguage":"es","@id":"https:\/\/www.eldiario.net\/portal\/2021\/06\/08\/comite-del-paro-suspende-de-forma-unilateral-negociaciones\/#primaryimage","url":"","contentUrl":""},{"@type":"BreadcrumbList","@id":"https:\/\/www.eldiario.net\/portal\/2021\/06\/08\/comite-del-paro-suspende-de-forma-unilateral-negociaciones\/#breadcrumb","itemListElement":[{"@type":"ListItem","position":1,"name":"Portada","item":"https:\/\/www.eldiario.net\/portal\/"},{"@type":"ListItem","position":2,"name":"Comit\u00e9 del Paro suspende de forma unilateral negociaciones"}]},{"@type":"WebSite","@id":"https:\/\/www.eldiario.net\/portal\/#website","url":"https:\/\/www.eldiario.net\/portal\/","name":"El Diario - Decano de la prensa nacional","description":"El Diario - Decano de la prensa nacional","publisher":{"@id":"https:\/\/www.eldiario.net\/portal\/#organization"},"potentialAction":[{"@type":"SearchAction","target":{"@type":"EntryPoint","urlTemplate":"https:\/\/www.eldiario.net\/portal\/?s={search_term_string}"},"query-input":{"@type":"PropertyValueSpecification","valueRequired":true,"valueName":"search_term_string"}}],"inLanguage":"es"},{"@type":"Organization","@id":"https:\/\/www.eldiario.net\/portal\/#organization","name":"El Diario - Decano de la prensa nacional","url":"https:\/\/www.eldiario.net\/portal\/","logo":{"@type":"ImageObject","inLanguage":"es","@id":"https:\/\/www.eldiario.net\/portal\/#\/schema\/logo\/image\/","url":"https:\/\/www.eldiario.net\/portal\/wp-content\/uploads\/2023\/07\/logo_ED.jpg","contentUrl":"https:\/\/www.eldiario.net\/portal\/wp-content\/uploads\/2023\/07\/logo_ED.jpg","width":272,"height":52,"caption":"El Diario - Decano de la prensa nacional"},"image":{"@id":"https:\/\/www.eldiario.net\/portal\/#\/schema\/logo\/image\/"},"sameAs":["https:\/\/www.facebook.com\/eldiario.bolivia\/","https:\/\/x.com\/eldiario_net"]},{"@type":"Person","@id":"https:\/\/www.eldiario.net\/portal\/#\/schema\/person\/f46445640444750d7d753ccd04ae01b7","name":"Jeanette","image":{"@type":"ImageObject","inLanguage":"es","@id":"https:\/\/secure.gravatar.com\/avatar\/3ea2118a5f7dad2b7138b1187a6b7ee55f160b9968b66013c3a3ef39dd7e5798?s=96&d=mm&r=g","url":"https:\/\/secure.gravatar.com\/avatar\/3ea2118a5f7dad2b7138b1187a6b7ee55f160b9968b66013c3a3ef39dd7e5798?s=96&d=mm&r=g","contentUrl":"https:\/\/secure.gravatar.com\/avatar\/3ea2118a5f7dad2b7138b1187a6b7ee55f160b9968b66013c3a3ef39dd7e5798?s=96&d=mm&r=g","caption":"Jeanette"},"sameAs":["https:\/\/www.eldiario.net\/portal"],"url":"https:\/\/www.eldiario.net\/portal\/author\/jeanette\/"}]}},"_links":{"self":[{"href":"https:\/\/www.eldiario.net\/portal\/wp-json\/wp\/v2\/posts\/9023","targetHints":{"allow":["GET"]}}],"collection":[{"href":"https:\/\/www.eldiario.net\/portal\/wp-json\/wp\/v2\/posts"}],"about":[{"href":"https:\/\/www.eldiario.net\/portal\/wp-json\/wp\/v2\/types\/post"}],"author":[{"embeddable":true,"href":"https:\/\/www.eldiario.net\/portal\/wp-json\/wp\/v2\/users\/1"}],"replies":[{"embeddable":true,"href":"https:\/\/www.eldiario.net\/portal\/wp-json\/wp\/v2\/comments?post=9023"}],"version-history":[{"count":0,"href":"https:\/\/www.eldiario.net\/portal\/wp-json\/wp\/v2\/posts\/9023\/revisions"}],"wp:attachment":[{"href":"https:\/\/www.eldiario.net\/portal\/wp-json\/wp\/v2\/media?parent=9023"}],"wp:term":[{"taxonomy":"category","embeddable":true,"href":"https:\/\/www.eldiario.net\/portal\/wp-json\/wp\/v2\/categories?post=9023"},{"taxonomy":"post_tag","embeddable":true,"href":"https:\/\/www.eldiario.net\/portal\/wp-json\/wp\/v2\/tags?post=9023"}],"curies":[{"name":"wp","href":"https:\/\/api.w.org\/{rel}","templated":true}]}}