{"id":9020,"date":"2021-06-08T05:26:58","date_gmt":"2021-06-08T09:26:58","guid":{"rendered":"https:\/\/www.eldiario.net\/portal\/?p=9020"},"modified":"2021-06-08T05:26:58","modified_gmt":"2021-06-08T09:26:58","slug":"corte-penal-internacional-decidira-sobre-denuncias-contra-maduro","status":"publish","type":"post","link":"https:\/\/www.eldiario.net\/portal\/2021\/06\/08\/corte-penal-internacional-decidira-sobre-denuncias-contra-maduro\/","title":{"rendered":"Corte Penal Internacional decidir\u00e1  sobre denuncias contra Maduro"},"content":{"rendered":"<p>Nicol\u00e1s Maduro est\u00e1 cada vez m\u00e1s cerca de convertirse en el primer presidente latinoamericano en ser investigado formalmente por la Corte Penal Internacional, ante el inminente anuncio de la fiscal Fatou Bensouda sobre las denuncias de cr\u00edmenes de lesa humanidad cometidas por el r\u00e9gimen chavista en Venezuela.<\/p>\n<p>El viernes, la fiscal ratific\u00f3 que el caso de Venezuela cumple \u201ccon la mayor\u00eda de los criterios para la apertura de una investigaci\u00f3n preliminar\u201d, dijo que su tarea ha avanzado \u201csignificativamente\u201d y expres\u00f3 que esperaba poder hacer p\u00fablico sus hallazgos pr\u00f3ximamente, en entrevista con France24.<\/p>\n<p>Adem\u00e1s de sus declaraciones, la expectativa aumenta porque el 15 de junio finaliza el mandato de la fiscal, quien ceder\u00e1 la posta al brit\u00e1nico Karim Khan. Se espera que sea la abogada de Gambia quien se pronuncie sobre el caso, lo que podr\u00eda suceder el pr\u00f3ximo 9 de junio.<\/p>\n<p>\u201cLa declaraci\u00f3n de Fatou Bensouda y las pruebas que consign\u00e9 en la Corte Penal Internacional confirman que habr\u00e1 justicia\u201d, escribi\u00f3 en Twitter la ex fiscal general venezolana Luisa Ortega D\u00edaz, exiliada tras denunciar al r\u00e9gimen chavista.<\/p>\n<p>Cuando se pronuncie la fiscal, la fase de examen preliminar podr\u00eda cambiar de instancia y convertirse en una apertura formal de investigaci\u00f3n preliminar, dando pie a un juicio contra la c\u00fapula chavista. Ello tendr\u00eda un impacto directo en la presi\u00f3n internacional y fortalecer\u00eda a la oposici\u00f3n de cara al di\u00e1logo para lograr elecciones libres y transparentes.<\/p>\n<p>La fiscal ha dado seguimiento a la situaci\u00f3n venezolana desde que lleg\u00f3 al cargo en 2014, pero se ha centrado en investigar la represi\u00f3n ocurrida desde abril de 2017.<\/p>\n<p>En diciembre, determin\u00f3 en su informe anual que en efecto \u201cexisten fundamentos razonables para creer que se cometieron cr\u00edmenes de lesa humanidad en Venezuela. \u201cLa Fiscal\u00eda ha concluido que la informaci\u00f3n disponible en esta etapa brinda un fundamento razonable para creer que, al menos desde abril de 2017, autoridades civiles, miembros de las fuerzas armadas e individuos a favor del Gobierno han cometido los cr\u00edmenes de lesa humanidad de encarcelaci\u00f3n u otra privaci\u00f3n grave de la libertad f\u00edsica en violaci\u00f3n de normas fundamentales de derecho internacional\u201d, se\u00f1ala el documento.<\/p>\n<p>La mayor\u00eda de criterios est\u00e1n cumplidos para realizar la presentaci\u00f3n. No obstante, primero tendr\u00eda que expedirse la Sala de Cuestiones Preliminares de la CPI sobre las alegaciones del r\u00e9gimen chavista, que acusan a la fiscal de no cooperar y negar el derecho a la defensa.<\/p>\n<p>El chavismo ha realizado repetidos intentos para desprestigiar la investigaci\u00f3n. La ONG Provea denunci\u00f3 la semana pasada que la dictadura chavista motoriza una \u201ccampa\u00f1a de ataques\u201d contra la Corte, con el fiscal general, Tarek William Saab, y la vicepresidenta ejecutiva, Delcy Rodr\u00edgez, como dos de los promotores.<\/p>\n<p>Por su parte, la Organizaci\u00f3n de Estados Americanos (OEA), ha cuestionado fuertemente la demora del proceso. El 2 de diciembre pasado, la Secretar\u00eda General public\u00f3 un informe titulado \u201cFomento de la impunidad: el impacto de la ausencia de una investigaci\u00f3n de la fiscal de la Corte Penal Internacional sobre la posible comisi\u00f3n de lesa humanidad en Venezuela\u201d. (Infobae)<\/p>\n<figure id=\"attachment_9021\" aria-describedby=\"caption-attachment-9021\" style=\"width: 863px\" class=\"wp-caption aligncenter\"><img loading=\"lazy\" decoding=\"async\" class=\"size-full wp-image-9021\" src=\"https:\/\/www.eldiario.net\/portal\/wp-content\/uploads\/2021\/06\/INTE-Corte-Penal-Internacional-decidira-2.jpg\" alt=\"\" width=\"863\" height=\"486\" srcset=\"https:\/\/www.eldiario.net\/portal\/wp-content\/uploads\/2021\/06\/INTE-Corte-Penal-Internacional-decidira-2.jpg 863w, https:\/\/www.eldiario.net\/portal\/wp-content\/uploads\/2021\/06\/INTE-Corte-Penal-Internacional-decidira-2-300x169.jpg 300w, https:\/\/www.eldiario.net\/portal\/wp-content\/uploads\/2021\/06\/INTE-Corte-Penal-Internacional-decidira-2-768x433.jpg 768w, https:\/\/www.eldiario.net\/portal\/wp-content\/uploads\/2021\/06\/INTE-Corte-Penal-Internacional-decidira-2-696x392.jpg 696w\" sizes=\"auto, (max-width: 863px) 100vw, 863px\" \/><figcaption id=\"caption-attachment-9021\" class=\"wp-caption-text\">La fiscal Fatou Bensouda ya confirm\u00f3 que est\u00e1 cerca de presentar sus hallazgos sobre la dictadura chavista.<\/figcaption><\/figure>\n","protected":false},"excerpt":{"rendered":"<p>Nicol\u00e1s Maduro est\u00e1 cada vez m\u00e1s cerca de convertirse en el primer presidente latinoamericano en ser investigado formalmente por la Corte Penal Internacional, ante el inminente anuncio de la fiscal Fatou Bensouda sobre las denuncias de cr\u00edmenes de lesa humanidad cometidas por el r\u00e9gimen chavista en Venezuela. El viernes, la fiscal ratific\u00f3 que el caso [&hellip;]<\/p>\n","protected":false},"author":1,"featured_media":9026,"comment_status":"closed","ping_status":"closed","sticky":false,"template":"","format":"standard","meta":{"_acf_changed":false,"footnotes":""},"categories":[3],"tags":[],"class_list":["post-9020","post","type-post","status-publish","format-standard","has-post-thumbnail","category-internacional"],"acf":{"antetitulo":""},"yoast_head":"<!-- This site is optimized with the Yoast SEO plugin v28.3 - https:\/\/yoast.com\/product\/yoast-seo-wordpress\/ -->\n<title>Corte Penal Internacional decidir\u00e1 sobre denuncias contra Maduro - El Diario - Bolivia<\/title>\n<meta name=\"robots\" content=\"index, follow, max-snippet:-1, max-image-preview:large, max-video-preview:-1\" \/>\n<link rel=\"canonical\" href=\"https:\/\/www.eldiario.net\/portal\/2021\/06\/08\/corte-penal-internacional-decidira-sobre-denuncias-contra-maduro\/\" \/>\n<meta property=\"og:locale\" content=\"es_ES\" \/>\n<meta property=\"og:type\" content=\"article\" \/>\n<meta property=\"og:title\" content=\"Corte Penal Internacional decidir\u00e1 sobre denuncias contra Maduro - El Diario - Bolivia\" \/>\n<meta property=\"og:description\" content=\"Nicol\u00e1s Maduro est\u00e1 cada vez m\u00e1s cerca de convertirse en el primer presidente latinoamericano en ser investigado formalmente por la Corte Penal Internacional, ante el inminente anuncio de la fiscal Fatou Bensouda sobre las denuncias de cr\u00edmenes de lesa humanidad cometidas por el r\u00e9gimen chavista en Venezuela. El viernes, la fiscal ratific\u00f3 que el caso [&hellip;]\" \/>\n<meta property=\"og:url\" content=\"https:\/\/www.eldiario.net\/portal\/2021\/06\/08\/corte-penal-internacional-decidira-sobre-denuncias-contra-maduro\/\" \/>\n<meta property=\"og:site_name\" content=\"El Diario - Bolivia\" \/>\n<meta property=\"article:publisher\" content=\"https:\/\/www.facebook.com\/eldiario.bolivia\/\" \/>\n<meta property=\"article:published_time\" content=\"2021-06-08T09:26:58+00:00\" \/>\n<meta name=\"author\" content=\"Jeanette\" \/>\n<meta name=\"twitter:card\" content=\"summary_large_image\" \/>\n<meta name=\"twitter:creator\" content=\"@eldiario_net\" \/>\n<meta name=\"twitter:site\" content=\"@eldiario_net\" \/>\n<meta name=\"twitter:label1\" content=\"Escrito por\" \/>\n\t<meta name=\"twitter:data1\" content=\"Jeanette\" \/>\n\t<meta name=\"twitter:label2\" content=\"Tiempo de lectura\" \/>\n\t<meta name=\"twitter:data2\" content=\"3 minutos\" \/>\n<script type=\"application\/ld+json\" class=\"yoast-schema-graph\">{\"@context\":\"https:\\\/\\\/schema.org\",\"@graph\":[{\"@type\":\"Article\",\"@id\":\"https:\\\/\\\/www.eldiario.net\\\/portal\\\/2021\\\/06\\\/08\\\/corte-penal-internacional-decidira-sobre-denuncias-contra-maduro\\\/#article\",\"isPartOf\":{\"@id\":\"https:\\\/\\\/www.eldiario.net\\\/portal\\\/2021\\\/06\\\/08\\\/corte-penal-internacional-decidira-sobre-denuncias-contra-maduro\\\/\"},\"author\":{\"name\":\"Jeanette\",\"@id\":\"https:\\\/\\\/www.eldiario.net\\\/portal\\\/#\\\/schema\\\/person\\\/f46445640444750d7d753ccd04ae01b7\"},\"headline\":\"Corte Penal Internacional decidir\u00e1 sobre denuncias contra Maduro\",\"datePublished\":\"2021-06-08T09:26:58+00:00\",\"mainEntityOfPage\":{\"@id\":\"https:\\\/\\\/www.eldiario.net\\\/portal\\\/2021\\\/06\\\/08\\\/corte-penal-internacional-decidira-sobre-denuncias-contra-maduro\\\/\"},\"wordCount\":573,\"publisher\":{\"@id\":\"https:\\\/\\\/www.eldiario.net\\\/portal\\\/#organization\"},\"image\":{\"@id\":\"https:\\\/\\\/www.eldiario.net\\\/portal\\\/2021\\\/06\\\/08\\\/corte-penal-internacional-decidira-sobre-denuncias-contra-maduro\\\/#primaryimage\"},\"thumbnailUrl\":\"\",\"articleSection\":[\"Internacional\"],\"inLanguage\":\"es\"},{\"@type\":\"WebPage\",\"@id\":\"https:\\\/\\\/www.eldiario.net\\\/portal\\\/2021\\\/06\\\/08\\\/corte-penal-internacional-decidira-sobre-denuncias-contra-maduro\\\/\",\"url\":\"https:\\\/\\\/www.eldiario.net\\\/portal\\\/2021\\\/06\\\/08\\\/corte-penal-internacional-decidira-sobre-denuncias-contra-maduro\\\/\",\"name\":\"Corte Penal Internacional decidir\u00e1 sobre denuncias contra Maduro - El Diario - Bolivia\",\"isPartOf\":{\"@id\":\"https:\\\/\\\/www.eldiario.net\\\/portal\\\/#website\"},\"primaryImageOfPage\":{\"@id\":\"https:\\\/\\\/www.eldiario.net\\\/portal\\\/2021\\\/06\\\/08\\\/corte-penal-internacional-decidira-sobre-denuncias-contra-maduro\\\/#primaryimage\"},\"image\":{\"@id\":\"https:\\\/\\\/www.eldiario.net\\\/portal\\\/2021\\\/06\\\/08\\\/corte-penal-internacional-decidira-sobre-denuncias-contra-maduro\\\/#primaryimage\"},\"thumbnailUrl\":\"\",\"datePublished\":\"2021-06-08T09:26:58+00:00\",\"breadcrumb\":{\"@id\":\"https:\\\/\\\/www.eldiario.net\\\/portal\\\/2021\\\/06\\\/08\\\/corte-penal-internacional-decidira-sobre-denuncias-contra-maduro\\\/#breadcrumb\"},\"inLanguage\":\"es\",\"potentialAction\":[{\"@type\":\"ReadAction\",\"target\":[\"https:\\\/\\\/www.eldiario.net\\\/portal\\\/2021\\\/06\\\/08\\\/corte-penal-internacional-decidira-sobre-denuncias-contra-maduro\\\/\"]}]},{\"@type\":\"ImageObject\",\"inLanguage\":\"es\",\"@id\":\"https:\\\/\\\/www.eldiario.net\\\/portal\\\/2021\\\/06\\\/08\\\/corte-penal-internacional-decidira-sobre-denuncias-contra-maduro\\\/#primaryimage\",\"url\":\"\",\"contentUrl\":\"\"},{\"@type\":\"BreadcrumbList\",\"@id\":\"https:\\\/\\\/www.eldiario.net\\\/portal\\\/2021\\\/06\\\/08\\\/corte-penal-internacional-decidira-sobre-denuncias-contra-maduro\\\/#breadcrumb\",\"itemListElement\":[{\"@type\":\"ListItem\",\"position\":1,\"name\":\"Portada\",\"item\":\"https:\\\/\\\/www.eldiario.net\\\/portal\\\/\"},{\"@type\":\"ListItem\",\"position\":2,\"name\":\"Corte Penal Internacional decidir\u00e1 sobre denuncias contra Maduro\"}]},{\"@type\":\"WebSite\",\"@id\":\"https:\\\/\\\/www.eldiario.net\\\/portal\\\/#website\",\"url\":\"https:\\\/\\\/www.eldiario.net\\\/portal\\\/\",\"name\":\"El Diario - Decano de la prensa nacional\",\"description\":\"El Diario - Decano de la prensa nacional\",\"publisher\":{\"@id\":\"https:\\\/\\\/www.eldiario.net\\\/portal\\\/#organization\"},\"potentialAction\":[{\"@type\":\"SearchAction\",\"target\":{\"@type\":\"EntryPoint\",\"urlTemplate\":\"https:\\\/\\\/www.eldiario.net\\\/portal\\\/?s={search_term_string}\"},\"query-input\":{\"@type\":\"PropertyValueSpecification\",\"valueRequired\":true,\"valueName\":\"search_term_string\"}}],\"inLanguage\":\"es\"},{\"@type\":\"Organization\",\"@id\":\"https:\\\/\\\/www.eldiario.net\\\/portal\\\/#organization\",\"name\":\"El Diario - Decano de la prensa nacional\",\"url\":\"https:\\\/\\\/www.eldiario.net\\\/portal\\\/\",\"logo\":{\"@type\":\"ImageObject\",\"inLanguage\":\"es\",\"@id\":\"https:\\\/\\\/www.eldiario.net\\\/portal\\\/#\\\/schema\\\/logo\\\/image\\\/\",\"url\":\"https:\\\/\\\/www.eldiario.net\\\/portal\\\/wp-content\\\/uploads\\\/2023\\\/07\\\/logo_ED.jpg\",\"contentUrl\":\"https:\\\/\\\/www.eldiario.net\\\/portal\\\/wp-content\\\/uploads\\\/2023\\\/07\\\/logo_ED.jpg\",\"width\":272,\"height\":52,\"caption\":\"El Diario - Decano de la prensa nacional\"},\"image\":{\"@id\":\"https:\\\/\\\/www.eldiario.net\\\/portal\\\/#\\\/schema\\\/logo\\\/image\\\/\"},\"sameAs\":[\"https:\\\/\\\/www.facebook.com\\\/eldiario.bolivia\\\/\",\"https:\\\/\\\/x.com\\\/eldiario_net\"]},{\"@type\":\"Person\",\"@id\":\"https:\\\/\\\/www.eldiario.net\\\/portal\\\/#\\\/schema\\\/person\\\/f46445640444750d7d753ccd04ae01b7\",\"name\":\"Jeanette\",\"image\":{\"@type\":\"ImageObject\",\"inLanguage\":\"es\",\"@id\":\"https:\\\/\\\/secure.gravatar.com\\\/avatar\\\/3ea2118a5f7dad2b7138b1187a6b7ee55f160b9968b66013c3a3ef39dd7e5798?s=96&d=mm&r=g\",\"url\":\"https:\\\/\\\/secure.gravatar.com\\\/avatar\\\/3ea2118a5f7dad2b7138b1187a6b7ee55f160b9968b66013c3a3ef39dd7e5798?s=96&d=mm&r=g\",\"contentUrl\":\"https:\\\/\\\/secure.gravatar.com\\\/avatar\\\/3ea2118a5f7dad2b7138b1187a6b7ee55f160b9968b66013c3a3ef39dd7e5798?s=96&d=mm&r=g\",\"caption\":\"Jeanette\"},\"sameAs\":[\"https:\\\/\\\/www.eldiario.net\\\/portal\"],\"url\":\"https:\\\/\\\/www.eldiario.net\\\/portal\\\/author\\\/jeanette\\\/\"}]}<\/script>\n<!-- \/ Yoast SEO plugin. -->","yoast_head_json":{"title":"Corte Penal Internacional decidir\u00e1 sobre denuncias contra Maduro - El Diario - Bolivia","robots":{"index":"index","follow":"follow","max-snippet":"max-snippet:-1","max-image-preview":"max-image-preview:large","max-video-preview":"max-video-preview:-1"},"canonical":"https:\/\/www.eldiario.net\/portal\/2021\/06\/08\/corte-penal-internacional-decidira-sobre-denuncias-contra-maduro\/","og_locale":"es_ES","og_type":"article","og_title":"Corte Penal Internacional decidir\u00e1 sobre denuncias contra Maduro - El Diario - Bolivia","og_description":"Nicol\u00e1s Maduro est\u00e1 cada vez m\u00e1s cerca de convertirse en el primer presidente latinoamericano en ser investigado formalmente por la Corte Penal Internacional, ante el inminente anuncio de la fiscal Fatou Bensouda sobre las denuncias de cr\u00edmenes de lesa humanidad cometidas por el r\u00e9gimen chavista en Venezuela. El viernes, la fiscal ratific\u00f3 que el caso [&hellip;]","og_url":"https:\/\/www.eldiario.net\/portal\/2021\/06\/08\/corte-penal-internacional-decidira-sobre-denuncias-contra-maduro\/","og_site_name":"El Diario - Bolivia","article_publisher":"https:\/\/www.facebook.com\/eldiario.bolivia\/","article_published_time":"2021-06-08T09:26:58+00:00","author":"Jeanette","twitter_card":"summary_large_image","twitter_creator":"@eldiario_net","twitter_site":"@eldiario_net","twitter_misc":{"Escrito por":"Jeanette","Tiempo de lectura":"3 minutos"},"schema":{"@context":"https:\/\/schema.org","@graph":[{"@type":"Article","@id":"https:\/\/www.eldiario.net\/portal\/2021\/06\/08\/corte-penal-internacional-decidira-sobre-denuncias-contra-maduro\/#article","isPartOf":{"@id":"https:\/\/www.eldiario.net\/portal\/2021\/06\/08\/corte-penal-internacional-decidira-sobre-denuncias-contra-maduro\/"},"author":{"name":"Jeanette","@id":"https:\/\/www.eldiario.net\/portal\/#\/schema\/person\/f46445640444750d7d753ccd04ae01b7"},"headline":"Corte Penal Internacional decidir\u00e1 sobre denuncias contra Maduro","datePublished":"2021-06-08T09:26:58+00:00","mainEntityOfPage":{"@id":"https:\/\/www.eldiario.net\/portal\/2021\/06\/08\/corte-penal-internacional-decidira-sobre-denuncias-contra-maduro\/"},"wordCount":573,"publisher":{"@id":"https:\/\/www.eldiario.net\/portal\/#organization"},"image":{"@id":"https:\/\/www.eldiario.net\/portal\/2021\/06\/08\/corte-penal-internacional-decidira-sobre-denuncias-contra-maduro\/#primaryimage"},"thumbnailUrl":"","articleSection":["Internacional"],"inLanguage":"es"},{"@type":"WebPage","@id":"https:\/\/www.eldiario.net\/portal\/2021\/06\/08\/corte-penal-internacional-decidira-sobre-denuncias-contra-maduro\/","url":"https:\/\/www.eldiario.net\/portal\/2021\/06\/08\/corte-penal-internacional-decidira-sobre-denuncias-contra-maduro\/","name":"Corte Penal Internacional decidir\u00e1 sobre denuncias contra Maduro - El Diario - Bolivia","isPartOf":{"@id":"https:\/\/www.eldiario.net\/portal\/#website"},"primaryImageOfPage":{"@id":"https:\/\/www.eldiario.net\/portal\/2021\/06\/08\/corte-penal-internacional-decidira-sobre-denuncias-contra-maduro\/#primaryimage"},"image":{"@id":"https:\/\/www.eldiario.net\/portal\/2021\/06\/08\/corte-penal-internacional-decidira-sobre-denuncias-contra-maduro\/#primaryimage"},"thumbnailUrl":"","datePublished":"2021-06-08T09:26:58+00:00","breadcrumb":{"@id":"https:\/\/www.eldiario.net\/portal\/2021\/06\/08\/corte-penal-internacional-decidira-sobre-denuncias-contra-maduro\/#breadcrumb"},"inLanguage":"es","potentialAction":[{"@type":"ReadAction","target":["https:\/\/www.eldiario.net\/portal\/2021\/06\/08\/corte-penal-internacional-decidira-sobre-denuncias-contra-maduro\/"]}]},{"@type":"ImageObject","inLanguage":"es","@id":"https:\/\/www.eldiario.net\/portal\/2021\/06\/08\/corte-penal-internacional-decidira-sobre-denuncias-contra-maduro\/#primaryimage","url":"","contentUrl":""},{"@type":"BreadcrumbList","@id":"https:\/\/www.eldiario.net\/portal\/2021\/06\/08\/corte-penal-internacional-decidira-sobre-denuncias-contra-maduro\/#breadcrumb","itemListElement":[{"@type":"ListItem","position":1,"name":"Portada","item":"https:\/\/www.eldiario.net\/portal\/"},{"@type":"ListItem","position":2,"name":"Corte Penal Internacional decidir\u00e1 sobre denuncias contra Maduro"}]},{"@type":"WebSite","@id":"https:\/\/www.eldiario.net\/portal\/#website","url":"https:\/\/www.eldiario.net\/portal\/","name":"El Diario - Decano de la prensa nacional","description":"El Diario - Decano de la prensa nacional","publisher":{"@id":"https:\/\/www.eldiario.net\/portal\/#organization"},"potentialAction":[{"@type":"SearchAction","target":{"@type":"EntryPoint","urlTemplate":"https:\/\/www.eldiario.net\/portal\/?s={search_term_string}"},"query-input":{"@type":"PropertyValueSpecification","valueRequired":true,"valueName":"search_term_string"}}],"inLanguage":"es"},{"@type":"Organization","@id":"https:\/\/www.eldiario.net\/portal\/#organization","name":"El Diario - Decano de la prensa nacional","url":"https:\/\/www.eldiario.net\/portal\/","logo":{"@type":"ImageObject","inLanguage":"es","@id":"https:\/\/www.eldiario.net\/portal\/#\/schema\/logo\/image\/","url":"https:\/\/www.eldiario.net\/portal\/wp-content\/uploads\/2023\/07\/logo_ED.jpg","contentUrl":"https:\/\/www.eldiario.net\/portal\/wp-content\/uploads\/2023\/07\/logo_ED.jpg","width":272,"height":52,"caption":"El Diario - Decano de la prensa nacional"},"image":{"@id":"https:\/\/www.eldiario.net\/portal\/#\/schema\/logo\/image\/"},"sameAs":["https:\/\/www.facebook.com\/eldiario.bolivia\/","https:\/\/x.com\/eldiario_net"]},{"@type":"Person","@id":"https:\/\/www.eldiario.net\/portal\/#\/schema\/person\/f46445640444750d7d753ccd04ae01b7","name":"Jeanette","image":{"@type":"ImageObject","inLanguage":"es","@id":"https:\/\/secure.gravatar.com\/avatar\/3ea2118a5f7dad2b7138b1187a6b7ee55f160b9968b66013c3a3ef39dd7e5798?s=96&d=mm&r=g","url":"https:\/\/secure.gravatar.com\/avatar\/3ea2118a5f7dad2b7138b1187a6b7ee55f160b9968b66013c3a3ef39dd7e5798?s=96&d=mm&r=g","contentUrl":"https:\/\/secure.gravatar.com\/avatar\/3ea2118a5f7dad2b7138b1187a6b7ee55f160b9968b66013c3a3ef39dd7e5798?s=96&d=mm&r=g","caption":"Jeanette"},"sameAs":["https:\/\/www.eldiario.net\/portal"],"url":"https:\/\/www.eldiario.net\/portal\/author\/jeanette\/"}]}},"_links":{"self":[{"href":"https:\/\/www.eldiario.net\/portal\/wp-json\/wp\/v2\/posts\/9020","targetHints":{"allow":["GET"]}}],"collection":[{"href":"https:\/\/www.eldiario.net\/portal\/wp-json\/wp\/v2\/posts"}],"about":[{"href":"https:\/\/www.eldiario.net\/portal\/wp-json\/wp\/v2\/types\/post"}],"author":[{"embeddable":true,"href":"https:\/\/www.eldiario.net\/portal\/wp-json\/wp\/v2\/users\/1"}],"replies":[{"embeddable":true,"href":"https:\/\/www.eldiario.net\/portal\/wp-json\/wp\/v2\/comments?post=9020"}],"version-history":[{"count":0,"href":"https:\/\/www.eldiario.net\/portal\/wp-json\/wp\/v2\/posts\/9020\/revisions"}],"wp:attachment":[{"href":"https:\/\/www.eldiario.net\/portal\/wp-json\/wp\/v2\/media?parent=9020"}],"wp:term":[{"taxonomy":"category","embeddable":true,"href":"https:\/\/www.eldiario.net\/portal\/wp-json\/wp\/v2\/categories?post=9020"},{"taxonomy":"post_tag","embeddable":true,"href":"https:\/\/www.eldiario.net\/portal\/wp-json\/wp\/v2\/tags?post=9020"}],"curies":[{"name":"wp","href":"https:\/\/api.w.org\/{rel}","templated":true}]}}