{"id":89654,"date":"2022-06-10T11:00:06","date_gmt":"2022-06-10T15:00:06","guid":{"rendered":"https:\/\/www.eldiario.net\/portal\/?p=89654"},"modified":"2022-06-10T11:00:06","modified_gmt":"2022-06-10T15:00:06","slug":"trastornos-del-aprendizaje-2","status":"publish","type":"post","link":"https:\/\/www.eldiario.net\/portal\/2022\/06\/10\/trastornos-del-aprendizaje-2\/","title":{"rendered":"Trastornos del aprendizaje"},"content":{"rendered":"<p>RECORDEMOS QUE&#8230;<\/p>\n<p>Los Trastornos de Aprendizaje son aquellas dificultades de aprendizaje que se refieren a un grupo heterog\u00e9neo de trastornos, manifestados por dificultades significativas en la adquisici\u00f3n y uso de la capacidad para entender, hablar, leer, escribir, razonar o para los procesos l\u00f3gico-matem\u00e1ticos.<\/p>\n<p><strong>\u00bfQu\u00e9 caracter\u00edsticas tiene un ni\u00f1o con problemas de aprendizaje?<\/strong><\/p>\n<p>Baja autoestima. El fracaso escolar trae consigo, mayoritariamente, ni\u00f1os con una autoestima disminuida.<\/p>\n<p>Lentitud en la finalizaci\u00f3n de los deberes. Sean estos en actividades planteadas en hora de clase o bien como deberes escolares.<\/p>\n<p>Distracci\u00f3n. Muchos ni\u00f1os, al no comprender aquello que explica la docente, se distraen con facilidad. Esto lo pueden hacer de forma solitaria y aislada o bien generando un bullicio en el sal\u00f3n y en complicidad con otros ni\u00f1os.<\/p>\n<p>Escritura y lectura. Tienen niveles de lectura mucho m\u00e1s lentos que otros ni\u00f1os de su misma edad y muchas veces leen letra por letra. En cuanto a la escritura, tienen una letra muchas veces poco legible. A menudo pueden evitar letras o bien invertir unas por otras.<\/p>\n<p>Matem\u00e1ticas. En el \u00e1rea de las matem\u00e1ticas, muchos ni\u00f1os presentan dificultades, aunque si el ni\u00f1o tiene un problema en el \u00e1rea de matem\u00e1tica, no quiere decir que tambi\u00e9n lo tenga en otras \u00e1reas.<\/p>\n<p><strong>CONSIDERACIONES SOBRE LOS PROBLEMAS DE APRENDIZAJE<\/strong><\/p>\n<p>\u00bfC\u00f3mo saber si mi hijo tiene problemas de aprendizaje?<\/p>\n<p>Los padres deben aprender a conocer las se\u00f1ales que indican los posibles problemas de aprendizaje de su hijo.<\/p>\n<ul>\n<li>Dificultad en atender o seguir instrucciones.<\/li>\n<li>Dificultad para recordar lo que se le acaba de decir.<\/li>\n<li>Fracasos acad\u00e9micos como consecuencia del poco dominio de destrezas como la lectura, escritura y\/o aritm\u00e9tica.<\/li>\n<\/ul>\n<p>\u00bfQu\u00e9 \u00e1reas acad\u00e9micas pueden afectar?<\/p>\n<ul>\n<li>Lenguaje hablado: atrasos, trastornos, o discrepancias en el escuchar y hablar.<\/li>\n<li>Lenguaje escrito: dificultades para leer, escribir, y en la ortograf\u00eda.<\/li>\n<li>Aritm\u00e9tica: dificultad para ejecutar funciones aritm\u00e9ticas o en comprender conceptos b\u00e1sicos.<\/li>\n<li>Razonamiento: dificultad para organizar e integrar los pensamientos.<\/li>\n<li>Habilidades para la organizaci\u00f3n: dificultad para organizar todas las facetas del aprendizaje.<\/li>\n<\/ul>\n<p>\u00bfCu\u00e1les pueden ser las causas de los problemas de aprendizaje?<\/p>\n<ul>\n<li>Factores gen\u00e9ticos: como cromosomas recesivos, en dishabilidades espec\u00edficas en lectura.<\/li>\n<li>Factores pre-peri y posnatales: Complicaciones durante el embarazo.<\/li>\n<li>Madres y padres mayores, tienen mayor probabilidad de tener un hijo disl\u00e9xico.<\/li>\n<li>Las disfunciones neurol\u00f3gicas han sido consideradas como causas significativas de las inhabilidades para aprender.<\/li>\n<\/ul>\n<p>\u00bfC\u00f3mo corregir las dificultades de aprendizaje en los ni\u00f1os?<\/p>\n<p>Primero debemos detectar la verdadera raz\u00f3n de su fracaso escolar, para poder intervenir correctamente. Es decir, puede ser que el problema del ni\u00f1o est\u00e9 en relaci\u00f3n con el entorno escolar (compa\u00f1ero y un posible acoso escolar, por ejemplo); problemas f\u00edsicos (dolores o problemas sensoriales auditiva, visual, etc.); problemas psicol\u00f3gicos como (autoestima baja, ansiedad, fobias, etc.)<\/p>\n<p>Los ni\u00f1os con problemas de aprendizaje comparten algunas caracter\u00edsticas similares entre s\u00ed que es posible distinguir.<\/p>\n<p>\u00bfCu\u00e1ntos tipos de dificultades de aprendizaje existen?<\/p>\n<p>Las dificultades de aprendizaje son espec\u00edficas y son las siguientes:<\/p>\n<ul>\n<li>Dislexia (Dislexia se define como dificultad para leer).<\/li>\n<li>Disgraf\u00eda (Dificultad para escribir)<\/li>\n<li>Discalculia (Dificultad para calcular)<\/li>\n<li>Discapacidad de la memoria y el procesamiento auditivo<\/li>\n<li>Trastorno por d\u00e9ficit de atenci\u00f3n e hiperactividad \u2014TDHA<\/li>\n<li>Trastorno del espectro autista\/Trastorno generalizado del desarrollo.<\/li>\n<li>Discapacidad intelectual.<\/li>\n<\/ul>\n<p>\u00bfDe qu\u00e9 tipos pueden ser las dificultades de aprendizaje?<\/p>\n<p>Compulsi\u00f3n o sobreatenci\u00f3n: Los ni\u00f1os tienden a mantener su atenci\u00f3n en una sola cosa durante mucho tiempo, y no atienden a otros est\u00edmulos que son importantes para el correcto desarrollo de una tarea.<br \/>\nImpulsiva distractibilidad o baja atenci\u00f3n: Los ni\u00f1os centran su atenci\u00f3n por poco tiempo en una cosa y luego pasan r\u00e1pidamente su atenci\u00f3n a otra. Los problemas de aprendizaje en los ni\u00f1os pueden en un futuro determinar el desarrollo de des\u00f3rdenes de conducta, de personalidad antisocial, o depresi\u00f3n en la edad adulta.<\/p>\n","protected":false},"excerpt":{"rendered":"<p>RECORDEMOS QUE&#8230; Los Trastornos de Aprendizaje son aquellas dificultades de aprendizaje que se refieren a un grupo heterog\u00e9neo de trastornos, manifestados por dificultades significativas en la adquisici\u00f3n y uso de la capacidad para entender, hablar, leer, escribir, razonar o para los procesos l\u00f3gico-matem\u00e1ticos. \u00bfQu\u00e9 caracter\u00edsticas tiene un ni\u00f1o con problemas de aprendizaje? Baja autoestima. El [&hellip;]<\/p>\n","protected":false},"author":1,"featured_media":0,"comment_status":"closed","ping_status":"closed","sticky":false,"template":"","format":"standard","meta":{"_acf_changed":false,"footnotes":""},"categories":[43],"tags":[],"class_list":["post-89654","post","type-post","status-publish","format-standard","category-nuevos-horizontes"],"acf":{"antetitulo":""},"yoast_head":"<!-- This site is optimized with the Yoast SEO plugin v28.4 - https:\/\/yoast.com\/product\/yoast-seo-wordpress\/ -->\n<title>Trastornos del aprendizaje - El Diario - Bolivia<\/title>\n<meta name=\"robots\" content=\"index, follow, max-snippet:-1, max-image-preview:large, max-video-preview:-1\" \/>\n<link rel=\"canonical\" href=\"https:\/\/www.eldiario.net\/portal\/2022\/06\/10\/trastornos-del-aprendizaje-2\/\" \/>\n<meta property=\"og:locale\" content=\"es_ES\" \/>\n<meta property=\"og:type\" content=\"article\" \/>\n<meta property=\"og:title\" content=\"Trastornos del aprendizaje - El Diario - Bolivia\" \/>\n<meta property=\"og:description\" content=\"RECORDEMOS QUE&#8230; Los Trastornos de Aprendizaje son aquellas dificultades de aprendizaje que se refieren a un grupo heterog\u00e9neo de trastornos, manifestados por dificultades significativas en la adquisici\u00f3n y uso de la capacidad para entender, hablar, leer, escribir, razonar o para los procesos l\u00f3gico-matem\u00e1ticos. \u00bfQu\u00e9 caracter\u00edsticas tiene un ni\u00f1o con problemas de aprendizaje? Baja autoestima. El [&hellip;]\" \/>\n<meta property=\"og:url\" content=\"https:\/\/www.eldiario.net\/portal\/2022\/06\/10\/trastornos-del-aprendizaje-2\/\" \/>\n<meta property=\"og:site_name\" content=\"El Diario - Bolivia\" \/>\n<meta property=\"article:publisher\" content=\"https:\/\/www.facebook.com\/eldiario.bolivia\/\" \/>\n<meta property=\"article:published_time\" content=\"2022-06-10T15:00:06+00:00\" \/>\n<meta name=\"author\" content=\"Jeanette\" \/>\n<meta name=\"twitter:card\" content=\"summary_large_image\" \/>\n<meta name=\"twitter:creator\" content=\"@eldiario_net\" \/>\n<meta name=\"twitter:site\" content=\"@eldiario_net\" \/>\n<meta name=\"twitter:label1\" content=\"Escrito por\" \/>\n\t<meta name=\"twitter:data1\" content=\"Jeanette\" \/>\n\t<meta name=\"twitter:label2\" content=\"Tiempo de lectura\" \/>\n\t<meta name=\"twitter:data2\" content=\"3 minutos\" \/>\n<script type=\"application\/ld+json\" class=\"yoast-schema-graph\">{\"@context\":\"https:\\\/\\\/schema.org\",\"@graph\":[{\"@type\":\"Article\",\"@id\":\"https:\\\/\\\/www.eldiario.net\\\/portal\\\/2022\\\/06\\\/10\\\/trastornos-del-aprendizaje-2\\\/#article\",\"isPartOf\":{\"@id\":\"https:\\\/\\\/www.eldiario.net\\\/portal\\\/2022\\\/06\\\/10\\\/trastornos-del-aprendizaje-2\\\/\"},\"author\":{\"name\":\"Jeanette\",\"@id\":\"https:\\\/\\\/www.eldiario.net\\\/portal\\\/#\\\/schema\\\/person\\\/2c57cf2b7a7ae032e449e4c9b1019eac\"},\"headline\":\"Trastornos del aprendizaje\",\"datePublished\":\"2022-06-10T15:00:06+00:00\",\"mainEntityOfPage\":{\"@id\":\"https:\\\/\\\/www.eldiario.net\\\/portal\\\/2022\\\/06\\\/10\\\/trastornos-del-aprendizaje-2\\\/\"},\"wordCount\":678,\"publisher\":{\"@id\":\"https:\\\/\\\/www.eldiario.net\\\/portal\\\/#organization\"},\"articleSection\":[\"Nuevos Horizontes\"],\"inLanguage\":\"es\"},{\"@type\":\"WebPage\",\"@id\":\"https:\\\/\\\/www.eldiario.net\\\/portal\\\/2022\\\/06\\\/10\\\/trastornos-del-aprendizaje-2\\\/\",\"url\":\"https:\\\/\\\/www.eldiario.net\\\/portal\\\/2022\\\/06\\\/10\\\/trastornos-del-aprendizaje-2\\\/\",\"name\":\"Trastornos del aprendizaje - El Diario - Bolivia\",\"isPartOf\":{\"@id\":\"https:\\\/\\\/www.eldiario.net\\\/portal\\\/#website\"},\"datePublished\":\"2022-06-10T15:00:06+00:00\",\"breadcrumb\":{\"@id\":\"https:\\\/\\\/www.eldiario.net\\\/portal\\\/2022\\\/06\\\/10\\\/trastornos-del-aprendizaje-2\\\/#breadcrumb\"},\"inLanguage\":\"es\",\"potentialAction\":[{\"@type\":\"ReadAction\",\"target\":[\"https:\\\/\\\/www.eldiario.net\\\/portal\\\/2022\\\/06\\\/10\\\/trastornos-del-aprendizaje-2\\\/\"]}]},{\"@type\":\"BreadcrumbList\",\"@id\":\"https:\\\/\\\/www.eldiario.net\\\/portal\\\/2022\\\/06\\\/10\\\/trastornos-del-aprendizaje-2\\\/#breadcrumb\",\"itemListElement\":[{\"@type\":\"ListItem\",\"position\":1,\"name\":\"Portada\",\"item\":\"https:\\\/\\\/www.eldiario.net\\\/portal\\\/\"},{\"@type\":\"ListItem\",\"position\":2,\"name\":\"Trastornos del aprendizaje\"}]},{\"@type\":\"WebSite\",\"@id\":\"https:\\\/\\\/www.eldiario.net\\\/portal\\\/#website\",\"url\":\"https:\\\/\\\/www.eldiario.net\\\/portal\\\/\",\"name\":\"El Diario - Decano de la prensa nacional\",\"description\":\"El Diario - Decano de la prensa nacional\",\"publisher\":{\"@id\":\"https:\\\/\\\/www.eldiario.net\\\/portal\\\/#organization\"},\"potentialAction\":[{\"@type\":\"SearchAction\",\"target\":{\"@type\":\"EntryPoint\",\"urlTemplate\":\"https:\\\/\\\/www.eldiario.net\\\/portal\\\/?s={search_term_string}\"},\"query-input\":{\"@type\":\"PropertyValueSpecification\",\"valueRequired\":true,\"valueName\":\"search_term_string\"}}],\"inLanguage\":\"es\"},{\"@type\":\"Organization\",\"@id\":\"https:\\\/\\\/www.eldiario.net\\\/portal\\\/#organization\",\"name\":\"El Diario - Decano de la prensa nacional\",\"url\":\"https:\\\/\\\/www.eldiario.net\\\/portal\\\/\",\"logo\":{\"@type\":\"ImageObject\",\"inLanguage\":\"es\",\"@id\":\"https:\\\/\\\/www.eldiario.net\\\/portal\\\/#\\\/schema\\\/logo\\\/image\\\/\",\"url\":\"https:\\\/\\\/www.eldiario.net\\\/portal\\\/wp-content\\\/uploads\\\/2023\\\/07\\\/logo_ED.jpg\",\"contentUrl\":\"https:\\\/\\\/www.eldiario.net\\\/portal\\\/wp-content\\\/uploads\\\/2023\\\/07\\\/logo_ED.jpg\",\"width\":272,\"height\":52,\"caption\":\"El Diario - Decano de la prensa nacional\"},\"image\":{\"@id\":\"https:\\\/\\\/www.eldiario.net\\\/portal\\\/#\\\/schema\\\/logo\\\/image\\\/\"},\"sameAs\":[\"https:\\\/\\\/www.facebook.com\\\/eldiario.bolivia\\\/\",\"https:\\\/\\\/x.com\\\/eldiario_net\"]},{\"@type\":\"Person\",\"@id\":\"https:\\\/\\\/www.eldiario.net\\\/portal\\\/#\\\/schema\\\/person\\\/2c57cf2b7a7ae032e449e4c9b1019eac\",\"name\":\"Jeanette\",\"image\":{\"@type\":\"ImageObject\",\"inLanguage\":\"es\",\"@id\":\"https:\\\/\\\/secure.gravatar.com\\\/avatar\\\/3ea2118a5f7dad2b7138b1187a6b7ee55f160b9968b66013c3a3ef39dd7e5798?s=96&d=mm&r=g\",\"url\":\"https:\\\/\\\/secure.gravatar.com\\\/avatar\\\/3ea2118a5f7dad2b7138b1187a6b7ee55f160b9968b66013c3a3ef39dd7e5798?s=96&d=mm&r=g\",\"contentUrl\":\"https:\\\/\\\/secure.gravatar.com\\\/avatar\\\/3ea2118a5f7dad2b7138b1187a6b7ee55f160b9968b66013c3a3ef39dd7e5798?s=96&d=mm&r=g\",\"caption\":\"Jeanette\"},\"sameAs\":[\"https:\\\/\\\/www.eldiario.net\\\/portal\"],\"url\":\"https:\\\/\\\/www.eldiario.net\\\/portal\\\/author\\\/jeanette\\\/\"}]}<\/script>\n<!-- \/ Yoast SEO plugin. -->","yoast_head_json":{"title":"Trastornos del aprendizaje - El Diario - Bolivia","robots":{"index":"index","follow":"follow","max-snippet":"max-snippet:-1","max-image-preview":"max-image-preview:large","max-video-preview":"max-video-preview:-1"},"canonical":"https:\/\/www.eldiario.net\/portal\/2022\/06\/10\/trastornos-del-aprendizaje-2\/","og_locale":"es_ES","og_type":"article","og_title":"Trastornos del aprendizaje - El Diario - Bolivia","og_description":"RECORDEMOS QUE&#8230; Los Trastornos de Aprendizaje son aquellas dificultades de aprendizaje que se refieren a un grupo heterog\u00e9neo de trastornos, manifestados por dificultades significativas en la adquisici\u00f3n y uso de la capacidad para entender, hablar, leer, escribir, razonar o para los procesos l\u00f3gico-matem\u00e1ticos. \u00bfQu\u00e9 caracter\u00edsticas tiene un ni\u00f1o con problemas de aprendizaje? Baja autoestima. El [&hellip;]","og_url":"https:\/\/www.eldiario.net\/portal\/2022\/06\/10\/trastornos-del-aprendizaje-2\/","og_site_name":"El Diario - Bolivia","article_publisher":"https:\/\/www.facebook.com\/eldiario.bolivia\/","article_published_time":"2022-06-10T15:00:06+00:00","author":"Jeanette","twitter_card":"summary_large_image","twitter_creator":"@eldiario_net","twitter_site":"@eldiario_net","twitter_misc":{"Escrito por":"Jeanette","Tiempo de lectura":"3 minutos"},"schema":{"@context":"https:\/\/schema.org","@graph":[{"@type":"Article","@id":"https:\/\/www.eldiario.net\/portal\/2022\/06\/10\/trastornos-del-aprendizaje-2\/#article","isPartOf":{"@id":"https:\/\/www.eldiario.net\/portal\/2022\/06\/10\/trastornos-del-aprendizaje-2\/"},"author":{"name":"Jeanette","@id":"https:\/\/www.eldiario.net\/portal\/#\/schema\/person\/2c57cf2b7a7ae032e449e4c9b1019eac"},"headline":"Trastornos del aprendizaje","datePublished":"2022-06-10T15:00:06+00:00","mainEntityOfPage":{"@id":"https:\/\/www.eldiario.net\/portal\/2022\/06\/10\/trastornos-del-aprendizaje-2\/"},"wordCount":678,"publisher":{"@id":"https:\/\/www.eldiario.net\/portal\/#organization"},"articleSection":["Nuevos Horizontes"],"inLanguage":"es"},{"@type":"WebPage","@id":"https:\/\/www.eldiario.net\/portal\/2022\/06\/10\/trastornos-del-aprendizaje-2\/","url":"https:\/\/www.eldiario.net\/portal\/2022\/06\/10\/trastornos-del-aprendizaje-2\/","name":"Trastornos del aprendizaje - El Diario - Bolivia","isPartOf":{"@id":"https:\/\/www.eldiario.net\/portal\/#website"},"datePublished":"2022-06-10T15:00:06+00:00","breadcrumb":{"@id":"https:\/\/www.eldiario.net\/portal\/2022\/06\/10\/trastornos-del-aprendizaje-2\/#breadcrumb"},"inLanguage":"es","potentialAction":[{"@type":"ReadAction","target":["https:\/\/www.eldiario.net\/portal\/2022\/06\/10\/trastornos-del-aprendizaje-2\/"]}]},{"@type":"BreadcrumbList","@id":"https:\/\/www.eldiario.net\/portal\/2022\/06\/10\/trastornos-del-aprendizaje-2\/#breadcrumb","itemListElement":[{"@type":"ListItem","position":1,"name":"Portada","item":"https:\/\/www.eldiario.net\/portal\/"},{"@type":"ListItem","position":2,"name":"Trastornos del aprendizaje"}]},{"@type":"WebSite","@id":"https:\/\/www.eldiario.net\/portal\/#website","url":"https:\/\/www.eldiario.net\/portal\/","name":"El Diario - Decano de la prensa nacional","description":"El Diario - Decano de la prensa nacional","publisher":{"@id":"https:\/\/www.eldiario.net\/portal\/#organization"},"potentialAction":[{"@type":"SearchAction","target":{"@type":"EntryPoint","urlTemplate":"https:\/\/www.eldiario.net\/portal\/?s={search_term_string}"},"query-input":{"@type":"PropertyValueSpecification","valueRequired":true,"valueName":"search_term_string"}}],"inLanguage":"es"},{"@type":"Organization","@id":"https:\/\/www.eldiario.net\/portal\/#organization","name":"El Diario - Decano de la prensa nacional","url":"https:\/\/www.eldiario.net\/portal\/","logo":{"@type":"ImageObject","inLanguage":"es","@id":"https:\/\/www.eldiario.net\/portal\/#\/schema\/logo\/image\/","url":"https:\/\/www.eldiario.net\/portal\/wp-content\/uploads\/2023\/07\/logo_ED.jpg","contentUrl":"https:\/\/www.eldiario.net\/portal\/wp-content\/uploads\/2023\/07\/logo_ED.jpg","width":272,"height":52,"caption":"El Diario - Decano de la prensa nacional"},"image":{"@id":"https:\/\/www.eldiario.net\/portal\/#\/schema\/logo\/image\/"},"sameAs":["https:\/\/www.facebook.com\/eldiario.bolivia\/","https:\/\/x.com\/eldiario_net"]},{"@type":"Person","@id":"https:\/\/www.eldiario.net\/portal\/#\/schema\/person\/2c57cf2b7a7ae032e449e4c9b1019eac","name":"Jeanette","image":{"@type":"ImageObject","inLanguage":"es","@id":"https:\/\/secure.gravatar.com\/avatar\/3ea2118a5f7dad2b7138b1187a6b7ee55f160b9968b66013c3a3ef39dd7e5798?s=96&d=mm&r=g","url":"https:\/\/secure.gravatar.com\/avatar\/3ea2118a5f7dad2b7138b1187a6b7ee55f160b9968b66013c3a3ef39dd7e5798?s=96&d=mm&r=g","contentUrl":"https:\/\/secure.gravatar.com\/avatar\/3ea2118a5f7dad2b7138b1187a6b7ee55f160b9968b66013c3a3ef39dd7e5798?s=96&d=mm&r=g","caption":"Jeanette"},"sameAs":["https:\/\/www.eldiario.net\/portal"],"url":"https:\/\/www.eldiario.net\/portal\/author\/jeanette\/"}]}},"_links":{"self":[{"href":"https:\/\/www.eldiario.net\/portal\/wp-json\/wp\/v2\/posts\/89654","targetHints":{"allow":["GET"]}}],"collection":[{"href":"https:\/\/www.eldiario.net\/portal\/wp-json\/wp\/v2\/posts"}],"about":[{"href":"https:\/\/www.eldiario.net\/portal\/wp-json\/wp\/v2\/types\/post"}],"author":[{"embeddable":true,"href":"https:\/\/www.eldiario.net\/portal\/wp-json\/wp\/v2\/users\/1"}],"replies":[{"embeddable":true,"href":"https:\/\/www.eldiario.net\/portal\/wp-json\/wp\/v2\/comments?post=89654"}],"version-history":[{"count":0,"href":"https:\/\/www.eldiario.net\/portal\/wp-json\/wp\/v2\/posts\/89654\/revisions"}],"wp:attachment":[{"href":"https:\/\/www.eldiario.net\/portal\/wp-json\/wp\/v2\/media?parent=89654"}],"wp:term":[{"taxonomy":"category","embeddable":true,"href":"https:\/\/www.eldiario.net\/portal\/wp-json\/wp\/v2\/categories?post=89654"},{"taxonomy":"post_tag","embeddable":true,"href":"https:\/\/www.eldiario.net\/portal\/wp-json\/wp\/v2\/tags?post=89654"}],"curies":[{"name":"wp","href":"https:\/\/api.w.org\/{rel}","templated":true}]}}