{"id":89649,"date":"2022-06-10T10:51:57","date_gmt":"2022-06-10T14:51:57","guid":{"rendered":"https:\/\/www.eldiario.net\/portal\/?p=89649"},"modified":"2022-06-10T10:51:57","modified_gmt":"2022-06-10T14:51:57","slug":"conectores-de-texto-segunda-parte","status":"publish","type":"post","link":"https:\/\/www.eldiario.net\/portal\/2022\/06\/10\/conectores-de-texto-segunda-parte\/","title":{"rendered":"Conectores de texto Segunda parte"},"content":{"rendered":"<p>RECORDEMOS QUE&#8230;<\/p>\n<p>Los conectores de texto son palabras o grupos de palabras que ayudan a enlazar las oraciones de un texto, puesto que un texto no solo est\u00e1 compuesto por oraciones, sino que tambi\u00e9n existen palabras que las unen para dar coherencia y cohesi\u00f3n a las ideas que conforman el p\u00e1rrafo del texto.<\/p>\n<p><strong>Conectores de contenido<\/strong><\/p>\n<p>Aditivos. Son los que adicionan o suman informaci\u00f3n, entre ellos tenemos: y, adem\u00e1s, tambi\u00e9n, incluso, es m\u00e1s, etc.<\/p>\n<p>Por ejemplo:<\/p>\n<p>Todos se divirtieron, incluso organizaron la pr\u00f3xima reuni\u00f3n.<\/p>\n<p>Opositivos. Son los que introducen ideas opuestas o contradictorias, son: pero, sin embargo, en cambio, por el contrario, etc.<\/p>\n<p>Por ejemplo:<br \/>\nTe quiero, sin embargo me voy.<\/p>\n<p>De concesi\u00f3n. Son usados para indicar o manifestar una negaci\u00f3n parcial, algunos de ellos son: aunque, a pesar de que, aun cuando, si bien, etc.<\/p>\n<p>Por ejemplo:<\/p>\n<p>No te rindas, aunque sientas que caes sigue adelante.<\/p>\n<p>Causativos. Son los que indican el motivo o causa de alg\u00fan hecho, y son: porque, puesto que, a causa de, debido a, dado que, etc.<\/p>\n<p>Por ejemplo:<br \/>\nNo voy a ir ya que estoy resfriado.<\/p>\n<p>Consecutivos. Son los que introducen acciones como consecuencia a una acci\u00f3n anterior, hablamos de los siguientes: de manera que, en consecuencia, por lo tanto, por ende, etc.<\/p>\n<p>Por ejemplo:<br \/>\nMe robaron, por lo tanto tengo miedo.<\/p>\n<p>Comparativos. Son los que establecen alguna clase de semejanza entre dos ideas. Estos son: del mismo modo, igualmente, de igual manera, tanto como, etc.<\/p>\n<p>Por ejemplo:<\/p>\n<p>Mi familia es unida, del mismo modo que la de mi primo.<\/p>\n<p><strong>Conectores de contenido<\/strong><\/p>\n<p>De equivalencia. Son los que se\u00f1alan algo similar pero de manera t\u00e9cnica. Entre ellos tenemos a: en otras palabras, es decir, en otros t\u00e9rminos, en suma, o sea, vale decir, etc.<\/p>\n<p>Por ejemplo:<\/p>\n<p>En la cena de Navidad estaban mis pap\u00e1s, mis hermanos, mis t\u00edos y primos; es decir, estaba toda mi familia.<\/p>\n<p>Condicionales. Son los que expresan una condici\u00f3n para que se realice una acci\u00f3n, las cuales son: aunque, en caso que, con tal que, salvo que, siempre y cuando, etc.<\/p>\n<p>Por ejemplo:<\/p>\n<p>Podr\u00e1n comer siempre y cuando se laven las manos.<\/p>\n<p>Finalidad. Son los que determinan el prop\u00f3sito de una acci\u00f3n, estos son: con la intensi\u00f3n de, a fin de, con el fin de, de modo que, con miras a, etc.<\/p>\n<p>Por ejemplo:<\/p>\n<p>Vine con la intensi\u00f3n de acabar el trabajo.<\/p>\n<p>Reformulativos. Son los que aclaran lo expresado anteriormente, algunas son: dicho de otro modo, en todas las palabras, mejor dicho, en pocas palabras, etc.<\/p>\n<p>Por ejemplo:<\/p>\n<p>Estamos debatiendo muy fuerte, mejor dicho estamos discutiendo.<\/p>\n<p>De evidencia. Son los que permiten recordar un punto obvio, algunas son: desde luego, obviamente, como es evidente, por supuesto, sin lugar a dudas, naturalmente, indudablemente, etc.<\/p>\n<p>Por ejemplo:<\/p>\n<p>A lo largo de estos a\u00f1os compartimos mucho, naturalmente nos hicimos amigos.<\/p>\n<p>De orden. Son los que se utilizan para enumerar una serie de puntos, entre los m\u00e1s usados encontramos a: primero, primeramente, en segundo lugar, finalmente, antes, despu\u00e9s, a continuaci\u00f3n, por \u00faltimo, etc.<\/p>\n<p>Por ejemplo:<\/p>\n<p>Los hechos sucedieron de la siguiente manera, primeramente, las autoridades\u2026<\/p>\n<p>NOTA: algunos expertos no consideran la divisi\u00f3n de los conectores de orden y de consecuencia.<\/p>\n","protected":false},"excerpt":{"rendered":"<p>RECORDEMOS QUE&#8230; Los conectores de texto son palabras o grupos de palabras que ayudan a enlazar las oraciones de un texto, puesto que un texto no solo est\u00e1 compuesto por oraciones, sino que tambi\u00e9n existen palabras que las unen para dar coherencia y cohesi\u00f3n a las ideas que conforman el p\u00e1rrafo del texto. Conectores de [&hellip;]<\/p>\n","protected":false},"author":1,"featured_media":0,"comment_status":"closed","ping_status":"closed","sticky":false,"template":"","format":"standard","meta":{"_acf_changed":false,"footnotes":""},"categories":[43],"tags":[],"class_list":["post-89649","post","type-post","status-publish","format-standard","category-nuevos-horizontes"],"acf":{"antetitulo":""},"yoast_head":"<!-- This site is optimized with the Yoast SEO plugin v28.4 - https:\/\/yoast.com\/product\/yoast-seo-wordpress\/ -->\n<title>Conectores de texto Segunda parte - El Diario - Bolivia<\/title>\n<meta name=\"robots\" content=\"index, follow, max-snippet:-1, max-image-preview:large, max-video-preview:-1\" \/>\n<link rel=\"canonical\" href=\"https:\/\/www.eldiario.net\/portal\/2022\/06\/10\/conectores-de-texto-segunda-parte\/\" \/>\n<meta property=\"og:locale\" content=\"es_ES\" \/>\n<meta property=\"og:type\" content=\"article\" \/>\n<meta property=\"og:title\" content=\"Conectores de texto Segunda parte - El Diario - Bolivia\" \/>\n<meta property=\"og:description\" content=\"RECORDEMOS QUE&#8230; Los conectores de texto son palabras o grupos de palabras que ayudan a enlazar las oraciones de un texto, puesto que un texto no solo est\u00e1 compuesto por oraciones, sino que tambi\u00e9n existen palabras que las unen para dar coherencia y cohesi\u00f3n a las ideas que conforman el p\u00e1rrafo del texto. Conectores de [&hellip;]\" \/>\n<meta property=\"og:url\" content=\"https:\/\/www.eldiario.net\/portal\/2022\/06\/10\/conectores-de-texto-segunda-parte\/\" \/>\n<meta property=\"og:site_name\" content=\"El Diario - Bolivia\" \/>\n<meta property=\"article:publisher\" content=\"https:\/\/www.facebook.com\/eldiario.bolivia\/\" \/>\n<meta property=\"article:published_time\" content=\"2022-06-10T14:51:57+00:00\" \/>\n<meta name=\"author\" content=\"Jeanette\" \/>\n<meta name=\"twitter:card\" content=\"summary_large_image\" \/>\n<meta name=\"twitter:creator\" content=\"@eldiario_net\" \/>\n<meta name=\"twitter:site\" content=\"@eldiario_net\" \/>\n<meta name=\"twitter:label1\" content=\"Escrito por\" \/>\n\t<meta name=\"twitter:data1\" content=\"Jeanette\" \/>\n\t<meta name=\"twitter:label2\" content=\"Tiempo de lectura\" \/>\n\t<meta name=\"twitter:data2\" content=\"3 minutos\" \/>\n<script type=\"application\/ld+json\" class=\"yoast-schema-graph\">{\"@context\":\"https:\\\/\\\/schema.org\",\"@graph\":[{\"@type\":\"Article\",\"@id\":\"https:\\\/\\\/www.eldiario.net\\\/portal\\\/2022\\\/06\\\/10\\\/conectores-de-texto-segunda-parte\\\/#article\",\"isPartOf\":{\"@id\":\"https:\\\/\\\/www.eldiario.net\\\/portal\\\/2022\\\/06\\\/10\\\/conectores-de-texto-segunda-parte\\\/\"},\"author\":{\"name\":\"Jeanette\",\"@id\":\"https:\\\/\\\/www.eldiario.net\\\/portal\\\/#\\\/schema\\\/person\\\/2c57cf2b7a7ae032e449e4c9b1019eac\"},\"headline\":\"Conectores de texto Segunda parte\",\"datePublished\":\"2022-06-10T14:51:57+00:00\",\"mainEntityOfPage\":{\"@id\":\"https:\\\/\\\/www.eldiario.net\\\/portal\\\/2022\\\/06\\\/10\\\/conectores-de-texto-segunda-parte\\\/\"},\"wordCount\":561,\"publisher\":{\"@id\":\"https:\\\/\\\/www.eldiario.net\\\/portal\\\/#organization\"},\"articleSection\":[\"Nuevos Horizontes\"],\"inLanguage\":\"es\"},{\"@type\":\"WebPage\",\"@id\":\"https:\\\/\\\/www.eldiario.net\\\/portal\\\/2022\\\/06\\\/10\\\/conectores-de-texto-segunda-parte\\\/\",\"url\":\"https:\\\/\\\/www.eldiario.net\\\/portal\\\/2022\\\/06\\\/10\\\/conectores-de-texto-segunda-parte\\\/\",\"name\":\"Conectores de texto Segunda parte - El Diario - Bolivia\",\"isPartOf\":{\"@id\":\"https:\\\/\\\/www.eldiario.net\\\/portal\\\/#website\"},\"datePublished\":\"2022-06-10T14:51:57+00:00\",\"breadcrumb\":{\"@id\":\"https:\\\/\\\/www.eldiario.net\\\/portal\\\/2022\\\/06\\\/10\\\/conectores-de-texto-segunda-parte\\\/#breadcrumb\"},\"inLanguage\":\"es\",\"potentialAction\":[{\"@type\":\"ReadAction\",\"target\":[\"https:\\\/\\\/www.eldiario.net\\\/portal\\\/2022\\\/06\\\/10\\\/conectores-de-texto-segunda-parte\\\/\"]}]},{\"@type\":\"BreadcrumbList\",\"@id\":\"https:\\\/\\\/www.eldiario.net\\\/portal\\\/2022\\\/06\\\/10\\\/conectores-de-texto-segunda-parte\\\/#breadcrumb\",\"itemListElement\":[{\"@type\":\"ListItem\",\"position\":1,\"name\":\"Portada\",\"item\":\"https:\\\/\\\/www.eldiario.net\\\/portal\\\/\"},{\"@type\":\"ListItem\",\"position\":2,\"name\":\"Conectores de texto Segunda parte\"}]},{\"@type\":\"WebSite\",\"@id\":\"https:\\\/\\\/www.eldiario.net\\\/portal\\\/#website\",\"url\":\"https:\\\/\\\/www.eldiario.net\\\/portal\\\/\",\"name\":\"El Diario - Decano de la prensa nacional\",\"description\":\"El Diario - Decano de la prensa nacional\",\"publisher\":{\"@id\":\"https:\\\/\\\/www.eldiario.net\\\/portal\\\/#organization\"},\"potentialAction\":[{\"@type\":\"SearchAction\",\"target\":{\"@type\":\"EntryPoint\",\"urlTemplate\":\"https:\\\/\\\/www.eldiario.net\\\/portal\\\/?s={search_term_string}\"},\"query-input\":{\"@type\":\"PropertyValueSpecification\",\"valueRequired\":true,\"valueName\":\"search_term_string\"}}],\"inLanguage\":\"es\"},{\"@type\":\"Organization\",\"@id\":\"https:\\\/\\\/www.eldiario.net\\\/portal\\\/#organization\",\"name\":\"El Diario - Decano de la prensa nacional\",\"url\":\"https:\\\/\\\/www.eldiario.net\\\/portal\\\/\",\"logo\":{\"@type\":\"ImageObject\",\"inLanguage\":\"es\",\"@id\":\"https:\\\/\\\/www.eldiario.net\\\/portal\\\/#\\\/schema\\\/logo\\\/image\\\/\",\"url\":\"https:\\\/\\\/www.eldiario.net\\\/portal\\\/wp-content\\\/uploads\\\/2023\\\/07\\\/logo_ED.jpg\",\"contentUrl\":\"https:\\\/\\\/www.eldiario.net\\\/portal\\\/wp-content\\\/uploads\\\/2023\\\/07\\\/logo_ED.jpg\",\"width\":272,\"height\":52,\"caption\":\"El Diario - Decano de la prensa nacional\"},\"image\":{\"@id\":\"https:\\\/\\\/www.eldiario.net\\\/portal\\\/#\\\/schema\\\/logo\\\/image\\\/\"},\"sameAs\":[\"https:\\\/\\\/www.facebook.com\\\/eldiario.bolivia\\\/\",\"https:\\\/\\\/x.com\\\/eldiario_net\"]},{\"@type\":\"Person\",\"@id\":\"https:\\\/\\\/www.eldiario.net\\\/portal\\\/#\\\/schema\\\/person\\\/2c57cf2b7a7ae032e449e4c9b1019eac\",\"name\":\"Jeanette\",\"image\":{\"@type\":\"ImageObject\",\"inLanguage\":\"es\",\"@id\":\"https:\\\/\\\/secure.gravatar.com\\\/avatar\\\/3ea2118a5f7dad2b7138b1187a6b7ee55f160b9968b66013c3a3ef39dd7e5798?s=96&d=mm&r=g\",\"url\":\"https:\\\/\\\/secure.gravatar.com\\\/avatar\\\/3ea2118a5f7dad2b7138b1187a6b7ee55f160b9968b66013c3a3ef39dd7e5798?s=96&d=mm&r=g\",\"contentUrl\":\"https:\\\/\\\/secure.gravatar.com\\\/avatar\\\/3ea2118a5f7dad2b7138b1187a6b7ee55f160b9968b66013c3a3ef39dd7e5798?s=96&d=mm&r=g\",\"caption\":\"Jeanette\"},\"sameAs\":[\"https:\\\/\\\/www.eldiario.net\\\/portal\"],\"url\":\"https:\\\/\\\/www.eldiario.net\\\/portal\\\/author\\\/jeanette\\\/\"}]}<\/script>\n<!-- \/ Yoast SEO plugin. -->","yoast_head_json":{"title":"Conectores de texto Segunda parte - El Diario - Bolivia","robots":{"index":"index","follow":"follow","max-snippet":"max-snippet:-1","max-image-preview":"max-image-preview:large","max-video-preview":"max-video-preview:-1"},"canonical":"https:\/\/www.eldiario.net\/portal\/2022\/06\/10\/conectores-de-texto-segunda-parte\/","og_locale":"es_ES","og_type":"article","og_title":"Conectores de texto Segunda parte - El Diario - Bolivia","og_description":"RECORDEMOS QUE&#8230; Los conectores de texto son palabras o grupos de palabras que ayudan a enlazar las oraciones de un texto, puesto que un texto no solo est\u00e1 compuesto por oraciones, sino que tambi\u00e9n existen palabras que las unen para dar coherencia y cohesi\u00f3n a las ideas que conforman el p\u00e1rrafo del texto. Conectores de [&hellip;]","og_url":"https:\/\/www.eldiario.net\/portal\/2022\/06\/10\/conectores-de-texto-segunda-parte\/","og_site_name":"El Diario - Bolivia","article_publisher":"https:\/\/www.facebook.com\/eldiario.bolivia\/","article_published_time":"2022-06-10T14:51:57+00:00","author":"Jeanette","twitter_card":"summary_large_image","twitter_creator":"@eldiario_net","twitter_site":"@eldiario_net","twitter_misc":{"Escrito por":"Jeanette","Tiempo de lectura":"3 minutos"},"schema":{"@context":"https:\/\/schema.org","@graph":[{"@type":"Article","@id":"https:\/\/www.eldiario.net\/portal\/2022\/06\/10\/conectores-de-texto-segunda-parte\/#article","isPartOf":{"@id":"https:\/\/www.eldiario.net\/portal\/2022\/06\/10\/conectores-de-texto-segunda-parte\/"},"author":{"name":"Jeanette","@id":"https:\/\/www.eldiario.net\/portal\/#\/schema\/person\/2c57cf2b7a7ae032e449e4c9b1019eac"},"headline":"Conectores de texto Segunda parte","datePublished":"2022-06-10T14:51:57+00:00","mainEntityOfPage":{"@id":"https:\/\/www.eldiario.net\/portal\/2022\/06\/10\/conectores-de-texto-segunda-parte\/"},"wordCount":561,"publisher":{"@id":"https:\/\/www.eldiario.net\/portal\/#organization"},"articleSection":["Nuevos Horizontes"],"inLanguage":"es"},{"@type":"WebPage","@id":"https:\/\/www.eldiario.net\/portal\/2022\/06\/10\/conectores-de-texto-segunda-parte\/","url":"https:\/\/www.eldiario.net\/portal\/2022\/06\/10\/conectores-de-texto-segunda-parte\/","name":"Conectores de texto Segunda parte - El Diario - Bolivia","isPartOf":{"@id":"https:\/\/www.eldiario.net\/portal\/#website"},"datePublished":"2022-06-10T14:51:57+00:00","breadcrumb":{"@id":"https:\/\/www.eldiario.net\/portal\/2022\/06\/10\/conectores-de-texto-segunda-parte\/#breadcrumb"},"inLanguage":"es","potentialAction":[{"@type":"ReadAction","target":["https:\/\/www.eldiario.net\/portal\/2022\/06\/10\/conectores-de-texto-segunda-parte\/"]}]},{"@type":"BreadcrumbList","@id":"https:\/\/www.eldiario.net\/portal\/2022\/06\/10\/conectores-de-texto-segunda-parte\/#breadcrumb","itemListElement":[{"@type":"ListItem","position":1,"name":"Portada","item":"https:\/\/www.eldiario.net\/portal\/"},{"@type":"ListItem","position":2,"name":"Conectores de texto Segunda parte"}]},{"@type":"WebSite","@id":"https:\/\/www.eldiario.net\/portal\/#website","url":"https:\/\/www.eldiario.net\/portal\/","name":"El Diario - Decano de la prensa nacional","description":"El Diario - Decano de la prensa nacional","publisher":{"@id":"https:\/\/www.eldiario.net\/portal\/#organization"},"potentialAction":[{"@type":"SearchAction","target":{"@type":"EntryPoint","urlTemplate":"https:\/\/www.eldiario.net\/portal\/?s={search_term_string}"},"query-input":{"@type":"PropertyValueSpecification","valueRequired":true,"valueName":"search_term_string"}}],"inLanguage":"es"},{"@type":"Organization","@id":"https:\/\/www.eldiario.net\/portal\/#organization","name":"El Diario - Decano de la prensa nacional","url":"https:\/\/www.eldiario.net\/portal\/","logo":{"@type":"ImageObject","inLanguage":"es","@id":"https:\/\/www.eldiario.net\/portal\/#\/schema\/logo\/image\/","url":"https:\/\/www.eldiario.net\/portal\/wp-content\/uploads\/2023\/07\/logo_ED.jpg","contentUrl":"https:\/\/www.eldiario.net\/portal\/wp-content\/uploads\/2023\/07\/logo_ED.jpg","width":272,"height":52,"caption":"El Diario - Decano de la prensa nacional"},"image":{"@id":"https:\/\/www.eldiario.net\/portal\/#\/schema\/logo\/image\/"},"sameAs":["https:\/\/www.facebook.com\/eldiario.bolivia\/","https:\/\/x.com\/eldiario_net"]},{"@type":"Person","@id":"https:\/\/www.eldiario.net\/portal\/#\/schema\/person\/2c57cf2b7a7ae032e449e4c9b1019eac","name":"Jeanette","image":{"@type":"ImageObject","inLanguage":"es","@id":"https:\/\/secure.gravatar.com\/avatar\/3ea2118a5f7dad2b7138b1187a6b7ee55f160b9968b66013c3a3ef39dd7e5798?s=96&d=mm&r=g","url":"https:\/\/secure.gravatar.com\/avatar\/3ea2118a5f7dad2b7138b1187a6b7ee55f160b9968b66013c3a3ef39dd7e5798?s=96&d=mm&r=g","contentUrl":"https:\/\/secure.gravatar.com\/avatar\/3ea2118a5f7dad2b7138b1187a6b7ee55f160b9968b66013c3a3ef39dd7e5798?s=96&d=mm&r=g","caption":"Jeanette"},"sameAs":["https:\/\/www.eldiario.net\/portal"],"url":"https:\/\/www.eldiario.net\/portal\/author\/jeanette\/"}]}},"_links":{"self":[{"href":"https:\/\/www.eldiario.net\/portal\/wp-json\/wp\/v2\/posts\/89649","targetHints":{"allow":["GET"]}}],"collection":[{"href":"https:\/\/www.eldiario.net\/portal\/wp-json\/wp\/v2\/posts"}],"about":[{"href":"https:\/\/www.eldiario.net\/portal\/wp-json\/wp\/v2\/types\/post"}],"author":[{"embeddable":true,"href":"https:\/\/www.eldiario.net\/portal\/wp-json\/wp\/v2\/users\/1"}],"replies":[{"embeddable":true,"href":"https:\/\/www.eldiario.net\/portal\/wp-json\/wp\/v2\/comments?post=89649"}],"version-history":[{"count":0,"href":"https:\/\/www.eldiario.net\/portal\/wp-json\/wp\/v2\/posts\/89649\/revisions"}],"wp:attachment":[{"href":"https:\/\/www.eldiario.net\/portal\/wp-json\/wp\/v2\/media?parent=89649"}],"wp:term":[{"taxonomy":"category","embeddable":true,"href":"https:\/\/www.eldiario.net\/portal\/wp-json\/wp\/v2\/categories?post=89649"},{"taxonomy":"post_tag","embeddable":true,"href":"https:\/\/www.eldiario.net\/portal\/wp-json\/wp\/v2\/tags?post=89649"}],"curies":[{"name":"wp","href":"https:\/\/api.w.org\/{rel}","templated":true}]}}