{"id":89315,"date":"2022-06-09T05:16:22","date_gmt":"2022-06-09T09:16:22","guid":{"rendered":"https:\/\/www.eldiario.net\/portal\/?p=89315"},"modified":"2022-06-09T05:16:22","modified_gmt":"2022-06-09T09:16:22","slug":"teleton-pretende-recaudar-bs-14-millones-para-la-ninez","status":"publish","type":"post","link":"https:\/\/www.eldiario.net\/portal\/2022\/06\/09\/teleton-pretende-recaudar-bs-14-millones-para-la-ninez\/","title":{"rendered":"Telet\u00f3n pretende recaudar  Bs 1,4 millones para la ni\u00f1ez"},"content":{"rendered":"<p>La Unicef inici\u00f3 la tercera versi\u00f3n de su telet\u00f3n \u201cTiempo de Actuar\u201d, con el objetivo de recaudar 1.4 millones de bolivianos para continuar su trabajo por los derechos de la infancia, ni\u00f1ez y adolescencia en el pa\u00eds.<\/p>\n<p>\u201cEste a\u00f1o ponemos especial \u00e9nfasis en la protecci\u00f3n integral de la ni\u00f1ez. Hacemos un llamado a todos los bolivianos y bolivianas a unirnos por el derecho a una infancia feliz, libre de violencia\u00bb, indic\u00f3 el representante de Unicef en Bolivia, Rafael Ramirez.<\/p>\n<p>&nbsp;<\/p>\n<p>\u00a1Si un ni\u00f1o o ni\u00f1a no juega, para nosotros no es un juego! Queremos que la ni\u00f1ez recupere el derecho al esparcimiento creativo y libre entre pares, para que ejerzan una ni\u00f1ez plena, puntualiz\u00f3 Ram\u00edrez<strong><em>, <\/em><\/strong>a tiempo de referirse al contexto que nos est\u00e1 llevando a la p\u00e9rdida de la esencia de la ni\u00f1ez.<\/p>\n<p>&nbsp;<\/p>\n<p>\u201cHasta hace poco ve\u00edamos ni\u00f1as y ni\u00f1os jugar sin temor, lo hac\u00edan en bicicletas, a la rayuela, saltando ligas, con pelotas pidi\u00e9ndole al vecino reneg\u00f3n que se las devuelva, ve\u00edamos cicatrices en las rodillas, arcos de futbol imaginarios; tierra, barro; mundos completos creados por mentes conectadas que se dejaban ser. Hoy esa forma de vivir la infancia est\u00e1 en riesgo\u201d, exhort\u00f3 Ram\u00edrez.<\/p>\n<p>&nbsp;<\/p>\n<p>La Red UNO se sum\u00f3 a Unicef y brindar\u00e1 espacios en todos sus programas televisivos y espacios en sus canales digitales, para realizar coberturas especiales y promover las donaciones hacia el evento central del telet\u00f3n que se transmitir\u00e1 por su se\u00f1al el 26 de junio de 2022.<\/p>\n<p>\u201cTiempo de Actuar\u201d recibi\u00f3 el compromiso por segundo a\u00f1o consecutivo de Imcruz, quien entreg\u00f3 a favor del telet\u00f3n un veh\u00edculo Suzuki Celerio modelo 2023, a ser sorteado como un reconocimiento a los cientos de h\u00e9roes y hero\u00ednas de la infancia, todos ellos donantes individuales que mes a mes contribuyen con Unicef.<\/p>\n<p>&nbsp;<\/p>\n<p><strong>Aliados unidos por una infancia feliz <\/strong><\/p>\n<p>El telet\u00f3n \u201cTiempo de Actuar\u201d de Unicef es el evento de recaudaci\u00f3n m\u00e1s importante por la ni\u00f1ez del pa\u00eds, donde se moviliza, no solo el ciudadano a trav\u00e9s de la donaci\u00f3n voluntaria, sino que permite activar la solidaridad empresarial.<\/p>\n<p>\u201cCon ese prop\u00f3sito este a\u00f1o se unen a Unicef:\u00a0 Imcruz (por segundo a\u00f1o consecutivo), Laboratorios Bag\u00f3 y Sof\u00eda como patrocinadores principales, as\u00ed como Banco BISA, BOA, CRE, Kimberly-Clark, Conecta, y Camino Real como aliados empresariales, para juntos sensibilizar y actuar por una infancia feliz\u201d, anunci\u00f3 Rafael Ram\u00edrez.<\/p>\n<p>Con lo recaudado en la telet\u00f3n, Unicef contribuir\u00e1 a que: Un mill\u00f3n de ni\u00f1os y ni\u00f1as, entre 6 meses a 5 a\u00f1os, reciban su esquema completo de vitamina A para prevenir enfermedades como la ceguera y la desnutrici\u00f3n.<\/p>\n<p>Tambi\u00e9n 9.200 ni\u00f1os, ni\u00f1as y adolescentes reciban atenci\u00f3n psicoemocional para cuidar de su salud mental y prevenir la violencia a trav\u00e9s de la l\u00ednea de atenci\u00f3n gratuita de Unicef Familia Segura.<\/p>\n<p>Asimismo, 20.000 ni\u00f1os y ni\u00f1as menores de 5 a\u00f1os y sus familias se beneficiar\u00e1n con la mejora de centros infantiles y de salud, a trav\u00e9s de equipamiento como material l\u00fadico, gimnasios infantiles, acompa\u00f1amiento pedag\u00f3gico, entre otros.<\/p>\n<p>Finalmente, 110.000 ni\u00f1os estar\u00e1n protegidos contra la violencia en las escuelas mediante acciones de prevenci\u00f3n de toda forma de violencia (bulling, violencia sexual, violencia f\u00edsica, violencia verbal).\u00a0 Estas actividades incluyen la entrega de materiales did\u00e1cticos, formaci\u00f3n de directores, maestros, estudiantes, y padres de familia.<\/p>\n<p>&nbsp;<\/p>\n","protected":false},"excerpt":{"rendered":"<p>La Unicef inici\u00f3 la tercera versi\u00f3n de su telet\u00f3n \u201cTiempo de Actuar\u201d, con el objetivo de recaudar 1.4 millones de bolivianos para continuar su trabajo por los derechos de la infancia, ni\u00f1ez y adolescencia en el pa\u00eds. \u201cEste a\u00f1o ponemos especial \u00e9nfasis en la protecci\u00f3n integral de la ni\u00f1ez. Hacemos un llamado a todos los [&hellip;]<\/p>\n","protected":false},"author":1,"featured_media":89316,"comment_status":"closed","ping_status":"closed","sticky":false,"template":"","format":"standard","meta":{"_acf_changed":false,"footnotes":""},"categories":[7],"tags":[],"class_list":["post-89315","post","type-post","status-publish","format-standard","has-post-thumbnail","category-economia"],"acf":{"antetitulo":""},"yoast_head":"<!-- This site is optimized with the Yoast SEO plugin v28.4 - https:\/\/yoast.com\/product\/yoast-seo-wordpress\/ -->\n<title>Telet\u00f3n pretende recaudar Bs 1,4 millones para la ni\u00f1ez - El Diario - Bolivia<\/title>\n<meta name=\"robots\" content=\"index, follow, max-snippet:-1, max-image-preview:large, max-video-preview:-1\" \/>\n<link rel=\"canonical\" href=\"https:\/\/www.eldiario.net\/portal\/2022\/06\/09\/teleton-pretende-recaudar-bs-14-millones-para-la-ninez\/\" \/>\n<meta property=\"og:locale\" content=\"es_ES\" \/>\n<meta property=\"og:type\" content=\"article\" \/>\n<meta property=\"og:title\" content=\"Telet\u00f3n pretende recaudar Bs 1,4 millones para la ni\u00f1ez - El Diario - Bolivia\" \/>\n<meta property=\"og:description\" content=\"La Unicef inici\u00f3 la tercera versi\u00f3n de su telet\u00f3n \u201cTiempo de Actuar\u201d, con el objetivo de recaudar 1.4 millones de bolivianos para continuar su trabajo por los derechos de la infancia, ni\u00f1ez y adolescencia en el pa\u00eds. \u201cEste a\u00f1o ponemos especial \u00e9nfasis en la protecci\u00f3n integral de la ni\u00f1ez. Hacemos un llamado a todos los [&hellip;]\" \/>\n<meta property=\"og:url\" content=\"https:\/\/www.eldiario.net\/portal\/2022\/06\/09\/teleton-pretende-recaudar-bs-14-millones-para-la-ninez\/\" \/>\n<meta property=\"og:site_name\" content=\"El Diario - Bolivia\" \/>\n<meta property=\"article:publisher\" content=\"https:\/\/www.facebook.com\/eldiario.bolivia\/\" \/>\n<meta property=\"article:published_time\" content=\"2022-06-09T09:16:22+00:00\" \/>\n<meta property=\"og:image\" content=\"https:\/\/www.eldiario.net\/portal\/wp-content\/uploads\/2022\/06\/unicef-FOTO.jpg\" \/>\n\t<meta property=\"og:image:width\" content=\"1024\" \/>\n\t<meta property=\"og:image:height\" content=\"540\" \/>\n\t<meta property=\"og:image:type\" content=\"image\/jpeg\" \/>\n<meta name=\"author\" content=\"Jeanette\" \/>\n<meta name=\"twitter:card\" content=\"summary_large_image\" \/>\n<meta name=\"twitter:creator\" content=\"@eldiario_net\" \/>\n<meta name=\"twitter:site\" content=\"@eldiario_net\" \/>\n<meta name=\"twitter:label1\" content=\"Escrito por\" \/>\n\t<meta name=\"twitter:data1\" content=\"Jeanette\" \/>\n\t<meta name=\"twitter:label2\" content=\"Tiempo de lectura\" \/>\n\t<meta name=\"twitter:data2\" content=\"3 minutos\" \/>\n<script type=\"application\/ld+json\" class=\"yoast-schema-graph\">{\"@context\":\"https:\\\/\\\/schema.org\",\"@graph\":[{\"@type\":\"Article\",\"@id\":\"https:\\\/\\\/www.eldiario.net\\\/portal\\\/2022\\\/06\\\/09\\\/teleton-pretende-recaudar-bs-14-millones-para-la-ninez\\\/#article\",\"isPartOf\":{\"@id\":\"https:\\\/\\\/www.eldiario.net\\\/portal\\\/2022\\\/06\\\/09\\\/teleton-pretende-recaudar-bs-14-millones-para-la-ninez\\\/\"},\"author\":{\"name\":\"Jeanette\",\"@id\":\"https:\\\/\\\/www.eldiario.net\\\/portal\\\/#\\\/schema\\\/person\\\/f46445640444750d7d753ccd04ae01b7\"},\"headline\":\"Telet\u00f3n pretende recaudar Bs 1,4 millones para la ni\u00f1ez\",\"datePublished\":\"2022-06-09T09:16:22+00:00\",\"mainEntityOfPage\":{\"@id\":\"https:\\\/\\\/www.eldiario.net\\\/portal\\\/2022\\\/06\\\/09\\\/teleton-pretende-recaudar-bs-14-millones-para-la-ninez\\\/\"},\"wordCount\":607,\"publisher\":{\"@id\":\"https:\\\/\\\/www.eldiario.net\\\/portal\\\/#organization\"},\"image\":{\"@id\":\"https:\\\/\\\/www.eldiario.net\\\/portal\\\/2022\\\/06\\\/09\\\/teleton-pretende-recaudar-bs-14-millones-para-la-ninez\\\/#primaryimage\"},\"thumbnailUrl\":\"https:\\\/\\\/www.eldiario.net\\\/portal\\\/wp-content\\\/uploads\\\/2022\\\/06\\\/unicef-FOTO.jpg\",\"articleSection\":[\"Econom\u00eda\"],\"inLanguage\":\"es\"},{\"@type\":\"WebPage\",\"@id\":\"https:\\\/\\\/www.eldiario.net\\\/portal\\\/2022\\\/06\\\/09\\\/teleton-pretende-recaudar-bs-14-millones-para-la-ninez\\\/\",\"url\":\"https:\\\/\\\/www.eldiario.net\\\/portal\\\/2022\\\/06\\\/09\\\/teleton-pretende-recaudar-bs-14-millones-para-la-ninez\\\/\",\"name\":\"Telet\u00f3n pretende recaudar Bs 1,4 millones para la ni\u00f1ez - El Diario - Bolivia\",\"isPartOf\":{\"@id\":\"https:\\\/\\\/www.eldiario.net\\\/portal\\\/#website\"},\"primaryImageOfPage\":{\"@id\":\"https:\\\/\\\/www.eldiario.net\\\/portal\\\/2022\\\/06\\\/09\\\/teleton-pretende-recaudar-bs-14-millones-para-la-ninez\\\/#primaryimage\"},\"image\":{\"@id\":\"https:\\\/\\\/www.eldiario.net\\\/portal\\\/2022\\\/06\\\/09\\\/teleton-pretende-recaudar-bs-14-millones-para-la-ninez\\\/#primaryimage\"},\"thumbnailUrl\":\"https:\\\/\\\/www.eldiario.net\\\/portal\\\/wp-content\\\/uploads\\\/2022\\\/06\\\/unicef-FOTO.jpg\",\"datePublished\":\"2022-06-09T09:16:22+00:00\",\"breadcrumb\":{\"@id\":\"https:\\\/\\\/www.eldiario.net\\\/portal\\\/2022\\\/06\\\/09\\\/teleton-pretende-recaudar-bs-14-millones-para-la-ninez\\\/#breadcrumb\"},\"inLanguage\":\"es\",\"potentialAction\":[{\"@type\":\"ReadAction\",\"target\":[\"https:\\\/\\\/www.eldiario.net\\\/portal\\\/2022\\\/06\\\/09\\\/teleton-pretende-recaudar-bs-14-millones-para-la-ninez\\\/\"]}]},{\"@type\":\"ImageObject\",\"inLanguage\":\"es\",\"@id\":\"https:\\\/\\\/www.eldiario.net\\\/portal\\\/2022\\\/06\\\/09\\\/teleton-pretende-recaudar-bs-14-millones-para-la-ninez\\\/#primaryimage\",\"url\":\"https:\\\/\\\/www.eldiario.net\\\/portal\\\/wp-content\\\/uploads\\\/2022\\\/06\\\/unicef-FOTO.jpg\",\"contentUrl\":\"https:\\\/\\\/www.eldiario.net\\\/portal\\\/wp-content\\\/uploads\\\/2022\\\/06\\\/unicef-FOTO.jpg\",\"width\":1024,\"height\":540,\"caption\":\"Conferencia de prensa de representantes de Unicef. Foto Unicef\"},{\"@type\":\"BreadcrumbList\",\"@id\":\"https:\\\/\\\/www.eldiario.net\\\/portal\\\/2022\\\/06\\\/09\\\/teleton-pretende-recaudar-bs-14-millones-para-la-ninez\\\/#breadcrumb\",\"itemListElement\":[{\"@type\":\"ListItem\",\"position\":1,\"name\":\"Portada\",\"item\":\"https:\\\/\\\/www.eldiario.net\\\/portal\\\/\"},{\"@type\":\"ListItem\",\"position\":2,\"name\":\"Telet\u00f3n pretende recaudar Bs 1,4 millones para la ni\u00f1ez\"}]},{\"@type\":\"WebSite\",\"@id\":\"https:\\\/\\\/www.eldiario.net\\\/portal\\\/#website\",\"url\":\"https:\\\/\\\/www.eldiario.net\\\/portal\\\/\",\"name\":\"El Diario - Decano de la prensa nacional\",\"description\":\"El Diario - Decano de la prensa nacional\",\"publisher\":{\"@id\":\"https:\\\/\\\/www.eldiario.net\\\/portal\\\/#organization\"},\"potentialAction\":[{\"@type\":\"SearchAction\",\"target\":{\"@type\":\"EntryPoint\",\"urlTemplate\":\"https:\\\/\\\/www.eldiario.net\\\/portal\\\/?s={search_term_string}\"},\"query-input\":{\"@type\":\"PropertyValueSpecification\",\"valueRequired\":true,\"valueName\":\"search_term_string\"}}],\"inLanguage\":\"es\"},{\"@type\":\"Organization\",\"@id\":\"https:\\\/\\\/www.eldiario.net\\\/portal\\\/#organization\",\"name\":\"El Diario - Decano de la prensa nacional\",\"url\":\"https:\\\/\\\/www.eldiario.net\\\/portal\\\/\",\"logo\":{\"@type\":\"ImageObject\",\"inLanguage\":\"es\",\"@id\":\"https:\\\/\\\/www.eldiario.net\\\/portal\\\/#\\\/schema\\\/logo\\\/image\\\/\",\"url\":\"https:\\\/\\\/www.eldiario.net\\\/portal\\\/wp-content\\\/uploads\\\/2023\\\/07\\\/logo_ED.jpg\",\"contentUrl\":\"https:\\\/\\\/www.eldiario.net\\\/portal\\\/wp-content\\\/uploads\\\/2023\\\/07\\\/logo_ED.jpg\",\"width\":272,\"height\":52,\"caption\":\"El Diario - Decano de la prensa nacional\"},\"image\":{\"@id\":\"https:\\\/\\\/www.eldiario.net\\\/portal\\\/#\\\/schema\\\/logo\\\/image\\\/\"},\"sameAs\":[\"https:\\\/\\\/www.facebook.com\\\/eldiario.bolivia\\\/\",\"https:\\\/\\\/x.com\\\/eldiario_net\"]},{\"@type\":\"Person\",\"@id\":\"https:\\\/\\\/www.eldiario.net\\\/portal\\\/#\\\/schema\\\/person\\\/f46445640444750d7d753ccd04ae01b7\",\"name\":\"Jeanette\",\"image\":{\"@type\":\"ImageObject\",\"inLanguage\":\"es\",\"@id\":\"https:\\\/\\\/secure.gravatar.com\\\/avatar\\\/3ea2118a5f7dad2b7138b1187a6b7ee55f160b9968b66013c3a3ef39dd7e5798?s=96&d=mm&r=g\",\"url\":\"https:\\\/\\\/secure.gravatar.com\\\/avatar\\\/3ea2118a5f7dad2b7138b1187a6b7ee55f160b9968b66013c3a3ef39dd7e5798?s=96&d=mm&r=g\",\"contentUrl\":\"https:\\\/\\\/secure.gravatar.com\\\/avatar\\\/3ea2118a5f7dad2b7138b1187a6b7ee55f160b9968b66013c3a3ef39dd7e5798?s=96&d=mm&r=g\",\"caption\":\"Jeanette\"},\"sameAs\":[\"https:\\\/\\\/www.eldiario.net\\\/portal\"],\"url\":\"https:\\\/\\\/www.eldiario.net\\\/portal\\\/author\\\/jeanette\\\/\"}]}<\/script>\n<!-- \/ Yoast SEO plugin. -->","yoast_head_json":{"title":"Telet\u00f3n pretende recaudar Bs 1,4 millones para la ni\u00f1ez - El Diario - Bolivia","robots":{"index":"index","follow":"follow","max-snippet":"max-snippet:-1","max-image-preview":"max-image-preview:large","max-video-preview":"max-video-preview:-1"},"canonical":"https:\/\/www.eldiario.net\/portal\/2022\/06\/09\/teleton-pretende-recaudar-bs-14-millones-para-la-ninez\/","og_locale":"es_ES","og_type":"article","og_title":"Telet\u00f3n pretende recaudar Bs 1,4 millones para la ni\u00f1ez - El Diario - Bolivia","og_description":"La Unicef inici\u00f3 la tercera versi\u00f3n de su telet\u00f3n \u201cTiempo de Actuar\u201d, con el objetivo de recaudar 1.4 millones de bolivianos para continuar su trabajo por los derechos de la infancia, ni\u00f1ez y adolescencia en el pa\u00eds. \u201cEste a\u00f1o ponemos especial \u00e9nfasis en la protecci\u00f3n integral de la ni\u00f1ez. Hacemos un llamado a todos los [&hellip;]","og_url":"https:\/\/www.eldiario.net\/portal\/2022\/06\/09\/teleton-pretende-recaudar-bs-14-millones-para-la-ninez\/","og_site_name":"El Diario - Bolivia","article_publisher":"https:\/\/www.facebook.com\/eldiario.bolivia\/","article_published_time":"2022-06-09T09:16:22+00:00","og_image":[{"width":1024,"height":540,"url":"https:\/\/www.eldiario.net\/portal\/wp-content\/uploads\/2022\/06\/unicef-FOTO.jpg","type":"image\/jpeg"}],"author":"Jeanette","twitter_card":"summary_large_image","twitter_creator":"@eldiario_net","twitter_site":"@eldiario_net","twitter_misc":{"Escrito por":"Jeanette","Tiempo de lectura":"3 minutos"},"schema":{"@context":"https:\/\/schema.org","@graph":[{"@type":"Article","@id":"https:\/\/www.eldiario.net\/portal\/2022\/06\/09\/teleton-pretende-recaudar-bs-14-millones-para-la-ninez\/#article","isPartOf":{"@id":"https:\/\/www.eldiario.net\/portal\/2022\/06\/09\/teleton-pretende-recaudar-bs-14-millones-para-la-ninez\/"},"author":{"name":"Jeanette","@id":"https:\/\/www.eldiario.net\/portal\/#\/schema\/person\/f46445640444750d7d753ccd04ae01b7"},"headline":"Telet\u00f3n pretende recaudar Bs 1,4 millones para la ni\u00f1ez","datePublished":"2022-06-09T09:16:22+00:00","mainEntityOfPage":{"@id":"https:\/\/www.eldiario.net\/portal\/2022\/06\/09\/teleton-pretende-recaudar-bs-14-millones-para-la-ninez\/"},"wordCount":607,"publisher":{"@id":"https:\/\/www.eldiario.net\/portal\/#organization"},"image":{"@id":"https:\/\/www.eldiario.net\/portal\/2022\/06\/09\/teleton-pretende-recaudar-bs-14-millones-para-la-ninez\/#primaryimage"},"thumbnailUrl":"https:\/\/www.eldiario.net\/portal\/wp-content\/uploads\/2022\/06\/unicef-FOTO.jpg","articleSection":["Econom\u00eda"],"inLanguage":"es"},{"@type":"WebPage","@id":"https:\/\/www.eldiario.net\/portal\/2022\/06\/09\/teleton-pretende-recaudar-bs-14-millones-para-la-ninez\/","url":"https:\/\/www.eldiario.net\/portal\/2022\/06\/09\/teleton-pretende-recaudar-bs-14-millones-para-la-ninez\/","name":"Telet\u00f3n pretende recaudar Bs 1,4 millones para la ni\u00f1ez - El Diario - Bolivia","isPartOf":{"@id":"https:\/\/www.eldiario.net\/portal\/#website"},"primaryImageOfPage":{"@id":"https:\/\/www.eldiario.net\/portal\/2022\/06\/09\/teleton-pretende-recaudar-bs-14-millones-para-la-ninez\/#primaryimage"},"image":{"@id":"https:\/\/www.eldiario.net\/portal\/2022\/06\/09\/teleton-pretende-recaudar-bs-14-millones-para-la-ninez\/#primaryimage"},"thumbnailUrl":"https:\/\/www.eldiario.net\/portal\/wp-content\/uploads\/2022\/06\/unicef-FOTO.jpg","datePublished":"2022-06-09T09:16:22+00:00","breadcrumb":{"@id":"https:\/\/www.eldiario.net\/portal\/2022\/06\/09\/teleton-pretende-recaudar-bs-14-millones-para-la-ninez\/#breadcrumb"},"inLanguage":"es","potentialAction":[{"@type":"ReadAction","target":["https:\/\/www.eldiario.net\/portal\/2022\/06\/09\/teleton-pretende-recaudar-bs-14-millones-para-la-ninez\/"]}]},{"@type":"ImageObject","inLanguage":"es","@id":"https:\/\/www.eldiario.net\/portal\/2022\/06\/09\/teleton-pretende-recaudar-bs-14-millones-para-la-ninez\/#primaryimage","url":"https:\/\/www.eldiario.net\/portal\/wp-content\/uploads\/2022\/06\/unicef-FOTO.jpg","contentUrl":"https:\/\/www.eldiario.net\/portal\/wp-content\/uploads\/2022\/06\/unicef-FOTO.jpg","width":1024,"height":540,"caption":"Conferencia de prensa de representantes de Unicef. Foto Unicef"},{"@type":"BreadcrumbList","@id":"https:\/\/www.eldiario.net\/portal\/2022\/06\/09\/teleton-pretende-recaudar-bs-14-millones-para-la-ninez\/#breadcrumb","itemListElement":[{"@type":"ListItem","position":1,"name":"Portada","item":"https:\/\/www.eldiario.net\/portal\/"},{"@type":"ListItem","position":2,"name":"Telet\u00f3n pretende recaudar Bs 1,4 millones para la ni\u00f1ez"}]},{"@type":"WebSite","@id":"https:\/\/www.eldiario.net\/portal\/#website","url":"https:\/\/www.eldiario.net\/portal\/","name":"El Diario - Decano de la prensa nacional","description":"El Diario - Decano de la prensa nacional","publisher":{"@id":"https:\/\/www.eldiario.net\/portal\/#organization"},"potentialAction":[{"@type":"SearchAction","target":{"@type":"EntryPoint","urlTemplate":"https:\/\/www.eldiario.net\/portal\/?s={search_term_string}"},"query-input":{"@type":"PropertyValueSpecification","valueRequired":true,"valueName":"search_term_string"}}],"inLanguage":"es"},{"@type":"Organization","@id":"https:\/\/www.eldiario.net\/portal\/#organization","name":"El Diario - Decano de la prensa nacional","url":"https:\/\/www.eldiario.net\/portal\/","logo":{"@type":"ImageObject","inLanguage":"es","@id":"https:\/\/www.eldiario.net\/portal\/#\/schema\/logo\/image\/","url":"https:\/\/www.eldiario.net\/portal\/wp-content\/uploads\/2023\/07\/logo_ED.jpg","contentUrl":"https:\/\/www.eldiario.net\/portal\/wp-content\/uploads\/2023\/07\/logo_ED.jpg","width":272,"height":52,"caption":"El Diario - Decano de la prensa nacional"},"image":{"@id":"https:\/\/www.eldiario.net\/portal\/#\/schema\/logo\/image\/"},"sameAs":["https:\/\/www.facebook.com\/eldiario.bolivia\/","https:\/\/x.com\/eldiario_net"]},{"@type":"Person","@id":"https:\/\/www.eldiario.net\/portal\/#\/schema\/person\/f46445640444750d7d753ccd04ae01b7","name":"Jeanette","image":{"@type":"ImageObject","inLanguage":"es","@id":"https:\/\/secure.gravatar.com\/avatar\/3ea2118a5f7dad2b7138b1187a6b7ee55f160b9968b66013c3a3ef39dd7e5798?s=96&d=mm&r=g","url":"https:\/\/secure.gravatar.com\/avatar\/3ea2118a5f7dad2b7138b1187a6b7ee55f160b9968b66013c3a3ef39dd7e5798?s=96&d=mm&r=g","contentUrl":"https:\/\/secure.gravatar.com\/avatar\/3ea2118a5f7dad2b7138b1187a6b7ee55f160b9968b66013c3a3ef39dd7e5798?s=96&d=mm&r=g","caption":"Jeanette"},"sameAs":["https:\/\/www.eldiario.net\/portal"],"url":"https:\/\/www.eldiario.net\/portal\/author\/jeanette\/"}]}},"_links":{"self":[{"href":"https:\/\/www.eldiario.net\/portal\/wp-json\/wp\/v2\/posts\/89315","targetHints":{"allow":["GET"]}}],"collection":[{"href":"https:\/\/www.eldiario.net\/portal\/wp-json\/wp\/v2\/posts"}],"about":[{"href":"https:\/\/www.eldiario.net\/portal\/wp-json\/wp\/v2\/types\/post"}],"author":[{"embeddable":true,"href":"https:\/\/www.eldiario.net\/portal\/wp-json\/wp\/v2\/users\/1"}],"replies":[{"embeddable":true,"href":"https:\/\/www.eldiario.net\/portal\/wp-json\/wp\/v2\/comments?post=89315"}],"version-history":[{"count":0,"href":"https:\/\/www.eldiario.net\/portal\/wp-json\/wp\/v2\/posts\/89315\/revisions"}],"wp:featuredmedia":[{"embeddable":true,"href":"https:\/\/www.eldiario.net\/portal\/wp-json\/wp\/v2\/media\/89316"}],"wp:attachment":[{"href":"https:\/\/www.eldiario.net\/portal\/wp-json\/wp\/v2\/media?parent=89315"}],"wp:term":[{"taxonomy":"category","embeddable":true,"href":"https:\/\/www.eldiario.net\/portal\/wp-json\/wp\/v2\/categories?post=89315"},{"taxonomy":"post_tag","embeddable":true,"href":"https:\/\/www.eldiario.net\/portal\/wp-json\/wp\/v2\/tags?post=89315"}],"curies":[{"name":"wp","href":"https:\/\/api.w.org\/{rel}","templated":true}]}}