{"id":89312,"date":"2022-06-09T05:15:26","date_gmt":"2022-06-09T09:15:26","guid":{"rendered":"https:\/\/www.eldiario.net\/portal\/?p=89312"},"modified":"2022-06-09T05:15:26","modified_gmt":"2022-06-09T09:15:26","slug":"garantizan-precio-del-pan-de-batalla-y-de-la-carne-de-pollo","status":"publish","type":"post","link":"https:\/\/www.eldiario.net\/portal\/2022\/06\/09\/garantizan-precio-del-pan-de-batalla-y-de-la-carne-de-pollo\/","title":{"rendered":"Garantizan precio del pan de  batalla y de la carne de pollo"},"content":{"rendered":"<p>El gerente general de la Empresa de Apoyo a la Producci\u00f3n de Alimentos (Emapa), Franklin Flores, garantiz\u00f3 la distribuci\u00f3n y la venta a precio subvencionado de harina de trigo a los panificadores y ma\u00edz a los peque\u00f1os y medianos productores, lo que asegura el mantenimiento del precio del pan de batalla y la carne de pollo.<\/p>\n<p>En conferencia de prensa, Franklin Flores dijo: \u201cComo Emapa estamos cumpliendo al 100% con los compromisos a sumidos con nuestros hermanos panificadores y estamos entregando la harina subvencionada al precio establecido, a su vez ellos deben cumplir con lo acordado y garantizar el precio del pan de batalla en La Paz, El Alto y Cochabamba a Bs 0,50; en Oruro a Bs 0,40; en Potos\u00ed a Bs 0,33; en Chuquisaca a Bs 0,40; con un peso de 60 gramos\u201d.<\/p>\n<p>En cuanto a la producci\u00f3n de ma\u00edz manifest\u00f3 \u201cestamos entregando sin ning\u00fan tipo de retraso el ma\u00edz subvencionado a los peque\u00f1os y medianos productores para garantizar el precio de las diferentes carnes, de pollo, de cerdo y de vaca, y sus subproductos.<\/p>\n<p>Emapa entrega a hasta 58 toneladas de ma\u00edz por mes y cubrimos a algunos sectores hasta el 100%.<\/p>\n","protected":false},"excerpt":{"rendered":"<p>El gerente general de la Empresa de Apoyo a la Producci\u00f3n de Alimentos (Emapa), Franklin Flores, garantiz\u00f3 la distribuci\u00f3n y la venta a precio subvencionado de harina de trigo a los panificadores y ma\u00edz a los peque\u00f1os y medianos productores, lo que asegura el mantenimiento del precio del pan de batalla y la carne de [&hellip;]<\/p>\n","protected":false},"author":1,"featured_media":89313,"comment_status":"closed","ping_status":"closed","sticky":false,"template":"","format":"standard","meta":{"_acf_changed":false,"footnotes":""},"categories":[7],"tags":[],"class_list":["post-89312","post","type-post","status-publish","format-standard","has-post-thumbnail","category-economia"],"acf":{"antetitulo":""},"yoast_head":"<!-- This site is optimized with the Yoast SEO plugin v28.4 - https:\/\/yoast.com\/product\/yoast-seo-wordpress\/ -->\n<title>Garantizan precio del pan de batalla y de la carne de pollo - El Diario - Bolivia<\/title>\n<meta name=\"robots\" content=\"index, follow, max-snippet:-1, max-image-preview:large, max-video-preview:-1\" \/>\n<link rel=\"canonical\" href=\"https:\/\/www.eldiario.net\/portal\/2022\/06\/09\/garantizan-precio-del-pan-de-batalla-y-de-la-carne-de-pollo\/\" \/>\n<meta property=\"og:locale\" content=\"es_ES\" \/>\n<meta property=\"og:type\" content=\"article\" \/>\n<meta property=\"og:title\" content=\"Garantizan precio del pan de batalla y de la carne de pollo - El Diario - Bolivia\" \/>\n<meta property=\"og:description\" content=\"El gerente general de la Empresa de Apoyo a la Producci\u00f3n de Alimentos (Emapa), Franklin Flores, garantiz\u00f3 la distribuci\u00f3n y la venta a precio subvencionado de harina de trigo a los panificadores y ma\u00edz a los peque\u00f1os y medianos productores, lo que asegura el mantenimiento del precio del pan de batalla y la carne de [&hellip;]\" \/>\n<meta property=\"og:url\" content=\"https:\/\/www.eldiario.net\/portal\/2022\/06\/09\/garantizan-precio-del-pan-de-batalla-y-de-la-carne-de-pollo\/\" \/>\n<meta property=\"og:site_name\" content=\"El Diario - Bolivia\" \/>\n<meta property=\"article:publisher\" content=\"https:\/\/www.facebook.com\/eldiario.bolivia\/\" \/>\n<meta property=\"article:published_time\" content=\"2022-06-09T09:15:26+00:00\" \/>\n<meta property=\"og:image\" content=\"https:\/\/www.eldiario.net\/portal\/wp-content\/uploads\/2022\/06\/PAN-FOTO.jpeg\" \/>\n\t<meta property=\"og:image:width\" content=\"1280\" \/>\n\t<meta property=\"og:image:height\" content=\"853\" \/>\n\t<meta property=\"og:image:type\" content=\"image\/jpeg\" \/>\n<meta name=\"author\" content=\"Jeanette\" \/>\n<meta name=\"twitter:card\" content=\"summary_large_image\" \/>\n<meta name=\"twitter:creator\" content=\"@eldiario_net\" \/>\n<meta name=\"twitter:site\" content=\"@eldiario_net\" \/>\n<meta name=\"twitter:label1\" content=\"Escrito por\" \/>\n\t<meta name=\"twitter:data1\" content=\"Jeanette\" \/>\n\t<meta name=\"twitter:label2\" content=\"Tiempo de lectura\" \/>\n\t<meta name=\"twitter:data2\" content=\"1 minuto\" \/>\n<script type=\"application\/ld+json\" class=\"yoast-schema-graph\">{\"@context\":\"https:\\\/\\\/schema.org\",\"@graph\":[{\"@type\":\"Article\",\"@id\":\"https:\\\/\\\/www.eldiario.net\\\/portal\\\/2022\\\/06\\\/09\\\/garantizan-precio-del-pan-de-batalla-y-de-la-carne-de-pollo\\\/#article\",\"isPartOf\":{\"@id\":\"https:\\\/\\\/www.eldiario.net\\\/portal\\\/2022\\\/06\\\/09\\\/garantizan-precio-del-pan-de-batalla-y-de-la-carne-de-pollo\\\/\"},\"author\":{\"name\":\"Jeanette\",\"@id\":\"https:\\\/\\\/www.eldiario.net\\\/portal\\\/#\\\/schema\\\/person\\\/f46445640444750d7d753ccd04ae01b7\"},\"headline\":\"Garantizan precio del pan de batalla y de la carne de pollo\",\"datePublished\":\"2022-06-09T09:15:26+00:00\",\"mainEntityOfPage\":{\"@id\":\"https:\\\/\\\/www.eldiario.net\\\/portal\\\/2022\\\/06\\\/09\\\/garantizan-precio-del-pan-de-batalla-y-de-la-carne-de-pollo\\\/\"},\"wordCount\":209,\"publisher\":{\"@id\":\"https:\\\/\\\/www.eldiario.net\\\/portal\\\/#organization\"},\"image\":{\"@id\":\"https:\\\/\\\/www.eldiario.net\\\/portal\\\/2022\\\/06\\\/09\\\/garantizan-precio-del-pan-de-batalla-y-de-la-carne-de-pollo\\\/#primaryimage\"},\"thumbnailUrl\":\"https:\\\/\\\/www.eldiario.net\\\/portal\\\/wp-content\\\/uploads\\\/2022\\\/06\\\/PAN-FOTO.jpeg\",\"articleSection\":[\"Econom\u00eda\"],\"inLanguage\":\"es\"},{\"@type\":\"WebPage\",\"@id\":\"https:\\\/\\\/www.eldiario.net\\\/portal\\\/2022\\\/06\\\/09\\\/garantizan-precio-del-pan-de-batalla-y-de-la-carne-de-pollo\\\/\",\"url\":\"https:\\\/\\\/www.eldiario.net\\\/portal\\\/2022\\\/06\\\/09\\\/garantizan-precio-del-pan-de-batalla-y-de-la-carne-de-pollo\\\/\",\"name\":\"Garantizan precio del pan de batalla y de la carne de pollo - El Diario - Bolivia\",\"isPartOf\":{\"@id\":\"https:\\\/\\\/www.eldiario.net\\\/portal\\\/#website\"},\"primaryImageOfPage\":{\"@id\":\"https:\\\/\\\/www.eldiario.net\\\/portal\\\/2022\\\/06\\\/09\\\/garantizan-precio-del-pan-de-batalla-y-de-la-carne-de-pollo\\\/#primaryimage\"},\"image\":{\"@id\":\"https:\\\/\\\/www.eldiario.net\\\/portal\\\/2022\\\/06\\\/09\\\/garantizan-precio-del-pan-de-batalla-y-de-la-carne-de-pollo\\\/#primaryimage\"},\"thumbnailUrl\":\"https:\\\/\\\/www.eldiario.net\\\/portal\\\/wp-content\\\/uploads\\\/2022\\\/06\\\/PAN-FOTO.jpeg\",\"datePublished\":\"2022-06-09T09:15:26+00:00\",\"breadcrumb\":{\"@id\":\"https:\\\/\\\/www.eldiario.net\\\/portal\\\/2022\\\/06\\\/09\\\/garantizan-precio-del-pan-de-batalla-y-de-la-carne-de-pollo\\\/#breadcrumb\"},\"inLanguage\":\"es\",\"potentialAction\":[{\"@type\":\"ReadAction\",\"target\":[\"https:\\\/\\\/www.eldiario.net\\\/portal\\\/2022\\\/06\\\/09\\\/garantizan-precio-del-pan-de-batalla-y-de-la-carne-de-pollo\\\/\"]}]},{\"@type\":\"ImageObject\",\"inLanguage\":\"es\",\"@id\":\"https:\\\/\\\/www.eldiario.net\\\/portal\\\/2022\\\/06\\\/09\\\/garantizan-precio-del-pan-de-batalla-y-de-la-carne-de-pollo\\\/#primaryimage\",\"url\":\"https:\\\/\\\/www.eldiario.net\\\/portal\\\/wp-content\\\/uploads\\\/2022\\\/06\\\/PAN-FOTO.jpeg\",\"contentUrl\":\"https:\\\/\\\/www.eldiario.net\\\/portal\\\/wp-content\\\/uploads\\\/2022\\\/06\\\/PAN-FOTO.jpeg\",\"width\":1280,\"height\":853,\"caption\":\"Franklin Flores en conferencia de prensa. Foto: Emapa\"},{\"@type\":\"BreadcrumbList\",\"@id\":\"https:\\\/\\\/www.eldiario.net\\\/portal\\\/2022\\\/06\\\/09\\\/garantizan-precio-del-pan-de-batalla-y-de-la-carne-de-pollo\\\/#breadcrumb\",\"itemListElement\":[{\"@type\":\"ListItem\",\"position\":1,\"name\":\"Portada\",\"item\":\"https:\\\/\\\/www.eldiario.net\\\/portal\\\/\"},{\"@type\":\"ListItem\",\"position\":2,\"name\":\"Garantizan precio del pan de batalla y de la carne de pollo\"}]},{\"@type\":\"WebSite\",\"@id\":\"https:\\\/\\\/www.eldiario.net\\\/portal\\\/#website\",\"url\":\"https:\\\/\\\/www.eldiario.net\\\/portal\\\/\",\"name\":\"El Diario - Decano de la prensa nacional\",\"description\":\"El Diario - Decano de la prensa nacional\",\"publisher\":{\"@id\":\"https:\\\/\\\/www.eldiario.net\\\/portal\\\/#organization\"},\"potentialAction\":[{\"@type\":\"SearchAction\",\"target\":{\"@type\":\"EntryPoint\",\"urlTemplate\":\"https:\\\/\\\/www.eldiario.net\\\/portal\\\/?s={search_term_string}\"},\"query-input\":{\"@type\":\"PropertyValueSpecification\",\"valueRequired\":true,\"valueName\":\"search_term_string\"}}],\"inLanguage\":\"es\"},{\"@type\":\"Organization\",\"@id\":\"https:\\\/\\\/www.eldiario.net\\\/portal\\\/#organization\",\"name\":\"El Diario - Decano de la prensa nacional\",\"url\":\"https:\\\/\\\/www.eldiario.net\\\/portal\\\/\",\"logo\":{\"@type\":\"ImageObject\",\"inLanguage\":\"es\",\"@id\":\"https:\\\/\\\/www.eldiario.net\\\/portal\\\/#\\\/schema\\\/logo\\\/image\\\/\",\"url\":\"https:\\\/\\\/www.eldiario.net\\\/portal\\\/wp-content\\\/uploads\\\/2023\\\/07\\\/logo_ED.jpg\",\"contentUrl\":\"https:\\\/\\\/www.eldiario.net\\\/portal\\\/wp-content\\\/uploads\\\/2023\\\/07\\\/logo_ED.jpg\",\"width\":272,\"height\":52,\"caption\":\"El Diario - Decano de la prensa nacional\"},\"image\":{\"@id\":\"https:\\\/\\\/www.eldiario.net\\\/portal\\\/#\\\/schema\\\/logo\\\/image\\\/\"},\"sameAs\":[\"https:\\\/\\\/www.facebook.com\\\/eldiario.bolivia\\\/\",\"https:\\\/\\\/x.com\\\/eldiario_net\"]},{\"@type\":\"Person\",\"@id\":\"https:\\\/\\\/www.eldiario.net\\\/portal\\\/#\\\/schema\\\/person\\\/f46445640444750d7d753ccd04ae01b7\",\"name\":\"Jeanette\",\"image\":{\"@type\":\"ImageObject\",\"inLanguage\":\"es\",\"@id\":\"https:\\\/\\\/secure.gravatar.com\\\/avatar\\\/3ea2118a5f7dad2b7138b1187a6b7ee55f160b9968b66013c3a3ef39dd7e5798?s=96&d=mm&r=g\",\"url\":\"https:\\\/\\\/secure.gravatar.com\\\/avatar\\\/3ea2118a5f7dad2b7138b1187a6b7ee55f160b9968b66013c3a3ef39dd7e5798?s=96&d=mm&r=g\",\"contentUrl\":\"https:\\\/\\\/secure.gravatar.com\\\/avatar\\\/3ea2118a5f7dad2b7138b1187a6b7ee55f160b9968b66013c3a3ef39dd7e5798?s=96&d=mm&r=g\",\"caption\":\"Jeanette\"},\"sameAs\":[\"https:\\\/\\\/www.eldiario.net\\\/portal\"],\"url\":\"https:\\\/\\\/www.eldiario.net\\\/portal\\\/author\\\/jeanette\\\/\"}]}<\/script>\n<!-- \/ Yoast SEO plugin. -->","yoast_head_json":{"title":"Garantizan precio del pan de batalla y de la carne de pollo - El Diario - Bolivia","robots":{"index":"index","follow":"follow","max-snippet":"max-snippet:-1","max-image-preview":"max-image-preview:large","max-video-preview":"max-video-preview:-1"},"canonical":"https:\/\/www.eldiario.net\/portal\/2022\/06\/09\/garantizan-precio-del-pan-de-batalla-y-de-la-carne-de-pollo\/","og_locale":"es_ES","og_type":"article","og_title":"Garantizan precio del pan de batalla y de la carne de pollo - El Diario - Bolivia","og_description":"El gerente general de la Empresa de Apoyo a la Producci\u00f3n de Alimentos (Emapa), Franklin Flores, garantiz\u00f3 la distribuci\u00f3n y la venta a precio subvencionado de harina de trigo a los panificadores y ma\u00edz a los peque\u00f1os y medianos productores, lo que asegura el mantenimiento del precio del pan de batalla y la carne de [&hellip;]","og_url":"https:\/\/www.eldiario.net\/portal\/2022\/06\/09\/garantizan-precio-del-pan-de-batalla-y-de-la-carne-de-pollo\/","og_site_name":"El Diario - Bolivia","article_publisher":"https:\/\/www.facebook.com\/eldiario.bolivia\/","article_published_time":"2022-06-09T09:15:26+00:00","og_image":[{"width":1280,"height":853,"url":"https:\/\/www.eldiario.net\/portal\/wp-content\/uploads\/2022\/06\/PAN-FOTO.jpeg","type":"image\/jpeg"}],"author":"Jeanette","twitter_card":"summary_large_image","twitter_creator":"@eldiario_net","twitter_site":"@eldiario_net","twitter_misc":{"Escrito por":"Jeanette","Tiempo de lectura":"1 minuto"},"schema":{"@context":"https:\/\/schema.org","@graph":[{"@type":"Article","@id":"https:\/\/www.eldiario.net\/portal\/2022\/06\/09\/garantizan-precio-del-pan-de-batalla-y-de-la-carne-de-pollo\/#article","isPartOf":{"@id":"https:\/\/www.eldiario.net\/portal\/2022\/06\/09\/garantizan-precio-del-pan-de-batalla-y-de-la-carne-de-pollo\/"},"author":{"name":"Jeanette","@id":"https:\/\/www.eldiario.net\/portal\/#\/schema\/person\/f46445640444750d7d753ccd04ae01b7"},"headline":"Garantizan precio del pan de batalla y de la carne de pollo","datePublished":"2022-06-09T09:15:26+00:00","mainEntityOfPage":{"@id":"https:\/\/www.eldiario.net\/portal\/2022\/06\/09\/garantizan-precio-del-pan-de-batalla-y-de-la-carne-de-pollo\/"},"wordCount":209,"publisher":{"@id":"https:\/\/www.eldiario.net\/portal\/#organization"},"image":{"@id":"https:\/\/www.eldiario.net\/portal\/2022\/06\/09\/garantizan-precio-del-pan-de-batalla-y-de-la-carne-de-pollo\/#primaryimage"},"thumbnailUrl":"https:\/\/www.eldiario.net\/portal\/wp-content\/uploads\/2022\/06\/PAN-FOTO.jpeg","articleSection":["Econom\u00eda"],"inLanguage":"es"},{"@type":"WebPage","@id":"https:\/\/www.eldiario.net\/portal\/2022\/06\/09\/garantizan-precio-del-pan-de-batalla-y-de-la-carne-de-pollo\/","url":"https:\/\/www.eldiario.net\/portal\/2022\/06\/09\/garantizan-precio-del-pan-de-batalla-y-de-la-carne-de-pollo\/","name":"Garantizan precio del pan de batalla y de la carne de pollo - El Diario - Bolivia","isPartOf":{"@id":"https:\/\/www.eldiario.net\/portal\/#website"},"primaryImageOfPage":{"@id":"https:\/\/www.eldiario.net\/portal\/2022\/06\/09\/garantizan-precio-del-pan-de-batalla-y-de-la-carne-de-pollo\/#primaryimage"},"image":{"@id":"https:\/\/www.eldiario.net\/portal\/2022\/06\/09\/garantizan-precio-del-pan-de-batalla-y-de-la-carne-de-pollo\/#primaryimage"},"thumbnailUrl":"https:\/\/www.eldiario.net\/portal\/wp-content\/uploads\/2022\/06\/PAN-FOTO.jpeg","datePublished":"2022-06-09T09:15:26+00:00","breadcrumb":{"@id":"https:\/\/www.eldiario.net\/portal\/2022\/06\/09\/garantizan-precio-del-pan-de-batalla-y-de-la-carne-de-pollo\/#breadcrumb"},"inLanguage":"es","potentialAction":[{"@type":"ReadAction","target":["https:\/\/www.eldiario.net\/portal\/2022\/06\/09\/garantizan-precio-del-pan-de-batalla-y-de-la-carne-de-pollo\/"]}]},{"@type":"ImageObject","inLanguage":"es","@id":"https:\/\/www.eldiario.net\/portal\/2022\/06\/09\/garantizan-precio-del-pan-de-batalla-y-de-la-carne-de-pollo\/#primaryimage","url":"https:\/\/www.eldiario.net\/portal\/wp-content\/uploads\/2022\/06\/PAN-FOTO.jpeg","contentUrl":"https:\/\/www.eldiario.net\/portal\/wp-content\/uploads\/2022\/06\/PAN-FOTO.jpeg","width":1280,"height":853,"caption":"Franklin Flores en conferencia de prensa. Foto: Emapa"},{"@type":"BreadcrumbList","@id":"https:\/\/www.eldiario.net\/portal\/2022\/06\/09\/garantizan-precio-del-pan-de-batalla-y-de-la-carne-de-pollo\/#breadcrumb","itemListElement":[{"@type":"ListItem","position":1,"name":"Portada","item":"https:\/\/www.eldiario.net\/portal\/"},{"@type":"ListItem","position":2,"name":"Garantizan precio del pan de batalla y de la carne de pollo"}]},{"@type":"WebSite","@id":"https:\/\/www.eldiario.net\/portal\/#website","url":"https:\/\/www.eldiario.net\/portal\/","name":"El Diario - Decano de la prensa nacional","description":"El Diario - Decano de la prensa nacional","publisher":{"@id":"https:\/\/www.eldiario.net\/portal\/#organization"},"potentialAction":[{"@type":"SearchAction","target":{"@type":"EntryPoint","urlTemplate":"https:\/\/www.eldiario.net\/portal\/?s={search_term_string}"},"query-input":{"@type":"PropertyValueSpecification","valueRequired":true,"valueName":"search_term_string"}}],"inLanguage":"es"},{"@type":"Organization","@id":"https:\/\/www.eldiario.net\/portal\/#organization","name":"El Diario - Decano de la prensa nacional","url":"https:\/\/www.eldiario.net\/portal\/","logo":{"@type":"ImageObject","inLanguage":"es","@id":"https:\/\/www.eldiario.net\/portal\/#\/schema\/logo\/image\/","url":"https:\/\/www.eldiario.net\/portal\/wp-content\/uploads\/2023\/07\/logo_ED.jpg","contentUrl":"https:\/\/www.eldiario.net\/portal\/wp-content\/uploads\/2023\/07\/logo_ED.jpg","width":272,"height":52,"caption":"El Diario - Decano de la prensa nacional"},"image":{"@id":"https:\/\/www.eldiario.net\/portal\/#\/schema\/logo\/image\/"},"sameAs":["https:\/\/www.facebook.com\/eldiario.bolivia\/","https:\/\/x.com\/eldiario_net"]},{"@type":"Person","@id":"https:\/\/www.eldiario.net\/portal\/#\/schema\/person\/f46445640444750d7d753ccd04ae01b7","name":"Jeanette","image":{"@type":"ImageObject","inLanguage":"es","@id":"https:\/\/secure.gravatar.com\/avatar\/3ea2118a5f7dad2b7138b1187a6b7ee55f160b9968b66013c3a3ef39dd7e5798?s=96&d=mm&r=g","url":"https:\/\/secure.gravatar.com\/avatar\/3ea2118a5f7dad2b7138b1187a6b7ee55f160b9968b66013c3a3ef39dd7e5798?s=96&d=mm&r=g","contentUrl":"https:\/\/secure.gravatar.com\/avatar\/3ea2118a5f7dad2b7138b1187a6b7ee55f160b9968b66013c3a3ef39dd7e5798?s=96&d=mm&r=g","caption":"Jeanette"},"sameAs":["https:\/\/www.eldiario.net\/portal"],"url":"https:\/\/www.eldiario.net\/portal\/author\/jeanette\/"}]}},"_links":{"self":[{"href":"https:\/\/www.eldiario.net\/portal\/wp-json\/wp\/v2\/posts\/89312","targetHints":{"allow":["GET"]}}],"collection":[{"href":"https:\/\/www.eldiario.net\/portal\/wp-json\/wp\/v2\/posts"}],"about":[{"href":"https:\/\/www.eldiario.net\/portal\/wp-json\/wp\/v2\/types\/post"}],"author":[{"embeddable":true,"href":"https:\/\/www.eldiario.net\/portal\/wp-json\/wp\/v2\/users\/1"}],"replies":[{"embeddable":true,"href":"https:\/\/www.eldiario.net\/portal\/wp-json\/wp\/v2\/comments?post=89312"}],"version-history":[{"count":0,"href":"https:\/\/www.eldiario.net\/portal\/wp-json\/wp\/v2\/posts\/89312\/revisions"}],"wp:featuredmedia":[{"embeddable":true,"href":"https:\/\/www.eldiario.net\/portal\/wp-json\/wp\/v2\/media\/89313"}],"wp:attachment":[{"href":"https:\/\/www.eldiario.net\/portal\/wp-json\/wp\/v2\/media?parent=89312"}],"wp:term":[{"taxonomy":"category","embeddable":true,"href":"https:\/\/www.eldiario.net\/portal\/wp-json\/wp\/v2\/categories?post=89312"},{"taxonomy":"post_tag","embeddable":true,"href":"https:\/\/www.eldiario.net\/portal\/wp-json\/wp\/v2\/tags?post=89312"}],"curies":[{"name":"wp","href":"https:\/\/api.w.org\/{rel}","templated":true}]}}