{"id":89308,"date":"2022-06-09T05:14:05","date_gmt":"2022-06-09T09:14:05","guid":{"rendered":"https:\/\/www.eldiario.net\/portal\/?p=89308"},"modified":"2022-06-09T05:14:05","modified_gmt":"2022-06-09T09:14:05","slug":"idif-desconoce-a-nadia-cruz-como-defensora","status":"publish","type":"post","link":"https:\/\/www.eldiario.net\/portal\/2022\/06\/09\/idif-desconoce-a-nadia-cruz-como-defensora\/","title":{"rendered":"IDIF desconoce a Nadia  Cruz como Defensora"},"content":{"rendered":"<p>Despu\u00e9s que un informe defensorial identific\u00f3 deficiencias y limitaciones en el Instituto de Investigaciones Forenses (IDIF) dependiente del Ministerio P\u00fablico, esta instancia desconoci\u00f3 a Nadia Cruz como Defensora del Pueblo, y le record\u00f3 que su interinato concluy\u00f3 en mayo pasado.<\/p>\n<p>Grace Mercado, enlace del IDIF en La Paz, a tiempo de aclarar que Cruz \u201cya no funge como Defensora del Pueblo\u201d, manifest\u00f3 los peritos son seleccionados con cuidado.<\/p>\n<p>\u201cMi persona como responsable de seguimiento m\u00e9dico forense a nivel nacional, como enlace departamental de La Paz, en nombre del IDIF nacional, con respaldo del Ministerio P\u00fablico rechazamos categ\u00f3ricamente las declaraciones falsas por parte de la se\u00f1ora Nadia Cruz\u201d, dijo.<\/p>\n<p>En su informe socializado el martes, Cruz asegur\u00f3 que las oficinas del IDIF carecen de equipamiento suficiente o necesario, por ejemplo, se observ\u00f3 que 15 no cuentan con equipos de rayos X, en 12 no disponen de colposcopio taburete de auscultaci\u00f3n, en 12 carecen de equipamiento para el laboratorio, en 12 no disponen de Luz de Wood (para investigaci\u00f3n cient\u00edfica de delitos sexuales), en 11 no tienen luces forenses, en 10 carecen de amoladora el\u00e9ctrica.<\/p>\n<p>Acot\u00f3 que las recomendaciones que esta entidad hizo en 2020 no se cumplieron y que contin\u00faan las deficiencias y limitaciones.<\/p>\n<p>El Instituto de Investigaciones Forenses est\u00e1 dedicado a realizar los estudios cient\u00edficos-t\u00e9cnicos de laboratorio y multidisciplinarios, con el objetivo de contribuir en la b\u00fasqueda y esclarecimiento de los hechos dentro de un proceso investigativo.<\/p>\n<p>Mercado manifest\u00f3 que no recibieron ninguna solicitud de la Defensor\u00eda para visitar las instalaciones o conseguir informaci\u00f3n, por lo cual considera que los datos apuntar\u00edan a \u201cenlodar\u201d el nombre de la instituci\u00f3n.<\/p>\n<p>\u201cLo que la se\u00f1ora Nadia Cruz quiere hacer actualmente es enlodar nuestro nombre, nuestro prestigio como Instituto de Investigaciones Forenses para prorrogarse en un cargo\u201d, dijo Mercado.<\/p>\n<p>Reiter\u00f3 que Cruz termin\u00f3 sus funciones en el cargo el 14 de mayo y que\u00a0 \u201cporque el art\u00edculo 410 de la Constituci\u00f3n Pol\u00edtica del Estado establece que solamente el mandato del Defensor del Pueblo es por seis a\u00f1os, por lo tanto, tambi\u00e9n la se\u00f1ora Nadia Cruz est\u00e1 tomando atribuciones que no le corresponden\u201d.<\/p>\n","protected":false},"excerpt":{"rendered":"<p>Despu\u00e9s que un informe defensorial identific\u00f3 deficiencias y limitaciones en el Instituto de Investigaciones Forenses (IDIF) dependiente del Ministerio P\u00fablico, esta instancia desconoci\u00f3 a Nadia Cruz como Defensora del Pueblo, y le record\u00f3 que su interinato concluy\u00f3 en mayo pasado. Grace Mercado, enlace del IDIF en La Paz, a tiempo de aclarar que Cruz \u201cya [&hellip;]<\/p>\n","protected":false},"author":1,"featured_media":89309,"comment_status":"closed","ping_status":"closed","sticky":false,"template":"","format":"standard","meta":{"_acf_changed":false,"footnotes":""},"categories":[39],"tags":[],"class_list":["post-89308","post","type-post","status-publish","format-standard","has-post-thumbnail","category-sociedad"],"acf":{"antetitulo":""},"yoast_head":"<!-- This site is optimized with the Yoast SEO plugin v28.4 - https:\/\/yoast.com\/product\/yoast-seo-wordpress\/ -->\n<title>IDIF desconoce a Nadia Cruz como Defensora - El Diario - Bolivia<\/title>\n<meta name=\"robots\" content=\"index, follow, max-snippet:-1, max-image-preview:large, max-video-preview:-1\" \/>\n<link rel=\"canonical\" href=\"https:\/\/www.eldiario.net\/portal\/2022\/06\/09\/idif-desconoce-a-nadia-cruz-como-defensora\/\" \/>\n<meta property=\"og:locale\" content=\"es_ES\" \/>\n<meta property=\"og:type\" content=\"article\" \/>\n<meta property=\"og:title\" content=\"IDIF desconoce a Nadia Cruz como Defensora - El Diario - Bolivia\" \/>\n<meta property=\"og:description\" content=\"Despu\u00e9s que un informe defensorial identific\u00f3 deficiencias y limitaciones en el Instituto de Investigaciones Forenses (IDIF) dependiente del Ministerio P\u00fablico, esta instancia desconoci\u00f3 a Nadia Cruz como Defensora del Pueblo, y le record\u00f3 que su interinato concluy\u00f3 en mayo pasado. Grace Mercado, enlace del IDIF en La Paz, a tiempo de aclarar que Cruz \u201cya [&hellip;]\" \/>\n<meta property=\"og:url\" content=\"https:\/\/www.eldiario.net\/portal\/2022\/06\/09\/idif-desconoce-a-nadia-cruz-como-defensora\/\" \/>\n<meta property=\"og:site_name\" content=\"El Diario - Bolivia\" \/>\n<meta property=\"article:publisher\" content=\"https:\/\/www.facebook.com\/eldiario.bolivia\/\" \/>\n<meta property=\"article:published_time\" content=\"2022-06-09T09:14:05+00:00\" \/>\n<meta name=\"author\" content=\"Jeanette\" \/>\n<meta name=\"twitter:card\" content=\"summary_large_image\" \/>\n<meta name=\"twitter:creator\" content=\"@eldiario_net\" \/>\n<meta name=\"twitter:site\" content=\"@eldiario_net\" \/>\n<meta name=\"twitter:label1\" content=\"Escrito por\" \/>\n\t<meta name=\"twitter:data1\" content=\"Jeanette\" \/>\n\t<meta name=\"twitter:label2\" content=\"Tiempo de lectura\" \/>\n\t<meta name=\"twitter:data2\" content=\"2 minutos\" \/>\n<script type=\"application\/ld+json\" class=\"yoast-schema-graph\">{\"@context\":\"https:\\\/\\\/schema.org\",\"@graph\":[{\"@type\":\"Article\",\"@id\":\"https:\\\/\\\/www.eldiario.net\\\/portal\\\/2022\\\/06\\\/09\\\/idif-desconoce-a-nadia-cruz-como-defensora\\\/#article\",\"isPartOf\":{\"@id\":\"https:\\\/\\\/www.eldiario.net\\\/portal\\\/2022\\\/06\\\/09\\\/idif-desconoce-a-nadia-cruz-como-defensora\\\/\"},\"author\":{\"name\":\"Jeanette\",\"@id\":\"https:\\\/\\\/www.eldiario.net\\\/portal\\\/#\\\/schema\\\/person\\\/f46445640444750d7d753ccd04ae01b7\"},\"headline\":\"IDIF desconoce a Nadia Cruz como Defensora\",\"datePublished\":\"2022-06-09T09:14:05+00:00\",\"mainEntityOfPage\":{\"@id\":\"https:\\\/\\\/www.eldiario.net\\\/portal\\\/2022\\\/06\\\/09\\\/idif-desconoce-a-nadia-cruz-como-defensora\\\/\"},\"wordCount\":372,\"publisher\":{\"@id\":\"https:\\\/\\\/www.eldiario.net\\\/portal\\\/#organization\"},\"image\":{\"@id\":\"https:\\\/\\\/www.eldiario.net\\\/portal\\\/2022\\\/06\\\/09\\\/idif-desconoce-a-nadia-cruz-como-defensora\\\/#primaryimage\"},\"thumbnailUrl\":\"\",\"articleSection\":[\"Sociedad - Seguridad\"],\"inLanguage\":\"es\"},{\"@type\":\"WebPage\",\"@id\":\"https:\\\/\\\/www.eldiario.net\\\/portal\\\/2022\\\/06\\\/09\\\/idif-desconoce-a-nadia-cruz-como-defensora\\\/\",\"url\":\"https:\\\/\\\/www.eldiario.net\\\/portal\\\/2022\\\/06\\\/09\\\/idif-desconoce-a-nadia-cruz-como-defensora\\\/\",\"name\":\"IDIF desconoce a Nadia Cruz como Defensora - El Diario - Bolivia\",\"isPartOf\":{\"@id\":\"https:\\\/\\\/www.eldiario.net\\\/portal\\\/#website\"},\"primaryImageOfPage\":{\"@id\":\"https:\\\/\\\/www.eldiario.net\\\/portal\\\/2022\\\/06\\\/09\\\/idif-desconoce-a-nadia-cruz-como-defensora\\\/#primaryimage\"},\"image\":{\"@id\":\"https:\\\/\\\/www.eldiario.net\\\/portal\\\/2022\\\/06\\\/09\\\/idif-desconoce-a-nadia-cruz-como-defensora\\\/#primaryimage\"},\"thumbnailUrl\":\"\",\"datePublished\":\"2022-06-09T09:14:05+00:00\",\"breadcrumb\":{\"@id\":\"https:\\\/\\\/www.eldiario.net\\\/portal\\\/2022\\\/06\\\/09\\\/idif-desconoce-a-nadia-cruz-como-defensora\\\/#breadcrumb\"},\"inLanguage\":\"es\",\"potentialAction\":[{\"@type\":\"ReadAction\",\"target\":[\"https:\\\/\\\/www.eldiario.net\\\/portal\\\/2022\\\/06\\\/09\\\/idif-desconoce-a-nadia-cruz-como-defensora\\\/\"]}]},{\"@type\":\"ImageObject\",\"inLanguage\":\"es\",\"@id\":\"https:\\\/\\\/www.eldiario.net\\\/portal\\\/2022\\\/06\\\/09\\\/idif-desconoce-a-nadia-cruz-como-defensora\\\/#primaryimage\",\"url\":\"\",\"contentUrl\":\"\"},{\"@type\":\"BreadcrumbList\",\"@id\":\"https:\\\/\\\/www.eldiario.net\\\/portal\\\/2022\\\/06\\\/09\\\/idif-desconoce-a-nadia-cruz-como-defensora\\\/#breadcrumb\",\"itemListElement\":[{\"@type\":\"ListItem\",\"position\":1,\"name\":\"Portada\",\"item\":\"https:\\\/\\\/www.eldiario.net\\\/portal\\\/\"},{\"@type\":\"ListItem\",\"position\":2,\"name\":\"IDIF desconoce a Nadia Cruz como Defensora\"}]},{\"@type\":\"WebSite\",\"@id\":\"https:\\\/\\\/www.eldiario.net\\\/portal\\\/#website\",\"url\":\"https:\\\/\\\/www.eldiario.net\\\/portal\\\/\",\"name\":\"El Diario - Decano de la prensa nacional\",\"description\":\"El Diario - Decano de la prensa nacional\",\"publisher\":{\"@id\":\"https:\\\/\\\/www.eldiario.net\\\/portal\\\/#organization\"},\"potentialAction\":[{\"@type\":\"SearchAction\",\"target\":{\"@type\":\"EntryPoint\",\"urlTemplate\":\"https:\\\/\\\/www.eldiario.net\\\/portal\\\/?s={search_term_string}\"},\"query-input\":{\"@type\":\"PropertyValueSpecification\",\"valueRequired\":true,\"valueName\":\"search_term_string\"}}],\"inLanguage\":\"es\"},{\"@type\":\"Organization\",\"@id\":\"https:\\\/\\\/www.eldiario.net\\\/portal\\\/#organization\",\"name\":\"El Diario - Decano de la prensa nacional\",\"url\":\"https:\\\/\\\/www.eldiario.net\\\/portal\\\/\",\"logo\":{\"@type\":\"ImageObject\",\"inLanguage\":\"es\",\"@id\":\"https:\\\/\\\/www.eldiario.net\\\/portal\\\/#\\\/schema\\\/logo\\\/image\\\/\",\"url\":\"https:\\\/\\\/www.eldiario.net\\\/portal\\\/wp-content\\\/uploads\\\/2023\\\/07\\\/logo_ED.jpg\",\"contentUrl\":\"https:\\\/\\\/www.eldiario.net\\\/portal\\\/wp-content\\\/uploads\\\/2023\\\/07\\\/logo_ED.jpg\",\"width\":272,\"height\":52,\"caption\":\"El Diario - Decano de la prensa nacional\"},\"image\":{\"@id\":\"https:\\\/\\\/www.eldiario.net\\\/portal\\\/#\\\/schema\\\/logo\\\/image\\\/\"},\"sameAs\":[\"https:\\\/\\\/www.facebook.com\\\/eldiario.bolivia\\\/\",\"https:\\\/\\\/x.com\\\/eldiario_net\"]},{\"@type\":\"Person\",\"@id\":\"https:\\\/\\\/www.eldiario.net\\\/portal\\\/#\\\/schema\\\/person\\\/f46445640444750d7d753ccd04ae01b7\",\"name\":\"Jeanette\",\"image\":{\"@type\":\"ImageObject\",\"inLanguage\":\"es\",\"@id\":\"https:\\\/\\\/secure.gravatar.com\\\/avatar\\\/3ea2118a5f7dad2b7138b1187a6b7ee55f160b9968b66013c3a3ef39dd7e5798?s=96&d=mm&r=g\",\"url\":\"https:\\\/\\\/secure.gravatar.com\\\/avatar\\\/3ea2118a5f7dad2b7138b1187a6b7ee55f160b9968b66013c3a3ef39dd7e5798?s=96&d=mm&r=g\",\"contentUrl\":\"https:\\\/\\\/secure.gravatar.com\\\/avatar\\\/3ea2118a5f7dad2b7138b1187a6b7ee55f160b9968b66013c3a3ef39dd7e5798?s=96&d=mm&r=g\",\"caption\":\"Jeanette\"},\"sameAs\":[\"https:\\\/\\\/www.eldiario.net\\\/portal\"],\"url\":\"https:\\\/\\\/www.eldiario.net\\\/portal\\\/author\\\/jeanette\\\/\"}]}<\/script>\n<!-- \/ Yoast SEO plugin. -->","yoast_head_json":{"title":"IDIF desconoce a Nadia Cruz como Defensora - El Diario - Bolivia","robots":{"index":"index","follow":"follow","max-snippet":"max-snippet:-1","max-image-preview":"max-image-preview:large","max-video-preview":"max-video-preview:-1"},"canonical":"https:\/\/www.eldiario.net\/portal\/2022\/06\/09\/idif-desconoce-a-nadia-cruz-como-defensora\/","og_locale":"es_ES","og_type":"article","og_title":"IDIF desconoce a Nadia Cruz como Defensora - El Diario - Bolivia","og_description":"Despu\u00e9s que un informe defensorial identific\u00f3 deficiencias y limitaciones en el Instituto de Investigaciones Forenses (IDIF) dependiente del Ministerio P\u00fablico, esta instancia desconoci\u00f3 a Nadia Cruz como Defensora del Pueblo, y le record\u00f3 que su interinato concluy\u00f3 en mayo pasado. Grace Mercado, enlace del IDIF en La Paz, a tiempo de aclarar que Cruz \u201cya [&hellip;]","og_url":"https:\/\/www.eldiario.net\/portal\/2022\/06\/09\/idif-desconoce-a-nadia-cruz-como-defensora\/","og_site_name":"El Diario - Bolivia","article_publisher":"https:\/\/www.facebook.com\/eldiario.bolivia\/","article_published_time":"2022-06-09T09:14:05+00:00","author":"Jeanette","twitter_card":"summary_large_image","twitter_creator":"@eldiario_net","twitter_site":"@eldiario_net","twitter_misc":{"Escrito por":"Jeanette","Tiempo de lectura":"2 minutos"},"schema":{"@context":"https:\/\/schema.org","@graph":[{"@type":"Article","@id":"https:\/\/www.eldiario.net\/portal\/2022\/06\/09\/idif-desconoce-a-nadia-cruz-como-defensora\/#article","isPartOf":{"@id":"https:\/\/www.eldiario.net\/portal\/2022\/06\/09\/idif-desconoce-a-nadia-cruz-como-defensora\/"},"author":{"name":"Jeanette","@id":"https:\/\/www.eldiario.net\/portal\/#\/schema\/person\/f46445640444750d7d753ccd04ae01b7"},"headline":"IDIF desconoce a Nadia Cruz como Defensora","datePublished":"2022-06-09T09:14:05+00:00","mainEntityOfPage":{"@id":"https:\/\/www.eldiario.net\/portal\/2022\/06\/09\/idif-desconoce-a-nadia-cruz-como-defensora\/"},"wordCount":372,"publisher":{"@id":"https:\/\/www.eldiario.net\/portal\/#organization"},"image":{"@id":"https:\/\/www.eldiario.net\/portal\/2022\/06\/09\/idif-desconoce-a-nadia-cruz-como-defensora\/#primaryimage"},"thumbnailUrl":"","articleSection":["Sociedad - Seguridad"],"inLanguage":"es"},{"@type":"WebPage","@id":"https:\/\/www.eldiario.net\/portal\/2022\/06\/09\/idif-desconoce-a-nadia-cruz-como-defensora\/","url":"https:\/\/www.eldiario.net\/portal\/2022\/06\/09\/idif-desconoce-a-nadia-cruz-como-defensora\/","name":"IDIF desconoce a Nadia Cruz como Defensora - El Diario - Bolivia","isPartOf":{"@id":"https:\/\/www.eldiario.net\/portal\/#website"},"primaryImageOfPage":{"@id":"https:\/\/www.eldiario.net\/portal\/2022\/06\/09\/idif-desconoce-a-nadia-cruz-como-defensora\/#primaryimage"},"image":{"@id":"https:\/\/www.eldiario.net\/portal\/2022\/06\/09\/idif-desconoce-a-nadia-cruz-como-defensora\/#primaryimage"},"thumbnailUrl":"","datePublished":"2022-06-09T09:14:05+00:00","breadcrumb":{"@id":"https:\/\/www.eldiario.net\/portal\/2022\/06\/09\/idif-desconoce-a-nadia-cruz-como-defensora\/#breadcrumb"},"inLanguage":"es","potentialAction":[{"@type":"ReadAction","target":["https:\/\/www.eldiario.net\/portal\/2022\/06\/09\/idif-desconoce-a-nadia-cruz-como-defensora\/"]}]},{"@type":"ImageObject","inLanguage":"es","@id":"https:\/\/www.eldiario.net\/portal\/2022\/06\/09\/idif-desconoce-a-nadia-cruz-como-defensora\/#primaryimage","url":"","contentUrl":""},{"@type":"BreadcrumbList","@id":"https:\/\/www.eldiario.net\/portal\/2022\/06\/09\/idif-desconoce-a-nadia-cruz-como-defensora\/#breadcrumb","itemListElement":[{"@type":"ListItem","position":1,"name":"Portada","item":"https:\/\/www.eldiario.net\/portal\/"},{"@type":"ListItem","position":2,"name":"IDIF desconoce a Nadia Cruz como Defensora"}]},{"@type":"WebSite","@id":"https:\/\/www.eldiario.net\/portal\/#website","url":"https:\/\/www.eldiario.net\/portal\/","name":"El Diario - Decano de la prensa nacional","description":"El Diario - Decano de la prensa nacional","publisher":{"@id":"https:\/\/www.eldiario.net\/portal\/#organization"},"potentialAction":[{"@type":"SearchAction","target":{"@type":"EntryPoint","urlTemplate":"https:\/\/www.eldiario.net\/portal\/?s={search_term_string}"},"query-input":{"@type":"PropertyValueSpecification","valueRequired":true,"valueName":"search_term_string"}}],"inLanguage":"es"},{"@type":"Organization","@id":"https:\/\/www.eldiario.net\/portal\/#organization","name":"El Diario - Decano de la prensa nacional","url":"https:\/\/www.eldiario.net\/portal\/","logo":{"@type":"ImageObject","inLanguage":"es","@id":"https:\/\/www.eldiario.net\/portal\/#\/schema\/logo\/image\/","url":"https:\/\/www.eldiario.net\/portal\/wp-content\/uploads\/2023\/07\/logo_ED.jpg","contentUrl":"https:\/\/www.eldiario.net\/portal\/wp-content\/uploads\/2023\/07\/logo_ED.jpg","width":272,"height":52,"caption":"El Diario - Decano de la prensa nacional"},"image":{"@id":"https:\/\/www.eldiario.net\/portal\/#\/schema\/logo\/image\/"},"sameAs":["https:\/\/www.facebook.com\/eldiario.bolivia\/","https:\/\/x.com\/eldiario_net"]},{"@type":"Person","@id":"https:\/\/www.eldiario.net\/portal\/#\/schema\/person\/f46445640444750d7d753ccd04ae01b7","name":"Jeanette","image":{"@type":"ImageObject","inLanguage":"es","@id":"https:\/\/secure.gravatar.com\/avatar\/3ea2118a5f7dad2b7138b1187a6b7ee55f160b9968b66013c3a3ef39dd7e5798?s=96&d=mm&r=g","url":"https:\/\/secure.gravatar.com\/avatar\/3ea2118a5f7dad2b7138b1187a6b7ee55f160b9968b66013c3a3ef39dd7e5798?s=96&d=mm&r=g","contentUrl":"https:\/\/secure.gravatar.com\/avatar\/3ea2118a5f7dad2b7138b1187a6b7ee55f160b9968b66013c3a3ef39dd7e5798?s=96&d=mm&r=g","caption":"Jeanette"},"sameAs":["https:\/\/www.eldiario.net\/portal"],"url":"https:\/\/www.eldiario.net\/portal\/author\/jeanette\/"}]}},"_links":{"self":[{"href":"https:\/\/www.eldiario.net\/portal\/wp-json\/wp\/v2\/posts\/89308","targetHints":{"allow":["GET"]}}],"collection":[{"href":"https:\/\/www.eldiario.net\/portal\/wp-json\/wp\/v2\/posts"}],"about":[{"href":"https:\/\/www.eldiario.net\/portal\/wp-json\/wp\/v2\/types\/post"}],"author":[{"embeddable":true,"href":"https:\/\/www.eldiario.net\/portal\/wp-json\/wp\/v2\/users\/1"}],"replies":[{"embeddable":true,"href":"https:\/\/www.eldiario.net\/portal\/wp-json\/wp\/v2\/comments?post=89308"}],"version-history":[{"count":0,"href":"https:\/\/www.eldiario.net\/portal\/wp-json\/wp\/v2\/posts\/89308\/revisions"}],"wp:attachment":[{"href":"https:\/\/www.eldiario.net\/portal\/wp-json\/wp\/v2\/media?parent=89308"}],"wp:term":[{"taxonomy":"category","embeddable":true,"href":"https:\/\/www.eldiario.net\/portal\/wp-json\/wp\/v2\/categories?post=89308"},{"taxonomy":"post_tag","embeddable":true,"href":"https:\/\/www.eldiario.net\/portal\/wp-json\/wp\/v2\/tags?post=89308"}],"curies":[{"name":"wp","href":"https:\/\/api.w.org\/{rel}","templated":true}]}}